{"id":64877,"date":"2017-08-28T15:23:16","date_gmt":"2017-08-28T13:23:16","guid":{"rendered":"http:\/\/novice.si\/page\/?p=64877"},"modified":"2017-08-28T15:23:16","modified_gmt":"2017-08-28T13:23:16","slug":"lihtenstajnski-princ-nikolaus-soproga-margaretha-obiskala-celje","status":"publish","type":"post","link":"https:\/\/novice.si\/page\/lihtenstajnski-princ-nikolaus-soproga-margaretha-obiskala-celje\/","title":{"rendered":"Lihten\u0161tajnski princ Nikolaus in soproga Margaretha obiskala Celje"},"content":{"rendered":"\r\n                <style type=\"text\/css\">\r\n                    \r\n                    #tdi_1  .td-doubleSlider-2 .td-item1 {\r\n                        background: url(https:\/\/novice.si\/page\/wp-content\/uploads\/2017\/08\/Nikolaus-von-und-zu-Liechtenstein-7-80x60.jpg) 0 0 no-repeat;\r\n                    }\r\n                    #tdi_1  .td-doubleSlider-2 .td-item2 {\r\n                        background: url(https:\/\/novice.si\/page\/wp-content\/uploads\/2017\/08\/Nikolaus-von-und-zu-Liechtenstein-6-80x60.jpg) 0 0 no-repeat;\r\n                    }\r\n                    #tdi_1  .td-doubleSlider-2 .td-item3 {\r\n                        background: url(https:\/\/novice.si\/page\/wp-content\/uploads\/2017\/08\/Nikolaus-von-und-zu-Liechtenstein-5-80x60.jpg) 0 0 no-repeat;\r\n                    }\r\n                    #tdi_1  .td-doubleSlider-2 .td-item4 {\r\n                        background: url(https:\/\/novice.si\/page\/wp-content\/uploads\/2017\/08\/Nikolaus-von-und-zu-Liechtenstein-4-80x60.jpg) 0 0 no-repeat;\r\n                    }\r\n                    #tdi_1  .td-doubleSlider-2 .td-item5 {\r\n                        background: url(https:\/\/novice.si\/page\/wp-content\/uploads\/2017\/08\/Nikolaus-von-und-zu-Liechtenstein-3-80x60.jpg) 0 0 no-repeat;\r\n                    }\r\n                    #tdi_1  .td-doubleSlider-2 .td-item6 {\r\n                        background: url(https:\/\/novice.si\/page\/wp-content\/uploads\/2017\/08\/Nikolaus-von-und-zu-Liechtenstein-2-80x60.jpg) 0 0 no-repeat;\r\n                    }\r\n                <\/style>\r\n\r\n                <div id=\"tdi_1\" class=\"td-gallery td-slide-on-2-columns\">\r\n                    <div class=\"post_td_gallery\">\r\n                        <div class=\"td-gallery-slide-top\">\r\n                           <div class=\"td-gallery-title\"><\/div>\r\n\r\n                            <div class=\"td-gallery-controls-wrapper\">\r\n                                <div class=\"td-gallery-slide-count\"><span class=\"td-gallery-slide-item-focus\">1<\/span> od 6<\/div>\r\n                                <div class=\"td-gallery-slide-prev-next-but\">\r\n                                    <i class = \"td-icon-left doubleSliderPrevButton\"><\/i>\r\n                                    <i class = \"td-icon-right doubleSliderNextButton\"><\/i>\r\n                                <\/div>\r\n                            <\/div>\r\n                        <\/div>\r\n\r\n                        <div class = \"td-doubleSlider-1 \">\r\n                            <div class = \"td-slider\">\r\n                                \r\n                    <div class = \"td-slide-item td-item1\">\r\n                        <figure class=\"td-slide-galery-figure td-slide-popup-gallery\">\r\n                            <a class=\"slide-gallery-image-link\" href=\"https:\/\/novice.si\/page\/wp-content\/uploads\/2017\/08\/Nikolaus-von-und-zu-Liechtenstein-7.jpg\" title=\"Nikolaus von und zu Liechtenstein 7\"  data-caption=\"\"  data-description=\"\" data-gallery>\r\n                                <img decoding=\"async\" src=\"https:\/\/novice.si\/page\/wp-content\/uploads\/2017\/08\/Nikolaus-von-und-zu-Liechtenstein-7-630x420.jpg\" srcset=\"https:\/\/novice.si\/page\/wp-content\/uploads\/2017\/08\/Nikolaus-von-und-zu-Liechtenstein-7-630x420.jpg 630w, https:\/\/novice.si\/page\/wp-content\/uploads\/2017\/08\/Nikolaus-von-und-zu-Liechtenstein-7-300x200.jpg 300w, https:\/\/novice.si\/page\/wp-content\/uploads\/2017\/08\/Nikolaus-von-und-zu-Liechtenstein-7-768x512.jpg 768w, https:\/\/novice.si\/page\/wp-content\/uploads\/2017\/08\/Nikolaus-von-und-zu-Liechtenstein-7-1024x683.jpg 1024w, https:\/\/novice.si\/page\/wp-content\/uploads\/2017\/08\/Nikolaus-von-und-zu-Liechtenstein-7-696x464.jpg 696w, https:\/\/novice.si\/page\/wp-content\/uploads\/2017\/08\/Nikolaus-von-und-zu-Liechtenstein-7-1068x712.jpg 1068w, https:\/\/novice.si\/page\/wp-content\/uploads\/2017\/08\/Nikolaus-von-und-zu-Liechtenstein-7-24x16.jpg 24w, https:\/\/novice.si\/page\/wp-content\/uploads\/2017\/08\/Nikolaus-von-und-zu-Liechtenstein-7-36x24.jpg 36w, https:\/\/novice.si\/page\/wp-content\/uploads\/2017\/08\/Nikolaus-von-und-zu-Liechtenstein-7-48x32.jpg 48w, https:\/\/novice.si\/page\/wp-content\/uploads\/2017\/08\/Nikolaus-von-und-zu-Liechtenstein-7.jpg 1728w\" sizes=\"(max-width: 630px) 100vw, 630px\" alt=\"\">\r\n                            <\/a>\r\n                            \r\n                        <\/figure>\r\n                    <\/div>\r\n                    <div class = \"td-slide-item td-item2\">\r\n                        <figure class=\"td-slide-galery-figure td-slide-popup-gallery\">\r\n                            <a class=\"slide-gallery-image-link\" href=\"https:\/\/novice.si\/page\/wp-content\/uploads\/2017\/08\/Nikolaus-von-und-zu-Liechtenstein-6.jpg\" title=\"Nikolaus von und zu Liechtenstein 6\"  data-caption=\"\"  data-description=\"\" data-gallery>\r\n                                <img decoding=\"async\" src=\"https:\/\/novice.si\/page\/wp-content\/uploads\/2017\/08\/Nikolaus-von-und-zu-Liechtenstein-6-630x420.jpg\" srcset=\"https:\/\/novice.si\/page\/wp-content\/uploads\/2017\/08\/Nikolaus-von-und-zu-Liechtenstein-6-630x420.jpg 630w, https:\/\/novice.si\/page\/wp-content\/uploads\/2017\/08\/Nikolaus-von-und-zu-Liechtenstein-6-300x200.jpg 300w, https:\/\/novice.si\/page\/wp-content\/uploads\/2017\/08\/Nikolaus-von-und-zu-Liechtenstein-6-768x512.jpg 768w, https:\/\/novice.si\/page\/wp-content\/uploads\/2017\/08\/Nikolaus-von-und-zu-Liechtenstein-6-1024x683.jpg 1024w, https:\/\/novice.si\/page\/wp-content\/uploads\/2017\/08\/Nikolaus-von-und-zu-Liechtenstein-6-696x464.jpg 696w, https:\/\/novice.si\/page\/wp-content\/uploads\/2017\/08\/Nikolaus-von-und-zu-Liechtenstein-6-1068x712.jpg 1068w, https:\/\/novice.si\/page\/wp-content\/uploads\/2017\/08\/Nikolaus-von-und-zu-Liechtenstein-6-24x16.jpg 24w, https:\/\/novice.si\/page\/wp-content\/uploads\/2017\/08\/Nikolaus-von-und-zu-Liechtenstein-6-36x24.jpg 36w, https:\/\/novice.si\/page\/wp-content\/uploads\/2017\/08\/Nikolaus-von-und-zu-Liechtenstein-6-48x32.jpg 48w, https:\/\/novice.si\/page\/wp-content\/uploads\/2017\/08\/Nikolaus-von-und-zu-Liechtenstein-6.jpg 1728w\" sizes=\"(max-width: 630px) 100vw, 630px\" alt=\"\">\r\n                            <\/a>\r\n                            \r\n                        <\/figure>\r\n                    <\/div>\r\n                    <div class = \"td-slide-item td-item3\">\r\n                        <figure class=\"td-slide-galery-figure td-slide-popup-gallery\">\r\n                            <a class=\"slide-gallery-image-link\" href=\"https:\/\/novice.si\/page\/wp-content\/uploads\/2017\/08\/Nikolaus-von-und-zu-Liechtenstein-5.jpg\" title=\"Nikolaus von und zu Liechtenstein 5\"  data-caption=\"\"  data-description=\"\" data-gallery>\r\n                                <img decoding=\"async\" src=\"https:\/\/novice.si\/page\/wp-content\/uploads\/2017\/08\/Nikolaus-von-und-zu-Liechtenstein-5-630x420.jpg\" srcset=\"https:\/\/novice.si\/page\/wp-content\/uploads\/2017\/08\/Nikolaus-von-und-zu-Liechtenstein-5-630x420.jpg 630w, https:\/\/novice.si\/page\/wp-content\/uploads\/2017\/08\/Nikolaus-von-und-zu-Liechtenstein-5-300x200.jpg 300w, https:\/\/novice.si\/page\/wp-content\/uploads\/2017\/08\/Nikolaus-von-und-zu-Liechtenstein-5-768x512.jpg 768w, https:\/\/novice.si\/page\/wp-content\/uploads\/2017\/08\/Nikolaus-von-und-zu-Liechtenstein-5-1024x683.jpg 1024w, https:\/\/novice.si\/page\/wp-content\/uploads\/2017\/08\/Nikolaus-von-und-zu-Liechtenstein-5-696x464.jpg 696w, https:\/\/novice.si\/page\/wp-content\/uploads\/2017\/08\/Nikolaus-von-und-zu-Liechtenstein-5-1068x712.jpg 1068w, https:\/\/novice.si\/page\/wp-content\/uploads\/2017\/08\/Nikolaus-von-und-zu-Liechtenstein-5-24x16.jpg 24w, https:\/\/novice.si\/page\/wp-content\/uploads\/2017\/08\/Nikolaus-von-und-zu-Liechtenstein-5-36x24.jpg 36w, https:\/\/novice.si\/page\/wp-content\/uploads\/2017\/08\/Nikolaus-von-und-zu-Liechtenstein-5-48x32.jpg 48w, https:\/\/novice.si\/page\/wp-content\/uploads\/2017\/08\/Nikolaus-von-und-zu-Liechtenstein-5.jpg 1728w\" sizes=\"(max-width: 630px) 100vw, 630px\" alt=\"\">\r\n                            <\/a>\r\n                            \r\n                        <\/figure>\r\n                    <\/div>\r\n                    <div class = \"td-slide-item td-item4\">\r\n                        <figure class=\"td-slide-galery-figure td-slide-popup-gallery\">\r\n                            <a class=\"slide-gallery-image-link\" href=\"https:\/\/novice.si\/page\/wp-content\/uploads\/2017\/08\/Nikolaus-von-und-zu-Liechtenstein-4.jpg\" title=\"Nikolaus von und zu Liechtenstein 4\"  data-caption=\"\"  data-description=\"\" data-gallery>\r\n                                <img decoding=\"async\" src=\"https:\/\/novice.si\/page\/wp-content\/uploads\/2017\/08\/Nikolaus-von-und-zu-Liechtenstein-4-630x420.jpg\" srcset=\"https:\/\/novice.si\/page\/wp-content\/uploads\/2017\/08\/Nikolaus-von-und-zu-Liechtenstein-4-630x420.jpg 630w, https:\/\/novice.si\/page\/wp-content\/uploads\/2017\/08\/Nikolaus-von-und-zu-Liechtenstein-4-300x200.jpg 300w, https:\/\/novice.si\/page\/wp-content\/uploads\/2017\/08\/Nikolaus-von-und-zu-Liechtenstein-4-768x512.jpg 768w, https:\/\/novice.si\/page\/wp-content\/uploads\/2017\/08\/Nikolaus-von-und-zu-Liechtenstein-4-1024x683.jpg 1024w, https:\/\/novice.si\/page\/wp-content\/uploads\/2017\/08\/Nikolaus-von-und-zu-Liechtenstein-4-696x464.jpg 696w, https:\/\/novice.si\/page\/wp-content\/uploads\/2017\/08\/Nikolaus-von-und-zu-Liechtenstein-4-1068x712.jpg 1068w, https:\/\/novice.si\/page\/wp-content\/uploads\/2017\/08\/Nikolaus-von-und-zu-Liechtenstein-4-24x16.jpg 24w, https:\/\/novice.si\/page\/wp-content\/uploads\/2017\/08\/Nikolaus-von-und-zu-Liechtenstein-4-36x24.jpg 36w, https:\/\/novice.si\/page\/wp-content\/uploads\/2017\/08\/Nikolaus-von-und-zu-Liechtenstein-4-48x32.jpg 48w, https:\/\/novice.si\/page\/wp-content\/uploads\/2017\/08\/Nikolaus-von-und-zu-Liechtenstein-4.jpg 1728w\" sizes=\"(max-width: 630px) 100vw, 630px\" alt=\"\">\r\n                            <\/a>\r\n                            \r\n                        <\/figure>\r\n                    <\/div>\r\n                    <div class = \"td-slide-item td-item5\">\r\n                        <figure class=\"td-slide-galery-figure td-slide-popup-gallery\">\r\n                            <a class=\"slide-gallery-image-link\" href=\"https:\/\/novice.si\/page\/wp-content\/uploads\/2017\/08\/Nikolaus-von-und-zu-Liechtenstein-3.jpg\" title=\"Nikolaus von und zu Liechtenstein 3\"  data-caption=\"\"  data-description=\"\" data-gallery>\r\n                                <img decoding=\"async\" src=\"https:\/\/novice.si\/page\/wp-content\/uploads\/2017\/08\/Nikolaus-von-und-zu-Liechtenstein-3-630x420.jpg\" srcset=\"https:\/\/novice.si\/page\/wp-content\/uploads\/2017\/08\/Nikolaus-von-und-zu-Liechtenstein-3-630x420.jpg 630w, https:\/\/novice.si\/page\/wp-content\/uploads\/2017\/08\/Nikolaus-von-und-zu-Liechtenstein-3-300x200.jpg 300w, https:\/\/novice.si\/page\/wp-content\/uploads\/2017\/08\/Nikolaus-von-und-zu-Liechtenstein-3-768x512.jpg 768w, https:\/\/novice.si\/page\/wp-content\/uploads\/2017\/08\/Nikolaus-von-und-zu-Liechtenstein-3-1024x683.jpg 1024w, https:\/\/novice.si\/page\/wp-content\/uploads\/2017\/08\/Nikolaus-von-und-zu-Liechtenstein-3-696x464.jpg 696w, https:\/\/novice.si\/page\/wp-content\/uploads\/2017\/08\/Nikolaus-von-und-zu-Liechtenstein-3-1068x712.jpg 1068w, https:\/\/novice.si\/page\/wp-content\/uploads\/2017\/08\/Nikolaus-von-und-zu-Liechtenstein-3-24x16.jpg 24w, https:\/\/novice.si\/page\/wp-content\/uploads\/2017\/08\/Nikolaus-von-und-zu-Liechtenstein-3-36x24.jpg 36w, https:\/\/novice.si\/page\/wp-content\/uploads\/2017\/08\/Nikolaus-von-und-zu-Liechtenstein-3-48x32.jpg 48w, https:\/\/novice.si\/page\/wp-content\/uploads\/2017\/08\/Nikolaus-von-und-zu-Liechtenstein-3.jpg 1728w\" sizes=\"(max-width: 630px) 100vw, 630px\" alt=\"\">\r\n                            <\/a>\r\n                            \r\n                        <\/figure>\r\n                    <\/div>\r\n                    <div class = \"td-slide-item td-item6\">\r\n                        <figure class=\"td-slide-galery-figure td-slide-popup-gallery\">\r\n                            <a class=\"slide-gallery-image-link\" href=\"https:\/\/novice.si\/page\/wp-content\/uploads\/2017\/08\/Nikolaus-von-und-zu-Liechtenstein-2.jpg\" title=\"Nikolaus von und zu Liechtenstein 2\"  data-caption=\"\"  data-description=\"\" data-gallery>\r\n                                <img decoding=\"async\" src=\"https:\/\/novice.si\/page\/wp-content\/uploads\/2017\/08\/Nikolaus-von-und-zu-Liechtenstein-2-630x420.jpg\" srcset=\"https:\/\/novice.si\/page\/wp-content\/uploads\/2017\/08\/Nikolaus-von-und-zu-Liechtenstein-2-630x420.jpg 630w, https:\/\/novice.si\/page\/wp-content\/uploads\/2017\/08\/Nikolaus-von-und-zu-Liechtenstein-2-300x200.jpg 300w, https:\/\/novice.si\/page\/wp-content\/uploads\/2017\/08\/Nikolaus-von-und-zu-Liechtenstein-2-768x512.jpg 768w, https:\/\/novice.si\/page\/wp-content\/uploads\/2017\/08\/Nikolaus-von-und-zu-Liechtenstein-2-1024x683.jpg 1024w, https:\/\/novice.si\/page\/wp-content\/uploads\/2017\/08\/Nikolaus-von-und-zu-Liechtenstein-2-696x464.jpg 696w, https:\/\/novice.si\/page\/wp-content\/uploads\/2017\/08\/Nikolaus-von-und-zu-Liechtenstein-2-1068x712.jpg 1068w, https:\/\/novice.si\/page\/wp-content\/uploads\/2017\/08\/Nikolaus-von-und-zu-Liechtenstein-2-24x16.jpg 24w, https:\/\/novice.si\/page\/wp-content\/uploads\/2017\/08\/Nikolaus-von-und-zu-Liechtenstein-2-36x24.jpg 36w, https:\/\/novice.si\/page\/wp-content\/uploads\/2017\/08\/Nikolaus-von-und-zu-Liechtenstein-2-48x32.jpg 48w, https:\/\/novice.si\/page\/wp-content\/uploads\/2017\/08\/Nikolaus-von-und-zu-Liechtenstein-2.jpg 1728w\" sizes=\"(max-width: 630px) 100vw, 630px\" alt=\"\">\r\n                            <\/a>\r\n                            \r\n                        <\/figure>\r\n                    <\/div>\r\n                            <\/div>\r\n                        <\/div>\r\n\r\n                        <div class = \"td-doubleSlider-2\">\r\n                            <div class = \"td-slider\">\r\n                                \r\n                    <div class = \"td-button td-item1\">\r\n                        <div class = \"td-border\"><\/div>\r\n                    <\/div>\r\n                    <div class = \"td-button td-item2\">\r\n                        <div class = \"td-border\"><\/div>\r\n                    <\/div>\r\n                    <div class = \"td-button td-item3\">\r\n                        <div class = \"td-border\"><\/div>\r\n                    <\/div>\r\n                    <div class = \"td-button td-item4\">\r\n                        <div class = \"td-border\"><\/div>\r\n                    <\/div>\r\n                    <div class = \"td-button td-item5\">\r\n                        <div class = \"td-border\"><\/div>\r\n                    <\/div>\r\n                    <div class = \"td-button td-item6\">\r\n                        <div class = \"td-border\"><\/div>\r\n                    <\/div>\r\n                            <\/div>\r\n                        <\/div>\r\n\r\n                    <\/div>\r\n\r\n                <\/div>\r\n                \n<p>Prvi mo\u017e diplomacije kne\u017eevine Lihten\u0161tajn princ Nikolaus von und zu Liechtenstein in soproga princesa Margaretha sta danes obiskala Celje. Gre za prvi obisk visokega gosta v Celju, ki bo \u0161e bolj okrepil sodelovanje in prijateljske vezi s kne\u017eevino Lihten\u0161tajn. Ob prihodu v Celje so ju pred hotelom Evropa sprejeli \u017eupan Bojan \u0160rot, vodstvo Mestne ob\u010dine Celje in \u010dlani vite\u0161kega reda Sv. Jurija iz Karantanije. Sledil je ogled dvorane pod Celjskim stropom, kjer se je princ vpisal v knjigo \u010dastnih gostov, \u017eupan Bojan \u0160rot pa mu bo izro\u010dil protokolarno darilo, kelih priznanega oblikovalca Oskarja Kogoja. Sledil je \u0161e ogled Kne\u017ejega dvora in Starega gradu. Dana\u0161nji dan bo princ zaklju\u010dil v Roga\u0161ki Slatini, kjer bo na slovesni gala prireditvi v Grand hotelu Roga\u0161ka razglasil pred kratkim ustanovljeni Slovensko \u2013 Lihten\u0161tajnski poslovni in\u0161titut.<\/p>\n","protected":false},"excerpt":{"rendered":"<p>Prvi mo\u017e diplomacije kne\u017eevine Lihten\u0161tajn princ Nikolaus von und zu Liechtenstein in soproga princesa Margaretha sta danes obiskala Celje. Gre za prvi obisk visokega gosta v Celju, ki bo \u0161e bolj okrepil sodelovanje in prijateljske vezi s kne\u017eevino Lihten\u0161tajn. Ob prihodu v Celje so ju pred hotelom Evropa sprejeli \u017eupan Bojan \u0160rot, vodstvo Mestne ob\u010dine [&hellip;]<\/p>\n","protected":false},"author":14,"featured_media":64880,"comment_status":"closed","ping_status":"closed","sticky":false,"template":"","format":"standard","meta":{"footnotes":""},"categories":[14],"tags":[],"class_list":{"0":"post-64877","1":"post","2":"type-post","3":"status-publish","4":"format-standard","5":"has-post-thumbnail","7":"category-aktualno"},"yoast_head":"<!-- This site is optimized with the Yoast SEO plugin v27.4 - https:\/\/yoast.com\/product\/yoast-seo-wordpress\/ -->\n<title>Lihten\u0161tajnski princ Nikolaus in soproga Margaretha obiskala Celje - Novice.si<\/title>\n<meta name=\"robots\" content=\"index, follow, max-snippet:-1, max-image-preview:large, max-video-preview:-1\" \/>\n<link rel=\"canonical\" href=\"https:\/\/novice.si\/page\/lihtenstajnski-princ-nikolaus-soproga-margaretha-obiskala-celje\/\" \/>\n<meta property=\"og:locale\" content=\"sl_SI\" \/>\n<meta property=\"og:type\" content=\"article\" \/>\n<meta property=\"og:title\" content=\"Lihten\u0161tajnski princ Nikolaus in soproga Margaretha obiskala Celje - Novice.si\" \/>\n<meta property=\"og:description\" content=\"Prvi mo\u017e diplomacije kne\u017eevine Lihten\u0161tajn princ Nikolaus von und zu Liechtenstein in soproga princesa Margaretha sta danes obiskala Celje. Gre za prvi obisk visokega gosta v Celju, ki bo \u0161e bolj okrepil sodelovanje in prijateljske vezi s kne\u017eevino Lihten\u0161tajn. Ob prihodu v Celje so ju pred hotelom Evropa sprejeli \u017eupan Bojan \u0160rot, vodstvo Mestne ob\u010dine [&hellip;]\" \/>\n<meta property=\"og:url\" content=\"https:\/\/novice.si\/page\/lihtenstajnski-princ-nikolaus-soproga-margaretha-obiskala-celje\/\" \/>\n<meta property=\"og:site_name\" content=\"Novice.si\" \/>\n<meta property=\"article:published_time\" content=\"2017-08-28T13:23:16+00:00\" \/>\n<meta property=\"og:image\" content=\"https:\/\/novice.si\/page\/wp-content\/uploads\/2017\/08\/Nikolaus-von-und-zu-Liechtenstein-4.jpg\" \/>\n\t<meta property=\"og:image:width\" content=\"1728\" \/>\n\t<meta property=\"og:image:height\" content=\"1152\" \/>\n\t<meta property=\"og:image:type\" content=\"image\/jpeg\" \/>\n<meta name=\"author\" content=\"Uredni\u0161tvo Celjana\" \/>\n<meta name=\"twitter:card\" content=\"summary_large_image\" \/>\n<meta name=\"twitter:label1\" content=\"Written by\" \/>\n\t<meta name=\"twitter:data1\" content=\"Uredni\u0161tvo Celjana\" \/>\n\t<meta name=\"twitter:label2\" content=\"Est. reading time\" \/>\n\t<meta name=\"twitter:data2\" content=\"1 minuta\" \/>\n<script type=\"application\/ld+json\" class=\"yoast-schema-graph\">{\"@context\":\"https:\\\/\\\/schema.org\",\"@graph\":[{\"@type\":\"Article\",\"@id\":\"https:\\\/\\\/novice.si\\\/page\\\/lihtenstajnski-princ-nikolaus-soproga-margaretha-obiskala-celje\\\/#article\",\"isPartOf\":{\"@id\":\"https:\\\/\\\/novice.si\\\/page\\\/lihtenstajnski-princ-nikolaus-soproga-margaretha-obiskala-celje\\\/\"},\"author\":{\"name\":\"Uredni\u0161tvo Celjana\",\"@id\":\"https:\\\/\\\/novice.si\\\/page\\\/#\\\/schema\\\/person\\\/a9db4b6feec0e2914c4b6bba66880105\"},\"headline\":\"Lihten\u0161tajnski princ Nikolaus in soproga Margaretha obiskala Celje\",\"datePublished\":\"2017-08-28T13:23:16+00:00\",\"mainEntityOfPage\":{\"@id\":\"https:\\\/\\\/novice.si\\\/page\\\/lihtenstajnski-princ-nikolaus-soproga-margaretha-obiskala-celje\\\/\"},\"wordCount\":159,\"publisher\":{\"@id\":\"https:\\\/\\\/novice.si\\\/page\\\/#organization\"},\"image\":{\"@id\":\"https:\\\/\\\/novice.si\\\/page\\\/lihtenstajnski-princ-nikolaus-soproga-margaretha-obiskala-celje\\\/#primaryimage\"},\"thumbnailUrl\":\"https:\\\/\\\/novice.si\\\/page\\\/wp-content\\\/uploads\\\/2017\\\/08\\\/Nikolaus-von-und-zu-Liechtenstein-4.jpg\",\"articleSection\":[\"Aktualno\"],\"inLanguage\":\"sl-SI\"},{\"@type\":\"WebPage\",\"@id\":\"https:\\\/\\\/novice.si\\\/page\\\/lihtenstajnski-princ-nikolaus-soproga-margaretha-obiskala-celje\\\/\",\"url\":\"https:\\\/\\\/novice.si\\\/page\\\/lihtenstajnski-princ-nikolaus-soproga-margaretha-obiskala-celje\\\/\",\"name\":\"Lihten\u0161tajnski princ Nikolaus in soproga Margaretha obiskala Celje - Novice.si\",\"isPartOf\":{\"@id\":\"https:\\\/\\\/novice.si\\\/page\\\/#website\"},\"primaryImageOfPage\":{\"@id\":\"https:\\\/\\\/novice.si\\\/page\\\/lihtenstajnski-princ-nikolaus-soproga-margaretha-obiskala-celje\\\/#primaryimage\"},\"image\":{\"@id\":\"https:\\\/\\\/novice.si\\\/page\\\/lihtenstajnski-princ-nikolaus-soproga-margaretha-obiskala-celje\\\/#primaryimage\"},\"thumbnailUrl\":\"https:\\\/\\\/novice.si\\\/page\\\/wp-content\\\/uploads\\\/2017\\\/08\\\/Nikolaus-von-und-zu-Liechtenstein-4.jpg\",\"datePublished\":\"2017-08-28T13:23:16+00:00\",\"breadcrumb\":{\"@id\":\"https:\\\/\\\/novice.si\\\/page\\\/lihtenstajnski-princ-nikolaus-soproga-margaretha-obiskala-celje\\\/#breadcrumb\"},\"inLanguage\":\"sl-SI\",\"potentialAction\":[{\"@type\":\"ReadAction\",\"target\":[\"https:\\\/\\\/novice.si\\\/page\\\/lihtenstajnski-princ-nikolaus-soproga-margaretha-obiskala-celje\\\/\"]}]},{\"@type\":\"ImageObject\",\"inLanguage\":\"sl-SI\",\"@id\":\"https:\\\/\\\/novice.si\\\/page\\\/lihtenstajnski-princ-nikolaus-soproga-margaretha-obiskala-celje\\\/#primaryimage\",\"url\":\"https:\\\/\\\/novice.si\\\/page\\\/wp-content\\\/uploads\\\/2017\\\/08\\\/Nikolaus-von-und-zu-Liechtenstein-4.jpg\",\"contentUrl\":\"https:\\\/\\\/novice.si\\\/page\\\/wp-content\\\/uploads\\\/2017\\\/08\\\/Nikolaus-von-und-zu-Liechtenstein-4.jpg\",\"width\":1728,\"height\":1152},{\"@type\":\"BreadcrumbList\",\"@id\":\"https:\\\/\\\/novice.si\\\/page\\\/lihtenstajnski-princ-nikolaus-soproga-margaretha-obiskala-celje\\\/#breadcrumb\",\"itemListElement\":[{\"@type\":\"ListItem\",\"position\":1,\"name\":\"Home\",\"item\":\"https:\\\/\\\/novice.si\\\/page\\\/\"},{\"@type\":\"ListItem\",\"position\":2,\"name\":\"Lihten\u0161tajnski princ Nikolaus in soproga Margaretha obiskala Celje\"}]},{\"@type\":\"WebSite\",\"@id\":\"https:\\\/\\\/novice.si\\\/page\\\/#website\",\"url\":\"https:\\\/\\\/novice.si\\\/page\\\/\",\"name\":\"Novice.si\",\"description\":\"\",\"publisher\":{\"@id\":\"https:\\\/\\\/novice.si\\\/page\\\/#organization\"},\"potentialAction\":[{\"@type\":\"SearchAction\",\"target\":{\"@type\":\"EntryPoint\",\"urlTemplate\":\"https:\\\/\\\/novice.si\\\/page\\\/?s={search_term_string}\"},\"query-input\":{\"@type\":\"PropertyValueSpecification\",\"valueRequired\":true,\"valueName\":\"search_term_string\"}}],\"inLanguage\":\"sl-SI\"},{\"@type\":\"Organization\",\"@id\":\"https:\\\/\\\/novice.si\\\/page\\\/#organization\",\"name\":\"Novice.si\",\"url\":\"https:\\\/\\\/novice.si\\\/page\\\/\",\"logo\":{\"@type\":\"ImageObject\",\"inLanguage\":\"sl-SI\",\"@id\":\"https:\\\/\\\/novice.si\\\/page\\\/#\\\/schema\\\/logo\\\/image\\\/\",\"url\":\"https:\\\/\\\/novice.si\\\/page\\\/wp-content\\\/uploads\\\/2023\\\/03\\\/novice_si.png\",\"contentUrl\":\"https:\\\/\\\/novice.si\\\/page\\\/wp-content\\\/uploads\\\/2023\\\/03\\\/novice_si.png\",\"width\":576,\"height\":200,\"caption\":\"Novice.si\"},\"image\":{\"@id\":\"https:\\\/\\\/novice.si\\\/page\\\/#\\\/schema\\\/logo\\\/image\\\/\"}},{\"@type\":\"Person\",\"@id\":\"https:\\\/\\\/novice.si\\\/page\\\/#\\\/schema\\\/person\\\/a9db4b6feec0e2914c4b6bba66880105\",\"name\":\"Uredni\u0161tvo Celjana\",\"image\":{\"@type\":\"ImageObject\",\"inLanguage\":\"sl-SI\",\"@id\":\"https:\\\/\\\/secure.gravatar.com\\\/avatar\\\/81f0c61a80bf0defdd4c23615cef66d8ec18f810ee16ce148367f5a1a180cf17?s=96&d=mm&r=g\",\"url\":\"https:\\\/\\\/secure.gravatar.com\\\/avatar\\\/81f0c61a80bf0defdd4c23615cef66d8ec18f810ee16ce148367f5a1a180cf17?s=96&d=mm&r=g\",\"contentUrl\":\"https:\\\/\\\/secure.gravatar.com\\\/avatar\\\/81f0c61a80bf0defdd4c23615cef66d8ec18f810ee16ce148367f5a1a180cf17?s=96&d=mm&r=g\",\"caption\":\"Uredni\u0161tvo Celjana\"},\"url\":\"https:\\\/\\\/novice.si\\\/page\\\/author\\\/uros\\\/\"}]}<\/script>\n<!-- \/ Yoast SEO plugin. -->","yoast_head_json":{"title":"Lihten\u0161tajnski princ Nikolaus in soproga Margaretha obiskala Celje - Novice.si","robots":{"index":"index","follow":"follow","max-snippet":"max-snippet:-1","max-image-preview":"max-image-preview:large","max-video-preview":"max-video-preview:-1"},"canonical":"https:\/\/novice.si\/page\/lihtenstajnski-princ-nikolaus-soproga-margaretha-obiskala-celje\/","og_locale":"sl_SI","og_type":"article","og_title":"Lihten\u0161tajnski princ Nikolaus in soproga Margaretha obiskala Celje - Novice.si","og_description":"Prvi mo\u017e diplomacije kne\u017eevine Lihten\u0161tajn princ Nikolaus von und zu Liechtenstein in soproga princesa Margaretha sta danes obiskala Celje. Gre za prvi obisk visokega gosta v Celju, ki bo \u0161e bolj okrepil sodelovanje in prijateljske vezi s kne\u017eevino Lihten\u0161tajn. Ob prihodu v Celje so ju pred hotelom Evropa sprejeli \u017eupan Bojan \u0160rot, vodstvo Mestne ob\u010dine [&hellip;]","og_url":"https:\/\/novice.si\/page\/lihtenstajnski-princ-nikolaus-soproga-margaretha-obiskala-celje\/","og_site_name":"Novice.si","article_published_time":"2017-08-28T13:23:16+00:00","og_image":[{"width":1728,"height":1152,"url":"https:\/\/novice.si\/page\/wp-content\/uploads\/2017\/08\/Nikolaus-von-und-zu-Liechtenstein-4.jpg","type":"image\/jpeg"}],"author":"Uredni\u0161tvo Celjana","twitter_card":"summary_large_image","twitter_misc":{"Written by":"Uredni\u0161tvo Celjana","Est. reading time":"1 minuta"},"schema":{"@context":"https:\/\/schema.org","@graph":[{"@type":"Article","@id":"https:\/\/novice.si\/page\/lihtenstajnski-princ-nikolaus-soproga-margaretha-obiskala-celje\/#article","isPartOf":{"@id":"https:\/\/novice.si\/page\/lihtenstajnski-princ-nikolaus-soproga-margaretha-obiskala-celje\/"},"author":{"name":"Uredni\u0161tvo Celjana","@id":"https:\/\/novice.si\/page\/#\/schema\/person\/a9db4b6feec0e2914c4b6bba66880105"},"headline":"Lihten\u0161tajnski princ Nikolaus in soproga Margaretha obiskala Celje","datePublished":"2017-08-28T13:23:16+00:00","mainEntityOfPage":{"@id":"https:\/\/novice.si\/page\/lihtenstajnski-princ-nikolaus-soproga-margaretha-obiskala-celje\/"},"wordCount":159,"publisher":{"@id":"https:\/\/novice.si\/page\/#organization"},"image":{"@id":"https:\/\/novice.si\/page\/lihtenstajnski-princ-nikolaus-soproga-margaretha-obiskala-celje\/#primaryimage"},"thumbnailUrl":"https:\/\/novice.si\/page\/wp-content\/uploads\/2017\/08\/Nikolaus-von-und-zu-Liechtenstein-4.jpg","articleSection":["Aktualno"],"inLanguage":"sl-SI"},{"@type":"WebPage","@id":"https:\/\/novice.si\/page\/lihtenstajnski-princ-nikolaus-soproga-margaretha-obiskala-celje\/","url":"https:\/\/novice.si\/page\/lihtenstajnski-princ-nikolaus-soproga-margaretha-obiskala-celje\/","name":"Lihten\u0161tajnski princ Nikolaus in soproga Margaretha obiskala Celje - Novice.si","isPartOf":{"@id":"https:\/\/novice.si\/page\/#website"},"primaryImageOfPage":{"@id":"https:\/\/novice.si\/page\/lihtenstajnski-princ-nikolaus-soproga-margaretha-obiskala-celje\/#primaryimage"},"image":{"@id":"https:\/\/novice.si\/page\/lihtenstajnski-princ-nikolaus-soproga-margaretha-obiskala-celje\/#primaryimage"},"thumbnailUrl":"https:\/\/novice.si\/page\/wp-content\/uploads\/2017\/08\/Nikolaus-von-und-zu-Liechtenstein-4.jpg","datePublished":"2017-08-28T13:23:16+00:00","breadcrumb":{"@id":"https:\/\/novice.si\/page\/lihtenstajnski-princ-nikolaus-soproga-margaretha-obiskala-celje\/#breadcrumb"},"inLanguage":"sl-SI","potentialAction":[{"@type":"ReadAction","target":["https:\/\/novice.si\/page\/lihtenstajnski-princ-nikolaus-soproga-margaretha-obiskala-celje\/"]}]},{"@type":"ImageObject","inLanguage":"sl-SI","@id":"https:\/\/novice.si\/page\/lihtenstajnski-princ-nikolaus-soproga-margaretha-obiskala-celje\/#primaryimage","url":"https:\/\/novice.si\/page\/wp-content\/uploads\/2017\/08\/Nikolaus-von-und-zu-Liechtenstein-4.jpg","contentUrl":"https:\/\/novice.si\/page\/wp-content\/uploads\/2017\/08\/Nikolaus-von-und-zu-Liechtenstein-4.jpg","width":1728,"height":1152},{"@type":"BreadcrumbList","@id":"https:\/\/novice.si\/page\/lihtenstajnski-princ-nikolaus-soproga-margaretha-obiskala-celje\/#breadcrumb","itemListElement":[{"@type":"ListItem","position":1,"name":"Home","item":"https:\/\/novice.si\/page\/"},{"@type":"ListItem","position":2,"name":"Lihten\u0161tajnski princ Nikolaus in soproga Margaretha obiskala Celje"}]},{"@type":"WebSite","@id":"https:\/\/novice.si\/page\/#website","url":"https:\/\/novice.si\/page\/","name":"Novice.si","description":"","publisher":{"@id":"https:\/\/novice.si\/page\/#organization"},"potentialAction":[{"@type":"SearchAction","target":{"@type":"EntryPoint","urlTemplate":"https:\/\/novice.si\/page\/?s={search_term_string}"},"query-input":{"@type":"PropertyValueSpecification","valueRequired":true,"valueName":"search_term_string"}}],"inLanguage":"sl-SI"},{"@type":"Organization","@id":"https:\/\/novice.si\/page\/#organization","name":"Novice.si","url":"https:\/\/novice.si\/page\/","logo":{"@type":"ImageObject","inLanguage":"sl-SI","@id":"https:\/\/novice.si\/page\/#\/schema\/logo\/image\/","url":"https:\/\/novice.si\/page\/wp-content\/uploads\/2023\/03\/novice_si.png","contentUrl":"https:\/\/novice.si\/page\/wp-content\/uploads\/2023\/03\/novice_si.png","width":576,"height":200,"caption":"Novice.si"},"image":{"@id":"https:\/\/novice.si\/page\/#\/schema\/logo\/image\/"}},{"@type":"Person","@id":"https:\/\/novice.si\/page\/#\/schema\/person\/a9db4b6feec0e2914c4b6bba66880105","name":"Uredni\u0161tvo Celjana","image":{"@type":"ImageObject","inLanguage":"sl-SI","@id":"https:\/\/secure.gravatar.com\/avatar\/81f0c61a80bf0defdd4c23615cef66d8ec18f810ee16ce148367f5a1a180cf17?s=96&d=mm&r=g","url":"https:\/\/secure.gravatar.com\/avatar\/81f0c61a80bf0defdd4c23615cef66d8ec18f810ee16ce148367f5a1a180cf17?s=96&d=mm&r=g","contentUrl":"https:\/\/secure.gravatar.com\/avatar\/81f0c61a80bf0defdd4c23615cef66d8ec18f810ee16ce148367f5a1a180cf17?s=96&d=mm&r=g","caption":"Uredni\u0161tvo Celjana"},"url":"https:\/\/novice.si\/page\/author\/uros\/"}]}},"_links":{"self":[{"href":"https:\/\/novice.si\/page\/wp-json\/wp\/v2\/posts\/64877","targetHints":{"allow":["GET"]}}],"collection":[{"href":"https:\/\/novice.si\/page\/wp-json\/wp\/v2\/posts"}],"about":[{"href":"https:\/\/novice.si\/page\/wp-json\/wp\/v2\/types\/post"}],"author":[{"embeddable":true,"href":"https:\/\/novice.si\/page\/wp-json\/wp\/v2\/users\/14"}],"replies":[{"embeddable":true,"href":"https:\/\/novice.si\/page\/wp-json\/wp\/v2\/comments?post=64877"}],"version-history":[{"count":0,"href":"https:\/\/novice.si\/page\/wp-json\/wp\/v2\/posts\/64877\/revisions"}],"wp:featuredmedia":[{"embeddable":true,"href":"https:\/\/novice.si\/page\/wp-json\/wp\/v2\/media\/64880"}],"wp:attachment":[{"href":"https:\/\/novice.si\/page\/wp-json\/wp\/v2\/media?parent=64877"}],"wp:term":[{"taxonomy":"category","embeddable":true,"href":"https:\/\/novice.si\/page\/wp-json\/wp\/v2\/categories?post=64877"},{"taxonomy":"post_tag","embeddable":true,"href":"https:\/\/novice.si\/page\/wp-json\/wp\/v2\/tags?post=64877"}],"curies":[{"name":"wp","href":"https:\/\/api.w.org\/{rel}","templated":true}]}}