{"id":56005,"date":"2017-03-08T10:29:10","date_gmt":"2017-03-08T09:29:10","guid":{"rendered":"http:\/\/novice.si\/page\/?p=56005"},"modified":"2017-03-08T10:29:10","modified_gmt":"2017-03-08T09:29:10","slug":"beti-hohler-haag-pomembno-je-imeti-korenine-se-jih-zavedati","status":"publish","type":"post","link":"https:\/\/novice.si\/page\/beti-hohler-haag-pomembno-je-imeti-korenine-se-jih-zavedati\/","title":{"rendered":"Beti Hohler, Haag: &#8220;Pomembno je imeti korenine in se jih zavedati!&#8221;"},"content":{"rendered":"<p><strong><a href=\"https:\/\/novice.si\/page\/wp-content\/uploads\/2017\/03\/hohler-beti-1.jpg\" data-gallery><img loading=\"lazy\" decoding=\"async\" class=\"size-medium wp-image-56006 alignleft\" src=\"https:\/\/novice.si\/page\/wp-content\/uploads\/2017\/03\/hohler-beti-1-225x300.jpg\" alt=\"\" width=\"225\" height=\"300\" srcset=\"https:\/\/novice.si\/page\/wp-content\/uploads\/2017\/03\/hohler-beti-1-225x300.jpg 225w, https:\/\/novice.si\/page\/wp-content\/uploads\/2017\/03\/hohler-beti-1-768x1024.jpg 768w, https:\/\/novice.si\/page\/wp-content\/uploads\/2017\/03\/hohler-beti-1-696x928.jpg 696w, https:\/\/novice.si\/page\/wp-content\/uploads\/2017\/03\/hohler-beti-1-1068x1424.jpg 1068w, https:\/\/novice.si\/page\/wp-content\/uploads\/2017\/03\/hohler-beti-1-315x420.jpg 315w, https:\/\/novice.si\/page\/wp-content\/uploads\/2017\/03\/hohler-beti-1-18x24.jpg 18w, https:\/\/novice.si\/page\/wp-content\/uploads\/2017\/03\/hohler-beti-1-27x36.jpg 27w, https:\/\/novice.si\/page\/wp-content\/uploads\/2017\/03\/hohler-beti-1-36x48.jpg 36w, https:\/\/novice.si\/page\/wp-content\/uploads\/2017\/03\/hohler-beti-1.jpg 1200w\" sizes=\"auto, (max-width: 225px) 100vw, 225px\" \/><\/a>Beti Hohler<\/strong> je Zre\u010danka, ki zadnji dve leti slu\u017ebuje na mednarodnem kazenskem sodi\u0161\u010du v Haagu. Doma\u010dini se je spomnijo kot pridnega in perspektivnega dekleta, zlate maturantke, \u0161tudentke prava, ki je diplomirala z odliko. \u017de med \u0161tudijem se je zaljubila v Nizozemsko in mednarodno pravo. Po kon\u010danem pripravni\u0161tvu v Haagu je delala na Vi\u0161jem sodi\u0161\u010du v Ljubljani, v odvetni\u0161ki dru\u017ebi, kasneje je slu\u017ebovala v misiji Evropske unije za vladavino prava na Kosovu kot pravna svetovalka, na mednarodnem kazenskem sodi\u0161\u010du v Haagu pa trenutno ukvarja s primerom proti vojnemu zlo\u010dincu iz Ugande.<br \/>\nOb mednarodnem dnevu \u017eensk se je z njo\u00a0pogovarjala novinarka lokalnega \u010dasopisa NOVICE. Dalj\u0161i pogovor z Zre\u010danko lahko preberete v Novicah, ki bodo iz\u0161le jutri. Med drugim pa je dejala:\u00a0&#8220;<em>Vsakodnevni stik z \u017ertvami vojn mi tudi daje vedeti, kako dragocena sta mir in odsotnost vojne. Generacije, ki smo odrasle v miru, to prerade pozabimo.&#8221;<\/em><\/p>\n<p>&nbsp;<\/p>\n","protected":false},"excerpt":{"rendered":"<p>Beti Hohler je Zre\u010danka, ki zadnji dve leti slu\u017ebuje na mednarodnem kazenskem sodi\u0161\u010du v Haagu. Doma\u010dini se je spomnijo kot pridnega in perspektivnega dekleta, zlate maturantke, \u0161tudentke prava, ki je diplomirala z odliko. \u017de med \u0161tudijem se je zaljubila v Nizozemsko in mednarodno pravo. Po kon\u010danem pripravni\u0161tvu v Haagu je delala na Vi\u0161jem sodi\u0161\u010du v [&hellip;]<\/p>\n","protected":false},"author":12,"featured_media":56006,"comment_status":"closed","ping_status":"closed","sticky":false,"template":"","format":"standard","meta":{"footnotes":""},"categories":[14,16],"tags":[],"class_list":{"0":"post-56005","1":"post","2":"type-post","3":"status-publish","4":"format-standard","5":"has-post-thumbnail","7":"category-aktualno","8":"category-konjisko"},"yoast_head":"<!-- This site is optimized with the Yoast SEO plugin v27.4 - https:\/\/yoast.com\/product\/yoast-seo-wordpress\/ -->\n<title>Beti Hohler, Haag: &quot;Pomembno je imeti korenine in se jih zavedati!&quot; - Novice.si<\/title>\n<meta name=\"robots\" content=\"index, follow, max-snippet:-1, max-image-preview:large, max-video-preview:-1\" \/>\n<link rel=\"canonical\" href=\"https:\/\/novice.si\/page\/beti-hohler-haag-pomembno-je-imeti-korenine-se-jih-zavedati\/\" \/>\n<meta property=\"og:locale\" content=\"sl_SI\" \/>\n<meta property=\"og:type\" content=\"article\" \/>\n<meta property=\"og:title\" content=\"Beti Hohler, Haag: &quot;Pomembno je imeti korenine in se jih zavedati!&quot; - Novice.si\" \/>\n<meta property=\"og:description\" content=\"Beti Hohler je Zre\u010danka, ki zadnji dve leti slu\u017ebuje na mednarodnem kazenskem sodi\u0161\u010du v Haagu. Doma\u010dini se je spomnijo kot pridnega in perspektivnega dekleta, zlate maturantke, \u0161tudentke prava, ki je diplomirala z odliko. \u017de med \u0161tudijem se je zaljubila v Nizozemsko in mednarodno pravo. Po kon\u010danem pripravni\u0161tvu v Haagu je delala na Vi\u0161jem sodi\u0161\u010du v [&hellip;]\" \/>\n<meta property=\"og:url\" content=\"https:\/\/novice.si\/page\/beti-hohler-haag-pomembno-je-imeti-korenine-se-jih-zavedati\/\" \/>\n<meta property=\"og:site_name\" content=\"Novice.si\" \/>\n<meta property=\"article:published_time\" content=\"2017-03-08T09:29:10+00:00\" \/>\n<meta property=\"og:image\" content=\"https:\/\/novice.si\/page\/wp-content\/uploads\/2017\/03\/hohler-beti-1.jpg\" \/>\n\t<meta property=\"og:image:width\" content=\"1200\" \/>\n\t<meta property=\"og:image:height\" content=\"1600\" \/>\n\t<meta property=\"og:image:type\" content=\"image\/jpeg\" \/>\n<meta name=\"author\" content=\"Uredni\u0161tvo Celjana\" \/>\n<meta name=\"twitter:card\" content=\"summary_large_image\" \/>\n<meta name=\"twitter:label1\" content=\"Written by\" \/>\n\t<meta name=\"twitter:data1\" content=\"Uredni\u0161tvo Celjana\" \/>\n\t<meta name=\"twitter:label2\" content=\"Est. reading time\" \/>\n\t<meta name=\"twitter:data2\" content=\"1 minuta\" \/>\n<script type=\"application\/ld+json\" class=\"yoast-schema-graph\">{\"@context\":\"https:\\\/\\\/schema.org\",\"@graph\":[{\"@type\":\"Article\",\"@id\":\"https:\\\/\\\/novice.si\\\/page\\\/beti-hohler-haag-pomembno-je-imeti-korenine-se-jih-zavedati\\\/#article\",\"isPartOf\":{\"@id\":\"https:\\\/\\\/novice.si\\\/page\\\/beti-hohler-haag-pomembno-je-imeti-korenine-se-jih-zavedati\\\/\"},\"author\":{\"name\":\"Uredni\u0161tvo Celjana\",\"@id\":\"https:\\\/\\\/novice.si\\\/page\\\/#\\\/schema\\\/person\\\/51903923b50fefb075bc1cd24fe4d065\"},\"headline\":\"Beti Hohler, Haag: &#8220;Pomembno je imeti korenine in se jih zavedati!&#8221;\",\"datePublished\":\"2017-03-08T09:29:10+00:00\",\"mainEntityOfPage\":{\"@id\":\"https:\\\/\\\/novice.si\\\/page\\\/beti-hohler-haag-pomembno-je-imeti-korenine-se-jih-zavedati\\\/\"},\"wordCount\":173,\"publisher\":{\"@id\":\"https:\\\/\\\/novice.si\\\/page\\\/#organization\"},\"image\":{\"@id\":\"https:\\\/\\\/novice.si\\\/page\\\/beti-hohler-haag-pomembno-je-imeti-korenine-se-jih-zavedati\\\/#primaryimage\"},\"thumbnailUrl\":\"https:\\\/\\\/novice.si\\\/page\\\/wp-content\\\/uploads\\\/2017\\\/03\\\/hohler-beti-1.jpg\",\"articleSection\":[\"Aktualno\",\"Konji\u0161ko\"],\"inLanguage\":\"sl-SI\"},{\"@type\":\"WebPage\",\"@id\":\"https:\\\/\\\/novice.si\\\/page\\\/beti-hohler-haag-pomembno-je-imeti-korenine-se-jih-zavedati\\\/\",\"url\":\"https:\\\/\\\/novice.si\\\/page\\\/beti-hohler-haag-pomembno-je-imeti-korenine-se-jih-zavedati\\\/\",\"name\":\"Beti Hohler, Haag: \\\"Pomembno je imeti korenine in se jih zavedati!\\\" - Novice.si\",\"isPartOf\":{\"@id\":\"https:\\\/\\\/novice.si\\\/page\\\/#website\"},\"primaryImageOfPage\":{\"@id\":\"https:\\\/\\\/novice.si\\\/page\\\/beti-hohler-haag-pomembno-je-imeti-korenine-se-jih-zavedati\\\/#primaryimage\"},\"image\":{\"@id\":\"https:\\\/\\\/novice.si\\\/page\\\/beti-hohler-haag-pomembno-je-imeti-korenine-se-jih-zavedati\\\/#primaryimage\"},\"thumbnailUrl\":\"https:\\\/\\\/novice.si\\\/page\\\/wp-content\\\/uploads\\\/2017\\\/03\\\/hohler-beti-1.jpg\",\"datePublished\":\"2017-03-08T09:29:10+00:00\",\"breadcrumb\":{\"@id\":\"https:\\\/\\\/novice.si\\\/page\\\/beti-hohler-haag-pomembno-je-imeti-korenine-se-jih-zavedati\\\/#breadcrumb\"},\"inLanguage\":\"sl-SI\",\"potentialAction\":[{\"@type\":\"ReadAction\",\"target\":[\"https:\\\/\\\/novice.si\\\/page\\\/beti-hohler-haag-pomembno-je-imeti-korenine-se-jih-zavedati\\\/\"]}]},{\"@type\":\"ImageObject\",\"inLanguage\":\"sl-SI\",\"@id\":\"https:\\\/\\\/novice.si\\\/page\\\/beti-hohler-haag-pomembno-je-imeti-korenine-se-jih-zavedati\\\/#primaryimage\",\"url\":\"https:\\\/\\\/novice.si\\\/page\\\/wp-content\\\/uploads\\\/2017\\\/03\\\/hohler-beti-1.jpg\",\"contentUrl\":\"https:\\\/\\\/novice.si\\\/page\\\/wp-content\\\/uploads\\\/2017\\\/03\\\/hohler-beti-1.jpg\",\"width\":1200,\"height\":1600},{\"@type\":\"BreadcrumbList\",\"@id\":\"https:\\\/\\\/novice.si\\\/page\\\/beti-hohler-haag-pomembno-je-imeti-korenine-se-jih-zavedati\\\/#breadcrumb\",\"itemListElement\":[{\"@type\":\"ListItem\",\"position\":1,\"name\":\"Home\",\"item\":\"https:\\\/\\\/novice.si\\\/page\\\/\"},{\"@type\":\"ListItem\",\"position\":2,\"name\":\"Beti Hohler, Haag: &#8220;Pomembno je imeti korenine in se jih zavedati!&#8221;\"}]},{\"@type\":\"WebSite\",\"@id\":\"https:\\\/\\\/novice.si\\\/page\\\/#website\",\"url\":\"https:\\\/\\\/novice.si\\\/page\\\/\",\"name\":\"Novice.si\",\"description\":\"\",\"publisher\":{\"@id\":\"https:\\\/\\\/novice.si\\\/page\\\/#organization\"},\"potentialAction\":[{\"@type\":\"SearchAction\",\"target\":{\"@type\":\"EntryPoint\",\"urlTemplate\":\"https:\\\/\\\/novice.si\\\/page\\\/?s={search_term_string}\"},\"query-input\":{\"@type\":\"PropertyValueSpecification\",\"valueRequired\":true,\"valueName\":\"search_term_string\"}}],\"inLanguage\":\"sl-SI\"},{\"@type\":\"Organization\",\"@id\":\"https:\\\/\\\/novice.si\\\/page\\\/#organization\",\"name\":\"Novice.si\",\"url\":\"https:\\\/\\\/novice.si\\\/page\\\/\",\"logo\":{\"@type\":\"ImageObject\",\"inLanguage\":\"sl-SI\",\"@id\":\"https:\\\/\\\/novice.si\\\/page\\\/#\\\/schema\\\/logo\\\/image\\\/\",\"url\":\"https:\\\/\\\/novice.si\\\/page\\\/wp-content\\\/uploads\\\/2023\\\/03\\\/novice_si.png\",\"contentUrl\":\"https:\\\/\\\/novice.si\\\/page\\\/wp-content\\\/uploads\\\/2023\\\/03\\\/novice_si.png\",\"width\":576,\"height\":200,\"caption\":\"Novice.si\"},\"image\":{\"@id\":\"https:\\\/\\\/novice.si\\\/page\\\/#\\\/schema\\\/logo\\\/image\\\/\"}},{\"@type\":\"Person\",\"@id\":\"https:\\\/\\\/novice.si\\\/page\\\/#\\\/schema\\\/person\\\/51903923b50fefb075bc1cd24fe4d065\",\"name\":\"Uredni\u0161tvo Celjana\",\"image\":{\"@type\":\"ImageObject\",\"inLanguage\":\"sl-SI\",\"@id\":\"https:\\\/\\\/secure.gravatar.com\\\/avatar\\\/b516f102aa90b53619e09722b8ea56721c99bfcb4f1035f9b333d99f52330226?s=96&d=mm&r=g\",\"url\":\"https:\\\/\\\/secure.gravatar.com\\\/avatar\\\/b516f102aa90b53619e09722b8ea56721c99bfcb4f1035f9b333d99f52330226?s=96&d=mm&r=g\",\"contentUrl\":\"https:\\\/\\\/secure.gravatar.com\\\/avatar\\\/b516f102aa90b53619e09722b8ea56721c99bfcb4f1035f9b333d99f52330226?s=96&d=mm&r=g\",\"caption\":\"Uredni\u0161tvo Celjana\"},\"url\":\"https:\\\/\\\/novice.si\\\/page\\\/author\\\/nejc\\\/\"}]}<\/script>\n<!-- \/ Yoast SEO plugin. -->","yoast_head_json":{"title":"Beti Hohler, Haag: \"Pomembno je imeti korenine in se jih zavedati!\" - Novice.si","robots":{"index":"index","follow":"follow","max-snippet":"max-snippet:-1","max-image-preview":"max-image-preview:large","max-video-preview":"max-video-preview:-1"},"canonical":"https:\/\/novice.si\/page\/beti-hohler-haag-pomembno-je-imeti-korenine-se-jih-zavedati\/","og_locale":"sl_SI","og_type":"article","og_title":"Beti Hohler, Haag: \"Pomembno je imeti korenine in se jih zavedati!\" - Novice.si","og_description":"Beti Hohler je Zre\u010danka, ki zadnji dve leti slu\u017ebuje na mednarodnem kazenskem sodi\u0161\u010du v Haagu. Doma\u010dini se je spomnijo kot pridnega in perspektivnega dekleta, zlate maturantke, \u0161tudentke prava, ki je diplomirala z odliko. \u017de med \u0161tudijem se je zaljubila v Nizozemsko in mednarodno pravo. Po kon\u010danem pripravni\u0161tvu v Haagu je delala na Vi\u0161jem sodi\u0161\u010du v [&hellip;]","og_url":"https:\/\/novice.si\/page\/beti-hohler-haag-pomembno-je-imeti-korenine-se-jih-zavedati\/","og_site_name":"Novice.si","article_published_time":"2017-03-08T09:29:10+00:00","og_image":[{"width":1200,"height":1600,"url":"https:\/\/novice.si\/page\/wp-content\/uploads\/2017\/03\/hohler-beti-1.jpg","type":"image\/jpeg"}],"author":"Uredni\u0161tvo Celjana","twitter_card":"summary_large_image","twitter_misc":{"Written by":"Uredni\u0161tvo Celjana","Est. reading time":"1 minuta"},"schema":{"@context":"https:\/\/schema.org","@graph":[{"@type":"Article","@id":"https:\/\/novice.si\/page\/beti-hohler-haag-pomembno-je-imeti-korenine-se-jih-zavedati\/#article","isPartOf":{"@id":"https:\/\/novice.si\/page\/beti-hohler-haag-pomembno-je-imeti-korenine-se-jih-zavedati\/"},"author":{"name":"Uredni\u0161tvo Celjana","@id":"https:\/\/novice.si\/page\/#\/schema\/person\/51903923b50fefb075bc1cd24fe4d065"},"headline":"Beti Hohler, Haag: &#8220;Pomembno je imeti korenine in se jih zavedati!&#8221;","datePublished":"2017-03-08T09:29:10+00:00","mainEntityOfPage":{"@id":"https:\/\/novice.si\/page\/beti-hohler-haag-pomembno-je-imeti-korenine-se-jih-zavedati\/"},"wordCount":173,"publisher":{"@id":"https:\/\/novice.si\/page\/#organization"},"image":{"@id":"https:\/\/novice.si\/page\/beti-hohler-haag-pomembno-je-imeti-korenine-se-jih-zavedati\/#primaryimage"},"thumbnailUrl":"https:\/\/novice.si\/page\/wp-content\/uploads\/2017\/03\/hohler-beti-1.jpg","articleSection":["Aktualno","Konji\u0161ko"],"inLanguage":"sl-SI"},{"@type":"WebPage","@id":"https:\/\/novice.si\/page\/beti-hohler-haag-pomembno-je-imeti-korenine-se-jih-zavedati\/","url":"https:\/\/novice.si\/page\/beti-hohler-haag-pomembno-je-imeti-korenine-se-jih-zavedati\/","name":"Beti Hohler, Haag: \"Pomembno je imeti korenine in se jih zavedati!\" - Novice.si","isPartOf":{"@id":"https:\/\/novice.si\/page\/#website"},"primaryImageOfPage":{"@id":"https:\/\/novice.si\/page\/beti-hohler-haag-pomembno-je-imeti-korenine-se-jih-zavedati\/#primaryimage"},"image":{"@id":"https:\/\/novice.si\/page\/beti-hohler-haag-pomembno-je-imeti-korenine-se-jih-zavedati\/#primaryimage"},"thumbnailUrl":"https:\/\/novice.si\/page\/wp-content\/uploads\/2017\/03\/hohler-beti-1.jpg","datePublished":"2017-03-08T09:29:10+00:00","breadcrumb":{"@id":"https:\/\/novice.si\/page\/beti-hohler-haag-pomembno-je-imeti-korenine-se-jih-zavedati\/#breadcrumb"},"inLanguage":"sl-SI","potentialAction":[{"@type":"ReadAction","target":["https:\/\/novice.si\/page\/beti-hohler-haag-pomembno-je-imeti-korenine-se-jih-zavedati\/"]}]},{"@type":"ImageObject","inLanguage":"sl-SI","@id":"https:\/\/novice.si\/page\/beti-hohler-haag-pomembno-je-imeti-korenine-se-jih-zavedati\/#primaryimage","url":"https:\/\/novice.si\/page\/wp-content\/uploads\/2017\/03\/hohler-beti-1.jpg","contentUrl":"https:\/\/novice.si\/page\/wp-content\/uploads\/2017\/03\/hohler-beti-1.jpg","width":1200,"height":1600},{"@type":"BreadcrumbList","@id":"https:\/\/novice.si\/page\/beti-hohler-haag-pomembno-je-imeti-korenine-se-jih-zavedati\/#breadcrumb","itemListElement":[{"@type":"ListItem","position":1,"name":"Home","item":"https:\/\/novice.si\/page\/"},{"@type":"ListItem","position":2,"name":"Beti Hohler, Haag: &#8220;Pomembno je imeti korenine in se jih zavedati!&#8221;"}]},{"@type":"WebSite","@id":"https:\/\/novice.si\/page\/#website","url":"https:\/\/novice.si\/page\/","name":"Novice.si","description":"","publisher":{"@id":"https:\/\/novice.si\/page\/#organization"},"potentialAction":[{"@type":"SearchAction","target":{"@type":"EntryPoint","urlTemplate":"https:\/\/novice.si\/page\/?s={search_term_string}"},"query-input":{"@type":"PropertyValueSpecification","valueRequired":true,"valueName":"search_term_string"}}],"inLanguage":"sl-SI"},{"@type":"Organization","@id":"https:\/\/novice.si\/page\/#organization","name":"Novice.si","url":"https:\/\/novice.si\/page\/","logo":{"@type":"ImageObject","inLanguage":"sl-SI","@id":"https:\/\/novice.si\/page\/#\/schema\/logo\/image\/","url":"https:\/\/novice.si\/page\/wp-content\/uploads\/2023\/03\/novice_si.png","contentUrl":"https:\/\/novice.si\/page\/wp-content\/uploads\/2023\/03\/novice_si.png","width":576,"height":200,"caption":"Novice.si"},"image":{"@id":"https:\/\/novice.si\/page\/#\/schema\/logo\/image\/"}},{"@type":"Person","@id":"https:\/\/novice.si\/page\/#\/schema\/person\/51903923b50fefb075bc1cd24fe4d065","name":"Uredni\u0161tvo Celjana","image":{"@type":"ImageObject","inLanguage":"sl-SI","@id":"https:\/\/secure.gravatar.com\/avatar\/b516f102aa90b53619e09722b8ea56721c99bfcb4f1035f9b333d99f52330226?s=96&d=mm&r=g","url":"https:\/\/secure.gravatar.com\/avatar\/b516f102aa90b53619e09722b8ea56721c99bfcb4f1035f9b333d99f52330226?s=96&d=mm&r=g","contentUrl":"https:\/\/secure.gravatar.com\/avatar\/b516f102aa90b53619e09722b8ea56721c99bfcb4f1035f9b333d99f52330226?s=96&d=mm&r=g","caption":"Uredni\u0161tvo Celjana"},"url":"https:\/\/novice.si\/page\/author\/nejc\/"}]}},"_links":{"self":[{"href":"https:\/\/novice.si\/page\/wp-json\/wp\/v2\/posts\/56005","targetHints":{"allow":["GET"]}}],"collection":[{"href":"https:\/\/novice.si\/page\/wp-json\/wp\/v2\/posts"}],"about":[{"href":"https:\/\/novice.si\/page\/wp-json\/wp\/v2\/types\/post"}],"author":[{"embeddable":true,"href":"https:\/\/novice.si\/page\/wp-json\/wp\/v2\/users\/12"}],"replies":[{"embeddable":true,"href":"https:\/\/novice.si\/page\/wp-json\/wp\/v2\/comments?post=56005"}],"version-history":[{"count":0,"href":"https:\/\/novice.si\/page\/wp-json\/wp\/v2\/posts\/56005\/revisions"}],"wp:featuredmedia":[{"embeddable":true,"href":"https:\/\/novice.si\/page\/wp-json\/wp\/v2\/media\/56006"}],"wp:attachment":[{"href":"https:\/\/novice.si\/page\/wp-json\/wp\/v2\/media?parent=56005"}],"wp:term":[{"taxonomy":"category","embeddable":true,"href":"https:\/\/novice.si\/page\/wp-json\/wp\/v2\/categories?post=56005"},{"taxonomy":"post_tag","embeddable":true,"href":"https:\/\/novice.si\/page\/wp-json\/wp\/v2\/tags?post=56005"}],"curies":[{"name":"wp","href":"https:\/\/api.w.org\/{rel}","templated":true}]}}