{"id":37213,"date":"2016-02-12T15:55:57","date_gmt":"2016-02-12T15:55:57","guid":{"rendered":"http:\/\/novice.si\/page\/?p=37213"},"modified":"2016-02-26T10:57:07","modified_gmt":"2016-02-26T10:57:07","slug":"znano-zakaj-je-vceraj-mocno-pocilo-v-slov-bistrici-2","status":"publish","type":"post","link":"https:\/\/novice.si\/page\/znano-zakaj-je-vceraj-mocno-pocilo-v-slov-bistrici-2\/","title":{"rendered":"Znano, zakaj je v\u010deraj mo\u010dno po\u010dilo v Slov. Bistrici"},"content":{"rendered":"<p><a href=\"http:\/\/www.novice.si\/wp-content\/uploads\/2016\/02\/ODPAD-1_resize.jpg\" rel=\"attachment wp-att-32827\" data-gallery><img loading=\"lazy\" decoding=\"async\" class=\"size-medium wp-image-32827 alignleft\" src=\"http:\/\/www.novice.si\/wp-content\/uploads\/2016\/02\/ODPAD-1_resize-300x225.jpg\" alt=\"ODPAD 1_resize\" width=\"300\" height=\"225\" \/><\/a>Eksplozijo in mo\u010dan pok v\u010deraj v Slov. Bistrici je povzro\u010dila plinska jeklenka.<br \/>\nTako so sporo\u010dili mariborski kriminalisti, ki so \u0161e ugotovili, da je na deponiji odpadnega \u017eeleza v Slovenski Bistrici en izmed delavcev med obdelavo odpadkov z delovnim strojem \u2013 \u0161karjami, prerezal plinsko jeklenko, namenjeno za hrambo industrijskega plina etilen. To je povzro\u010dilo mo\u010dno eksplozijo. V nesre\u010di ni bil nih\u010de ranjen, na delovnem stroju in okoli\u0161kih poslovnih objektih pa je nastala materialna \u0161koda, po nestrokovni oceni v vi\u0161ini okoli 10.000 evrov.<\/p>\n<p>Kriminalisti eksplozijo obravnavajo kot nesre\u010do pri delu, zato so o njej obvestili tudi In\u0161pektorat za delo in oddali kazensko ovadbo na to\u017eilstvo, saj so bili v nesre\u010di ugotovljeni elementi kaznivega dejanja \u00bbpovzro\u010ditev splo\u0161ne nevarnosti\u00ab<\/p>\n","protected":false},"excerpt":{"rendered":"<p>Eksplozijo in mo\u010dan pok v\u010deraj v Slov. Bistrici je povzro\u010dila plinska jeklenka. Tako so sporo\u010dili mariborski kriminalisti, ki so \u0161e ugotovili, da je na deponiji odpadnega \u017eeleza v Slovenski Bistrici en izmed delavcev med obdelavo odpadkov z delovnim strojem \u2013 \u0161karjami, prerezal plinsko jeklenko, namenjeno za hrambo industrijskega plina etilen. To je povzro\u010dilo mo\u010dno eksplozijo. [&hellip;]<\/p>\n","protected":false},"author":48,"featured_media":37214,"comment_status":"open","ping_status":"open","sticky":false,"template":"","format":"standard","meta":{"footnotes":""},"categories":[32,29],"tags":[],"class_list":{"0":"post-37213","1":"post","2":"type-post","3":"status-publish","4":"format-standard","5":"has-post-thumbnail","7":"category-bistrisko","8":"category-kronika"},"yoast_head":"<!-- This site is optimized with the Yoast SEO plugin v27.4 - https:\/\/yoast.com\/product\/yoast-seo-wordpress\/ -->\n<title>Znano, zakaj je v\u010deraj mo\u010dno po\u010dilo v Slov. Bistrici - Novice.si<\/title>\n<meta name=\"robots\" content=\"index, follow, max-snippet:-1, max-image-preview:large, max-video-preview:-1\" \/>\n<link rel=\"canonical\" href=\"https:\/\/novice.si\/page\/znano-zakaj-je-vceraj-mocno-pocilo-v-slov-bistrici-2\/\" \/>\n<meta property=\"og:locale\" content=\"sl_SI\" \/>\n<meta property=\"og:type\" content=\"article\" \/>\n<meta property=\"og:title\" content=\"Znano, zakaj je v\u010deraj mo\u010dno po\u010dilo v Slov. Bistrici - Novice.si\" \/>\n<meta property=\"og:description\" content=\"Eksplozijo in mo\u010dan pok v\u010deraj v Slov. Bistrici je povzro\u010dila plinska jeklenka. Tako so sporo\u010dili mariborski kriminalisti, ki so \u0161e ugotovili, da je na deponiji odpadnega \u017eeleza v Slovenski Bistrici en izmed delavcev med obdelavo odpadkov z delovnim strojem \u2013 \u0161karjami, prerezal plinsko jeklenko, namenjeno za hrambo industrijskega plina etilen. To je povzro\u010dilo mo\u010dno eksplozijo. [&hellip;]\" \/>\n<meta property=\"og:url\" content=\"https:\/\/novice.si\/page\/znano-zakaj-je-vceraj-mocno-pocilo-v-slov-bistrici-2\/\" \/>\n<meta property=\"og:site_name\" content=\"Novice.si\" \/>\n<meta property=\"article:published_time\" content=\"2016-02-12T15:55:57+00:00\" \/>\n<meta property=\"article:modified_time\" content=\"2016-02-26T10:57:07+00:00\" \/>\n<meta property=\"og:image\" content=\"https:\/\/novice.si\/page\/wp-content\/uploads\/2016\/02\/ODPAD-1_resize.jpg\" \/>\n\t<meta property=\"og:image:width\" content=\"768\" \/>\n\t<meta property=\"og:image:height\" content=\"576\" \/>\n\t<meta property=\"og:image:type\" content=\"image\/jpeg\" \/>\n<meta name=\"author\" content=\"Nejc Mihelak\" \/>\n<meta name=\"twitter:card\" content=\"summary_large_image\" \/>\n<meta name=\"twitter:label1\" content=\"Written by\" \/>\n\t<meta name=\"twitter:data1\" content=\"Nejc Mihelak\" \/>\n\t<meta name=\"twitter:label2\" content=\"Est. reading time\" \/>\n\t<meta name=\"twitter:data2\" content=\"1 minuta\" \/>\n<script type=\"application\/ld+json\" class=\"yoast-schema-graph\">{\"@context\":\"https:\\\/\\\/schema.org\",\"@graph\":[{\"@type\":\"Article\",\"@id\":\"https:\\\/\\\/novice.si\\\/page\\\/znano-zakaj-je-vceraj-mocno-pocilo-v-slov-bistrici-2\\\/#article\",\"isPartOf\":{\"@id\":\"https:\\\/\\\/novice.si\\\/page\\\/znano-zakaj-je-vceraj-mocno-pocilo-v-slov-bistrici-2\\\/\"},\"author\":{\"name\":\"Nejc Mihelak\",\"@id\":\"https:\\\/\\\/novice.si\\\/page\\\/#\\\/schema\\\/person\\\/a9348025ed4c2739f506ac4ff9e91967\"},\"headline\":\"Znano, zakaj je v\u010deraj mo\u010dno po\u010dilo v Slov. Bistrici\",\"datePublished\":\"2016-02-12T15:55:57+00:00\",\"dateModified\":\"2016-02-26T10:57:07+00:00\",\"mainEntityOfPage\":{\"@id\":\"https:\\\/\\\/novice.si\\\/page\\\/znano-zakaj-je-vceraj-mocno-pocilo-v-slov-bistrici-2\\\/\"},\"wordCount\":141,\"commentCount\":0,\"publisher\":{\"@id\":\"https:\\\/\\\/novice.si\\\/page\\\/#organization\"},\"image\":{\"@id\":\"https:\\\/\\\/novice.si\\\/page\\\/znano-zakaj-je-vceraj-mocno-pocilo-v-slov-bistrici-2\\\/#primaryimage\"},\"thumbnailUrl\":\"https:\\\/\\\/novice.si\\\/page\\\/wp-content\\\/uploads\\\/2016\\\/02\\\/ODPAD-1_resize.jpg\",\"articleSection\":[\"Bistri\u0161ko\",\"Kronika\"],\"inLanguage\":\"sl-SI\",\"potentialAction\":[{\"@type\":\"CommentAction\",\"name\":\"Comment\",\"target\":[\"https:\\\/\\\/novice.si\\\/page\\\/znano-zakaj-je-vceraj-mocno-pocilo-v-slov-bistrici-2\\\/#respond\"]}]},{\"@type\":\"WebPage\",\"@id\":\"https:\\\/\\\/novice.si\\\/page\\\/znano-zakaj-je-vceraj-mocno-pocilo-v-slov-bistrici-2\\\/\",\"url\":\"https:\\\/\\\/novice.si\\\/page\\\/znano-zakaj-je-vceraj-mocno-pocilo-v-slov-bistrici-2\\\/\",\"name\":\"Znano, zakaj je v\u010deraj mo\u010dno po\u010dilo v Slov. Bistrici - Novice.si\",\"isPartOf\":{\"@id\":\"https:\\\/\\\/novice.si\\\/page\\\/#website\"},\"primaryImageOfPage\":{\"@id\":\"https:\\\/\\\/novice.si\\\/page\\\/znano-zakaj-je-vceraj-mocno-pocilo-v-slov-bistrici-2\\\/#primaryimage\"},\"image\":{\"@id\":\"https:\\\/\\\/novice.si\\\/page\\\/znano-zakaj-je-vceraj-mocno-pocilo-v-slov-bistrici-2\\\/#primaryimage\"},\"thumbnailUrl\":\"https:\\\/\\\/novice.si\\\/page\\\/wp-content\\\/uploads\\\/2016\\\/02\\\/ODPAD-1_resize.jpg\",\"datePublished\":\"2016-02-12T15:55:57+00:00\",\"dateModified\":\"2016-02-26T10:57:07+00:00\",\"breadcrumb\":{\"@id\":\"https:\\\/\\\/novice.si\\\/page\\\/znano-zakaj-je-vceraj-mocno-pocilo-v-slov-bistrici-2\\\/#breadcrumb\"},\"inLanguage\":\"sl-SI\",\"potentialAction\":[{\"@type\":\"ReadAction\",\"target\":[\"https:\\\/\\\/novice.si\\\/page\\\/znano-zakaj-je-vceraj-mocno-pocilo-v-slov-bistrici-2\\\/\"]}]},{\"@type\":\"ImageObject\",\"inLanguage\":\"sl-SI\",\"@id\":\"https:\\\/\\\/novice.si\\\/page\\\/znano-zakaj-je-vceraj-mocno-pocilo-v-slov-bistrici-2\\\/#primaryimage\",\"url\":\"https:\\\/\\\/novice.si\\\/page\\\/wp-content\\\/uploads\\\/2016\\\/02\\\/ODPAD-1_resize.jpg\",\"contentUrl\":\"https:\\\/\\\/novice.si\\\/page\\\/wp-content\\\/uploads\\\/2016\\\/02\\\/ODPAD-1_resize.jpg\",\"width\":768,\"height\":576},{\"@type\":\"BreadcrumbList\",\"@id\":\"https:\\\/\\\/novice.si\\\/page\\\/znano-zakaj-je-vceraj-mocno-pocilo-v-slov-bistrici-2\\\/#breadcrumb\",\"itemListElement\":[{\"@type\":\"ListItem\",\"position\":1,\"name\":\"Home\",\"item\":\"https:\\\/\\\/novice.si\\\/page\\\/\"},{\"@type\":\"ListItem\",\"position\":2,\"name\":\"Znano, zakaj je v\u010deraj mo\u010dno po\u010dilo v Slov. Bistrici\"}]},{\"@type\":\"WebSite\",\"@id\":\"https:\\\/\\\/novice.si\\\/page\\\/#website\",\"url\":\"https:\\\/\\\/novice.si\\\/page\\\/\",\"name\":\"Novice.si\",\"description\":\"\",\"publisher\":{\"@id\":\"https:\\\/\\\/novice.si\\\/page\\\/#organization\"},\"potentialAction\":[{\"@type\":\"SearchAction\",\"target\":{\"@type\":\"EntryPoint\",\"urlTemplate\":\"https:\\\/\\\/novice.si\\\/page\\\/?s={search_term_string}\"},\"query-input\":{\"@type\":\"PropertyValueSpecification\",\"valueRequired\":true,\"valueName\":\"search_term_string\"}}],\"inLanguage\":\"sl-SI\"},{\"@type\":\"Organization\",\"@id\":\"https:\\\/\\\/novice.si\\\/page\\\/#organization\",\"name\":\"Novice.si\",\"url\":\"https:\\\/\\\/novice.si\\\/page\\\/\",\"logo\":{\"@type\":\"ImageObject\",\"inLanguage\":\"sl-SI\",\"@id\":\"https:\\\/\\\/novice.si\\\/page\\\/#\\\/schema\\\/logo\\\/image\\\/\",\"url\":\"https:\\\/\\\/novice.si\\\/page\\\/wp-content\\\/uploads\\\/2023\\\/03\\\/novice_si.png\",\"contentUrl\":\"https:\\\/\\\/novice.si\\\/page\\\/wp-content\\\/uploads\\\/2023\\\/03\\\/novice_si.png\",\"width\":576,\"height\":200,\"caption\":\"Novice.si\"},\"image\":{\"@id\":\"https:\\\/\\\/novice.si\\\/page\\\/#\\\/schema\\\/logo\\\/image\\\/\"}},{\"@type\":\"Person\",\"@id\":\"https:\\\/\\\/novice.si\\\/page\\\/#\\\/schema\\\/person\\\/a9348025ed4c2739f506ac4ff9e91967\",\"name\":\"Nejc Mihelak\",\"image\":{\"@type\":\"ImageObject\",\"inLanguage\":\"sl-SI\",\"@id\":\"https:\\\/\\\/secure.gravatar.com\\\/avatar\\\/6d35abdd02bf81c00116cfc2c803f9761f71cf169c7cf01f78069ed88949ee4b?s=96&d=mm&r=g\",\"url\":\"https:\\\/\\\/secure.gravatar.com\\\/avatar\\\/6d35abdd02bf81c00116cfc2c803f9761f71cf169c7cf01f78069ed88949ee4b?s=96&d=mm&r=g\",\"contentUrl\":\"https:\\\/\\\/secure.gravatar.com\\\/avatar\\\/6d35abdd02bf81c00116cfc2c803f9761f71cf169c7cf01f78069ed88949ee4b?s=96&d=mm&r=g\",\"caption\":\"Nejc Mihelak\"},\"url\":\"https:\\\/\\\/novice.si\\\/page\\\/author\\\/urednik\\\/\"}]}<\/script>\n<!-- \/ Yoast SEO plugin. -->","yoast_head_json":{"title":"Znano, zakaj je v\u010deraj mo\u010dno po\u010dilo v Slov. Bistrici - Novice.si","robots":{"index":"index","follow":"follow","max-snippet":"max-snippet:-1","max-image-preview":"max-image-preview:large","max-video-preview":"max-video-preview:-1"},"canonical":"https:\/\/novice.si\/page\/znano-zakaj-je-vceraj-mocno-pocilo-v-slov-bistrici-2\/","og_locale":"sl_SI","og_type":"article","og_title":"Znano, zakaj je v\u010deraj mo\u010dno po\u010dilo v Slov. Bistrici - Novice.si","og_description":"Eksplozijo in mo\u010dan pok v\u010deraj v Slov. Bistrici je povzro\u010dila plinska jeklenka. Tako so sporo\u010dili mariborski kriminalisti, ki so \u0161e ugotovili, da je na deponiji odpadnega \u017eeleza v Slovenski Bistrici en izmed delavcev med obdelavo odpadkov z delovnim strojem \u2013 \u0161karjami, prerezal plinsko jeklenko, namenjeno za hrambo industrijskega plina etilen. To je povzro\u010dilo mo\u010dno eksplozijo. [&hellip;]","og_url":"https:\/\/novice.si\/page\/znano-zakaj-je-vceraj-mocno-pocilo-v-slov-bistrici-2\/","og_site_name":"Novice.si","article_published_time":"2016-02-12T15:55:57+00:00","article_modified_time":"2016-02-26T10:57:07+00:00","og_image":[{"width":768,"height":576,"url":"https:\/\/novice.si\/page\/wp-content\/uploads\/2016\/02\/ODPAD-1_resize.jpg","type":"image\/jpeg"}],"author":"Nejc Mihelak","twitter_card":"summary_large_image","twitter_misc":{"Written by":"Nejc Mihelak","Est. reading time":"1 minuta"},"schema":{"@context":"https:\/\/schema.org","@graph":[{"@type":"Article","@id":"https:\/\/novice.si\/page\/znano-zakaj-je-vceraj-mocno-pocilo-v-slov-bistrici-2\/#article","isPartOf":{"@id":"https:\/\/novice.si\/page\/znano-zakaj-je-vceraj-mocno-pocilo-v-slov-bistrici-2\/"},"author":{"name":"Nejc Mihelak","@id":"https:\/\/novice.si\/page\/#\/schema\/person\/a9348025ed4c2739f506ac4ff9e91967"},"headline":"Znano, zakaj je v\u010deraj mo\u010dno po\u010dilo v Slov. Bistrici","datePublished":"2016-02-12T15:55:57+00:00","dateModified":"2016-02-26T10:57:07+00:00","mainEntityOfPage":{"@id":"https:\/\/novice.si\/page\/znano-zakaj-je-vceraj-mocno-pocilo-v-slov-bistrici-2\/"},"wordCount":141,"commentCount":0,"publisher":{"@id":"https:\/\/novice.si\/page\/#organization"},"image":{"@id":"https:\/\/novice.si\/page\/znano-zakaj-je-vceraj-mocno-pocilo-v-slov-bistrici-2\/#primaryimage"},"thumbnailUrl":"https:\/\/novice.si\/page\/wp-content\/uploads\/2016\/02\/ODPAD-1_resize.jpg","articleSection":["Bistri\u0161ko","Kronika"],"inLanguage":"sl-SI","potentialAction":[{"@type":"CommentAction","name":"Comment","target":["https:\/\/novice.si\/page\/znano-zakaj-je-vceraj-mocno-pocilo-v-slov-bistrici-2\/#respond"]}]},{"@type":"WebPage","@id":"https:\/\/novice.si\/page\/znano-zakaj-je-vceraj-mocno-pocilo-v-slov-bistrici-2\/","url":"https:\/\/novice.si\/page\/znano-zakaj-je-vceraj-mocno-pocilo-v-slov-bistrici-2\/","name":"Znano, zakaj je v\u010deraj mo\u010dno po\u010dilo v Slov. Bistrici - Novice.si","isPartOf":{"@id":"https:\/\/novice.si\/page\/#website"},"primaryImageOfPage":{"@id":"https:\/\/novice.si\/page\/znano-zakaj-je-vceraj-mocno-pocilo-v-slov-bistrici-2\/#primaryimage"},"image":{"@id":"https:\/\/novice.si\/page\/znano-zakaj-je-vceraj-mocno-pocilo-v-slov-bistrici-2\/#primaryimage"},"thumbnailUrl":"https:\/\/novice.si\/page\/wp-content\/uploads\/2016\/02\/ODPAD-1_resize.jpg","datePublished":"2016-02-12T15:55:57+00:00","dateModified":"2016-02-26T10:57:07+00:00","breadcrumb":{"@id":"https:\/\/novice.si\/page\/znano-zakaj-je-vceraj-mocno-pocilo-v-slov-bistrici-2\/#breadcrumb"},"inLanguage":"sl-SI","potentialAction":[{"@type":"ReadAction","target":["https:\/\/novice.si\/page\/znano-zakaj-je-vceraj-mocno-pocilo-v-slov-bistrici-2\/"]}]},{"@type":"ImageObject","inLanguage":"sl-SI","@id":"https:\/\/novice.si\/page\/znano-zakaj-je-vceraj-mocno-pocilo-v-slov-bistrici-2\/#primaryimage","url":"https:\/\/novice.si\/page\/wp-content\/uploads\/2016\/02\/ODPAD-1_resize.jpg","contentUrl":"https:\/\/novice.si\/page\/wp-content\/uploads\/2016\/02\/ODPAD-1_resize.jpg","width":768,"height":576},{"@type":"BreadcrumbList","@id":"https:\/\/novice.si\/page\/znano-zakaj-je-vceraj-mocno-pocilo-v-slov-bistrici-2\/#breadcrumb","itemListElement":[{"@type":"ListItem","position":1,"name":"Home","item":"https:\/\/novice.si\/page\/"},{"@type":"ListItem","position":2,"name":"Znano, zakaj je v\u010deraj mo\u010dno po\u010dilo v Slov. Bistrici"}]},{"@type":"WebSite","@id":"https:\/\/novice.si\/page\/#website","url":"https:\/\/novice.si\/page\/","name":"Novice.si","description":"","publisher":{"@id":"https:\/\/novice.si\/page\/#organization"},"potentialAction":[{"@type":"SearchAction","target":{"@type":"EntryPoint","urlTemplate":"https:\/\/novice.si\/page\/?s={search_term_string}"},"query-input":{"@type":"PropertyValueSpecification","valueRequired":true,"valueName":"search_term_string"}}],"inLanguage":"sl-SI"},{"@type":"Organization","@id":"https:\/\/novice.si\/page\/#organization","name":"Novice.si","url":"https:\/\/novice.si\/page\/","logo":{"@type":"ImageObject","inLanguage":"sl-SI","@id":"https:\/\/novice.si\/page\/#\/schema\/logo\/image\/","url":"https:\/\/novice.si\/page\/wp-content\/uploads\/2023\/03\/novice_si.png","contentUrl":"https:\/\/novice.si\/page\/wp-content\/uploads\/2023\/03\/novice_si.png","width":576,"height":200,"caption":"Novice.si"},"image":{"@id":"https:\/\/novice.si\/page\/#\/schema\/logo\/image\/"}},{"@type":"Person","@id":"https:\/\/novice.si\/page\/#\/schema\/person\/a9348025ed4c2739f506ac4ff9e91967","name":"Nejc Mihelak","image":{"@type":"ImageObject","inLanguage":"sl-SI","@id":"https:\/\/secure.gravatar.com\/avatar\/6d35abdd02bf81c00116cfc2c803f9761f71cf169c7cf01f78069ed88949ee4b?s=96&d=mm&r=g","url":"https:\/\/secure.gravatar.com\/avatar\/6d35abdd02bf81c00116cfc2c803f9761f71cf169c7cf01f78069ed88949ee4b?s=96&d=mm&r=g","contentUrl":"https:\/\/secure.gravatar.com\/avatar\/6d35abdd02bf81c00116cfc2c803f9761f71cf169c7cf01f78069ed88949ee4b?s=96&d=mm&r=g","caption":"Nejc Mihelak"},"url":"https:\/\/novice.si\/page\/author\/urednik\/"}]}},"_links":{"self":[{"href":"https:\/\/novice.si\/page\/wp-json\/wp\/v2\/posts\/37213","targetHints":{"allow":["GET"]}}],"collection":[{"href":"https:\/\/novice.si\/page\/wp-json\/wp\/v2\/posts"}],"about":[{"href":"https:\/\/novice.si\/page\/wp-json\/wp\/v2\/types\/post"}],"author":[{"embeddable":true,"href":"https:\/\/novice.si\/page\/wp-json\/wp\/v2\/users\/48"}],"replies":[{"embeddable":true,"href":"https:\/\/novice.si\/page\/wp-json\/wp\/v2\/comments?post=37213"}],"version-history":[{"count":0,"href":"https:\/\/novice.si\/page\/wp-json\/wp\/v2\/posts\/37213\/revisions"}],"wp:featuredmedia":[{"embeddable":true,"href":"https:\/\/novice.si\/page\/wp-json\/wp\/v2\/media\/37214"}],"wp:attachment":[{"href":"https:\/\/novice.si\/page\/wp-json\/wp\/v2\/media?parent=37213"}],"wp:term":[{"taxonomy":"category","embeddable":true,"href":"https:\/\/novice.si\/page\/wp-json\/wp\/v2\/categories?post=37213"},{"taxonomy":"post_tag","embeddable":true,"href":"https:\/\/novice.si\/page\/wp-json\/wp\/v2\/tags?post=37213"}],"curies":[{"name":"wp","href":"https:\/\/api.w.org\/{rel}","templated":true}]}}