{"id":205288,"date":"2026-08-30T08:00:00","date_gmt":"2026-08-30T06:00:00","guid":{"rendered":"https:\/\/novice.si\/page\/?p=205288"},"modified":"2026-08-31T08:56:34","modified_gmt":"2026-08-31T06:56:34","slug":"celje-kolesce-z-novimi-postajami","status":"publish","type":"post","link":"https:\/\/novice.si\/page\/celje-kolesce-z-novimi-postajami\/","title":{"rendered":"Celje: KolesCE z novimi postajami"},"content":{"rendered":"<figure id=\"attachment_205287\" aria-describedby=\"caption-attachment-205287\" style=\"width: 300px\" class=\"wp-caption alignleft\"><img decoding=\"async\" class=\"alignleft size-medium\" src=\"https:\/\/novice.si\/page\/wp-content\/uploads\/2026\/08\/cz-kolesce-nove-postaje-1-scaled.jpg\" alt=\"Celje: KolesCE z novimi postajami\" width=\"300\" \/><figcaption id=\"caption-attachment-205287\" class=\"wp-caption-text\">Sistem KolesCE bodo raz\u0161irili s sedmimi novimi postajami in 33 elektri\u010dnimi kolesi. Foto arhiv Celjan<\/figcaption><\/figure>\n<p>Trajnostna mobilnost. Septembra je predvidena postavitev sedmih novih postaj in nakup 33 novih elektri\u010dnih koles.<\/p>\n<p>Mestna ob\u010dina Celje bo to jesen nadaljevala \u0161iritev sistema izposoje javnih koles KolesCE. Septembra je predvidena postavitev sedmih novih postaj s skupno 66 stojali, sistem pa bodo okrepili tudi s 33 novimi elektri\u010dnimi kolesi.<\/p>\n<p>Vrednost investicije zna\u0161a pribli\u017eno 450 tiso\u010d evrov. Za \u0161iritev sistema je ob\u010dina marca pridobila 365.689,36 evra nepovratnih sredstev na javnem razpisu za sofinanciranje ukrepov trajnostne mobilnosti.<\/p>\n<p>Nove postaje bodo pri Splo\u0161ni bolni\u0161nici Celje, Tehnopolisu Celje, Poslovni coni Celje vzhod \u2013 ETRA, v \u0160marjeti pri Celju, pri kro\u017enem kri\u017ei\u0161\u010du na Ulici mesta Grevenbroich in \u0160kapinovi, v Babnem pri kri\u017ei\u0161\u010du z Ronkovo ulico ter v Spodnji Ko\u0161nici. (UC)<\/p>\n","protected":false},"excerpt":{"rendered":"<p>Trajnostna mobilnost. Septembra je predvidena postavitev sedmih novih postaj in nakup 33 novih elektri\u010dnih koles.<\/p>\n","protected":false},"author":66,"featured_media":205287,"comment_status":"closed","ping_status":"closed","sticky":false,"template":"","format":"standard","meta":{"footnotes":""},"categories":[14,17],"tags":[22,27099,26767,7390,27095,26884,27097,27098,27094,27096],"class_list":["post-205288","post","type-post","status-publish","format-standard","has-post-thumbnail","category-aktualno","category-celjsko","tag-celje","tag-elektricna","tag-javnih","tag-kolesce","tag-najemov","tag-novih","tag-novimi","tag-postaj","tag-sedem-novih-postaj","tag-sistema"],"yoast_head":"<!-- This site is optimized with the Yoast SEO plugin v28.3 - https:\/\/yoast.com\/product\/yoast-seo-wordpress\/ -->\n<title>Celje: KolesCE z novimi postajami - Novice.si<\/title>\n<meta name=\"robots\" content=\"index, follow, max-snippet:-1, max-image-preview:large, max-video-preview:-1\" \/>\n<link rel=\"canonical\" href=\"https:\/\/novice.si\/page\/celje-kolesce-z-novimi-postajami\/\" \/>\n<meta property=\"og:locale\" content=\"sl_SI\" \/>\n<meta property=\"og:type\" content=\"article\" \/>\n<meta property=\"og:title\" content=\"Celje: KolesCE z novimi postajami - Novice.si\" \/>\n<meta property=\"og:description\" content=\"Trajnostna mobilnost. Septembra je predvidena postavitev sedmih novih postaj in nakup 33 novih elektri\u010dnih koles.\" \/>\n<meta property=\"og:url\" content=\"https:\/\/novice.si\/page\/celje-kolesce-z-novimi-postajami\/\" \/>\n<meta property=\"og:site_name\" content=\"Novice.si\" \/>\n<meta property=\"article:published_time\" content=\"2026-08-30T06:00:00+00:00\" \/>\n<meta property=\"article:modified_time\" content=\"2026-08-31T06:56:34+00:00\" \/>\n<meta property=\"og:image\" content=\"https:\/\/novice.si\/page\/wp-content\/uploads\/2026\/08\/cz-kolesce-nove-postaje-1-scaled.jpg\" \/>\n\t<meta property=\"og:image:width\" content=\"1707\" \/>\n\t<meta property=\"og:image:height\" content=\"2560\" \/>\n\t<meta property=\"og:image:type\" content=\"image\/jpeg\" \/>\n<meta name=\"author\" content=\"Nejc Mihelak\" \/>\n<meta name=\"twitter:card\" content=\"summary_large_image\" \/>\n<meta name=\"twitter:label1\" content=\"Written by\" \/>\n\t<meta name=\"twitter:data1\" content=\"Nejc Mihelak\" \/>\n\t<meta name=\"twitter:label2\" content=\"Est. reading time\" \/>\n\t<meta name=\"twitter:data2\" content=\"2 minuti\" \/>\n<script type=\"application\/ld+json\" class=\"yoast-schema-graph\">{\"@context\":\"https:\\\/\\\/schema.org\",\"@graph\":[{\"@type\":\"Article\",\"@id\":\"https:\\\/\\\/novice.si\\\/page\\\/celje-kolesce-z-novimi-postajami\\\/#article\",\"isPartOf\":{\"@id\":\"https:\\\/\\\/novice.si\\\/page\\\/celje-kolesce-z-novimi-postajami\\\/\"},\"author\":{\"name\":\"Nejc Mihelak\",\"@id\":\"https:\\\/\\\/novice.si\\\/page\\\/#\\\/schema\\\/person\\\/6f6f0d9f503254576e57d49d2510f297\"},\"headline\":\"Celje: KolesCE z novimi postajami\",\"datePublished\":\"2026-08-30T06:00:00+00:00\",\"dateModified\":\"2026-08-31T06:56:34+00:00\",\"mainEntityOfPage\":{\"@id\":\"https:\\\/\\\/novice.si\\\/page\\\/celje-kolesce-z-novimi-postajami\\\/\"},\"wordCount\":151,\"publisher\":{\"@id\":\"https:\\\/\\\/novice.si\\\/page\\\/#organization\"},\"image\":{\"@id\":\"https:\\\/\\\/novice.si\\\/page\\\/celje-kolesce-z-novimi-postajami\\\/#primaryimage\"},\"thumbnailUrl\":\"https:\\\/\\\/novice.si\\\/page\\\/wp-content\\\/uploads\\\/2026\\\/08\\\/cz-kolesce-nove-postaje-1-scaled.jpg\",\"keywords\":[\"Celje\",\"elektri\u010dna\",\"javnih\",\"Kolesce\",\"najemov\",\"novih\",\"novimi\",\"postaj\",\"sedem novih postaj\",\"sistema\"],\"articleSection\":[\"Aktualno\",\"Celjsko\"],\"inLanguage\":\"sl-SI\"},{\"@type\":\"WebPage\",\"@id\":\"https:\\\/\\\/novice.si\\\/page\\\/celje-kolesce-z-novimi-postajami\\\/\",\"url\":\"https:\\\/\\\/novice.si\\\/page\\\/celje-kolesce-z-novimi-postajami\\\/\",\"name\":\"Celje: KolesCE z novimi postajami - Novice.si\",\"isPartOf\":{\"@id\":\"https:\\\/\\\/novice.si\\\/page\\\/#website\"},\"primaryImageOfPage\":{\"@id\":\"https:\\\/\\\/novice.si\\\/page\\\/celje-kolesce-z-novimi-postajami\\\/#primaryimage\"},\"image\":{\"@id\":\"https:\\\/\\\/novice.si\\\/page\\\/celje-kolesce-z-novimi-postajami\\\/#primaryimage\"},\"thumbnailUrl\":\"https:\\\/\\\/novice.si\\\/page\\\/wp-content\\\/uploads\\\/2026\\\/08\\\/cz-kolesce-nove-postaje-1-scaled.jpg\",\"datePublished\":\"2026-08-30T06:00:00+00:00\",\"dateModified\":\"2026-08-31T06:56:34+00:00\",\"breadcrumb\":{\"@id\":\"https:\\\/\\\/novice.si\\\/page\\\/celje-kolesce-z-novimi-postajami\\\/#breadcrumb\"},\"inLanguage\":\"sl-SI\",\"potentialAction\":[{\"@type\":\"ReadAction\",\"target\":[\"https:\\\/\\\/novice.si\\\/page\\\/celje-kolesce-z-novimi-postajami\\\/\"]}]},{\"@type\":\"ImageObject\",\"inLanguage\":\"sl-SI\",\"@id\":\"https:\\\/\\\/novice.si\\\/page\\\/celje-kolesce-z-novimi-postajami\\\/#primaryimage\",\"url\":\"https:\\\/\\\/novice.si\\\/page\\\/wp-content\\\/uploads\\\/2026\\\/08\\\/cz-kolesce-nove-postaje-1-scaled.jpg\",\"contentUrl\":\"https:\\\/\\\/novice.si\\\/page\\\/wp-content\\\/uploads\\\/2026\\\/08\\\/cz-kolesce-nove-postaje-1-scaled.jpg\",\"width\":1707,\"height\":2560},{\"@type\":\"BreadcrumbList\",\"@id\":\"https:\\\/\\\/novice.si\\\/page\\\/celje-kolesce-z-novimi-postajami\\\/#breadcrumb\",\"itemListElement\":[{\"@type\":\"ListItem\",\"position\":1,\"name\":\"Home\",\"item\":\"https:\\\/\\\/novice.si\\\/page\\\/\"},{\"@type\":\"ListItem\",\"position\":2,\"name\":\"Celje: KolesCE z novimi postajami\"}]},{\"@type\":\"WebSite\",\"@id\":\"https:\\\/\\\/novice.si\\\/page\\\/#website\",\"url\":\"https:\\\/\\\/novice.si\\\/page\\\/\",\"name\":\"Novice.si\",\"description\":\"\",\"publisher\":{\"@id\":\"https:\\\/\\\/novice.si\\\/page\\\/#organization\"},\"potentialAction\":[{\"@type\":\"SearchAction\",\"target\":{\"@type\":\"EntryPoint\",\"urlTemplate\":\"https:\\\/\\\/novice.si\\\/page\\\/?s={search_term_string}\"},\"query-input\":{\"@type\":\"PropertyValueSpecification\",\"valueRequired\":true,\"valueName\":\"search_term_string\"}}],\"inLanguage\":\"sl-SI\"},{\"@type\":\"Organization\",\"@id\":\"https:\\\/\\\/novice.si\\\/page\\\/#organization\",\"name\":\"Novice.si\",\"url\":\"https:\\\/\\\/novice.si\\\/page\\\/\",\"logo\":{\"@type\":\"ImageObject\",\"inLanguage\":\"sl-SI\",\"@id\":\"https:\\\/\\\/novice.si\\\/page\\\/#\\\/schema\\\/logo\\\/image\\\/\",\"url\":\"https:\\\/\\\/novice.si\\\/page\\\/wp-content\\\/uploads\\\/2023\\\/03\\\/novice_si.png\",\"contentUrl\":\"https:\\\/\\\/novice.si\\\/page\\\/wp-content\\\/uploads\\\/2023\\\/03\\\/novice_si.png\",\"width\":576,\"height\":200,\"caption\":\"Novice.si\"},\"image\":{\"@id\":\"https:\\\/\\\/novice.si\\\/page\\\/#\\\/schema\\\/logo\\\/image\\\/\"}},{\"@type\":\"Person\",\"@id\":\"https:\\\/\\\/novice.si\\\/page\\\/#\\\/schema\\\/person\\\/6f6f0d9f503254576e57d49d2510f297\",\"name\":\"Nejc Mihelak\",\"image\":{\"@type\":\"ImageObject\",\"inLanguage\":\"sl-SI\",\"@id\":\"https:\\\/\\\/secure.gravatar.com\\\/avatar\\\/3a1b2e77dcf9d0fce694839d6332bd3b16a996706b0af6a7b9d4121296256a39?s=96&d=mm&r=g\",\"url\":\"https:\\\/\\\/secure.gravatar.com\\\/avatar\\\/3a1b2e77dcf9d0fce694839d6332bd3b16a996706b0af6a7b9d4121296256a39?s=96&d=mm&r=g\",\"contentUrl\":\"https:\\\/\\\/secure.gravatar.com\\\/avatar\\\/3a1b2e77dcf9d0fce694839d6332bd3b16a996706b0af6a7b9d4121296256a39?s=96&d=mm&r=g\",\"caption\":\"Nejc Mihelak\"},\"url\":\"https:\\\/\\\/novice.si\\\/page\\\/author\\\/nejc-urednik2\\\/\"}]}<\/script>\n<!-- \/ Yoast SEO plugin. -->","yoast_head_json":{"title":"Celje: KolesCE z novimi postajami - Novice.si","robots":{"index":"index","follow":"follow","max-snippet":"max-snippet:-1","max-image-preview":"max-image-preview:large","max-video-preview":"max-video-preview:-1"},"canonical":"https:\/\/novice.si\/page\/celje-kolesce-z-novimi-postajami\/","og_locale":"sl_SI","og_type":"article","og_title":"Celje: KolesCE z novimi postajami - Novice.si","og_description":"Trajnostna mobilnost. Septembra je predvidena postavitev sedmih novih postaj in nakup 33 novih elektri\u010dnih koles.","og_url":"https:\/\/novice.si\/page\/celje-kolesce-z-novimi-postajami\/","og_site_name":"Novice.si","article_published_time":"2026-08-30T06:00:00+00:00","article_modified_time":"2026-08-31T06:56:34+00:00","og_image":[{"width":1707,"height":2560,"url":"https:\/\/novice.si\/page\/wp-content\/uploads\/2026\/08\/cz-kolesce-nove-postaje-1-scaled.jpg","type":"image\/jpeg"}],"author":"Nejc Mihelak","twitter_card":"summary_large_image","twitter_misc":{"Written by":"Nejc Mihelak","Est. reading time":"2 minuti"},"schema":{"@context":"https:\/\/schema.org","@graph":[{"@type":"Article","@id":"https:\/\/novice.si\/page\/celje-kolesce-z-novimi-postajami\/#article","isPartOf":{"@id":"https:\/\/novice.si\/page\/celje-kolesce-z-novimi-postajami\/"},"author":{"name":"Nejc Mihelak","@id":"https:\/\/novice.si\/page\/#\/schema\/person\/6f6f0d9f503254576e57d49d2510f297"},"headline":"Celje: KolesCE z novimi postajami","datePublished":"2026-08-30T06:00:00+00:00","dateModified":"2026-08-31T06:56:34+00:00","mainEntityOfPage":{"@id":"https:\/\/novice.si\/page\/celje-kolesce-z-novimi-postajami\/"},"wordCount":151,"publisher":{"@id":"https:\/\/novice.si\/page\/#organization"},"image":{"@id":"https:\/\/novice.si\/page\/celje-kolesce-z-novimi-postajami\/#primaryimage"},"thumbnailUrl":"https:\/\/novice.si\/page\/wp-content\/uploads\/2026\/08\/cz-kolesce-nove-postaje-1-scaled.jpg","keywords":["Celje","elektri\u010dna","javnih","Kolesce","najemov","novih","novimi","postaj","sedem novih postaj","sistema"],"articleSection":["Aktualno","Celjsko"],"inLanguage":"sl-SI"},{"@type":"WebPage","@id":"https:\/\/novice.si\/page\/celje-kolesce-z-novimi-postajami\/","url":"https:\/\/novice.si\/page\/celje-kolesce-z-novimi-postajami\/","name":"Celje: KolesCE z novimi postajami - Novice.si","isPartOf":{"@id":"https:\/\/novice.si\/page\/#website"},"primaryImageOfPage":{"@id":"https:\/\/novice.si\/page\/celje-kolesce-z-novimi-postajami\/#primaryimage"},"image":{"@id":"https:\/\/novice.si\/page\/celje-kolesce-z-novimi-postajami\/#primaryimage"},"thumbnailUrl":"https:\/\/novice.si\/page\/wp-content\/uploads\/2026\/08\/cz-kolesce-nove-postaje-1-scaled.jpg","datePublished":"2026-08-30T06:00:00+00:00","dateModified":"2026-08-31T06:56:34+00:00","breadcrumb":{"@id":"https:\/\/novice.si\/page\/celje-kolesce-z-novimi-postajami\/#breadcrumb"},"inLanguage":"sl-SI","potentialAction":[{"@type":"ReadAction","target":["https:\/\/novice.si\/page\/celje-kolesce-z-novimi-postajami\/"]}]},{"@type":"ImageObject","inLanguage":"sl-SI","@id":"https:\/\/novice.si\/page\/celje-kolesce-z-novimi-postajami\/#primaryimage","url":"https:\/\/novice.si\/page\/wp-content\/uploads\/2026\/08\/cz-kolesce-nove-postaje-1-scaled.jpg","contentUrl":"https:\/\/novice.si\/page\/wp-content\/uploads\/2026\/08\/cz-kolesce-nove-postaje-1-scaled.jpg","width":1707,"height":2560},{"@type":"BreadcrumbList","@id":"https:\/\/novice.si\/page\/celje-kolesce-z-novimi-postajami\/#breadcrumb","itemListElement":[{"@type":"ListItem","position":1,"name":"Home","item":"https:\/\/novice.si\/page\/"},{"@type":"ListItem","position":2,"name":"Celje: KolesCE z novimi postajami"}]},{"@type":"WebSite","@id":"https:\/\/novice.si\/page\/#website","url":"https:\/\/novice.si\/page\/","name":"Novice.si","description":"","publisher":{"@id":"https:\/\/novice.si\/page\/#organization"},"potentialAction":[{"@type":"SearchAction","target":{"@type":"EntryPoint","urlTemplate":"https:\/\/novice.si\/page\/?s={search_term_string}"},"query-input":{"@type":"PropertyValueSpecification","valueRequired":true,"valueName":"search_term_string"}}],"inLanguage":"sl-SI"},{"@type":"Organization","@id":"https:\/\/novice.si\/page\/#organization","name":"Novice.si","url":"https:\/\/novice.si\/page\/","logo":{"@type":"ImageObject","inLanguage":"sl-SI","@id":"https:\/\/novice.si\/page\/#\/schema\/logo\/image\/","url":"https:\/\/novice.si\/page\/wp-content\/uploads\/2023\/03\/novice_si.png","contentUrl":"https:\/\/novice.si\/page\/wp-content\/uploads\/2023\/03\/novice_si.png","width":576,"height":200,"caption":"Novice.si"},"image":{"@id":"https:\/\/novice.si\/page\/#\/schema\/logo\/image\/"}},{"@type":"Person","@id":"https:\/\/novice.si\/page\/#\/schema\/person\/6f6f0d9f503254576e57d49d2510f297","name":"Nejc Mihelak","image":{"@type":"ImageObject","inLanguage":"sl-SI","@id":"https:\/\/secure.gravatar.com\/avatar\/3a1b2e77dcf9d0fce694839d6332bd3b16a996706b0af6a7b9d4121296256a39?s=96&d=mm&r=g","url":"https:\/\/secure.gravatar.com\/avatar\/3a1b2e77dcf9d0fce694839d6332bd3b16a996706b0af6a7b9d4121296256a39?s=96&d=mm&r=g","contentUrl":"https:\/\/secure.gravatar.com\/avatar\/3a1b2e77dcf9d0fce694839d6332bd3b16a996706b0af6a7b9d4121296256a39?s=96&d=mm&r=g","caption":"Nejc Mihelak"},"url":"https:\/\/novice.si\/page\/author\/nejc-urednik2\/"}]}},"_links":{"self":[{"href":"https:\/\/novice.si\/page\/wp-json\/wp\/v2\/posts\/205288","targetHints":{"allow":["GET"]}}],"collection":[{"href":"https:\/\/novice.si\/page\/wp-json\/wp\/v2\/posts"}],"about":[{"href":"https:\/\/novice.si\/page\/wp-json\/wp\/v2\/types\/post"}],"author":[{"embeddable":true,"href":"https:\/\/novice.si\/page\/wp-json\/wp\/v2\/users\/66"}],"replies":[{"embeddable":true,"href":"https:\/\/novice.si\/page\/wp-json\/wp\/v2\/comments?post=205288"}],"version-history":[{"count":3,"href":"https:\/\/novice.si\/page\/wp-json\/wp\/v2\/posts\/205288\/revisions"}],"predecessor-version":[{"id":205313,"href":"https:\/\/novice.si\/page\/wp-json\/wp\/v2\/posts\/205288\/revisions\/205313"}],"wp:featuredmedia":[{"embeddable":true,"href":"https:\/\/novice.si\/page\/wp-json\/wp\/v2\/media\/205287"}],"wp:attachment":[{"href":"https:\/\/novice.si\/page\/wp-json\/wp\/v2\/media?parent=205288"}],"wp:term":[{"taxonomy":"category","embeddable":true,"href":"https:\/\/novice.si\/page\/wp-json\/wp\/v2\/categories?post=205288"},{"taxonomy":"post_tag","embeddable":true,"href":"https:\/\/novice.si\/page\/wp-json\/wp\/v2\/tags?post=205288"}],"curies":[{"name":"wp","href":"https:\/\/api.w.org\/{rel}","templated":true}]}}