{"id":205258,"date":"2026-08-29T23:25:13","date_gmt":"2026-08-29T21:25:13","guid":{"rendered":"https:\/\/novice.si\/page\/?p=205258"},"modified":"2026-08-30T13:28:47","modified_gmt":"2026-08-30T11:28:47","slug":"zacetek-rokometne-sezone-v-celju-in-ze-prva-drama","status":"publish","type":"post","link":"https:\/\/novice.si\/page\/zacetek-rokometne-sezone-v-celju-in-ze-prva-drama\/","title":{"rendered":"Za\u010detek rokometne sezone v Celju in \u017ee prva drama"},"content":{"rendered":"<p><img loading=\"lazy\" decoding=\"async\" class=\"alignnone size-medium wp-image-199205\" src=\"https:\/\/novice.si\/page\/wp-content\/uploads\/2026\/03\/rokomet-600x400.jpg\" alt=\"\" width=\"600\" height=\"400\" srcset=\"https:\/\/novice.si\/page\/wp-content\/uploads\/2026\/03\/rokomet-600x400.jpg 600w, https:\/\/novice.si\/page\/wp-content\/uploads\/2026\/03\/rokomet-1024x682.jpg 1024w, https:\/\/novice.si\/page\/wp-content\/uploads\/2026\/03\/rokomet-768x512.jpg 768w, https:\/\/novice.si\/page\/wp-content\/uploads\/2026\/03\/rokomet-630x420.jpg 630w, https:\/\/novice.si\/page\/wp-content\/uploads\/2026\/03\/rokomet-696x464.jpg 696w, https:\/\/novice.si\/page\/wp-content\/uploads\/2026\/03\/rokomet-1068x712.jpg 1068w, https:\/\/novice.si\/page\/wp-content\/uploads\/2026\/03\/rokomet-24x16.jpg 24w, https:\/\/novice.si\/page\/wp-content\/uploads\/2026\/03\/rokomet-36x24.jpg 36w, https:\/\/novice.si\/page\/wp-content\/uploads\/2026\/03\/rokomet-48x32.jpg 48w, https:\/\/novice.si\/page\/wp-content\/uploads\/2026\/03\/rokomet.jpg 1280w\" sizes=\"auto, (max-width: 600px) 100vw, 600px\" \/><br \/>\nNova rokometna sezona na slovenskih igri\u0161\u010dih se je za\u010dela v Celju. V dvorani Zlatorog sta bili tekmi za superpokalni lovoriki. Najprej so se pomerile rokometa\u0161ice ljubljanskega Krima in Mlinotesta iz Ajdov\u0161\u010dine, nato je sledil \u0161e obra\u010dun rokometa\u0161ev Celja Pivovarne La\u0161ko in Trima iz Trebnjega. Krimovke so zmagale s 45:28, bolj tesno pa je bilo na mo\u0161kem obra\u010dunu. Po streljanju 7-metrovk so z 32:34 slavili Trebanjci, redni del se je kon\u010dal izidom 30:30. Pivovarji tako ostajajo pri osmih superpokalnih lovorikah. (JM)<\/p>\n","protected":false},"excerpt":{"rendered":"<p>Nova rokometna sezona na slovenskih igri\u0161\u010dih se je za\u010dela v Celju. V dvorani Zlatorog sta bili tekmi za superpokalni lovoriki. Najprej so se pomerile rokometa\u0161ice ljubljanskega Krima in Mlinotesta iz Ajdov\u0161\u010dine, nato je sledil \u0161e obra\u010dun rokometa\u0161ev Celja Pivovarne La\u0161ko in Trima iz Trebnjega. Krimovke so zmagale s 45:28, bolj tesno pa je bilo na [&hellip;]<\/p>\n","protected":false},"author":7,"featured_media":199205,"comment_status":"closed","ping_status":"closed","sticky":false,"template":"","format":"standard","meta":{"footnotes":""},"categories":[14,17,68],"tags":[5009,5533],"class_list":["post-205258","post","type-post","status-publish","format-standard","has-post-thumbnail","category-aktualno","category-celjsko","category-sport","tag-rk-celje-pivovarna-lasko","tag-superpokal"],"yoast_head":"<!-- This site is optimized with the Yoast SEO plugin v28.3 - https:\/\/yoast.com\/product\/yoast-seo-wordpress\/ -->\n<title>Za\u010detek rokometne sezone v Celju in \u017ee prva drama - Novice.si<\/title>\n<meta name=\"robots\" content=\"index, follow, max-snippet:-1, max-image-preview:large, max-video-preview:-1\" \/>\n<link rel=\"canonical\" href=\"https:\/\/novice.si\/page\/zacetek-rokometne-sezone-v-celju-in-ze-prva-drama\/\" \/>\n<meta property=\"og:locale\" content=\"sl_SI\" \/>\n<meta property=\"og:type\" content=\"article\" \/>\n<meta property=\"og:title\" content=\"Za\u010detek rokometne sezone v Celju in \u017ee prva drama - Novice.si\" \/>\n<meta property=\"og:description\" content=\"Nova rokometna sezona na slovenskih igri\u0161\u010dih se je za\u010dela v Celju. V dvorani Zlatorog sta bili tekmi za superpokalni lovoriki. Najprej so se pomerile rokometa\u0161ice ljubljanskega Krima in Mlinotesta iz Ajdov\u0161\u010dine, nato je sledil \u0161e obra\u010dun rokometa\u0161ev Celja Pivovarne La\u0161ko in Trima iz Trebnjega. Krimovke so zmagale s 45:28, bolj tesno pa je bilo na [&hellip;]\" \/>\n<meta property=\"og:url\" content=\"https:\/\/novice.si\/page\/zacetek-rokometne-sezone-v-celju-in-ze-prva-drama\/\" \/>\n<meta property=\"og:site_name\" content=\"Novice.si\" \/>\n<meta property=\"article:published_time\" content=\"2026-08-29T21:25:13+00:00\" \/>\n<meta property=\"article:modified_time\" content=\"2026-08-30T11:28:47+00:00\" \/>\n<meta property=\"og:image\" content=\"https:\/\/novice.si\/page\/wp-content\/uploads\/2026\/03\/rokomet.jpg\" \/>\n\t<meta property=\"og:image:width\" content=\"1280\" \/>\n\t<meta property=\"og:image:height\" content=\"853\" \/>\n\t<meta property=\"og:image:type\" content=\"image\/jpeg\" \/>\n<meta name=\"author\" content=\"Uredni\u0161tvo Novic\" \/>\n<meta name=\"twitter:card\" content=\"summary_large_image\" \/>\n<meta name=\"twitter:label1\" content=\"Written by\" \/>\n\t<meta name=\"twitter:data1\" content=\"Uredni\u0161tvo Novic\" \/>\n\t<meta name=\"twitter:label2\" content=\"Est. reading time\" \/>\n\t<meta name=\"twitter:data2\" content=\"1 minuta\" \/>\n<script type=\"application\/ld+json\" class=\"yoast-schema-graph\">{\"@context\":\"https:\\\/\\\/schema.org\",\"@graph\":[{\"@type\":\"Article\",\"@id\":\"https:\\\/\\\/novice.si\\\/page\\\/zacetek-rokometne-sezone-v-celju-in-ze-prva-drama\\\/#article\",\"isPartOf\":{\"@id\":\"https:\\\/\\\/novice.si\\\/page\\\/zacetek-rokometne-sezone-v-celju-in-ze-prva-drama\\\/\"},\"author\":{\"name\":\"Uredni\u0161tvo Novic\",\"@id\":\"https:\\\/\\\/novice.si\\\/page\\\/#\\\/schema\\\/person\\\/a877dbb8680d441357ce27663beb35ca\"},\"headline\":\"Za\u010detek rokometne sezone v Celju in \u017ee prva drama\",\"datePublished\":\"2026-08-29T21:25:13+00:00\",\"dateModified\":\"2026-08-30T11:28:47+00:00\",\"mainEntityOfPage\":{\"@id\":\"https:\\\/\\\/novice.si\\\/page\\\/zacetek-rokometne-sezone-v-celju-in-ze-prva-drama\\\/\"},\"wordCount\":97,\"publisher\":{\"@id\":\"https:\\\/\\\/novice.si\\\/page\\\/#organization\"},\"image\":{\"@id\":\"https:\\\/\\\/novice.si\\\/page\\\/zacetek-rokometne-sezone-v-celju-in-ze-prva-drama\\\/#primaryimage\"},\"thumbnailUrl\":\"https:\\\/\\\/novice.si\\\/page\\\/wp-content\\\/uploads\\\/2026\\\/03\\\/rokomet.jpg\",\"keywords\":[\"RK Celje Pivovarna La\u0161ko\",\"superpokal\"],\"articleSection\":[\"Aktualno\",\"Celjsko\",\"\u0160port\"],\"inLanguage\":\"sl-SI\"},{\"@type\":\"WebPage\",\"@id\":\"https:\\\/\\\/novice.si\\\/page\\\/zacetek-rokometne-sezone-v-celju-in-ze-prva-drama\\\/\",\"url\":\"https:\\\/\\\/novice.si\\\/page\\\/zacetek-rokometne-sezone-v-celju-in-ze-prva-drama\\\/\",\"name\":\"Za\u010detek rokometne sezone v Celju in \u017ee prva drama - Novice.si\",\"isPartOf\":{\"@id\":\"https:\\\/\\\/novice.si\\\/page\\\/#website\"},\"primaryImageOfPage\":{\"@id\":\"https:\\\/\\\/novice.si\\\/page\\\/zacetek-rokometne-sezone-v-celju-in-ze-prva-drama\\\/#primaryimage\"},\"image\":{\"@id\":\"https:\\\/\\\/novice.si\\\/page\\\/zacetek-rokometne-sezone-v-celju-in-ze-prva-drama\\\/#primaryimage\"},\"thumbnailUrl\":\"https:\\\/\\\/novice.si\\\/page\\\/wp-content\\\/uploads\\\/2026\\\/03\\\/rokomet.jpg\",\"datePublished\":\"2026-08-29T21:25:13+00:00\",\"dateModified\":\"2026-08-30T11:28:47+00:00\",\"breadcrumb\":{\"@id\":\"https:\\\/\\\/novice.si\\\/page\\\/zacetek-rokometne-sezone-v-celju-in-ze-prva-drama\\\/#breadcrumb\"},\"inLanguage\":\"sl-SI\",\"potentialAction\":[{\"@type\":\"ReadAction\",\"target\":[\"https:\\\/\\\/novice.si\\\/page\\\/zacetek-rokometne-sezone-v-celju-in-ze-prva-drama\\\/\"]}]},{\"@type\":\"ImageObject\",\"inLanguage\":\"sl-SI\",\"@id\":\"https:\\\/\\\/novice.si\\\/page\\\/zacetek-rokometne-sezone-v-celju-in-ze-prva-drama\\\/#primaryimage\",\"url\":\"https:\\\/\\\/novice.si\\\/page\\\/wp-content\\\/uploads\\\/2026\\\/03\\\/rokomet.jpg\",\"contentUrl\":\"https:\\\/\\\/novice.si\\\/page\\\/wp-content\\\/uploads\\\/2026\\\/03\\\/rokomet.jpg\",\"width\":1280,\"height\":853},{\"@type\":\"BreadcrumbList\",\"@id\":\"https:\\\/\\\/novice.si\\\/page\\\/zacetek-rokometne-sezone-v-celju-in-ze-prva-drama\\\/#breadcrumb\",\"itemListElement\":[{\"@type\":\"ListItem\",\"position\":1,\"name\":\"Home\",\"item\":\"https:\\\/\\\/novice.si\\\/page\\\/\"},{\"@type\":\"ListItem\",\"position\":2,\"name\":\"Za\u010detek rokometne sezone v Celju in \u017ee prva drama\"}]},{\"@type\":\"WebSite\",\"@id\":\"https:\\\/\\\/novice.si\\\/page\\\/#website\",\"url\":\"https:\\\/\\\/novice.si\\\/page\\\/\",\"name\":\"Novice.si\",\"description\":\"\",\"publisher\":{\"@id\":\"https:\\\/\\\/novice.si\\\/page\\\/#organization\"},\"potentialAction\":[{\"@type\":\"SearchAction\",\"target\":{\"@type\":\"EntryPoint\",\"urlTemplate\":\"https:\\\/\\\/novice.si\\\/page\\\/?s={search_term_string}\"},\"query-input\":{\"@type\":\"PropertyValueSpecification\",\"valueRequired\":true,\"valueName\":\"search_term_string\"}}],\"inLanguage\":\"sl-SI\"},{\"@type\":\"Organization\",\"@id\":\"https:\\\/\\\/novice.si\\\/page\\\/#organization\",\"name\":\"Novice.si\",\"url\":\"https:\\\/\\\/novice.si\\\/page\\\/\",\"logo\":{\"@type\":\"ImageObject\",\"inLanguage\":\"sl-SI\",\"@id\":\"https:\\\/\\\/novice.si\\\/page\\\/#\\\/schema\\\/logo\\\/image\\\/\",\"url\":\"https:\\\/\\\/novice.si\\\/page\\\/wp-content\\\/uploads\\\/2023\\\/03\\\/novice_si.png\",\"contentUrl\":\"https:\\\/\\\/novice.si\\\/page\\\/wp-content\\\/uploads\\\/2023\\\/03\\\/novice_si.png\",\"width\":576,\"height\":200,\"caption\":\"Novice.si\"},\"image\":{\"@id\":\"https:\\\/\\\/novice.si\\\/page\\\/#\\\/schema\\\/logo\\\/image\\\/\"}},{\"@type\":\"Person\",\"@id\":\"https:\\\/\\\/novice.si\\\/page\\\/#\\\/schema\\\/person\\\/a877dbb8680d441357ce27663beb35ca\",\"name\":\"Uredni\u0161tvo Novic\",\"image\":{\"@type\":\"ImageObject\",\"inLanguage\":\"sl-SI\",\"@id\":\"https:\\\/\\\/secure.gravatar.com\\\/avatar\\\/f19c0ae874706cc9ba19d2f6da5f74a5a5ee7674f283fed29ce0ad16a9f1893e?s=96&d=mm&r=g\",\"url\":\"https:\\\/\\\/secure.gravatar.com\\\/avatar\\\/f19c0ae874706cc9ba19d2f6da5f74a5a5ee7674f283fed29ce0ad16a9f1893e?s=96&d=mm&r=g\",\"contentUrl\":\"https:\\\/\\\/secure.gravatar.com\\\/avatar\\\/f19c0ae874706cc9ba19d2f6da5f74a5a5ee7674f283fed29ce0ad16a9f1893e?s=96&d=mm&r=g\",\"caption\":\"Uredni\u0161tvo Novic\"},\"url\":\"https:\\\/\\\/novice.si\\\/page\\\/author\\\/jure\\\/\"}]}<\/script>\n<!-- \/ Yoast SEO plugin. -->","yoast_head_json":{"title":"Za\u010detek rokometne sezone v Celju in \u017ee prva drama - Novice.si","robots":{"index":"index","follow":"follow","max-snippet":"max-snippet:-1","max-image-preview":"max-image-preview:large","max-video-preview":"max-video-preview:-1"},"canonical":"https:\/\/novice.si\/page\/zacetek-rokometne-sezone-v-celju-in-ze-prva-drama\/","og_locale":"sl_SI","og_type":"article","og_title":"Za\u010detek rokometne sezone v Celju in \u017ee prva drama - Novice.si","og_description":"Nova rokometna sezona na slovenskih igri\u0161\u010dih se je za\u010dela v Celju. V dvorani Zlatorog sta bili tekmi za superpokalni lovoriki. Najprej so se pomerile rokometa\u0161ice ljubljanskega Krima in Mlinotesta iz Ajdov\u0161\u010dine, nato je sledil \u0161e obra\u010dun rokometa\u0161ev Celja Pivovarne La\u0161ko in Trima iz Trebnjega. Krimovke so zmagale s 45:28, bolj tesno pa je bilo na [&hellip;]","og_url":"https:\/\/novice.si\/page\/zacetek-rokometne-sezone-v-celju-in-ze-prva-drama\/","og_site_name":"Novice.si","article_published_time":"2026-08-29T21:25:13+00:00","article_modified_time":"2026-08-30T11:28:47+00:00","og_image":[{"width":1280,"height":853,"url":"https:\/\/novice.si\/page\/wp-content\/uploads\/2026\/03\/rokomet.jpg","type":"image\/jpeg"}],"author":"Uredni\u0161tvo Novic","twitter_card":"summary_large_image","twitter_misc":{"Written by":"Uredni\u0161tvo Novic","Est. reading time":"1 minuta"},"schema":{"@context":"https:\/\/schema.org","@graph":[{"@type":"Article","@id":"https:\/\/novice.si\/page\/zacetek-rokometne-sezone-v-celju-in-ze-prva-drama\/#article","isPartOf":{"@id":"https:\/\/novice.si\/page\/zacetek-rokometne-sezone-v-celju-in-ze-prva-drama\/"},"author":{"name":"Uredni\u0161tvo Novic","@id":"https:\/\/novice.si\/page\/#\/schema\/person\/a877dbb8680d441357ce27663beb35ca"},"headline":"Za\u010detek rokometne sezone v Celju in \u017ee prva drama","datePublished":"2026-08-29T21:25:13+00:00","dateModified":"2026-08-30T11:28:47+00:00","mainEntityOfPage":{"@id":"https:\/\/novice.si\/page\/zacetek-rokometne-sezone-v-celju-in-ze-prva-drama\/"},"wordCount":97,"publisher":{"@id":"https:\/\/novice.si\/page\/#organization"},"image":{"@id":"https:\/\/novice.si\/page\/zacetek-rokometne-sezone-v-celju-in-ze-prva-drama\/#primaryimage"},"thumbnailUrl":"https:\/\/novice.si\/page\/wp-content\/uploads\/2026\/03\/rokomet.jpg","keywords":["RK Celje Pivovarna La\u0161ko","superpokal"],"articleSection":["Aktualno","Celjsko","\u0160port"],"inLanguage":"sl-SI"},{"@type":"WebPage","@id":"https:\/\/novice.si\/page\/zacetek-rokometne-sezone-v-celju-in-ze-prva-drama\/","url":"https:\/\/novice.si\/page\/zacetek-rokometne-sezone-v-celju-in-ze-prva-drama\/","name":"Za\u010detek rokometne sezone v Celju in \u017ee prva drama - Novice.si","isPartOf":{"@id":"https:\/\/novice.si\/page\/#website"},"primaryImageOfPage":{"@id":"https:\/\/novice.si\/page\/zacetek-rokometne-sezone-v-celju-in-ze-prva-drama\/#primaryimage"},"image":{"@id":"https:\/\/novice.si\/page\/zacetek-rokometne-sezone-v-celju-in-ze-prva-drama\/#primaryimage"},"thumbnailUrl":"https:\/\/novice.si\/page\/wp-content\/uploads\/2026\/03\/rokomet.jpg","datePublished":"2026-08-29T21:25:13+00:00","dateModified":"2026-08-30T11:28:47+00:00","breadcrumb":{"@id":"https:\/\/novice.si\/page\/zacetek-rokometne-sezone-v-celju-in-ze-prva-drama\/#breadcrumb"},"inLanguage":"sl-SI","potentialAction":[{"@type":"ReadAction","target":["https:\/\/novice.si\/page\/zacetek-rokometne-sezone-v-celju-in-ze-prva-drama\/"]}]},{"@type":"ImageObject","inLanguage":"sl-SI","@id":"https:\/\/novice.si\/page\/zacetek-rokometne-sezone-v-celju-in-ze-prva-drama\/#primaryimage","url":"https:\/\/novice.si\/page\/wp-content\/uploads\/2026\/03\/rokomet.jpg","contentUrl":"https:\/\/novice.si\/page\/wp-content\/uploads\/2026\/03\/rokomet.jpg","width":1280,"height":853},{"@type":"BreadcrumbList","@id":"https:\/\/novice.si\/page\/zacetek-rokometne-sezone-v-celju-in-ze-prva-drama\/#breadcrumb","itemListElement":[{"@type":"ListItem","position":1,"name":"Home","item":"https:\/\/novice.si\/page\/"},{"@type":"ListItem","position":2,"name":"Za\u010detek rokometne sezone v Celju in \u017ee prva drama"}]},{"@type":"WebSite","@id":"https:\/\/novice.si\/page\/#website","url":"https:\/\/novice.si\/page\/","name":"Novice.si","description":"","publisher":{"@id":"https:\/\/novice.si\/page\/#organization"},"potentialAction":[{"@type":"SearchAction","target":{"@type":"EntryPoint","urlTemplate":"https:\/\/novice.si\/page\/?s={search_term_string}"},"query-input":{"@type":"PropertyValueSpecification","valueRequired":true,"valueName":"search_term_string"}}],"inLanguage":"sl-SI"},{"@type":"Organization","@id":"https:\/\/novice.si\/page\/#organization","name":"Novice.si","url":"https:\/\/novice.si\/page\/","logo":{"@type":"ImageObject","inLanguage":"sl-SI","@id":"https:\/\/novice.si\/page\/#\/schema\/logo\/image\/","url":"https:\/\/novice.si\/page\/wp-content\/uploads\/2023\/03\/novice_si.png","contentUrl":"https:\/\/novice.si\/page\/wp-content\/uploads\/2023\/03\/novice_si.png","width":576,"height":200,"caption":"Novice.si"},"image":{"@id":"https:\/\/novice.si\/page\/#\/schema\/logo\/image\/"}},{"@type":"Person","@id":"https:\/\/novice.si\/page\/#\/schema\/person\/a877dbb8680d441357ce27663beb35ca","name":"Uredni\u0161tvo Novic","image":{"@type":"ImageObject","inLanguage":"sl-SI","@id":"https:\/\/secure.gravatar.com\/avatar\/f19c0ae874706cc9ba19d2f6da5f74a5a5ee7674f283fed29ce0ad16a9f1893e?s=96&d=mm&r=g","url":"https:\/\/secure.gravatar.com\/avatar\/f19c0ae874706cc9ba19d2f6da5f74a5a5ee7674f283fed29ce0ad16a9f1893e?s=96&d=mm&r=g","contentUrl":"https:\/\/secure.gravatar.com\/avatar\/f19c0ae874706cc9ba19d2f6da5f74a5a5ee7674f283fed29ce0ad16a9f1893e?s=96&d=mm&r=g","caption":"Uredni\u0161tvo Novic"},"url":"https:\/\/novice.si\/page\/author\/jure\/"}]}},"_links":{"self":[{"href":"https:\/\/novice.si\/page\/wp-json\/wp\/v2\/posts\/205258","targetHints":{"allow":["GET"]}}],"collection":[{"href":"https:\/\/novice.si\/page\/wp-json\/wp\/v2\/posts"}],"about":[{"href":"https:\/\/novice.si\/page\/wp-json\/wp\/v2\/types\/post"}],"author":[{"embeddable":true,"href":"https:\/\/novice.si\/page\/wp-json\/wp\/v2\/users\/7"}],"replies":[{"embeddable":true,"href":"https:\/\/novice.si\/page\/wp-json\/wp\/v2\/comments?post=205258"}],"version-history":[{"count":1,"href":"https:\/\/novice.si\/page\/wp-json\/wp\/v2\/posts\/205258\/revisions"}],"predecessor-version":[{"id":205259,"href":"https:\/\/novice.si\/page\/wp-json\/wp\/v2\/posts\/205258\/revisions\/205259"}],"wp:featuredmedia":[{"embeddable":true,"href":"https:\/\/novice.si\/page\/wp-json\/wp\/v2\/media\/199205"}],"wp:attachment":[{"href":"https:\/\/novice.si\/page\/wp-json\/wp\/v2\/media?parent=205258"}],"wp:term":[{"taxonomy":"category","embeddable":true,"href":"https:\/\/novice.si\/page\/wp-json\/wp\/v2\/categories?post=205258"},{"taxonomy":"post_tag","embeddable":true,"href":"https:\/\/novice.si\/page\/wp-json\/wp\/v2\/tags?post=205258"}],"curies":[{"name":"wp","href":"https:\/\/api.w.org\/{rel}","templated":true}]}}