{"id":200951,"date":"2026-04-30T11:44:47","date_gmt":"2026-04-30T09:44:47","guid":{"rendered":"https:\/\/novice.si\/page\/?p=200951"},"modified":"2026-04-30T09:51:16","modified_gmt":"2026-04-30T07:51:16","slug":"od-maja-visje-cene-programov-vrtca-slovenske-konjice","status":"publish","type":"post","link":"https:\/\/novice.si\/page\/od-maja-visje-cene-programov-vrtca-slovenske-konjice\/","title":{"rendered":"Od maja vi\u0161je cene programov Vrtca Slovenske Konjice"},"content":{"rendered":"<p><img loading=\"lazy\" decoding=\"async\" class=\"alignnone size-medium wp-image-161950\" src=\"https:\/\/novice.si\/page\/wp-content\/uploads\/2023\/04\/vrtec-konjice-2023_resize-600x450.jpg\" alt=\"\" width=\"600\" height=\"450\" srcset=\"https:\/\/novice.si\/page\/wp-content\/uploads\/2023\/04\/vrtec-konjice-2023_resize-600x450.jpg 600w, https:\/\/novice.si\/page\/wp-content\/uploads\/2023\/04\/vrtec-konjice-2023_resize-768x576.jpg 768w, https:\/\/novice.si\/page\/wp-content\/uploads\/2023\/04\/vrtec-konjice-2023_resize-80x60.jpg 80w, https:\/\/novice.si\/page\/wp-content\/uploads\/2023\/04\/vrtec-konjice-2023_resize-265x198.jpg 265w, https:\/\/novice.si\/page\/wp-content\/uploads\/2023\/04\/vrtec-konjice-2023_resize-696x522.jpg 696w, https:\/\/novice.si\/page\/wp-content\/uploads\/2023\/04\/vrtec-konjice-2023_resize-560x420.jpg 560w, https:\/\/novice.si\/page\/wp-content\/uploads\/2023\/04\/vrtec-konjice-2023_resize-24x18.jpg 24w, https:\/\/novice.si\/page\/wp-content\/uploads\/2023\/04\/vrtec-konjice-2023_resize-36x27.jpg 36w, https:\/\/novice.si\/page\/wp-content\/uploads\/2023\/04\/vrtec-konjice-2023_resize-48x36.jpg 48w, https:\/\/novice.si\/page\/wp-content\/uploads\/2023\/04\/vrtec-konjice-2023_resize.jpg 800w\" sizes=\"auto, (max-width: 600px) 100vw, 600px\" \/><br \/>\nS 1. majem bodo za\u010dele veljati nove cene programov Vrtca Slovenske Konjice. Te bodo za dobrih 10 odstotkov vi\u0161je od sedanjih, potrdili pa so jih na seji ob\u010dinskega sveta. Sprejeli so tudi, da bodo z leto\u0161njim decembrom cene dvignili \u0161e za slaba 2 odstotka. Do nove podra\u017eitve je torej pri\u0161lo natanko eno leto po zadnji spremembi cen. Tudi tokrat je glavni razlog zvi\u0161anje stro\u0161kov dela.<br \/>\nZaradi majskega dviga cen bo ve\u010dina star\u0161ev \u2013 ti so razporejeni od \u010detrtega do sedmega pla\u010dilnega razreda \u2013 prejemala od 16 do 38 evrov vi\u0161je polo\u017enice. Decembra bo temu treba dodati \u0161e od 3 do 7 evrov oziroma 10 evrov za tiste v najvi\u0161jem (devetem) pla\u010dilnem razredu, ki se jim maja cena dviguje za 55 evrov (za otroka v prvem starostnem obdobju). <em>Kje bodo star\u0161em vendarle \u0161li naproti, lahko preverite v novi \u0161tevilki lokalnega \u010dasopisa NOVICE.<\/em> (Jure Mernik)<\/p>\n","protected":false},"excerpt":{"rendered":"<p>S 1. majem bodo za\u010dele veljati nove cene programov Vrtca Slovenske Konjice. Te bodo za dobrih 10 odstotkov vi\u0161je od sedanjih, potrdili pa so jih na seji ob\u010dinskega sveta. Sprejeli so tudi, da bodo z leto\u0161njim decembrom cene dvignili \u0161e za slaba 2 odstotka. Do nove podra\u017eitve je torej pri\u0161lo natanko eno leto po zadnji [&hellip;]<\/p>\n","protected":false},"author":7,"featured_media":161950,"comment_status":"closed","ping_status":"closed","sticky":false,"template":"","format":"standard","meta":{"footnotes":""},"categories":[14,16],"tags":[3272],"class_list":{"0":"post-200951","1":"post","2":"type-post","3":"status-publish","4":"format-standard","5":"has-post-thumbnail","7":"category-aktualno","8":"category-konjisko","9":"tag-vrtec-slovenske-konjice"},"yoast_head":"<!-- This site is optimized with the Yoast SEO plugin v27.4 - https:\/\/yoast.com\/product\/yoast-seo-wordpress\/ -->\n<title>Od maja vi\u0161je cene programov Vrtca Slovenske Konjice - Novice.si<\/title>\n<meta name=\"robots\" content=\"index, follow, max-snippet:-1, max-image-preview:large, max-video-preview:-1\" \/>\n<link rel=\"canonical\" href=\"https:\/\/novice.si\/page\/od-maja-visje-cene-programov-vrtca-slovenske-konjice\/\" \/>\n<meta property=\"og:locale\" content=\"sl_SI\" \/>\n<meta property=\"og:type\" content=\"article\" \/>\n<meta property=\"og:title\" content=\"Od maja vi\u0161je cene programov Vrtca Slovenske Konjice - Novice.si\" \/>\n<meta property=\"og:description\" content=\"S 1. majem bodo za\u010dele veljati nove cene programov Vrtca Slovenske Konjice. Te bodo za dobrih 10 odstotkov vi\u0161je od sedanjih, potrdili pa so jih na seji ob\u010dinskega sveta. Sprejeli so tudi, da bodo z leto\u0161njim decembrom cene dvignili \u0161e za slaba 2 odstotka. Do nove podra\u017eitve je torej pri\u0161lo natanko eno leto po zadnji [&hellip;]\" \/>\n<meta property=\"og:url\" content=\"https:\/\/novice.si\/page\/od-maja-visje-cene-programov-vrtca-slovenske-konjice\/\" \/>\n<meta property=\"og:site_name\" content=\"Novice.si\" \/>\n<meta property=\"article:published_time\" content=\"2026-04-30T09:44:47+00:00\" \/>\n<meta property=\"og:image\" content=\"https:\/\/novice.si\/page\/wp-content\/uploads\/2023\/04\/vrtec-konjice-2023_resize.jpg\" \/>\n\t<meta property=\"og:image:width\" content=\"800\" \/>\n\t<meta property=\"og:image:height\" content=\"600\" \/>\n\t<meta property=\"og:image:type\" content=\"image\/jpeg\" \/>\n<meta name=\"author\" content=\"Uredni\u0161tvo Novic\" \/>\n<meta name=\"twitter:card\" content=\"summary_large_image\" \/>\n<meta name=\"twitter:label1\" content=\"Written by\" \/>\n\t<meta name=\"twitter:data1\" content=\"Uredni\u0161tvo Novic\" \/>\n\t<meta name=\"twitter:label2\" content=\"Est. reading time\" \/>\n\t<meta name=\"twitter:data2\" content=\"2 minuti\" \/>\n<script type=\"application\/ld+json\" class=\"yoast-schema-graph\">{\"@context\":\"https:\\\/\\\/schema.org\",\"@graph\":[{\"@type\":\"Article\",\"@id\":\"https:\\\/\\\/novice.si\\\/page\\\/od-maja-visje-cene-programov-vrtca-slovenske-konjice\\\/#article\",\"isPartOf\":{\"@id\":\"https:\\\/\\\/novice.si\\\/page\\\/od-maja-visje-cene-programov-vrtca-slovenske-konjice\\\/\"},\"author\":{\"name\":\"Uredni\u0161tvo Novic\",\"@id\":\"https:\\\/\\\/novice.si\\\/page\\\/#\\\/schema\\\/person\\\/a877dbb8680d441357ce27663beb35ca\"},\"headline\":\"Od maja vi\u0161je cene programov Vrtca Slovenske Konjice\",\"datePublished\":\"2026-04-30T09:44:47+00:00\",\"mainEntityOfPage\":{\"@id\":\"https:\\\/\\\/novice.si\\\/page\\\/od-maja-visje-cene-programov-vrtca-slovenske-konjice\\\/\"},\"wordCount\":157,\"publisher\":{\"@id\":\"https:\\\/\\\/novice.si\\\/page\\\/#organization\"},\"image\":{\"@id\":\"https:\\\/\\\/novice.si\\\/page\\\/od-maja-visje-cene-programov-vrtca-slovenske-konjice\\\/#primaryimage\"},\"thumbnailUrl\":\"https:\\\/\\\/novice.si\\\/page\\\/wp-content\\\/uploads\\\/2023\\\/04\\\/vrtec-konjice-2023_resize.jpg\",\"keywords\":[\"Vrtec Slovenske Konjice\"],\"articleSection\":[\"Aktualno\",\"Konji\u0161ko\"],\"inLanguage\":\"sl-SI\"},{\"@type\":\"WebPage\",\"@id\":\"https:\\\/\\\/novice.si\\\/page\\\/od-maja-visje-cene-programov-vrtca-slovenske-konjice\\\/\",\"url\":\"https:\\\/\\\/novice.si\\\/page\\\/od-maja-visje-cene-programov-vrtca-slovenske-konjice\\\/\",\"name\":\"Od maja vi\u0161je cene programov Vrtca Slovenske Konjice - Novice.si\",\"isPartOf\":{\"@id\":\"https:\\\/\\\/novice.si\\\/page\\\/#website\"},\"primaryImageOfPage\":{\"@id\":\"https:\\\/\\\/novice.si\\\/page\\\/od-maja-visje-cene-programov-vrtca-slovenske-konjice\\\/#primaryimage\"},\"image\":{\"@id\":\"https:\\\/\\\/novice.si\\\/page\\\/od-maja-visje-cene-programov-vrtca-slovenske-konjice\\\/#primaryimage\"},\"thumbnailUrl\":\"https:\\\/\\\/novice.si\\\/page\\\/wp-content\\\/uploads\\\/2023\\\/04\\\/vrtec-konjice-2023_resize.jpg\",\"datePublished\":\"2026-04-30T09:44:47+00:00\",\"breadcrumb\":{\"@id\":\"https:\\\/\\\/novice.si\\\/page\\\/od-maja-visje-cene-programov-vrtca-slovenske-konjice\\\/#breadcrumb\"},\"inLanguage\":\"sl-SI\",\"potentialAction\":[{\"@type\":\"ReadAction\",\"target\":[\"https:\\\/\\\/novice.si\\\/page\\\/od-maja-visje-cene-programov-vrtca-slovenske-konjice\\\/\"]}]},{\"@type\":\"ImageObject\",\"inLanguage\":\"sl-SI\",\"@id\":\"https:\\\/\\\/novice.si\\\/page\\\/od-maja-visje-cene-programov-vrtca-slovenske-konjice\\\/#primaryimage\",\"url\":\"https:\\\/\\\/novice.si\\\/page\\\/wp-content\\\/uploads\\\/2023\\\/04\\\/vrtec-konjice-2023_resize.jpg\",\"contentUrl\":\"https:\\\/\\\/novice.si\\\/page\\\/wp-content\\\/uploads\\\/2023\\\/04\\\/vrtec-konjice-2023_resize.jpg\",\"width\":800,\"height\":600},{\"@type\":\"BreadcrumbList\",\"@id\":\"https:\\\/\\\/novice.si\\\/page\\\/od-maja-visje-cene-programov-vrtca-slovenske-konjice\\\/#breadcrumb\",\"itemListElement\":[{\"@type\":\"ListItem\",\"position\":1,\"name\":\"Home\",\"item\":\"https:\\\/\\\/novice.si\\\/page\\\/\"},{\"@type\":\"ListItem\",\"position\":2,\"name\":\"Od maja vi\u0161je cene programov Vrtca Slovenske Konjice\"}]},{\"@type\":\"WebSite\",\"@id\":\"https:\\\/\\\/novice.si\\\/page\\\/#website\",\"url\":\"https:\\\/\\\/novice.si\\\/page\\\/\",\"name\":\"Novice.si\",\"description\":\"\",\"publisher\":{\"@id\":\"https:\\\/\\\/novice.si\\\/page\\\/#organization\"},\"potentialAction\":[{\"@type\":\"SearchAction\",\"target\":{\"@type\":\"EntryPoint\",\"urlTemplate\":\"https:\\\/\\\/novice.si\\\/page\\\/?s={search_term_string}\"},\"query-input\":{\"@type\":\"PropertyValueSpecification\",\"valueRequired\":true,\"valueName\":\"search_term_string\"}}],\"inLanguage\":\"sl-SI\"},{\"@type\":\"Organization\",\"@id\":\"https:\\\/\\\/novice.si\\\/page\\\/#organization\",\"name\":\"Novice.si\",\"url\":\"https:\\\/\\\/novice.si\\\/page\\\/\",\"logo\":{\"@type\":\"ImageObject\",\"inLanguage\":\"sl-SI\",\"@id\":\"https:\\\/\\\/novice.si\\\/page\\\/#\\\/schema\\\/logo\\\/image\\\/\",\"url\":\"https:\\\/\\\/novice.si\\\/page\\\/wp-content\\\/uploads\\\/2023\\\/03\\\/novice_si.png\",\"contentUrl\":\"https:\\\/\\\/novice.si\\\/page\\\/wp-content\\\/uploads\\\/2023\\\/03\\\/novice_si.png\",\"width\":576,\"height\":200,\"caption\":\"Novice.si\"},\"image\":{\"@id\":\"https:\\\/\\\/novice.si\\\/page\\\/#\\\/schema\\\/logo\\\/image\\\/\"}},{\"@type\":\"Person\",\"@id\":\"https:\\\/\\\/novice.si\\\/page\\\/#\\\/schema\\\/person\\\/a877dbb8680d441357ce27663beb35ca\",\"name\":\"Uredni\u0161tvo Novic\",\"image\":{\"@type\":\"ImageObject\",\"inLanguage\":\"sl-SI\",\"@id\":\"https:\\\/\\\/secure.gravatar.com\\\/avatar\\\/f19c0ae874706cc9ba19d2f6da5f74a5a5ee7674f283fed29ce0ad16a9f1893e?s=96&d=mm&r=g\",\"url\":\"https:\\\/\\\/secure.gravatar.com\\\/avatar\\\/f19c0ae874706cc9ba19d2f6da5f74a5a5ee7674f283fed29ce0ad16a9f1893e?s=96&d=mm&r=g\",\"contentUrl\":\"https:\\\/\\\/secure.gravatar.com\\\/avatar\\\/f19c0ae874706cc9ba19d2f6da5f74a5a5ee7674f283fed29ce0ad16a9f1893e?s=96&d=mm&r=g\",\"caption\":\"Uredni\u0161tvo Novic\"},\"url\":\"https:\\\/\\\/novice.si\\\/page\\\/author\\\/jure\\\/\"}]}<\/script>\n<!-- \/ Yoast SEO plugin. -->","yoast_head_json":{"title":"Od maja vi\u0161je cene programov Vrtca Slovenske Konjice - Novice.si","robots":{"index":"index","follow":"follow","max-snippet":"max-snippet:-1","max-image-preview":"max-image-preview:large","max-video-preview":"max-video-preview:-1"},"canonical":"https:\/\/novice.si\/page\/od-maja-visje-cene-programov-vrtca-slovenske-konjice\/","og_locale":"sl_SI","og_type":"article","og_title":"Od maja vi\u0161je cene programov Vrtca Slovenske Konjice - Novice.si","og_description":"S 1. majem bodo za\u010dele veljati nove cene programov Vrtca Slovenske Konjice. Te bodo za dobrih 10 odstotkov vi\u0161je od sedanjih, potrdili pa so jih na seji ob\u010dinskega sveta. Sprejeli so tudi, da bodo z leto\u0161njim decembrom cene dvignili \u0161e za slaba 2 odstotka. Do nove podra\u017eitve je torej pri\u0161lo natanko eno leto po zadnji [&hellip;]","og_url":"https:\/\/novice.si\/page\/od-maja-visje-cene-programov-vrtca-slovenske-konjice\/","og_site_name":"Novice.si","article_published_time":"2026-04-30T09:44:47+00:00","og_image":[{"width":800,"height":600,"url":"https:\/\/novice.si\/page\/wp-content\/uploads\/2023\/04\/vrtec-konjice-2023_resize.jpg","type":"image\/jpeg"}],"author":"Uredni\u0161tvo Novic","twitter_card":"summary_large_image","twitter_misc":{"Written by":"Uredni\u0161tvo Novic","Est. reading time":"2 minuti"},"schema":{"@context":"https:\/\/schema.org","@graph":[{"@type":"Article","@id":"https:\/\/novice.si\/page\/od-maja-visje-cene-programov-vrtca-slovenske-konjice\/#article","isPartOf":{"@id":"https:\/\/novice.si\/page\/od-maja-visje-cene-programov-vrtca-slovenske-konjice\/"},"author":{"name":"Uredni\u0161tvo Novic","@id":"https:\/\/novice.si\/page\/#\/schema\/person\/a877dbb8680d441357ce27663beb35ca"},"headline":"Od maja vi\u0161je cene programov Vrtca Slovenske Konjice","datePublished":"2026-04-30T09:44:47+00:00","mainEntityOfPage":{"@id":"https:\/\/novice.si\/page\/od-maja-visje-cene-programov-vrtca-slovenske-konjice\/"},"wordCount":157,"publisher":{"@id":"https:\/\/novice.si\/page\/#organization"},"image":{"@id":"https:\/\/novice.si\/page\/od-maja-visje-cene-programov-vrtca-slovenske-konjice\/#primaryimage"},"thumbnailUrl":"https:\/\/novice.si\/page\/wp-content\/uploads\/2023\/04\/vrtec-konjice-2023_resize.jpg","keywords":["Vrtec Slovenske Konjice"],"articleSection":["Aktualno","Konji\u0161ko"],"inLanguage":"sl-SI"},{"@type":"WebPage","@id":"https:\/\/novice.si\/page\/od-maja-visje-cene-programov-vrtca-slovenske-konjice\/","url":"https:\/\/novice.si\/page\/od-maja-visje-cene-programov-vrtca-slovenske-konjice\/","name":"Od maja vi\u0161je cene programov Vrtca Slovenske Konjice - Novice.si","isPartOf":{"@id":"https:\/\/novice.si\/page\/#website"},"primaryImageOfPage":{"@id":"https:\/\/novice.si\/page\/od-maja-visje-cene-programov-vrtca-slovenske-konjice\/#primaryimage"},"image":{"@id":"https:\/\/novice.si\/page\/od-maja-visje-cene-programov-vrtca-slovenske-konjice\/#primaryimage"},"thumbnailUrl":"https:\/\/novice.si\/page\/wp-content\/uploads\/2023\/04\/vrtec-konjice-2023_resize.jpg","datePublished":"2026-04-30T09:44:47+00:00","breadcrumb":{"@id":"https:\/\/novice.si\/page\/od-maja-visje-cene-programov-vrtca-slovenske-konjice\/#breadcrumb"},"inLanguage":"sl-SI","potentialAction":[{"@type":"ReadAction","target":["https:\/\/novice.si\/page\/od-maja-visje-cene-programov-vrtca-slovenske-konjice\/"]}]},{"@type":"ImageObject","inLanguage":"sl-SI","@id":"https:\/\/novice.si\/page\/od-maja-visje-cene-programov-vrtca-slovenske-konjice\/#primaryimage","url":"https:\/\/novice.si\/page\/wp-content\/uploads\/2023\/04\/vrtec-konjice-2023_resize.jpg","contentUrl":"https:\/\/novice.si\/page\/wp-content\/uploads\/2023\/04\/vrtec-konjice-2023_resize.jpg","width":800,"height":600},{"@type":"BreadcrumbList","@id":"https:\/\/novice.si\/page\/od-maja-visje-cene-programov-vrtca-slovenske-konjice\/#breadcrumb","itemListElement":[{"@type":"ListItem","position":1,"name":"Home","item":"https:\/\/novice.si\/page\/"},{"@type":"ListItem","position":2,"name":"Od maja vi\u0161je cene programov Vrtca Slovenske Konjice"}]},{"@type":"WebSite","@id":"https:\/\/novice.si\/page\/#website","url":"https:\/\/novice.si\/page\/","name":"Novice.si","description":"","publisher":{"@id":"https:\/\/novice.si\/page\/#organization"},"potentialAction":[{"@type":"SearchAction","target":{"@type":"EntryPoint","urlTemplate":"https:\/\/novice.si\/page\/?s={search_term_string}"},"query-input":{"@type":"PropertyValueSpecification","valueRequired":true,"valueName":"search_term_string"}}],"inLanguage":"sl-SI"},{"@type":"Organization","@id":"https:\/\/novice.si\/page\/#organization","name":"Novice.si","url":"https:\/\/novice.si\/page\/","logo":{"@type":"ImageObject","inLanguage":"sl-SI","@id":"https:\/\/novice.si\/page\/#\/schema\/logo\/image\/","url":"https:\/\/novice.si\/page\/wp-content\/uploads\/2023\/03\/novice_si.png","contentUrl":"https:\/\/novice.si\/page\/wp-content\/uploads\/2023\/03\/novice_si.png","width":576,"height":200,"caption":"Novice.si"},"image":{"@id":"https:\/\/novice.si\/page\/#\/schema\/logo\/image\/"}},{"@type":"Person","@id":"https:\/\/novice.si\/page\/#\/schema\/person\/a877dbb8680d441357ce27663beb35ca","name":"Uredni\u0161tvo Novic","image":{"@type":"ImageObject","inLanguage":"sl-SI","@id":"https:\/\/secure.gravatar.com\/avatar\/f19c0ae874706cc9ba19d2f6da5f74a5a5ee7674f283fed29ce0ad16a9f1893e?s=96&d=mm&r=g","url":"https:\/\/secure.gravatar.com\/avatar\/f19c0ae874706cc9ba19d2f6da5f74a5a5ee7674f283fed29ce0ad16a9f1893e?s=96&d=mm&r=g","contentUrl":"https:\/\/secure.gravatar.com\/avatar\/f19c0ae874706cc9ba19d2f6da5f74a5a5ee7674f283fed29ce0ad16a9f1893e?s=96&d=mm&r=g","caption":"Uredni\u0161tvo Novic"},"url":"https:\/\/novice.si\/page\/author\/jure\/"}]}},"_links":{"self":[{"href":"https:\/\/novice.si\/page\/wp-json\/wp\/v2\/posts\/200951","targetHints":{"allow":["GET"]}}],"collection":[{"href":"https:\/\/novice.si\/page\/wp-json\/wp\/v2\/posts"}],"about":[{"href":"https:\/\/novice.si\/page\/wp-json\/wp\/v2\/types\/post"}],"author":[{"embeddable":true,"href":"https:\/\/novice.si\/page\/wp-json\/wp\/v2\/users\/7"}],"replies":[{"embeddable":true,"href":"https:\/\/novice.si\/page\/wp-json\/wp\/v2\/comments?post=200951"}],"version-history":[{"count":1,"href":"https:\/\/novice.si\/page\/wp-json\/wp\/v2\/posts\/200951\/revisions"}],"predecessor-version":[{"id":200952,"href":"https:\/\/novice.si\/page\/wp-json\/wp\/v2\/posts\/200951\/revisions\/200952"}],"wp:featuredmedia":[{"embeddable":true,"href":"https:\/\/novice.si\/page\/wp-json\/wp\/v2\/media\/161950"}],"wp:attachment":[{"href":"https:\/\/novice.si\/page\/wp-json\/wp\/v2\/media?parent=200951"}],"wp:term":[{"taxonomy":"category","embeddable":true,"href":"https:\/\/novice.si\/page\/wp-json\/wp\/v2\/categories?post=200951"},{"taxonomy":"post_tag","embeddable":true,"href":"https:\/\/novice.si\/page\/wp-json\/wp\/v2\/tags?post=200951"}],"curies":[{"name":"wp","href":"https:\/\/api.w.org\/{rel}","templated":true}]}}