{"id":200935,"date":"2026-04-30T12:03:06","date_gmt":"2026-04-30T10:03:06","guid":{"rendered":"https:\/\/novice.si\/page\/?p=200935"},"modified":"2026-04-30T09:11:11","modified_gmt":"2026-04-30T07:11:11","slug":"celje-na-celjski-koci-brez-sindikatov","status":"publish","type":"post","link":"https:\/\/novice.si\/page\/celje-na-celjski-koci-brez-sindikatov\/","title":{"rendered":"CELJE Na Celjski ko\u010di brez sindikatov"},"content":{"rendered":"<p>Celjska ko\u010da bo jutri znova gostilna tradicionalni prvomajski shod Celjanov, ki pa bo tokrat minil brez predstavnikov sindikatov.<\/p>\n<p><img loading=\"lazy\" decoding=\"async\" class=\"wp-image-200936 alignleft\" src=\"https:\/\/novice.si\/page\/wp-content\/uploads\/2026\/04\/praznik-dela-1.jpeg\" alt=\"\" width=\"365\" height=\"257\" srcset=\"https:\/\/novice.si\/page\/wp-content\/uploads\/2026\/04\/praznik-dela-1.jpeg 483w, https:\/\/novice.si\/page\/wp-content\/uploads\/2026\/04\/praznik-dela-1-100x70.jpeg 100w, https:\/\/novice.si\/page\/wp-content\/uploads\/2026\/04\/praznik-dela-1-24x17.jpeg 24w, https:\/\/novice.si\/page\/wp-content\/uploads\/2026\/04\/praznik-dela-1-36x25.jpeg 36w, https:\/\/novice.si\/page\/wp-content\/uploads\/2026\/04\/praznik-dela-1-48x34.jpeg 48w\" sizes=\"auto, (max-width: 365px) 100vw, 365px\" \/>Vlogo slavnostnega govornika so dodelili dr. <strong>Tonetu Kregarju<\/strong>, direktorju Muzeja novej\u0161e zgodovine Celje.<\/p>\n<p>V spremljajo\u010dem programu bodo nastopili celjski pihalni orkester, Nu\u0161e Rojs in skupina Zaka&#8217; pa ne, poskrbeli so tudi za otro\u0161ko animacijo in zadostno gostinsko ponudbo.<\/p>\n<p>P\u0160, foto arhiv Novic<\/p>\n<p>&nbsp;<\/p>\n","protected":false},"excerpt":{"rendered":"<p>Celjska ko\u010da bo jutri znova gostilna tradicionalni prvomajski shod Celjanov, ki pa bo tokrat minil brez predstavnikov sindikatov. Vlogo slavnostnega govornika so dodelili dr. Tonetu Kregarju, direktorju Muzeja novej\u0161e zgodovine Celje. V spremljajo\u010dem programu bodo nastopili celjski pihalni orkester, Nu\u0161e Rojs in skupina Zaka&#8217; pa ne, poskrbeli so tudi za otro\u0161ko animacijo in zadostno gostinsko [&hellip;]<\/p>\n","protected":false},"author":33,"featured_media":200937,"comment_status":"closed","ping_status":"closed","sticky":false,"template":"","format":"standard","meta":{"footnotes":""},"categories":[14,17],"tags":[26191,1726,9697,26190],"class_list":{"0":"post-200935","1":"post","2":"type-post","3":"status-publish","4":"format-standard","5":"has-post-thumbnail","7":"category-aktualno","8":"category-celjsko","9":"tag-brez-sindikatov","10":"tag-celjska-koca","11":"tag-dr-tone-kregar","12":"tag-prvomajski-shod"},"yoast_head":"<!-- This site is optimized with the Yoast SEO plugin v27.4 - https:\/\/yoast.com\/product\/yoast-seo-wordpress\/ -->\n<title>CELJE Na Celjski ko\u010di brez sindikatov - Novice.si<\/title>\n<meta name=\"robots\" content=\"index, follow, max-snippet:-1, max-image-preview:large, max-video-preview:-1\" \/>\n<link rel=\"canonical\" href=\"https:\/\/novice.si\/page\/celje-na-celjski-koci-brez-sindikatov\/\" \/>\n<meta property=\"og:locale\" content=\"sl_SI\" \/>\n<meta property=\"og:type\" content=\"article\" \/>\n<meta property=\"og:title\" content=\"CELJE Na Celjski ko\u010di brez sindikatov - Novice.si\" \/>\n<meta property=\"og:description\" content=\"Celjska ko\u010da bo jutri znova gostilna tradicionalni prvomajski shod Celjanov, ki pa bo tokrat minil brez predstavnikov sindikatov. Vlogo slavnostnega govornika so dodelili dr. Tonetu Kregarju, direktorju Muzeja novej\u0161e zgodovine Celje. V spremljajo\u010dem programu bodo nastopili celjski pihalni orkester, Nu\u0161e Rojs in skupina Zaka&#8217; pa ne, poskrbeli so tudi za otro\u0161ko animacijo in zadostno gostinsko [&hellip;]\" \/>\n<meta property=\"og:url\" content=\"https:\/\/novice.si\/page\/celje-na-celjski-koci-brez-sindikatov\/\" \/>\n<meta property=\"og:site_name\" content=\"Novice.si\" \/>\n<meta property=\"article:published_time\" content=\"2026-04-30T10:03:06+00:00\" \/>\n<meta property=\"og:image\" content=\"https:\/\/novice.si\/page\/wp-content\/uploads\/2026\/04\/celjska-koca-splosno_resize.jpg\" \/>\n\t<meta property=\"og:image:width\" content=\"800\" \/>\n\t<meta property=\"og:image:height\" content=\"533\" \/>\n\t<meta property=\"og:image:type\" content=\"image\/jpeg\" \/>\n<meta name=\"author\" content=\"Uredni\u0161tvo Celjana\" \/>\n<meta name=\"twitter:card\" content=\"summary_large_image\" \/>\n<meta name=\"twitter:label1\" content=\"Written by\" \/>\n\t<meta name=\"twitter:data1\" content=\"Uredni\u0161tvo Celjana\" \/>\n\t<meta name=\"twitter:label2\" content=\"Est. reading time\" \/>\n\t<meta name=\"twitter:data2\" content=\"1 minuta\" \/>\n<script type=\"application\/ld+json\" class=\"yoast-schema-graph\">{\"@context\":\"https:\\\/\\\/schema.org\",\"@graph\":[{\"@type\":\"Article\",\"@id\":\"https:\\\/\\\/novice.si\\\/page\\\/celje-na-celjski-koci-brez-sindikatov\\\/#article\",\"isPartOf\":{\"@id\":\"https:\\\/\\\/novice.si\\\/page\\\/celje-na-celjski-koci-brez-sindikatov\\\/\"},\"author\":{\"name\":\"Uredni\u0161tvo Celjana\",\"@id\":\"https:\\\/\\\/novice.si\\\/page\\\/#\\\/schema\\\/person\\\/57f25c9642a9541c7349c65d32032c3e\"},\"headline\":\"CELJE Na Celjski ko\u010di brez sindikatov\",\"datePublished\":\"2026-04-30T10:03:06+00:00\",\"mainEntityOfPage\":{\"@id\":\"https:\\\/\\\/novice.si\\\/page\\\/celje-na-celjski-koci-brez-sindikatov\\\/\"},\"wordCount\":73,\"publisher\":{\"@id\":\"https:\\\/\\\/novice.si\\\/page\\\/#organization\"},\"image\":{\"@id\":\"https:\\\/\\\/novice.si\\\/page\\\/celje-na-celjski-koci-brez-sindikatov\\\/#primaryimage\"},\"thumbnailUrl\":\"https:\\\/\\\/novice.si\\\/page\\\/wp-content\\\/uploads\\\/2026\\\/04\\\/celjska-koca-splosno_resize.jpg\",\"keywords\":[\"brez sindikatov\",\"Celjska ko\u010da\",\"dr. Tone Kregar\",\"prvomajski shod\"],\"articleSection\":[\"Aktualno\",\"Celjsko\"],\"inLanguage\":\"sl-SI\"},{\"@type\":\"WebPage\",\"@id\":\"https:\\\/\\\/novice.si\\\/page\\\/celje-na-celjski-koci-brez-sindikatov\\\/\",\"url\":\"https:\\\/\\\/novice.si\\\/page\\\/celje-na-celjski-koci-brez-sindikatov\\\/\",\"name\":\"CELJE Na Celjski ko\u010di brez sindikatov - Novice.si\",\"isPartOf\":{\"@id\":\"https:\\\/\\\/novice.si\\\/page\\\/#website\"},\"primaryImageOfPage\":{\"@id\":\"https:\\\/\\\/novice.si\\\/page\\\/celje-na-celjski-koci-brez-sindikatov\\\/#primaryimage\"},\"image\":{\"@id\":\"https:\\\/\\\/novice.si\\\/page\\\/celje-na-celjski-koci-brez-sindikatov\\\/#primaryimage\"},\"thumbnailUrl\":\"https:\\\/\\\/novice.si\\\/page\\\/wp-content\\\/uploads\\\/2026\\\/04\\\/celjska-koca-splosno_resize.jpg\",\"datePublished\":\"2026-04-30T10:03:06+00:00\",\"breadcrumb\":{\"@id\":\"https:\\\/\\\/novice.si\\\/page\\\/celje-na-celjski-koci-brez-sindikatov\\\/#breadcrumb\"},\"inLanguage\":\"sl-SI\",\"potentialAction\":[{\"@type\":\"ReadAction\",\"target\":[\"https:\\\/\\\/novice.si\\\/page\\\/celje-na-celjski-koci-brez-sindikatov\\\/\"]}]},{\"@type\":\"ImageObject\",\"inLanguage\":\"sl-SI\",\"@id\":\"https:\\\/\\\/novice.si\\\/page\\\/celje-na-celjski-koci-brez-sindikatov\\\/#primaryimage\",\"url\":\"https:\\\/\\\/novice.si\\\/page\\\/wp-content\\\/uploads\\\/2026\\\/04\\\/celjska-koca-splosno_resize.jpg\",\"contentUrl\":\"https:\\\/\\\/novice.si\\\/page\\\/wp-content\\\/uploads\\\/2026\\\/04\\\/celjska-koca-splosno_resize.jpg\",\"width\":800,\"height\":533},{\"@type\":\"BreadcrumbList\",\"@id\":\"https:\\\/\\\/novice.si\\\/page\\\/celje-na-celjski-koci-brez-sindikatov\\\/#breadcrumb\",\"itemListElement\":[{\"@type\":\"ListItem\",\"position\":1,\"name\":\"Home\",\"item\":\"https:\\\/\\\/novice.si\\\/page\\\/\"},{\"@type\":\"ListItem\",\"position\":2,\"name\":\"CELJE Na Celjski ko\u010di brez sindikatov\"}]},{\"@type\":\"WebSite\",\"@id\":\"https:\\\/\\\/novice.si\\\/page\\\/#website\",\"url\":\"https:\\\/\\\/novice.si\\\/page\\\/\",\"name\":\"Novice.si\",\"description\":\"\",\"publisher\":{\"@id\":\"https:\\\/\\\/novice.si\\\/page\\\/#organization\"},\"potentialAction\":[{\"@type\":\"SearchAction\",\"target\":{\"@type\":\"EntryPoint\",\"urlTemplate\":\"https:\\\/\\\/novice.si\\\/page\\\/?s={search_term_string}\"},\"query-input\":{\"@type\":\"PropertyValueSpecification\",\"valueRequired\":true,\"valueName\":\"search_term_string\"}}],\"inLanguage\":\"sl-SI\"},{\"@type\":\"Organization\",\"@id\":\"https:\\\/\\\/novice.si\\\/page\\\/#organization\",\"name\":\"Novice.si\",\"url\":\"https:\\\/\\\/novice.si\\\/page\\\/\",\"logo\":{\"@type\":\"ImageObject\",\"inLanguage\":\"sl-SI\",\"@id\":\"https:\\\/\\\/novice.si\\\/page\\\/#\\\/schema\\\/logo\\\/image\\\/\",\"url\":\"https:\\\/\\\/novice.si\\\/page\\\/wp-content\\\/uploads\\\/2023\\\/03\\\/novice_si.png\",\"contentUrl\":\"https:\\\/\\\/novice.si\\\/page\\\/wp-content\\\/uploads\\\/2023\\\/03\\\/novice_si.png\",\"width\":576,\"height\":200,\"caption\":\"Novice.si\"},\"image\":{\"@id\":\"https:\\\/\\\/novice.si\\\/page\\\/#\\\/schema\\\/logo\\\/image\\\/\"}},{\"@type\":\"Person\",\"@id\":\"https:\\\/\\\/novice.si\\\/page\\\/#\\\/schema\\\/person\\\/57f25c9642a9541c7349c65d32032c3e\",\"name\":\"Uredni\u0161tvo Celjana\",\"image\":{\"@type\":\"ImageObject\",\"inLanguage\":\"sl-SI\",\"@id\":\"https:\\\/\\\/secure.gravatar.com\\\/avatar\\\/78e52bc4279b65f6df6345e0ef0f7b792d361361f230cf4ffecfe0afe6d5629c?s=96&d=mm&r=g\",\"url\":\"https:\\\/\\\/secure.gravatar.com\\\/avatar\\\/78e52bc4279b65f6df6345e0ef0f7b792d361361f230cf4ffecfe0afe6d5629c?s=96&d=mm&r=g\",\"contentUrl\":\"https:\\\/\\\/secure.gravatar.com\\\/avatar\\\/78e52bc4279b65f6df6345e0ef0f7b792d361361f230cf4ffecfe0afe6d5629c?s=96&d=mm&r=g\",\"caption\":\"Uredni\u0161tvo Celjana\"},\"url\":\"https:\\\/\\\/novice.si\\\/page\\\/author\\\/primoz\\\/\"}]}<\/script>\n<!-- \/ Yoast SEO plugin. -->","yoast_head_json":{"title":"CELJE Na Celjski ko\u010di brez sindikatov - Novice.si","robots":{"index":"index","follow":"follow","max-snippet":"max-snippet:-1","max-image-preview":"max-image-preview:large","max-video-preview":"max-video-preview:-1"},"canonical":"https:\/\/novice.si\/page\/celje-na-celjski-koci-brez-sindikatov\/","og_locale":"sl_SI","og_type":"article","og_title":"CELJE Na Celjski ko\u010di brez sindikatov - Novice.si","og_description":"Celjska ko\u010da bo jutri znova gostilna tradicionalni prvomajski shod Celjanov, ki pa bo tokrat minil brez predstavnikov sindikatov. Vlogo slavnostnega govornika so dodelili dr. Tonetu Kregarju, direktorju Muzeja novej\u0161e zgodovine Celje. V spremljajo\u010dem programu bodo nastopili celjski pihalni orkester, Nu\u0161e Rojs in skupina Zaka&#8217; pa ne, poskrbeli so tudi za otro\u0161ko animacijo in zadostno gostinsko [&hellip;]","og_url":"https:\/\/novice.si\/page\/celje-na-celjski-koci-brez-sindikatov\/","og_site_name":"Novice.si","article_published_time":"2026-04-30T10:03:06+00:00","og_image":[{"width":800,"height":533,"url":"https:\/\/novice.si\/page\/wp-content\/uploads\/2026\/04\/celjska-koca-splosno_resize.jpg","type":"image\/jpeg"}],"author":"Uredni\u0161tvo Celjana","twitter_card":"summary_large_image","twitter_misc":{"Written by":"Uredni\u0161tvo Celjana","Est. reading time":"1 minuta"},"schema":{"@context":"https:\/\/schema.org","@graph":[{"@type":"Article","@id":"https:\/\/novice.si\/page\/celje-na-celjski-koci-brez-sindikatov\/#article","isPartOf":{"@id":"https:\/\/novice.si\/page\/celje-na-celjski-koci-brez-sindikatov\/"},"author":{"name":"Uredni\u0161tvo Celjana","@id":"https:\/\/novice.si\/page\/#\/schema\/person\/57f25c9642a9541c7349c65d32032c3e"},"headline":"CELJE Na Celjski ko\u010di brez sindikatov","datePublished":"2026-04-30T10:03:06+00:00","mainEntityOfPage":{"@id":"https:\/\/novice.si\/page\/celje-na-celjski-koci-brez-sindikatov\/"},"wordCount":73,"publisher":{"@id":"https:\/\/novice.si\/page\/#organization"},"image":{"@id":"https:\/\/novice.si\/page\/celje-na-celjski-koci-brez-sindikatov\/#primaryimage"},"thumbnailUrl":"https:\/\/novice.si\/page\/wp-content\/uploads\/2026\/04\/celjska-koca-splosno_resize.jpg","keywords":["brez sindikatov","Celjska ko\u010da","dr. Tone Kregar","prvomajski shod"],"articleSection":["Aktualno","Celjsko"],"inLanguage":"sl-SI"},{"@type":"WebPage","@id":"https:\/\/novice.si\/page\/celje-na-celjski-koci-brez-sindikatov\/","url":"https:\/\/novice.si\/page\/celje-na-celjski-koci-brez-sindikatov\/","name":"CELJE Na Celjski ko\u010di brez sindikatov - Novice.si","isPartOf":{"@id":"https:\/\/novice.si\/page\/#website"},"primaryImageOfPage":{"@id":"https:\/\/novice.si\/page\/celje-na-celjski-koci-brez-sindikatov\/#primaryimage"},"image":{"@id":"https:\/\/novice.si\/page\/celje-na-celjski-koci-brez-sindikatov\/#primaryimage"},"thumbnailUrl":"https:\/\/novice.si\/page\/wp-content\/uploads\/2026\/04\/celjska-koca-splosno_resize.jpg","datePublished":"2026-04-30T10:03:06+00:00","breadcrumb":{"@id":"https:\/\/novice.si\/page\/celje-na-celjski-koci-brez-sindikatov\/#breadcrumb"},"inLanguage":"sl-SI","potentialAction":[{"@type":"ReadAction","target":["https:\/\/novice.si\/page\/celje-na-celjski-koci-brez-sindikatov\/"]}]},{"@type":"ImageObject","inLanguage":"sl-SI","@id":"https:\/\/novice.si\/page\/celje-na-celjski-koci-brez-sindikatov\/#primaryimage","url":"https:\/\/novice.si\/page\/wp-content\/uploads\/2026\/04\/celjska-koca-splosno_resize.jpg","contentUrl":"https:\/\/novice.si\/page\/wp-content\/uploads\/2026\/04\/celjska-koca-splosno_resize.jpg","width":800,"height":533},{"@type":"BreadcrumbList","@id":"https:\/\/novice.si\/page\/celje-na-celjski-koci-brez-sindikatov\/#breadcrumb","itemListElement":[{"@type":"ListItem","position":1,"name":"Home","item":"https:\/\/novice.si\/page\/"},{"@type":"ListItem","position":2,"name":"CELJE Na Celjski ko\u010di brez sindikatov"}]},{"@type":"WebSite","@id":"https:\/\/novice.si\/page\/#website","url":"https:\/\/novice.si\/page\/","name":"Novice.si","description":"","publisher":{"@id":"https:\/\/novice.si\/page\/#organization"},"potentialAction":[{"@type":"SearchAction","target":{"@type":"EntryPoint","urlTemplate":"https:\/\/novice.si\/page\/?s={search_term_string}"},"query-input":{"@type":"PropertyValueSpecification","valueRequired":true,"valueName":"search_term_string"}}],"inLanguage":"sl-SI"},{"@type":"Organization","@id":"https:\/\/novice.si\/page\/#organization","name":"Novice.si","url":"https:\/\/novice.si\/page\/","logo":{"@type":"ImageObject","inLanguage":"sl-SI","@id":"https:\/\/novice.si\/page\/#\/schema\/logo\/image\/","url":"https:\/\/novice.si\/page\/wp-content\/uploads\/2023\/03\/novice_si.png","contentUrl":"https:\/\/novice.si\/page\/wp-content\/uploads\/2023\/03\/novice_si.png","width":576,"height":200,"caption":"Novice.si"},"image":{"@id":"https:\/\/novice.si\/page\/#\/schema\/logo\/image\/"}},{"@type":"Person","@id":"https:\/\/novice.si\/page\/#\/schema\/person\/57f25c9642a9541c7349c65d32032c3e","name":"Uredni\u0161tvo Celjana","image":{"@type":"ImageObject","inLanguage":"sl-SI","@id":"https:\/\/secure.gravatar.com\/avatar\/78e52bc4279b65f6df6345e0ef0f7b792d361361f230cf4ffecfe0afe6d5629c?s=96&d=mm&r=g","url":"https:\/\/secure.gravatar.com\/avatar\/78e52bc4279b65f6df6345e0ef0f7b792d361361f230cf4ffecfe0afe6d5629c?s=96&d=mm&r=g","contentUrl":"https:\/\/secure.gravatar.com\/avatar\/78e52bc4279b65f6df6345e0ef0f7b792d361361f230cf4ffecfe0afe6d5629c?s=96&d=mm&r=g","caption":"Uredni\u0161tvo Celjana"},"url":"https:\/\/novice.si\/page\/author\/primoz\/"}]}},"_links":{"self":[{"href":"https:\/\/novice.si\/page\/wp-json\/wp\/v2\/posts\/200935","targetHints":{"allow":["GET"]}}],"collection":[{"href":"https:\/\/novice.si\/page\/wp-json\/wp\/v2\/posts"}],"about":[{"href":"https:\/\/novice.si\/page\/wp-json\/wp\/v2\/types\/post"}],"author":[{"embeddable":true,"href":"https:\/\/novice.si\/page\/wp-json\/wp\/v2\/users\/33"}],"replies":[{"embeddable":true,"href":"https:\/\/novice.si\/page\/wp-json\/wp\/v2\/comments?post=200935"}],"version-history":[{"count":1,"href":"https:\/\/novice.si\/page\/wp-json\/wp\/v2\/posts\/200935\/revisions"}],"predecessor-version":[{"id":200938,"href":"https:\/\/novice.si\/page\/wp-json\/wp\/v2\/posts\/200935\/revisions\/200938"}],"wp:featuredmedia":[{"embeddable":true,"href":"https:\/\/novice.si\/page\/wp-json\/wp\/v2\/media\/200937"}],"wp:attachment":[{"href":"https:\/\/novice.si\/page\/wp-json\/wp\/v2\/media?parent=200935"}],"wp:term":[{"taxonomy":"category","embeddable":true,"href":"https:\/\/novice.si\/page\/wp-json\/wp\/v2\/categories?post=200935"},{"taxonomy":"post_tag","embeddable":true,"href":"https:\/\/novice.si\/page\/wp-json\/wp\/v2\/tags?post=200935"}],"curies":[{"name":"wp","href":"https:\/\/api.w.org\/{rel}","templated":true}]}}