{"id":200857,"date":"2026-04-29T15:08:21","date_gmt":"2026-04-29T13:08:21","guid":{"rendered":"https:\/\/novice.si\/page\/?p=200857"},"modified":"2026-04-29T15:08:21","modified_gmt":"2026-04-29T13:08:21","slug":"celje-pri-dezurni-lekarni-na-glaziji-stiri-namenska-parkirisca","status":"publish","type":"post","link":"https:\/\/novice.si\/page\/celje-pri-dezurni-lekarni-na-glaziji-stiri-namenska-parkirisca\/","title":{"rendered":"CELJE Pri de\u017eurni lekarni na Glaziji \u0161tiri namenska parkiri\u0161\u010da"},"content":{"rendered":"<p>Pred de\u017eurno lekarno na Glaziji, kjer so se v zadnjih letih kopi\u010dile te\u017eave s parkiranjem <img loading=\"lazy\" decoding=\"async\" class=\"wp-image-200859 alignleft\" src=\"https:\/\/novice.si\/page\/wp-content\/uploads\/2026\/04\/Parking-Glazija-2-600x450.jpg\" alt=\"\" width=\"353\" height=\"265\" srcset=\"https:\/\/novice.si\/page\/wp-content\/uploads\/2026\/04\/Parking-Glazija-2-600x450.jpg 600w, https:\/\/novice.si\/page\/wp-content\/uploads\/2026\/04\/Parking-Glazija-2-1024x768.jpg 1024w, https:\/\/novice.si\/page\/wp-content\/uploads\/2026\/04\/Parking-Glazija-2-768x576.jpg 768w, https:\/\/novice.si\/page\/wp-content\/uploads\/2026\/04\/Parking-Glazija-2-1536x1152.jpg 1536w, https:\/\/novice.si\/page\/wp-content\/uploads\/2026\/04\/Parking-Glazija-2-2048x1536.jpg 2048w, https:\/\/novice.si\/page\/wp-content\/uploads\/2026\/04\/Parking-Glazija-2-560x420.jpg 560w, https:\/\/novice.si\/page\/wp-content\/uploads\/2026\/04\/Parking-Glazija-2-80x60.jpg 80w, https:\/\/novice.si\/page\/wp-content\/uploads\/2026\/04\/Parking-Glazija-2-696x522.jpg 696w, https:\/\/novice.si\/page\/wp-content\/uploads\/2026\/04\/Parking-Glazija-2-1068x801.jpg 1068w, https:\/\/novice.si\/page\/wp-content\/uploads\/2026\/04\/Parking-Glazija-2-1920x1440.jpg 1920w, https:\/\/novice.si\/page\/wp-content\/uploads\/2026\/04\/Parking-Glazija-2-265x198.jpg 265w, https:\/\/novice.si\/page\/wp-content\/uploads\/2026\/04\/Parking-Glazija-2-24x18.jpg 24w, https:\/\/novice.si\/page\/wp-content\/uploads\/2026\/04\/Parking-Glazija-2-36x27.jpg 36w, https:\/\/novice.si\/page\/wp-content\/uploads\/2026\/04\/Parking-Glazija-2-48x36.jpg 48w\" sizes=\"auto, (max-width: 353px) 100vw, 353px\" \/>vozil obiskovalcev lekarne, so \u017ee uredili \u0161tiri parkiri\u0161\u010da. Na njih bo veljal re\u017eim kratkotrajnega parkiranja, kar bo v prvi vrsti omogo\u010dilo hiter dostop do zdravil za tiste, ki jih potrebujejo, po drugi strani pa bodo drugi udele\u017eenci v prometu imeli manj preglavic na tem delu.<\/p>\n<p>Nalo\u017ebo je vodil ve\u010dinski eta\u017eni lastnik zgradbe, Mestna ob\u010dina Celja pa bo poskrbela za upravljanje in nadzor novih parkirnih mest.<\/p>\n<p>Obiskovalci lekarne so doslej vozila pu\u0161\u010dali na mestih, ki za to niso primerna (plo\u010dnik, dovozna pot, avtobusno postajali\u0161\u010de in drugo), kar je ote\u017eevalo promet na tem delu in povzro\u010dalo mnogo nejevolje.<\/p>\n<p>P\u0160, foto P\u0160<\/p>\n","protected":false},"excerpt":{"rendered":"<p>Pred de\u017eurno lekarno na Glaziji, kjer so se v zadnjih letih kopi\u010dile te\u017eave s parkiranjem vozil obiskovalcev lekarne, so \u017ee uredili \u0161tiri parkiri\u0161\u010da. Na njih bo veljal re\u017eim kratkotrajnega parkiranja, kar bo v prvi vrsti omogo\u010dilo hiter dostop do zdravil za tiste, ki jih potrebujejo, po drugi strani pa bodo drugi udele\u017eenci v prometu imeli [&hellip;]<\/p>\n","protected":false},"author":33,"featured_media":200860,"comment_status":"closed","ping_status":"closed","sticky":false,"template":"","format":"standard","meta":{"footnotes":""},"categories":[14,17],"tags":[8550,4477,26184,26185],"class_list":{"0":"post-200857","1":"post","2":"type-post","3":"status-publish","4":"format-standard","5":"has-post-thumbnail","7":"category-aktualno","8":"category-celjsko","9":"tag-dezurna-lekarna","10":"tag-moc","11":"tag-parkirisce-glazija","12":"tag-stiri-namenska-parkirisca"},"yoast_head":"<!-- This site is optimized with the Yoast SEO plugin v27.4 - https:\/\/yoast.com\/product\/yoast-seo-wordpress\/ -->\n<title>CELJE Pri de\u017eurni lekarni na Glaziji \u0161tiri namenska parkiri\u0161\u010da - Novice.si<\/title>\n<meta name=\"robots\" content=\"index, follow, max-snippet:-1, max-image-preview:large, max-video-preview:-1\" \/>\n<link rel=\"canonical\" href=\"https:\/\/novice.si\/page\/celje-pri-dezurni-lekarni-na-glaziji-stiri-namenska-parkirisca\/\" \/>\n<meta property=\"og:locale\" content=\"sl_SI\" \/>\n<meta property=\"og:type\" content=\"article\" \/>\n<meta property=\"og:title\" content=\"CELJE Pri de\u017eurni lekarni na Glaziji \u0161tiri namenska parkiri\u0161\u010da - Novice.si\" \/>\n<meta property=\"og:description\" content=\"Pred de\u017eurno lekarno na Glaziji, kjer so se v zadnjih letih kopi\u010dile te\u017eave s parkiranjem vozil obiskovalcev lekarne, so \u017ee uredili \u0161tiri parkiri\u0161\u010da. Na njih bo veljal re\u017eim kratkotrajnega parkiranja, kar bo v prvi vrsti omogo\u010dilo hiter dostop do zdravil za tiste, ki jih potrebujejo, po drugi strani pa bodo drugi udele\u017eenci v prometu imeli [&hellip;]\" \/>\n<meta property=\"og:url\" content=\"https:\/\/novice.si\/page\/celje-pri-dezurni-lekarni-na-glaziji-stiri-namenska-parkirisca\/\" \/>\n<meta property=\"og:site_name\" content=\"Novice.si\" \/>\n<meta property=\"article:published_time\" content=\"2026-04-29T13:08:21+00:00\" \/>\n<meta property=\"og:image\" content=\"https:\/\/novice.si\/page\/wp-content\/uploads\/2026\/04\/Parking-Glazija-2a.jpg\" \/>\n\t<meta property=\"og:image:width\" content=\"990\" \/>\n\t<meta property=\"og:image:height\" content=\"743\" \/>\n\t<meta property=\"og:image:type\" content=\"image\/jpeg\" \/>\n<meta name=\"author\" content=\"Uredni\u0161tvo Celjana\" \/>\n<meta name=\"twitter:card\" content=\"summary_large_image\" \/>\n<meta name=\"twitter:label1\" content=\"Written by\" \/>\n\t<meta name=\"twitter:data1\" content=\"Uredni\u0161tvo Celjana\" \/>\n\t<meta name=\"twitter:label2\" content=\"Est. reading time\" \/>\n\t<meta name=\"twitter:data2\" content=\"2 minuti\" \/>\n<script type=\"application\/ld+json\" class=\"yoast-schema-graph\">{\"@context\":\"https:\\\/\\\/schema.org\",\"@graph\":[{\"@type\":\"Article\",\"@id\":\"https:\\\/\\\/novice.si\\\/page\\\/celje-pri-dezurni-lekarni-na-glaziji-stiri-namenska-parkirisca\\\/#article\",\"isPartOf\":{\"@id\":\"https:\\\/\\\/novice.si\\\/page\\\/celje-pri-dezurni-lekarni-na-glaziji-stiri-namenska-parkirisca\\\/\"},\"author\":{\"name\":\"Uredni\u0161tvo Celjana\",\"@id\":\"https:\\\/\\\/novice.si\\\/page\\\/#\\\/schema\\\/person\\\/57f25c9642a9541c7349c65d32032c3e\"},\"headline\":\"CELJE Pri de\u017eurni lekarni na Glaziji \u0161tiri namenska parkiri\u0161\u010da\",\"datePublished\":\"2026-04-29T13:08:21+00:00\",\"mainEntityOfPage\":{\"@id\":\"https:\\\/\\\/novice.si\\\/page\\\/celje-pri-dezurni-lekarni-na-glaziji-stiri-namenska-parkirisca\\\/\"},\"wordCount\":141,\"publisher\":{\"@id\":\"https:\\\/\\\/novice.si\\\/page\\\/#organization\"},\"image\":{\"@id\":\"https:\\\/\\\/novice.si\\\/page\\\/celje-pri-dezurni-lekarni-na-glaziji-stiri-namenska-parkirisca\\\/#primaryimage\"},\"thumbnailUrl\":\"https:\\\/\\\/novice.si\\\/page\\\/wp-content\\\/uploads\\\/2026\\\/04\\\/Parking-Glazija-2a.jpg\",\"keywords\":[\"de\u017eurna lekarna\",\"MOC\",\"parkiri\u0161\u010de Glazija\",\"\u0161tiri namenska parkiri\u0161\u010da\"],\"articleSection\":[\"Aktualno\",\"Celjsko\"],\"inLanguage\":\"sl-SI\"},{\"@type\":\"WebPage\",\"@id\":\"https:\\\/\\\/novice.si\\\/page\\\/celje-pri-dezurni-lekarni-na-glaziji-stiri-namenska-parkirisca\\\/\",\"url\":\"https:\\\/\\\/novice.si\\\/page\\\/celje-pri-dezurni-lekarni-na-glaziji-stiri-namenska-parkirisca\\\/\",\"name\":\"CELJE Pri de\u017eurni lekarni na Glaziji \u0161tiri namenska parkiri\u0161\u010da - Novice.si\",\"isPartOf\":{\"@id\":\"https:\\\/\\\/novice.si\\\/page\\\/#website\"},\"primaryImageOfPage\":{\"@id\":\"https:\\\/\\\/novice.si\\\/page\\\/celje-pri-dezurni-lekarni-na-glaziji-stiri-namenska-parkirisca\\\/#primaryimage\"},\"image\":{\"@id\":\"https:\\\/\\\/novice.si\\\/page\\\/celje-pri-dezurni-lekarni-na-glaziji-stiri-namenska-parkirisca\\\/#primaryimage\"},\"thumbnailUrl\":\"https:\\\/\\\/novice.si\\\/page\\\/wp-content\\\/uploads\\\/2026\\\/04\\\/Parking-Glazija-2a.jpg\",\"datePublished\":\"2026-04-29T13:08:21+00:00\",\"breadcrumb\":{\"@id\":\"https:\\\/\\\/novice.si\\\/page\\\/celje-pri-dezurni-lekarni-na-glaziji-stiri-namenska-parkirisca\\\/#breadcrumb\"},\"inLanguage\":\"sl-SI\",\"potentialAction\":[{\"@type\":\"ReadAction\",\"target\":[\"https:\\\/\\\/novice.si\\\/page\\\/celje-pri-dezurni-lekarni-na-glaziji-stiri-namenska-parkirisca\\\/\"]}]},{\"@type\":\"ImageObject\",\"inLanguage\":\"sl-SI\",\"@id\":\"https:\\\/\\\/novice.si\\\/page\\\/celje-pri-dezurni-lekarni-na-glaziji-stiri-namenska-parkirisca\\\/#primaryimage\",\"url\":\"https:\\\/\\\/novice.si\\\/page\\\/wp-content\\\/uploads\\\/2026\\\/04\\\/Parking-Glazija-2a.jpg\",\"contentUrl\":\"https:\\\/\\\/novice.si\\\/page\\\/wp-content\\\/uploads\\\/2026\\\/04\\\/Parking-Glazija-2a.jpg\",\"width\":990,\"height\":743},{\"@type\":\"BreadcrumbList\",\"@id\":\"https:\\\/\\\/novice.si\\\/page\\\/celje-pri-dezurni-lekarni-na-glaziji-stiri-namenska-parkirisca\\\/#breadcrumb\",\"itemListElement\":[{\"@type\":\"ListItem\",\"position\":1,\"name\":\"Home\",\"item\":\"https:\\\/\\\/novice.si\\\/page\\\/\"},{\"@type\":\"ListItem\",\"position\":2,\"name\":\"CELJE Pri de\u017eurni lekarni na Glaziji \u0161tiri namenska parkiri\u0161\u010da\"}]},{\"@type\":\"WebSite\",\"@id\":\"https:\\\/\\\/novice.si\\\/page\\\/#website\",\"url\":\"https:\\\/\\\/novice.si\\\/page\\\/\",\"name\":\"Novice.si\",\"description\":\"\",\"publisher\":{\"@id\":\"https:\\\/\\\/novice.si\\\/page\\\/#organization\"},\"potentialAction\":[{\"@type\":\"SearchAction\",\"target\":{\"@type\":\"EntryPoint\",\"urlTemplate\":\"https:\\\/\\\/novice.si\\\/page\\\/?s={search_term_string}\"},\"query-input\":{\"@type\":\"PropertyValueSpecification\",\"valueRequired\":true,\"valueName\":\"search_term_string\"}}],\"inLanguage\":\"sl-SI\"},{\"@type\":\"Organization\",\"@id\":\"https:\\\/\\\/novice.si\\\/page\\\/#organization\",\"name\":\"Novice.si\",\"url\":\"https:\\\/\\\/novice.si\\\/page\\\/\",\"logo\":{\"@type\":\"ImageObject\",\"inLanguage\":\"sl-SI\",\"@id\":\"https:\\\/\\\/novice.si\\\/page\\\/#\\\/schema\\\/logo\\\/image\\\/\",\"url\":\"https:\\\/\\\/novice.si\\\/page\\\/wp-content\\\/uploads\\\/2023\\\/03\\\/novice_si.png\",\"contentUrl\":\"https:\\\/\\\/novice.si\\\/page\\\/wp-content\\\/uploads\\\/2023\\\/03\\\/novice_si.png\",\"width\":576,\"height\":200,\"caption\":\"Novice.si\"},\"image\":{\"@id\":\"https:\\\/\\\/novice.si\\\/page\\\/#\\\/schema\\\/logo\\\/image\\\/\"}},{\"@type\":\"Person\",\"@id\":\"https:\\\/\\\/novice.si\\\/page\\\/#\\\/schema\\\/person\\\/57f25c9642a9541c7349c65d32032c3e\",\"name\":\"Uredni\u0161tvo Celjana\",\"image\":{\"@type\":\"ImageObject\",\"inLanguage\":\"sl-SI\",\"@id\":\"https:\\\/\\\/secure.gravatar.com\\\/avatar\\\/78e52bc4279b65f6df6345e0ef0f7b792d361361f230cf4ffecfe0afe6d5629c?s=96&d=mm&r=g\",\"url\":\"https:\\\/\\\/secure.gravatar.com\\\/avatar\\\/78e52bc4279b65f6df6345e0ef0f7b792d361361f230cf4ffecfe0afe6d5629c?s=96&d=mm&r=g\",\"contentUrl\":\"https:\\\/\\\/secure.gravatar.com\\\/avatar\\\/78e52bc4279b65f6df6345e0ef0f7b792d361361f230cf4ffecfe0afe6d5629c?s=96&d=mm&r=g\",\"caption\":\"Uredni\u0161tvo Celjana\"},\"url\":\"https:\\\/\\\/novice.si\\\/page\\\/author\\\/primoz\\\/\"}]}<\/script>\n<!-- \/ Yoast SEO plugin. -->","yoast_head_json":{"title":"CELJE Pri de\u017eurni lekarni na Glaziji \u0161tiri namenska parkiri\u0161\u010da - Novice.si","robots":{"index":"index","follow":"follow","max-snippet":"max-snippet:-1","max-image-preview":"max-image-preview:large","max-video-preview":"max-video-preview:-1"},"canonical":"https:\/\/novice.si\/page\/celje-pri-dezurni-lekarni-na-glaziji-stiri-namenska-parkirisca\/","og_locale":"sl_SI","og_type":"article","og_title":"CELJE Pri de\u017eurni lekarni na Glaziji \u0161tiri namenska parkiri\u0161\u010da - Novice.si","og_description":"Pred de\u017eurno lekarno na Glaziji, kjer so se v zadnjih letih kopi\u010dile te\u017eave s parkiranjem vozil obiskovalcev lekarne, so \u017ee uredili \u0161tiri parkiri\u0161\u010da. Na njih bo veljal re\u017eim kratkotrajnega parkiranja, kar bo v prvi vrsti omogo\u010dilo hiter dostop do zdravil za tiste, ki jih potrebujejo, po drugi strani pa bodo drugi udele\u017eenci v prometu imeli [&hellip;]","og_url":"https:\/\/novice.si\/page\/celje-pri-dezurni-lekarni-na-glaziji-stiri-namenska-parkirisca\/","og_site_name":"Novice.si","article_published_time":"2026-04-29T13:08:21+00:00","og_image":[{"width":990,"height":743,"url":"https:\/\/novice.si\/page\/wp-content\/uploads\/2026\/04\/Parking-Glazija-2a.jpg","type":"image\/jpeg"}],"author":"Uredni\u0161tvo Celjana","twitter_card":"summary_large_image","twitter_misc":{"Written by":"Uredni\u0161tvo Celjana","Est. reading time":"2 minuti"},"schema":{"@context":"https:\/\/schema.org","@graph":[{"@type":"Article","@id":"https:\/\/novice.si\/page\/celje-pri-dezurni-lekarni-na-glaziji-stiri-namenska-parkirisca\/#article","isPartOf":{"@id":"https:\/\/novice.si\/page\/celje-pri-dezurni-lekarni-na-glaziji-stiri-namenska-parkirisca\/"},"author":{"name":"Uredni\u0161tvo Celjana","@id":"https:\/\/novice.si\/page\/#\/schema\/person\/57f25c9642a9541c7349c65d32032c3e"},"headline":"CELJE Pri de\u017eurni lekarni na Glaziji \u0161tiri namenska parkiri\u0161\u010da","datePublished":"2026-04-29T13:08:21+00:00","mainEntityOfPage":{"@id":"https:\/\/novice.si\/page\/celje-pri-dezurni-lekarni-na-glaziji-stiri-namenska-parkirisca\/"},"wordCount":141,"publisher":{"@id":"https:\/\/novice.si\/page\/#organization"},"image":{"@id":"https:\/\/novice.si\/page\/celje-pri-dezurni-lekarni-na-glaziji-stiri-namenska-parkirisca\/#primaryimage"},"thumbnailUrl":"https:\/\/novice.si\/page\/wp-content\/uploads\/2026\/04\/Parking-Glazija-2a.jpg","keywords":["de\u017eurna lekarna","MOC","parkiri\u0161\u010de Glazija","\u0161tiri namenska parkiri\u0161\u010da"],"articleSection":["Aktualno","Celjsko"],"inLanguage":"sl-SI"},{"@type":"WebPage","@id":"https:\/\/novice.si\/page\/celje-pri-dezurni-lekarni-na-glaziji-stiri-namenska-parkirisca\/","url":"https:\/\/novice.si\/page\/celje-pri-dezurni-lekarni-na-glaziji-stiri-namenska-parkirisca\/","name":"CELJE Pri de\u017eurni lekarni na Glaziji \u0161tiri namenska parkiri\u0161\u010da - Novice.si","isPartOf":{"@id":"https:\/\/novice.si\/page\/#website"},"primaryImageOfPage":{"@id":"https:\/\/novice.si\/page\/celje-pri-dezurni-lekarni-na-glaziji-stiri-namenska-parkirisca\/#primaryimage"},"image":{"@id":"https:\/\/novice.si\/page\/celje-pri-dezurni-lekarni-na-glaziji-stiri-namenska-parkirisca\/#primaryimage"},"thumbnailUrl":"https:\/\/novice.si\/page\/wp-content\/uploads\/2026\/04\/Parking-Glazija-2a.jpg","datePublished":"2026-04-29T13:08:21+00:00","breadcrumb":{"@id":"https:\/\/novice.si\/page\/celje-pri-dezurni-lekarni-na-glaziji-stiri-namenska-parkirisca\/#breadcrumb"},"inLanguage":"sl-SI","potentialAction":[{"@type":"ReadAction","target":["https:\/\/novice.si\/page\/celje-pri-dezurni-lekarni-na-glaziji-stiri-namenska-parkirisca\/"]}]},{"@type":"ImageObject","inLanguage":"sl-SI","@id":"https:\/\/novice.si\/page\/celje-pri-dezurni-lekarni-na-glaziji-stiri-namenska-parkirisca\/#primaryimage","url":"https:\/\/novice.si\/page\/wp-content\/uploads\/2026\/04\/Parking-Glazija-2a.jpg","contentUrl":"https:\/\/novice.si\/page\/wp-content\/uploads\/2026\/04\/Parking-Glazija-2a.jpg","width":990,"height":743},{"@type":"BreadcrumbList","@id":"https:\/\/novice.si\/page\/celje-pri-dezurni-lekarni-na-glaziji-stiri-namenska-parkirisca\/#breadcrumb","itemListElement":[{"@type":"ListItem","position":1,"name":"Home","item":"https:\/\/novice.si\/page\/"},{"@type":"ListItem","position":2,"name":"CELJE Pri de\u017eurni lekarni na Glaziji \u0161tiri namenska parkiri\u0161\u010da"}]},{"@type":"WebSite","@id":"https:\/\/novice.si\/page\/#website","url":"https:\/\/novice.si\/page\/","name":"Novice.si","description":"","publisher":{"@id":"https:\/\/novice.si\/page\/#organization"},"potentialAction":[{"@type":"SearchAction","target":{"@type":"EntryPoint","urlTemplate":"https:\/\/novice.si\/page\/?s={search_term_string}"},"query-input":{"@type":"PropertyValueSpecification","valueRequired":true,"valueName":"search_term_string"}}],"inLanguage":"sl-SI"},{"@type":"Organization","@id":"https:\/\/novice.si\/page\/#organization","name":"Novice.si","url":"https:\/\/novice.si\/page\/","logo":{"@type":"ImageObject","inLanguage":"sl-SI","@id":"https:\/\/novice.si\/page\/#\/schema\/logo\/image\/","url":"https:\/\/novice.si\/page\/wp-content\/uploads\/2023\/03\/novice_si.png","contentUrl":"https:\/\/novice.si\/page\/wp-content\/uploads\/2023\/03\/novice_si.png","width":576,"height":200,"caption":"Novice.si"},"image":{"@id":"https:\/\/novice.si\/page\/#\/schema\/logo\/image\/"}},{"@type":"Person","@id":"https:\/\/novice.si\/page\/#\/schema\/person\/57f25c9642a9541c7349c65d32032c3e","name":"Uredni\u0161tvo Celjana","image":{"@type":"ImageObject","inLanguage":"sl-SI","@id":"https:\/\/secure.gravatar.com\/avatar\/78e52bc4279b65f6df6345e0ef0f7b792d361361f230cf4ffecfe0afe6d5629c?s=96&d=mm&r=g","url":"https:\/\/secure.gravatar.com\/avatar\/78e52bc4279b65f6df6345e0ef0f7b792d361361f230cf4ffecfe0afe6d5629c?s=96&d=mm&r=g","contentUrl":"https:\/\/secure.gravatar.com\/avatar\/78e52bc4279b65f6df6345e0ef0f7b792d361361f230cf4ffecfe0afe6d5629c?s=96&d=mm&r=g","caption":"Uredni\u0161tvo Celjana"},"url":"https:\/\/novice.si\/page\/author\/primoz\/"}]}},"_links":{"self":[{"href":"https:\/\/novice.si\/page\/wp-json\/wp\/v2\/posts\/200857","targetHints":{"allow":["GET"]}}],"collection":[{"href":"https:\/\/novice.si\/page\/wp-json\/wp\/v2\/posts"}],"about":[{"href":"https:\/\/novice.si\/page\/wp-json\/wp\/v2\/types\/post"}],"author":[{"embeddable":true,"href":"https:\/\/novice.si\/page\/wp-json\/wp\/v2\/users\/33"}],"replies":[{"embeddable":true,"href":"https:\/\/novice.si\/page\/wp-json\/wp\/v2\/comments?post=200857"}],"version-history":[{"count":1,"href":"https:\/\/novice.si\/page\/wp-json\/wp\/v2\/posts\/200857\/revisions"}],"predecessor-version":[{"id":200861,"href":"https:\/\/novice.si\/page\/wp-json\/wp\/v2\/posts\/200857\/revisions\/200861"}],"wp:featuredmedia":[{"embeddable":true,"href":"https:\/\/novice.si\/page\/wp-json\/wp\/v2\/media\/200860"}],"wp:attachment":[{"href":"https:\/\/novice.si\/page\/wp-json\/wp\/v2\/media?parent=200857"}],"wp:term":[{"taxonomy":"category","embeddable":true,"href":"https:\/\/novice.si\/page\/wp-json\/wp\/v2\/categories?post=200857"},{"taxonomy":"post_tag","embeddable":true,"href":"https:\/\/novice.si\/page\/wp-json\/wp\/v2\/tags?post=200857"}],"curies":[{"name":"wp","href":"https:\/\/api.w.org\/{rel}","templated":true}]}}