{"id":200852,"date":"2026-04-29T10:11:43","date_gmt":"2026-04-29T08:11:43","guid":{"rendered":"https:\/\/novice.si\/page\/?p=200852"},"modified":"2026-04-29T10:11:43","modified_gmt":"2026-04-29T08:11:43","slug":"konec-sezone-za-bistriske-kosarkarje","status":"publish","type":"post","link":"https:\/\/novice.si\/page\/konec-sezone-za-bistriske-kosarkarje\/","title":{"rendered":"Konec sezone za bistri\u0161ke ko\u0161arkarje"},"content":{"rendered":"<p>Ko\u0161arkarji <strong>Bistrice Kety Emmi<\/strong> so svojo pot v kon\u010dnici 3. SKL zaklju\u010dili po izpadu v \u010detrtfinalu.<br \/>\nPo prepri\u010dljivi zmagi v osmini finala proti ekipi iz \u010crnomlja so si zaslu\u017eeno zagotovili mesto med najbolj\u0161imi osmimi mo\u0161tvi tekmovanja, a jih je v nadaljevanju \u010dakal \u0161e zahtevnej\u0161i izziv. V \u010detrtfinalu so se pomerili z ekipo <strong>Armicafe Troti<\/strong> iz Novega mesta, ki je redni del prvenstva zaklju\u010dila na drugem mestu zahodne skupine. Kljub zahtevnemu tekmecu je v ekipi vladal optimizem. Prva tekma je bila odigrana v soboto, 18. aprila, v doma\u010di dvorani, kjer so morali Bistri\u010dani priznati premo\u010d gostom z izidom 72 : 83. Odlo\u010dilna prilo\u017enost za preobrat je sledila 25. aprila v Novem mestu, kjer bi za uvrstitev v polfinale potrebovali zmago z vsaj dvanajstimi to\u010dkami razlike. Po izjemno napeti in izena\u010deni tekmi se je dvoboj kon\u010dal z rezultatom 90 : 89, kar je pomenilo konec leto\u0161nje sezone.<br \/>\nEkipa je na parketu pokazala veliko borbenosti, karakterja in pristnega ekipnega duha, zato gre vsem igralcem in trenerjem zaslu\u017eena pohvala za vlo\u017een trud, delo in napredek skozi celotno sezono.<\/p>\n<p><img loading=\"lazy\" decoding=\"async\" class=\"alignnone size-medium wp-image-200853\" src=\"https:\/\/novice.si\/page\/wp-content\/uploads\/2026\/04\/kosarka-2704a_2-600x572.jpg\" alt=\"\" width=\"600\" height=\"572\" srcset=\"https:\/\/novice.si\/page\/wp-content\/uploads\/2026\/04\/kosarka-2704a_2-600x572.jpg 600w, https:\/\/novice.si\/page\/wp-content\/uploads\/2026\/04\/kosarka-2704a_2-440x420.jpg 440w, https:\/\/novice.si\/page\/wp-content\/uploads\/2026\/04\/kosarka-2704a_2-696x664.jpg 696w, https:\/\/novice.si\/page\/wp-content\/uploads\/2026\/04\/kosarka-2704a_2-24x24.jpg 24w, https:\/\/novice.si\/page\/wp-content\/uploads\/2026\/04\/kosarka-2704a_2-36x34.jpg 36w, https:\/\/novice.si\/page\/wp-content\/uploads\/2026\/04\/kosarka-2704a_2-48x46.jpg 48w, https:\/\/novice.si\/page\/wp-content\/uploads\/2026\/04\/kosarka-2704a_2.jpg 734w\" sizes=\"auto, (max-width: 600px) 100vw, 600px\" \/><\/p>\n","protected":false},"excerpt":{"rendered":"<p>Ko\u0161arkarji Bistrice Kety Emmi so svojo pot v kon\u010dnici 3. SKL zaklju\u010dili po izpadu v \u010detrtfinalu. Po prepri\u010dljivi zmagi v osmini finala proti ekipi iz \u010crnomlja so si zaslu\u017eeno zagotovili mesto med najbolj\u0161imi osmimi mo\u0161tvi tekmovanja, a jih je v nadaljevanju \u010dakal \u0161e zahtevnej\u0161i izziv. V \u010detrtfinalu so se pomerili z ekipo Armicafe Troti iz [&hellip;]<\/p>\n","protected":false},"author":8,"featured_media":200853,"comment_status":"closed","ping_status":"closed","sticky":false,"template":"","format":"standard","meta":{"footnotes":""},"categories":[32,68],"tags":[26179,16027,277],"class_list":{"0":"post-200852","1":"post","2":"type-post","3":"status-publish","4":"format-standard","5":"has-post-thumbnail","7":"category-bistrisko","8":"category-sport","9":"tag-3skl","10":"tag-kk-bistrica","11":"tag-kosarka"},"yoast_head":"<!-- This site is optimized with the Yoast SEO plugin v27.4 - https:\/\/yoast.com\/product\/yoast-seo-wordpress\/ -->\n<title>Konec sezone za bistri\u0161ke ko\u0161arkarje - Novice.si<\/title>\n<meta name=\"robots\" content=\"index, follow, max-snippet:-1, max-image-preview:large, max-video-preview:-1\" \/>\n<link rel=\"canonical\" href=\"https:\/\/novice.si\/page\/konec-sezone-za-bistriske-kosarkarje\/\" \/>\n<meta property=\"og:locale\" content=\"sl_SI\" \/>\n<meta property=\"og:type\" content=\"article\" \/>\n<meta property=\"og:title\" content=\"Konec sezone za bistri\u0161ke ko\u0161arkarje - Novice.si\" \/>\n<meta property=\"og:description\" content=\"Ko\u0161arkarji Bistrice Kety Emmi so svojo pot v kon\u010dnici 3. SKL zaklju\u010dili po izpadu v \u010detrtfinalu. Po prepri\u010dljivi zmagi v osmini finala proti ekipi iz \u010crnomlja so si zaslu\u017eeno zagotovili mesto med najbolj\u0161imi osmimi mo\u0161tvi tekmovanja, a jih je v nadaljevanju \u010dakal \u0161e zahtevnej\u0161i izziv. V \u010detrtfinalu so se pomerili z ekipo Armicafe Troti iz [&hellip;]\" \/>\n<meta property=\"og:url\" content=\"https:\/\/novice.si\/page\/konec-sezone-za-bistriske-kosarkarje\/\" \/>\n<meta property=\"og:site_name\" content=\"Novice.si\" \/>\n<meta property=\"article:published_time\" content=\"2026-04-29T08:11:43+00:00\" \/>\n<meta property=\"og:image\" content=\"https:\/\/novice.si\/page\/wp-content\/uploads\/2026\/04\/kosarka-2704a_2.jpg\" \/>\n\t<meta property=\"og:image:width\" content=\"734\" \/>\n\t<meta property=\"og:image:height\" content=\"700\" \/>\n\t<meta property=\"og:image:type\" content=\"image\/jpeg\" \/>\n<meta name=\"author\" content=\"Uredni\u0161tvo Bistri\u0161kih novic\" \/>\n<meta name=\"twitter:card\" content=\"summary_large_image\" \/>\n<meta name=\"twitter:label1\" content=\"Written by\" \/>\n\t<meta name=\"twitter:data1\" content=\"Uredni\u0161tvo Bistri\u0161kih novic\" \/>\n\t<meta name=\"twitter:label2\" content=\"Est. reading time\" \/>\n\t<meta name=\"twitter:data2\" content=\"2 minuti\" \/>\n<script type=\"application\/ld+json\" class=\"yoast-schema-graph\">{\"@context\":\"https:\\\/\\\/schema.org\",\"@graph\":[{\"@type\":\"Article\",\"@id\":\"https:\\\/\\\/novice.si\\\/page\\\/konec-sezone-za-bistriske-kosarkarje\\\/#article\",\"isPartOf\":{\"@id\":\"https:\\\/\\\/novice.si\\\/page\\\/konec-sezone-za-bistriske-kosarkarje\\\/\"},\"author\":{\"name\":\"Uredni\u0161tvo Bistri\u0161kih novic\",\"@id\":\"https:\\\/\\\/novice.si\\\/page\\\/#\\\/schema\\\/person\\\/96b32396deedcde3f7f776c306b4be21\"},\"headline\":\"Konec sezone za bistri\u0161ke ko\u0161arkarje\",\"datePublished\":\"2026-04-29T08:11:43+00:00\",\"mainEntityOfPage\":{\"@id\":\"https:\\\/\\\/novice.si\\\/page\\\/konec-sezone-za-bistriske-kosarkarje\\\/\"},\"wordCount\":191,\"publisher\":{\"@id\":\"https:\\\/\\\/novice.si\\\/page\\\/#organization\"},\"image\":{\"@id\":\"https:\\\/\\\/novice.si\\\/page\\\/konec-sezone-za-bistriske-kosarkarje\\\/#primaryimage\"},\"thumbnailUrl\":\"https:\\\/\\\/novice.si\\\/page\\\/wp-content\\\/uploads\\\/2026\\\/04\\\/kosarka-2704a_2.jpg\",\"keywords\":[\"3skl\",\"KK Bistrica\",\"ko\u0161arka\"],\"articleSection\":[\"Bistri\u0161ko\",\"\u0160port\"],\"inLanguage\":\"sl-SI\"},{\"@type\":\"WebPage\",\"@id\":\"https:\\\/\\\/novice.si\\\/page\\\/konec-sezone-za-bistriske-kosarkarje\\\/\",\"url\":\"https:\\\/\\\/novice.si\\\/page\\\/konec-sezone-za-bistriske-kosarkarje\\\/\",\"name\":\"Konec sezone za bistri\u0161ke ko\u0161arkarje - Novice.si\",\"isPartOf\":{\"@id\":\"https:\\\/\\\/novice.si\\\/page\\\/#website\"},\"primaryImageOfPage\":{\"@id\":\"https:\\\/\\\/novice.si\\\/page\\\/konec-sezone-za-bistriske-kosarkarje\\\/#primaryimage\"},\"image\":{\"@id\":\"https:\\\/\\\/novice.si\\\/page\\\/konec-sezone-za-bistriske-kosarkarje\\\/#primaryimage\"},\"thumbnailUrl\":\"https:\\\/\\\/novice.si\\\/page\\\/wp-content\\\/uploads\\\/2026\\\/04\\\/kosarka-2704a_2.jpg\",\"datePublished\":\"2026-04-29T08:11:43+00:00\",\"breadcrumb\":{\"@id\":\"https:\\\/\\\/novice.si\\\/page\\\/konec-sezone-za-bistriske-kosarkarje\\\/#breadcrumb\"},\"inLanguage\":\"sl-SI\",\"potentialAction\":[{\"@type\":\"ReadAction\",\"target\":[\"https:\\\/\\\/novice.si\\\/page\\\/konec-sezone-za-bistriske-kosarkarje\\\/\"]}]},{\"@type\":\"ImageObject\",\"inLanguage\":\"sl-SI\",\"@id\":\"https:\\\/\\\/novice.si\\\/page\\\/konec-sezone-za-bistriske-kosarkarje\\\/#primaryimage\",\"url\":\"https:\\\/\\\/novice.si\\\/page\\\/wp-content\\\/uploads\\\/2026\\\/04\\\/kosarka-2704a_2.jpg\",\"contentUrl\":\"https:\\\/\\\/novice.si\\\/page\\\/wp-content\\\/uploads\\\/2026\\\/04\\\/kosarka-2704a_2.jpg\",\"width\":734,\"height\":700},{\"@type\":\"BreadcrumbList\",\"@id\":\"https:\\\/\\\/novice.si\\\/page\\\/konec-sezone-za-bistriske-kosarkarje\\\/#breadcrumb\",\"itemListElement\":[{\"@type\":\"ListItem\",\"position\":1,\"name\":\"Home\",\"item\":\"https:\\\/\\\/novice.si\\\/page\\\/\"},{\"@type\":\"ListItem\",\"position\":2,\"name\":\"Konec sezone za bistri\u0161ke ko\u0161arkarje\"}]},{\"@type\":\"WebSite\",\"@id\":\"https:\\\/\\\/novice.si\\\/page\\\/#website\",\"url\":\"https:\\\/\\\/novice.si\\\/page\\\/\",\"name\":\"Novice.si\",\"description\":\"\",\"publisher\":{\"@id\":\"https:\\\/\\\/novice.si\\\/page\\\/#organization\"},\"potentialAction\":[{\"@type\":\"SearchAction\",\"target\":{\"@type\":\"EntryPoint\",\"urlTemplate\":\"https:\\\/\\\/novice.si\\\/page\\\/?s={search_term_string}\"},\"query-input\":{\"@type\":\"PropertyValueSpecification\",\"valueRequired\":true,\"valueName\":\"search_term_string\"}}],\"inLanguage\":\"sl-SI\"},{\"@type\":\"Organization\",\"@id\":\"https:\\\/\\\/novice.si\\\/page\\\/#organization\",\"name\":\"Novice.si\",\"url\":\"https:\\\/\\\/novice.si\\\/page\\\/\",\"logo\":{\"@type\":\"ImageObject\",\"inLanguage\":\"sl-SI\",\"@id\":\"https:\\\/\\\/novice.si\\\/page\\\/#\\\/schema\\\/logo\\\/image\\\/\",\"url\":\"https:\\\/\\\/novice.si\\\/page\\\/wp-content\\\/uploads\\\/2023\\\/03\\\/novice_si.png\",\"contentUrl\":\"https:\\\/\\\/novice.si\\\/page\\\/wp-content\\\/uploads\\\/2023\\\/03\\\/novice_si.png\",\"width\":576,\"height\":200,\"caption\":\"Novice.si\"},\"image\":{\"@id\":\"https:\\\/\\\/novice.si\\\/page\\\/#\\\/schema\\\/logo\\\/image\\\/\"}},{\"@type\":\"Person\",\"@id\":\"https:\\\/\\\/novice.si\\\/page\\\/#\\\/schema\\\/person\\\/96b32396deedcde3f7f776c306b4be21\",\"name\":\"Uredni\u0161tvo Bistri\u0161kih novic\",\"image\":{\"@type\":\"ImageObject\",\"inLanguage\":\"sl-SI\",\"@id\":\"https:\\\/\\\/secure.gravatar.com\\\/avatar\\\/26c56c4b10cdb3a21e86442e5f2845a4eafdd0f3605def77ec6cff4aaef32ea4?s=96&d=mm&r=g\",\"url\":\"https:\\\/\\\/secure.gravatar.com\\\/avatar\\\/26c56c4b10cdb3a21e86442e5f2845a4eafdd0f3605def77ec6cff4aaef32ea4?s=96&d=mm&r=g\",\"contentUrl\":\"https:\\\/\\\/secure.gravatar.com\\\/avatar\\\/26c56c4b10cdb3a21e86442e5f2845a4eafdd0f3605def77ec6cff4aaef32ea4?s=96&d=mm&r=g\",\"caption\":\"Uredni\u0161tvo Bistri\u0161kih novic\"},\"url\":\"https:\\\/\\\/novice.si\\\/page\\\/author\\\/bojana\\\/\"}]}<\/script>\n<!-- \/ Yoast SEO plugin. -->","yoast_head_json":{"title":"Konec sezone za bistri\u0161ke ko\u0161arkarje - Novice.si","robots":{"index":"index","follow":"follow","max-snippet":"max-snippet:-1","max-image-preview":"max-image-preview:large","max-video-preview":"max-video-preview:-1"},"canonical":"https:\/\/novice.si\/page\/konec-sezone-za-bistriske-kosarkarje\/","og_locale":"sl_SI","og_type":"article","og_title":"Konec sezone za bistri\u0161ke ko\u0161arkarje - Novice.si","og_description":"Ko\u0161arkarji Bistrice Kety Emmi so svojo pot v kon\u010dnici 3. SKL zaklju\u010dili po izpadu v \u010detrtfinalu. Po prepri\u010dljivi zmagi v osmini finala proti ekipi iz \u010crnomlja so si zaslu\u017eeno zagotovili mesto med najbolj\u0161imi osmimi mo\u0161tvi tekmovanja, a jih je v nadaljevanju \u010dakal \u0161e zahtevnej\u0161i izziv. V \u010detrtfinalu so se pomerili z ekipo Armicafe Troti iz [&hellip;]","og_url":"https:\/\/novice.si\/page\/konec-sezone-za-bistriske-kosarkarje\/","og_site_name":"Novice.si","article_published_time":"2026-04-29T08:11:43+00:00","og_image":[{"width":734,"height":700,"url":"https:\/\/novice.si\/page\/wp-content\/uploads\/2026\/04\/kosarka-2704a_2.jpg","type":"image\/jpeg"}],"author":"Uredni\u0161tvo Bistri\u0161kih novic","twitter_card":"summary_large_image","twitter_misc":{"Written by":"Uredni\u0161tvo Bistri\u0161kih novic","Est. reading time":"2 minuti"},"schema":{"@context":"https:\/\/schema.org","@graph":[{"@type":"Article","@id":"https:\/\/novice.si\/page\/konec-sezone-za-bistriske-kosarkarje\/#article","isPartOf":{"@id":"https:\/\/novice.si\/page\/konec-sezone-za-bistriske-kosarkarje\/"},"author":{"name":"Uredni\u0161tvo Bistri\u0161kih novic","@id":"https:\/\/novice.si\/page\/#\/schema\/person\/96b32396deedcde3f7f776c306b4be21"},"headline":"Konec sezone za bistri\u0161ke ko\u0161arkarje","datePublished":"2026-04-29T08:11:43+00:00","mainEntityOfPage":{"@id":"https:\/\/novice.si\/page\/konec-sezone-za-bistriske-kosarkarje\/"},"wordCount":191,"publisher":{"@id":"https:\/\/novice.si\/page\/#organization"},"image":{"@id":"https:\/\/novice.si\/page\/konec-sezone-za-bistriske-kosarkarje\/#primaryimage"},"thumbnailUrl":"https:\/\/novice.si\/page\/wp-content\/uploads\/2026\/04\/kosarka-2704a_2.jpg","keywords":["3skl","KK Bistrica","ko\u0161arka"],"articleSection":["Bistri\u0161ko","\u0160port"],"inLanguage":"sl-SI"},{"@type":"WebPage","@id":"https:\/\/novice.si\/page\/konec-sezone-za-bistriske-kosarkarje\/","url":"https:\/\/novice.si\/page\/konec-sezone-za-bistriske-kosarkarje\/","name":"Konec sezone za bistri\u0161ke ko\u0161arkarje - Novice.si","isPartOf":{"@id":"https:\/\/novice.si\/page\/#website"},"primaryImageOfPage":{"@id":"https:\/\/novice.si\/page\/konec-sezone-za-bistriske-kosarkarje\/#primaryimage"},"image":{"@id":"https:\/\/novice.si\/page\/konec-sezone-za-bistriske-kosarkarje\/#primaryimage"},"thumbnailUrl":"https:\/\/novice.si\/page\/wp-content\/uploads\/2026\/04\/kosarka-2704a_2.jpg","datePublished":"2026-04-29T08:11:43+00:00","breadcrumb":{"@id":"https:\/\/novice.si\/page\/konec-sezone-za-bistriske-kosarkarje\/#breadcrumb"},"inLanguage":"sl-SI","potentialAction":[{"@type":"ReadAction","target":["https:\/\/novice.si\/page\/konec-sezone-za-bistriske-kosarkarje\/"]}]},{"@type":"ImageObject","inLanguage":"sl-SI","@id":"https:\/\/novice.si\/page\/konec-sezone-za-bistriske-kosarkarje\/#primaryimage","url":"https:\/\/novice.si\/page\/wp-content\/uploads\/2026\/04\/kosarka-2704a_2.jpg","contentUrl":"https:\/\/novice.si\/page\/wp-content\/uploads\/2026\/04\/kosarka-2704a_2.jpg","width":734,"height":700},{"@type":"BreadcrumbList","@id":"https:\/\/novice.si\/page\/konec-sezone-za-bistriske-kosarkarje\/#breadcrumb","itemListElement":[{"@type":"ListItem","position":1,"name":"Home","item":"https:\/\/novice.si\/page\/"},{"@type":"ListItem","position":2,"name":"Konec sezone za bistri\u0161ke ko\u0161arkarje"}]},{"@type":"WebSite","@id":"https:\/\/novice.si\/page\/#website","url":"https:\/\/novice.si\/page\/","name":"Novice.si","description":"","publisher":{"@id":"https:\/\/novice.si\/page\/#organization"},"potentialAction":[{"@type":"SearchAction","target":{"@type":"EntryPoint","urlTemplate":"https:\/\/novice.si\/page\/?s={search_term_string}"},"query-input":{"@type":"PropertyValueSpecification","valueRequired":true,"valueName":"search_term_string"}}],"inLanguage":"sl-SI"},{"@type":"Organization","@id":"https:\/\/novice.si\/page\/#organization","name":"Novice.si","url":"https:\/\/novice.si\/page\/","logo":{"@type":"ImageObject","inLanguage":"sl-SI","@id":"https:\/\/novice.si\/page\/#\/schema\/logo\/image\/","url":"https:\/\/novice.si\/page\/wp-content\/uploads\/2023\/03\/novice_si.png","contentUrl":"https:\/\/novice.si\/page\/wp-content\/uploads\/2023\/03\/novice_si.png","width":576,"height":200,"caption":"Novice.si"},"image":{"@id":"https:\/\/novice.si\/page\/#\/schema\/logo\/image\/"}},{"@type":"Person","@id":"https:\/\/novice.si\/page\/#\/schema\/person\/96b32396deedcde3f7f776c306b4be21","name":"Uredni\u0161tvo Bistri\u0161kih novic","image":{"@type":"ImageObject","inLanguage":"sl-SI","@id":"https:\/\/secure.gravatar.com\/avatar\/26c56c4b10cdb3a21e86442e5f2845a4eafdd0f3605def77ec6cff4aaef32ea4?s=96&d=mm&r=g","url":"https:\/\/secure.gravatar.com\/avatar\/26c56c4b10cdb3a21e86442e5f2845a4eafdd0f3605def77ec6cff4aaef32ea4?s=96&d=mm&r=g","contentUrl":"https:\/\/secure.gravatar.com\/avatar\/26c56c4b10cdb3a21e86442e5f2845a4eafdd0f3605def77ec6cff4aaef32ea4?s=96&d=mm&r=g","caption":"Uredni\u0161tvo Bistri\u0161kih novic"},"url":"https:\/\/novice.si\/page\/author\/bojana\/"}]}},"_links":{"self":[{"href":"https:\/\/novice.si\/page\/wp-json\/wp\/v2\/posts\/200852","targetHints":{"allow":["GET"]}}],"collection":[{"href":"https:\/\/novice.si\/page\/wp-json\/wp\/v2\/posts"}],"about":[{"href":"https:\/\/novice.si\/page\/wp-json\/wp\/v2\/types\/post"}],"author":[{"embeddable":true,"href":"https:\/\/novice.si\/page\/wp-json\/wp\/v2\/users\/8"}],"replies":[{"embeddable":true,"href":"https:\/\/novice.si\/page\/wp-json\/wp\/v2\/comments?post=200852"}],"version-history":[{"count":1,"href":"https:\/\/novice.si\/page\/wp-json\/wp\/v2\/posts\/200852\/revisions"}],"predecessor-version":[{"id":200854,"href":"https:\/\/novice.si\/page\/wp-json\/wp\/v2\/posts\/200852\/revisions\/200854"}],"wp:featuredmedia":[{"embeddable":true,"href":"https:\/\/novice.si\/page\/wp-json\/wp\/v2\/media\/200853"}],"wp:attachment":[{"href":"https:\/\/novice.si\/page\/wp-json\/wp\/v2\/media?parent=200852"}],"wp:term":[{"taxonomy":"category","embeddable":true,"href":"https:\/\/novice.si\/page\/wp-json\/wp\/v2\/categories?post=200852"},{"taxonomy":"post_tag","embeddable":true,"href":"https:\/\/novice.si\/page\/wp-json\/wp\/v2\/tags?post=200852"}],"curies":[{"name":"wp","href":"https:\/\/api.w.org\/{rel}","templated":true}]}}