{"id":200837,"date":"2026-04-28T10:14:49","date_gmt":"2026-04-28T08:14:49","guid":{"rendered":"https:\/\/novice.si\/page\/?p=200837"},"modified":"2026-04-28T11:26:17","modified_gmt":"2026-04-28T09:26:17","slug":"oplotnica-proracun-se-vedno-ni-pod-streho","status":"publish","type":"post","link":"https:\/\/novice.si\/page\/oplotnica-proracun-se-vedno-ni-pod-streho\/","title":{"rendered":"OPLOTNICA Prora\u010dun \u0161e vedno ni pod streho"},"content":{"rendered":"<p><strong>Sprejem leto\u0161njega prora\u010duna bodo sku\u0161ali opraviti na drugem delu 22. redne seje, ki bo 7. maja.<\/strong><\/p>\n<figure id=\"attachment_200838\" aria-describedby=\"caption-attachment-200838\" style=\"width: 434px\" class=\"wp-caption alignleft\"><img loading=\"lazy\" decoding=\"async\" class=\" wp-image-200838\" src=\"https:\/\/novice.si\/page\/wp-content\/uploads\/2026\/04\/seja-oplotnica-600x340.png\" alt=\"\" width=\"434\" height=\"246\" srcset=\"https:\/\/novice.si\/page\/wp-content\/uploads\/2026\/04\/seja-oplotnica-600x340.png 600w, https:\/\/novice.si\/page\/wp-content\/uploads\/2026\/04\/seja-oplotnica-1024x580.png 1024w, https:\/\/novice.si\/page\/wp-content\/uploads\/2026\/04\/seja-oplotnica-768x435.png 768w, https:\/\/novice.si\/page\/wp-content\/uploads\/2026\/04\/seja-oplotnica-742x420.png 742w, https:\/\/novice.si\/page\/wp-content\/uploads\/2026\/04\/seja-oplotnica-696x394.png 696w, https:\/\/novice.si\/page\/wp-content\/uploads\/2026\/04\/seja-oplotnica-1068x605.png 1068w, https:\/\/novice.si\/page\/wp-content\/uploads\/2026\/04\/seja-oplotnica-24x14.png 24w, https:\/\/novice.si\/page\/wp-content\/uploads\/2026\/04\/seja-oplotnica-36x20.png 36w, https:\/\/novice.si\/page\/wp-content\/uploads\/2026\/04\/seja-oplotnica-48x27.png 48w, https:\/\/novice.si\/page\/wp-content\/uploads\/2026\/04\/seja-oplotnica.png 1157w\" sizes=\"auto, (max-width: 434px) 100vw, 434px\" \/><figcaption id=\"caption-attachment-200838\" class=\"wp-caption-text\">Foto: KTV Oplotnica, posnetek zaslona<\/figcaption><\/figure>\n<p>V Oplotnici \u0161e vedno niso sprejeli leto\u0161njega prora\u010duna. Na prvem delu 22. redne seje ob\u010dinskega sveta, ki je bila minuli \u010detrtek, se zaradi ve\u010d vlo\u017eenih amandmajev namre\u010d \u0161e vedno niso uspeli uskladiti.<br \/>\nPri\u010dakovano sta amandmaje vlo\u017eili svetni\u0161ki skupini SDS in Lista za bolj\u0161i jutri, vendar je \u017eupan<strong> Matja\u017e Orter<\/strong> vztrajal, da njihovi predlogi niso finan\u010dno vzdr\u017eni. Sejo so za kar nekaj \u010dasa prekinili, da bi se sku\u0161ali dogovoriti za zaprtimi vrati, a jim ni uspelo. <em>\u00bbGlede na ve\u010dje \u0161tevilo prejetih amandmajev smo se dogovorili, da se 5. maja s svetniki dobimo na neformalnem sestanku, kjer bomo sku\u0161ali vse predloge uskladiti tako, da bodo finan\u010dno vzdr\u017eni, nato pa prora\u010dun sprejeti na drugem delu seje, ki bo 7. maja,\u00ab<\/em> je pojasnil \u017eupan.<br \/>\nVe\u010d o dogajanju na zandji seji ob\u010dinskega sveta pa v tiskanih NOVICAH, ki izidejo v \u010detrtek. (NK)<\/p>\n","protected":false},"excerpt":{"rendered":"<p>Sprejem leto\u0161njega prora\u010duna bodo sku\u0161ali opraviti na drugem delu 22. redne seje, ki bo 7. maja. V Oplotnici \u0161e vedno niso sprejeli leto\u0161njega prora\u010duna. Na prvem delu 22. redne seje ob\u010dinskega sveta, ki je bila minuli \u010detrtek, se zaradi ve\u010d vlo\u017eenih amandmajev namre\u010d \u0161e vedno niso uspeli uskladiti. Pri\u010dakovano sta amandmaje vlo\u017eili svetni\u0161ki skupini SDS [&hellip;]<\/p>\n","protected":false},"author":59,"featured_media":200838,"comment_status":"closed","ping_status":"closed","sticky":false,"template":"","format":"standard","meta":{"footnotes":""},"categories":[14,858,32,868,16,141,3108],"tags":[428,26174,26175],"class_list":{"0":"post-200837","1":"post","2":"type-post","3":"status-publish","4":"format-standard","5":"has-post-thumbnail","7":"category-aktualno","8":"category-bistriske-novice","9":"category-bistrisko","10":"category-casopisi","11":"category-konjisko","12":"category-novice","13":"category-radio-rogla","14":"tag-obcina-oplotnica","15":"tag-oplotnica-seja","16":"tag-prorcaun"},"yoast_head":"<!-- This site is optimized with the Yoast SEO plugin v27.4 - https:\/\/yoast.com\/product\/yoast-seo-wordpress\/ -->\n<title>OPLOTNICA Prora\u010dun \u0161e vedno ni pod streho - Novice.si<\/title>\n<meta name=\"robots\" content=\"index, follow, max-snippet:-1, max-image-preview:large, max-video-preview:-1\" \/>\n<link rel=\"canonical\" href=\"https:\/\/novice.si\/page\/oplotnica-proracun-se-vedno-ni-pod-streho\/\" \/>\n<meta property=\"og:locale\" content=\"sl_SI\" \/>\n<meta property=\"og:type\" content=\"article\" \/>\n<meta property=\"og:title\" content=\"OPLOTNICA Prora\u010dun \u0161e vedno ni pod streho - Novice.si\" \/>\n<meta property=\"og:description\" content=\"Sprejem leto\u0161njega prora\u010duna bodo sku\u0161ali opraviti na drugem delu 22. redne seje, ki bo 7. maja. V Oplotnici \u0161e vedno niso sprejeli leto\u0161njega prora\u010duna. Na prvem delu 22. redne seje ob\u010dinskega sveta, ki je bila minuli \u010detrtek, se zaradi ve\u010d vlo\u017eenih amandmajev namre\u010d \u0161e vedno niso uspeli uskladiti. Pri\u010dakovano sta amandmaje vlo\u017eili svetni\u0161ki skupini SDS [&hellip;]\" \/>\n<meta property=\"og:url\" content=\"https:\/\/novice.si\/page\/oplotnica-proracun-se-vedno-ni-pod-streho\/\" \/>\n<meta property=\"og:site_name\" content=\"Novice.si\" \/>\n<meta property=\"article:published_time\" content=\"2026-04-28T08:14:49+00:00\" \/>\n<meta property=\"article:modified_time\" content=\"2026-04-28T09:26:17+00:00\" \/>\n<meta property=\"og:image\" content=\"https:\/\/novice.si\/page\/wp-content\/uploads\/2026\/04\/seja-oplotnica.png\" \/>\n\t<meta property=\"og:image:width\" content=\"1157\" \/>\n\t<meta property=\"og:image:height\" content=\"655\" \/>\n\t<meta property=\"og:image:type\" content=\"image\/png\" \/>\n<meta name=\"author\" content=\"nina\" \/>\n<meta name=\"twitter:card\" content=\"summary_large_image\" \/>\n<meta name=\"twitter:label1\" content=\"Written by\" \/>\n\t<meta name=\"twitter:data1\" content=\"nina\" \/>\n\t<meta name=\"twitter:label2\" content=\"Est. reading time\" \/>\n\t<meta name=\"twitter:data2\" content=\"2 minuti\" \/>\n<script type=\"application\/ld+json\" class=\"yoast-schema-graph\">{\"@context\":\"https:\\\/\\\/schema.org\",\"@graph\":[{\"@type\":\"Article\",\"@id\":\"https:\\\/\\\/novice.si\\\/page\\\/oplotnica-proracun-se-vedno-ni-pod-streho\\\/#article\",\"isPartOf\":{\"@id\":\"https:\\\/\\\/novice.si\\\/page\\\/oplotnica-proracun-se-vedno-ni-pod-streho\\\/\"},\"author\":{\"name\":\"nina\",\"@id\":\"https:\\\/\\\/novice.si\\\/page\\\/#\\\/schema\\\/person\\\/7b4569809238f87a68ad4dba41c0dd9a\"},\"headline\":\"OPLOTNICA Prora\u010dun \u0161e vedno ni pod streho\",\"datePublished\":\"2026-04-28T08:14:49+00:00\",\"dateModified\":\"2026-04-28T09:26:17+00:00\",\"mainEntityOfPage\":{\"@id\":\"https:\\\/\\\/novice.si\\\/page\\\/oplotnica-proracun-se-vedno-ni-pod-streho\\\/\"},\"wordCount\":188,\"publisher\":{\"@id\":\"https:\\\/\\\/novice.si\\\/page\\\/#organization\"},\"image\":{\"@id\":\"https:\\\/\\\/novice.si\\\/page\\\/oplotnica-proracun-se-vedno-ni-pod-streho\\\/#primaryimage\"},\"thumbnailUrl\":\"https:\\\/\\\/novice.si\\\/page\\\/wp-content\\\/uploads\\\/2026\\\/04\\\/seja-oplotnica.png\",\"keywords\":[\"Ob\u010dina Oplotnica\",\"oplotnica seja\",\"pror\u010daun\"],\"articleSection\":[\"Aktualno\",\"Bistri\u0161ke Novice\",\"Bistri\u0161ko\",\"\u010casopisi\",\"Konji\u0161ko\",\"Novice\",\"Radio Rogla\"],\"inLanguage\":\"sl-SI\"},{\"@type\":\"WebPage\",\"@id\":\"https:\\\/\\\/novice.si\\\/page\\\/oplotnica-proracun-se-vedno-ni-pod-streho\\\/\",\"url\":\"https:\\\/\\\/novice.si\\\/page\\\/oplotnica-proracun-se-vedno-ni-pod-streho\\\/\",\"name\":\"OPLOTNICA Prora\u010dun \u0161e vedno ni pod streho - Novice.si\",\"isPartOf\":{\"@id\":\"https:\\\/\\\/novice.si\\\/page\\\/#website\"},\"primaryImageOfPage\":{\"@id\":\"https:\\\/\\\/novice.si\\\/page\\\/oplotnica-proracun-se-vedno-ni-pod-streho\\\/#primaryimage\"},\"image\":{\"@id\":\"https:\\\/\\\/novice.si\\\/page\\\/oplotnica-proracun-se-vedno-ni-pod-streho\\\/#primaryimage\"},\"thumbnailUrl\":\"https:\\\/\\\/novice.si\\\/page\\\/wp-content\\\/uploads\\\/2026\\\/04\\\/seja-oplotnica.png\",\"datePublished\":\"2026-04-28T08:14:49+00:00\",\"dateModified\":\"2026-04-28T09:26:17+00:00\",\"breadcrumb\":{\"@id\":\"https:\\\/\\\/novice.si\\\/page\\\/oplotnica-proracun-se-vedno-ni-pod-streho\\\/#breadcrumb\"},\"inLanguage\":\"sl-SI\",\"potentialAction\":[{\"@type\":\"ReadAction\",\"target\":[\"https:\\\/\\\/novice.si\\\/page\\\/oplotnica-proracun-se-vedno-ni-pod-streho\\\/\"]}]},{\"@type\":\"ImageObject\",\"inLanguage\":\"sl-SI\",\"@id\":\"https:\\\/\\\/novice.si\\\/page\\\/oplotnica-proracun-se-vedno-ni-pod-streho\\\/#primaryimage\",\"url\":\"https:\\\/\\\/novice.si\\\/page\\\/wp-content\\\/uploads\\\/2026\\\/04\\\/seja-oplotnica.png\",\"contentUrl\":\"https:\\\/\\\/novice.si\\\/page\\\/wp-content\\\/uploads\\\/2026\\\/04\\\/seja-oplotnica.png\",\"width\":1157,\"height\":655,\"caption\":\"Foto: KTV Oplotnica, posnetek zaslona\"},{\"@type\":\"BreadcrumbList\",\"@id\":\"https:\\\/\\\/novice.si\\\/page\\\/oplotnica-proracun-se-vedno-ni-pod-streho\\\/#breadcrumb\",\"itemListElement\":[{\"@type\":\"ListItem\",\"position\":1,\"name\":\"Home\",\"item\":\"https:\\\/\\\/novice.si\\\/page\\\/\"},{\"@type\":\"ListItem\",\"position\":2,\"name\":\"OPLOTNICA Prora\u010dun \u0161e vedno ni pod streho\"}]},{\"@type\":\"WebSite\",\"@id\":\"https:\\\/\\\/novice.si\\\/page\\\/#website\",\"url\":\"https:\\\/\\\/novice.si\\\/page\\\/\",\"name\":\"Novice.si\",\"description\":\"\",\"publisher\":{\"@id\":\"https:\\\/\\\/novice.si\\\/page\\\/#organization\"},\"potentialAction\":[{\"@type\":\"SearchAction\",\"target\":{\"@type\":\"EntryPoint\",\"urlTemplate\":\"https:\\\/\\\/novice.si\\\/page\\\/?s={search_term_string}\"},\"query-input\":{\"@type\":\"PropertyValueSpecification\",\"valueRequired\":true,\"valueName\":\"search_term_string\"}}],\"inLanguage\":\"sl-SI\"},{\"@type\":\"Organization\",\"@id\":\"https:\\\/\\\/novice.si\\\/page\\\/#organization\",\"name\":\"Novice.si\",\"url\":\"https:\\\/\\\/novice.si\\\/page\\\/\",\"logo\":{\"@type\":\"ImageObject\",\"inLanguage\":\"sl-SI\",\"@id\":\"https:\\\/\\\/novice.si\\\/page\\\/#\\\/schema\\\/logo\\\/image\\\/\",\"url\":\"https:\\\/\\\/novice.si\\\/page\\\/wp-content\\\/uploads\\\/2023\\\/03\\\/novice_si.png\",\"contentUrl\":\"https:\\\/\\\/novice.si\\\/page\\\/wp-content\\\/uploads\\\/2023\\\/03\\\/novice_si.png\",\"width\":576,\"height\":200,\"caption\":\"Novice.si\"},\"image\":{\"@id\":\"https:\\\/\\\/novice.si\\\/page\\\/#\\\/schema\\\/logo\\\/image\\\/\"}},{\"@type\":\"Person\",\"@id\":\"https:\\\/\\\/novice.si\\\/page\\\/#\\\/schema\\\/person\\\/7b4569809238f87a68ad4dba41c0dd9a\",\"name\":\"nina\",\"image\":{\"@type\":\"ImageObject\",\"inLanguage\":\"sl-SI\",\"@id\":\"https:\\\/\\\/secure.gravatar.com\\\/avatar\\\/ddf219f8f564ed2b1038d6210d1b182b26589d2f40b719dedaa40b424657a284?s=96&d=mm&r=g\",\"url\":\"https:\\\/\\\/secure.gravatar.com\\\/avatar\\\/ddf219f8f564ed2b1038d6210d1b182b26589d2f40b719dedaa40b424657a284?s=96&d=mm&r=g\",\"contentUrl\":\"https:\\\/\\\/secure.gravatar.com\\\/avatar\\\/ddf219f8f564ed2b1038d6210d1b182b26589d2f40b719dedaa40b424657a284?s=96&d=mm&r=g\",\"caption\":\"nina\"},\"url\":\"https:\\\/\\\/novice.si\\\/page\\\/author\\\/nina\\\/\"}]}<\/script>\n<!-- \/ Yoast SEO plugin. -->","yoast_head_json":{"title":"OPLOTNICA Prora\u010dun \u0161e vedno ni pod streho - Novice.si","robots":{"index":"index","follow":"follow","max-snippet":"max-snippet:-1","max-image-preview":"max-image-preview:large","max-video-preview":"max-video-preview:-1"},"canonical":"https:\/\/novice.si\/page\/oplotnica-proracun-se-vedno-ni-pod-streho\/","og_locale":"sl_SI","og_type":"article","og_title":"OPLOTNICA Prora\u010dun \u0161e vedno ni pod streho - Novice.si","og_description":"Sprejem leto\u0161njega prora\u010duna bodo sku\u0161ali opraviti na drugem delu 22. redne seje, ki bo 7. maja. V Oplotnici \u0161e vedno niso sprejeli leto\u0161njega prora\u010duna. Na prvem delu 22. redne seje ob\u010dinskega sveta, ki je bila minuli \u010detrtek, se zaradi ve\u010d vlo\u017eenih amandmajev namre\u010d \u0161e vedno niso uspeli uskladiti. Pri\u010dakovano sta amandmaje vlo\u017eili svetni\u0161ki skupini SDS [&hellip;]","og_url":"https:\/\/novice.si\/page\/oplotnica-proracun-se-vedno-ni-pod-streho\/","og_site_name":"Novice.si","article_published_time":"2026-04-28T08:14:49+00:00","article_modified_time":"2026-04-28T09:26:17+00:00","og_image":[{"width":1157,"height":655,"url":"https:\/\/novice.si\/page\/wp-content\/uploads\/2026\/04\/seja-oplotnica.png","type":"image\/png"}],"author":"nina","twitter_card":"summary_large_image","twitter_misc":{"Written by":"nina","Est. reading time":"2 minuti"},"schema":{"@context":"https:\/\/schema.org","@graph":[{"@type":"Article","@id":"https:\/\/novice.si\/page\/oplotnica-proracun-se-vedno-ni-pod-streho\/#article","isPartOf":{"@id":"https:\/\/novice.si\/page\/oplotnica-proracun-se-vedno-ni-pod-streho\/"},"author":{"name":"nina","@id":"https:\/\/novice.si\/page\/#\/schema\/person\/7b4569809238f87a68ad4dba41c0dd9a"},"headline":"OPLOTNICA Prora\u010dun \u0161e vedno ni pod streho","datePublished":"2026-04-28T08:14:49+00:00","dateModified":"2026-04-28T09:26:17+00:00","mainEntityOfPage":{"@id":"https:\/\/novice.si\/page\/oplotnica-proracun-se-vedno-ni-pod-streho\/"},"wordCount":188,"publisher":{"@id":"https:\/\/novice.si\/page\/#organization"},"image":{"@id":"https:\/\/novice.si\/page\/oplotnica-proracun-se-vedno-ni-pod-streho\/#primaryimage"},"thumbnailUrl":"https:\/\/novice.si\/page\/wp-content\/uploads\/2026\/04\/seja-oplotnica.png","keywords":["Ob\u010dina Oplotnica","oplotnica seja","pror\u010daun"],"articleSection":["Aktualno","Bistri\u0161ke Novice","Bistri\u0161ko","\u010casopisi","Konji\u0161ko","Novice","Radio Rogla"],"inLanguage":"sl-SI"},{"@type":"WebPage","@id":"https:\/\/novice.si\/page\/oplotnica-proracun-se-vedno-ni-pod-streho\/","url":"https:\/\/novice.si\/page\/oplotnica-proracun-se-vedno-ni-pod-streho\/","name":"OPLOTNICA Prora\u010dun \u0161e vedno ni pod streho - Novice.si","isPartOf":{"@id":"https:\/\/novice.si\/page\/#website"},"primaryImageOfPage":{"@id":"https:\/\/novice.si\/page\/oplotnica-proracun-se-vedno-ni-pod-streho\/#primaryimage"},"image":{"@id":"https:\/\/novice.si\/page\/oplotnica-proracun-se-vedno-ni-pod-streho\/#primaryimage"},"thumbnailUrl":"https:\/\/novice.si\/page\/wp-content\/uploads\/2026\/04\/seja-oplotnica.png","datePublished":"2026-04-28T08:14:49+00:00","dateModified":"2026-04-28T09:26:17+00:00","breadcrumb":{"@id":"https:\/\/novice.si\/page\/oplotnica-proracun-se-vedno-ni-pod-streho\/#breadcrumb"},"inLanguage":"sl-SI","potentialAction":[{"@type":"ReadAction","target":["https:\/\/novice.si\/page\/oplotnica-proracun-se-vedno-ni-pod-streho\/"]}]},{"@type":"ImageObject","inLanguage":"sl-SI","@id":"https:\/\/novice.si\/page\/oplotnica-proracun-se-vedno-ni-pod-streho\/#primaryimage","url":"https:\/\/novice.si\/page\/wp-content\/uploads\/2026\/04\/seja-oplotnica.png","contentUrl":"https:\/\/novice.si\/page\/wp-content\/uploads\/2026\/04\/seja-oplotnica.png","width":1157,"height":655,"caption":"Foto: KTV Oplotnica, posnetek zaslona"},{"@type":"BreadcrumbList","@id":"https:\/\/novice.si\/page\/oplotnica-proracun-se-vedno-ni-pod-streho\/#breadcrumb","itemListElement":[{"@type":"ListItem","position":1,"name":"Home","item":"https:\/\/novice.si\/page\/"},{"@type":"ListItem","position":2,"name":"OPLOTNICA Prora\u010dun \u0161e vedno ni pod streho"}]},{"@type":"WebSite","@id":"https:\/\/novice.si\/page\/#website","url":"https:\/\/novice.si\/page\/","name":"Novice.si","description":"","publisher":{"@id":"https:\/\/novice.si\/page\/#organization"},"potentialAction":[{"@type":"SearchAction","target":{"@type":"EntryPoint","urlTemplate":"https:\/\/novice.si\/page\/?s={search_term_string}"},"query-input":{"@type":"PropertyValueSpecification","valueRequired":true,"valueName":"search_term_string"}}],"inLanguage":"sl-SI"},{"@type":"Organization","@id":"https:\/\/novice.si\/page\/#organization","name":"Novice.si","url":"https:\/\/novice.si\/page\/","logo":{"@type":"ImageObject","inLanguage":"sl-SI","@id":"https:\/\/novice.si\/page\/#\/schema\/logo\/image\/","url":"https:\/\/novice.si\/page\/wp-content\/uploads\/2023\/03\/novice_si.png","contentUrl":"https:\/\/novice.si\/page\/wp-content\/uploads\/2023\/03\/novice_si.png","width":576,"height":200,"caption":"Novice.si"},"image":{"@id":"https:\/\/novice.si\/page\/#\/schema\/logo\/image\/"}},{"@type":"Person","@id":"https:\/\/novice.si\/page\/#\/schema\/person\/7b4569809238f87a68ad4dba41c0dd9a","name":"nina","image":{"@type":"ImageObject","inLanguage":"sl-SI","@id":"https:\/\/secure.gravatar.com\/avatar\/ddf219f8f564ed2b1038d6210d1b182b26589d2f40b719dedaa40b424657a284?s=96&d=mm&r=g","url":"https:\/\/secure.gravatar.com\/avatar\/ddf219f8f564ed2b1038d6210d1b182b26589d2f40b719dedaa40b424657a284?s=96&d=mm&r=g","contentUrl":"https:\/\/secure.gravatar.com\/avatar\/ddf219f8f564ed2b1038d6210d1b182b26589d2f40b719dedaa40b424657a284?s=96&d=mm&r=g","caption":"nina"},"url":"https:\/\/novice.si\/page\/author\/nina\/"}]}},"_links":{"self":[{"href":"https:\/\/novice.si\/page\/wp-json\/wp\/v2\/posts\/200837","targetHints":{"allow":["GET"]}}],"collection":[{"href":"https:\/\/novice.si\/page\/wp-json\/wp\/v2\/posts"}],"about":[{"href":"https:\/\/novice.si\/page\/wp-json\/wp\/v2\/types\/post"}],"author":[{"embeddable":true,"href":"https:\/\/novice.si\/page\/wp-json\/wp\/v2\/users\/59"}],"replies":[{"embeddable":true,"href":"https:\/\/novice.si\/page\/wp-json\/wp\/v2\/comments?post=200837"}],"version-history":[{"count":2,"href":"https:\/\/novice.si\/page\/wp-json\/wp\/v2\/posts\/200837\/revisions"}],"predecessor-version":[{"id":200840,"href":"https:\/\/novice.si\/page\/wp-json\/wp\/v2\/posts\/200837\/revisions\/200840"}],"wp:featuredmedia":[{"embeddable":true,"href":"https:\/\/novice.si\/page\/wp-json\/wp\/v2\/media\/200838"}],"wp:attachment":[{"href":"https:\/\/novice.si\/page\/wp-json\/wp\/v2\/media?parent=200837"}],"wp:term":[{"taxonomy":"category","embeddable":true,"href":"https:\/\/novice.si\/page\/wp-json\/wp\/v2\/categories?post=200837"},{"taxonomy":"post_tag","embeddable":true,"href":"https:\/\/novice.si\/page\/wp-json\/wp\/v2\/tags?post=200837"}],"curies":[{"name":"wp","href":"https:\/\/api.w.org\/{rel}","templated":true}]}}