{"id":200699,"date":"2026-04-27T10:43:00","date_gmt":"2026-04-27T08:43:00","guid":{"rendered":"https:\/\/novice.si\/page\/?p=200699"},"modified":"2026-04-24T23:45:04","modified_gmt":"2026-04-24T21:45:04","slug":"prvomajski-prazniki-bodo-v-mozirskem-gaju-zelo-pestri","status":"publish","type":"post","link":"https:\/\/novice.si\/page\/prvomajski-prazniki-bodo-v-mozirskem-gaju-zelo-pestri\/","title":{"rendered":"Prvomajski prazniki bodo v Mozirskem gaju zelo pestri"},"content":{"rendered":"<p><em>V Mozirskem gaju bo med prvomajskimi prazniki zelo pestro.<\/em><\/p>\n<p>Dodatne aktivnosti so se pravzaprav \u017ee za\u010dele in bodo potekale vse do vklju\u010dno 3. maja. Na ogled sta manj\u0161i razstavi \u017eelv in ptic, postavljenih je nekaj stojnic, v parku je nekaj likovnih razstav, \u010debelarska razstava v Ljubotovem domu in razstava ljubenskih potic v kapelici Sv. Valentina. Glavnina dogajanja pa prihaja 1. in 2. maja.<\/p>\n<p><strong>Ku\u017eki in avtomobili<\/strong><\/p>\n<p>1.maja prihajajo med pomladne cvetlice ku\u017eki, 2. maja pa v parku pripravljajo edinstven avtomobilski dogodek Carbon Bloom.<\/p>\n<p>\u00bbKu\u017eke bodo k nam pripeljali \u010dlani Kinolo\u0161kega dru\u0161tva Celje in z njimi prikazali nekaj disciplin, s katerimi se predstavljajo tudi na pasjih razstavah. V nekaterih disciplinah se bodo lahko preizkusili tudi obiskovalci s svojimi \u0161tirino\u017enimi prijatelji.<\/p>\n<p>2.maja pa se obeta edinstven avtomobilski dogodek, ki \u017ee tretje leto zapored zdru\u017euje strast, estetiko in vonj po vrhunskem avtomobilizmu. Obiskovalce letos \u010daka \u0161e bogatej\u0161a izku\u0161nja, saj se razstava \u0161iri onkraj legendarnih vozil Mustang in v ospredje postavlja tudi raznovrstna ameri\u0161ka vozila ter skrbno izbrane evropske avtomobilske &#8220;cukr\u010dke&#8221; vi\u0161jega razreda. Dogodka se bodo razveselili tudi zbiratelji in nostalgiki, saj bodo prisotne stojnice s Hot Wheels avtomobil\u010dki, ki bodo dodale igriv in nostalgi\u010den pridih celotnemu dogajanju,\u00ab je pojasnila <strong>Maja Horvat <\/strong>iz Mozirskega gaja<strong>.<\/strong><\/p>\n<p>\u010ce bo de\u017e, se oba dogodka prestavita. (MH, Foto Mozirski gaj)<\/p>\n\r\n                <style type=\"text\/css\">\r\n                    \r\n                    #tdi_1  .td-doubleSlider-2 .td-item1 {\r\n                        background: url(https:\/\/novice.si\/page\/wp-content\/uploads\/2026\/04\/673881198_26901343049489987_8854524400712307444_n-80x60.jpg) 0 0 no-repeat;\r\n                    }\r\n                    #tdi_1  .td-doubleSlider-2 .td-item2 {\r\n                        background: url(https:\/\/novice.si\/page\/wp-content\/uploads\/2026\/04\/676637071_26901334409490851_476394775778591298_n-80x60.jpg) 0 0 no-repeat;\r\n                    }\r\n                    #tdi_1  .td-doubleSlider-2 .td-item3 {\r\n                        background: url(https:\/\/novice.si\/page\/wp-content\/uploads\/2026\/04\/FB-naslovna-02-3-2026-80x60.jpg) 0 0 no-repeat;\r\n                    }\r\n                    #tdi_1  .td-doubleSlider-2 .td-item4 {\r\n                        background: url(https:\/\/novice.si\/page\/wp-content\/uploads\/2026\/04\/DSC04653-80x60.jpg) 0 0 no-repeat;\r\n                    }\r\n                <\/style>\r\n\r\n                <div id=\"tdi_1\" class=\"td-gallery td-slide-on-2-columns\">\r\n                    <div class=\"post_td_gallery\">\r\n                        <div class=\"td-gallery-slide-top\">\r\n                           <div class=\"td-gallery-title\"><\/div>\r\n\r\n                            <div class=\"td-gallery-controls-wrapper\">\r\n                                <div class=\"td-gallery-slide-count\"><span class=\"td-gallery-slide-item-focus\">1<\/span> od 4<\/div>\r\n                                <div class=\"td-gallery-slide-prev-next-but\">\r\n                                    <i class = \"td-icon-left doubleSliderPrevButton\"><\/i>\r\n                                    <i class = \"td-icon-right doubleSliderNextButton\"><\/i>\r\n                                <\/div>\r\n                            <\/div>\r\n                        <\/div>\r\n\r\n                        <div class = \"td-doubleSlider-1 \">\r\n                            <div class = \"td-slider\">\r\n                                \r\n                    <div class = \"td-slide-item td-item1\">\r\n                        <figure class=\"td-slide-galery-figure td-slide-popup-gallery\">\r\n                            <a class=\"slide-gallery-image-link\" href=\"https:\/\/novice.si\/page\/wp-content\/uploads\/2026\/04\/673881198_26901343049489987_8854524400712307444_n.jpg\" title=\"673881198_26901343049489987_8854524400712307444_n\"  data-caption=\"\"  data-description=\"\" data-gallery>\r\n                                <img decoding=\"async\" src=\"https:\/\/novice.si\/page\/wp-content\/uploads\/2026\/04\/673881198_26901343049489987_8854524400712307444_n-236x420.jpg\" srcset=\"https:\/\/novice.si\/page\/wp-content\/uploads\/2026\/04\/673881198_26901343049489987_8854524400712307444_n-236x420.jpg 236w, https:\/\/novice.si\/page\/wp-content\/uploads\/2026\/04\/673881198_26901343049489987_8854524400712307444_n-338x600.jpg 338w, https:\/\/novice.si\/page\/wp-content\/uploads\/2026\/04\/673881198_26901343049489987_8854524400712307444_n-577x1024.jpg 577w, https:\/\/novice.si\/page\/wp-content\/uploads\/2026\/04\/673881198_26901343049489987_8854524400712307444_n-768x1364.jpg 768w, https:\/\/novice.si\/page\/wp-content\/uploads\/2026\/04\/673881198_26901343049489987_8854524400712307444_n-865x1536.jpg 865w, https:\/\/novice.si\/page\/wp-content\/uploads\/2026\/04\/673881198_26901343049489987_8854524400712307444_n-696x1236.jpg 696w, https:\/\/novice.si\/page\/wp-content\/uploads\/2026\/04\/673881198_26901343049489987_8854524400712307444_n-1068x1897.jpg 1068w, https:\/\/novice.si\/page\/wp-content\/uploads\/2026\/04\/673881198_26901343049489987_8854524400712307444_n-14x24.jpg 14w, https:\/\/novice.si\/page\/wp-content\/uploads\/2026\/04\/673881198_26901343049489987_8854524400712307444_n-20x36.jpg 20w, https:\/\/novice.si\/page\/wp-content\/uploads\/2026\/04\/673881198_26901343049489987_8854524400712307444_n-27x48.jpg 27w, https:\/\/novice.si\/page\/wp-content\/uploads\/2026\/04\/673881198_26901343049489987_8854524400712307444_n.jpg 1153w\" sizes=\"(max-width: 236px) 100vw, 236px\" alt=\"\">\r\n                            <\/a>\r\n                            \r\n                        <\/figure>\r\n                    <\/div>\r\n                    <div class = \"td-slide-item td-item2\">\r\n                        <figure class=\"td-slide-galery-figure td-slide-popup-gallery\">\r\n                            <a class=\"slide-gallery-image-link\" href=\"https:\/\/novice.si\/page\/wp-content\/uploads\/2026\/04\/676637071_26901334409490851_476394775778591298_n.jpg\" title=\"676637071_26901334409490851_476394775778591298_n\"  data-caption=\"\"  data-description=\"\" data-gallery>\r\n                                <img decoding=\"async\" src=\"https:\/\/novice.si\/page\/wp-content\/uploads\/2026\/04\/676637071_26901334409490851_476394775778591298_n-746x420.jpg\" srcset=\"https:\/\/novice.si\/page\/wp-content\/uploads\/2026\/04\/676637071_26901334409490851_476394775778591298_n-746x420.jpg 746w, https:\/\/novice.si\/page\/wp-content\/uploads\/2026\/04\/676637071_26901334409490851_476394775778591298_n-600x338.jpg 600w, https:\/\/novice.si\/page\/wp-content\/uploads\/2026\/04\/676637071_26901334409490851_476394775778591298_n-1024x577.jpg 1024w, https:\/\/novice.si\/page\/wp-content\/uploads\/2026\/04\/676637071_26901334409490851_476394775778591298_n-768x432.jpg 768w, https:\/\/novice.si\/page\/wp-content\/uploads\/2026\/04\/676637071_26901334409490851_476394775778591298_n-1536x865.jpg 1536w, https:\/\/novice.si\/page\/wp-content\/uploads\/2026\/04\/676637071_26901334409490851_476394775778591298_n-696x392.jpg 696w, https:\/\/novice.si\/page\/wp-content\/uploads\/2026\/04\/676637071_26901334409490851_476394775778591298_n-1068x601.jpg 1068w, https:\/\/novice.si\/page\/wp-content\/uploads\/2026\/04\/676637071_26901334409490851_476394775778591298_n-1920x1081.jpg 1920w, https:\/\/novice.si\/page\/wp-content\/uploads\/2026\/04\/676637071_26901334409490851_476394775778591298_n-24x14.jpg 24w, https:\/\/novice.si\/page\/wp-content\/uploads\/2026\/04\/676637071_26901334409490851_476394775778591298_n-36x20.jpg 36w, https:\/\/novice.si\/page\/wp-content\/uploads\/2026\/04\/676637071_26901334409490851_476394775778591298_n-48x27.jpg 48w, https:\/\/novice.si\/page\/wp-content\/uploads\/2026\/04\/676637071_26901334409490851_476394775778591298_n.jpg 2048w\" sizes=\"(max-width: 746px) 100vw, 746px\" alt=\"\">\r\n                            <\/a>\r\n                            \r\n                        <\/figure>\r\n                    <\/div>\r\n                    <div class = \"td-slide-item td-item3\">\r\n                        <figure class=\"td-slide-galery-figure td-slide-popup-gallery\">\r\n                            <a class=\"slide-gallery-image-link\" href=\"https:\/\/novice.si\/page\/wp-content\/uploads\/2026\/04\/FB-naslovna-02-3-2026.jpg\" title=\"FB naslovna 02-3-2026\"  data-caption=\"\"  data-description=\"\" data-gallery>\r\n                                <img decoding=\"async\" src=\"https:\/\/novice.si\/page\/wp-content\/uploads\/2026\/04\/FB-naslovna-02-3-2026-420x420.jpg\" srcset=\"https:\/\/novice.si\/page\/wp-content\/uploads\/2026\/04\/FB-naslovna-02-3-2026-420x420.jpg 420w, https:\/\/novice.si\/page\/wp-content\/uploads\/2026\/04\/FB-naslovna-02-3-2026-600x600.jpg 600w, https:\/\/novice.si\/page\/wp-content\/uploads\/2026\/04\/FB-naslovna-02-3-2026-1024x1024.jpg 1024w, https:\/\/novice.si\/page\/wp-content\/uploads\/2026\/04\/FB-naslovna-02-3-2026-150x150.jpg 150w, https:\/\/novice.si\/page\/wp-content\/uploads\/2026\/04\/FB-naslovna-02-3-2026-768x768.jpg 768w, https:\/\/novice.si\/page\/wp-content\/uploads\/2026\/04\/FB-naslovna-02-3-2026-1536x1536.jpg 1536w, https:\/\/novice.si\/page\/wp-content\/uploads\/2026\/04\/FB-naslovna-02-3-2026-696x696.jpg 696w, https:\/\/novice.si\/page\/wp-content\/uploads\/2026\/04\/FB-naslovna-02-3-2026-1068x1068.jpg 1068w, https:\/\/novice.si\/page\/wp-content\/uploads\/2026\/04\/FB-naslovna-02-3-2026-1920x1920.jpg 1920w, https:\/\/novice.si\/page\/wp-content\/uploads\/2026\/04\/FB-naslovna-02-3-2026-24x24.jpg 24w, https:\/\/novice.si\/page\/wp-content\/uploads\/2026\/04\/FB-naslovna-02-3-2026-36x36.jpg 36w, https:\/\/novice.si\/page\/wp-content\/uploads\/2026\/04\/FB-naslovna-02-3-2026-48x48.jpg 48w, https:\/\/novice.si\/page\/wp-content\/uploads\/2026\/04\/FB-naslovna-02-3-2026.jpg 2000w\" sizes=\"(max-width: 420px) 100vw, 420px\" alt=\"\">\r\n                            <\/a>\r\n                            \r\n                        <\/figure>\r\n                    <\/div>\r\n                    <div class = \"td-slide-item td-item4\">\r\n                        <figure class=\"td-slide-galery-figure td-slide-popup-gallery\">\r\n                            <a class=\"slide-gallery-image-link\" href=\"https:\/\/novice.si\/page\/wp-content\/uploads\/2026\/04\/DSC04653.jpg\" title=\"DSC04653\"  data-caption=\"\"  data-description=\"\" data-gallery>\r\n                                <img decoding=\"async\" src=\"https:\/\/novice.si\/page\/wp-content\/uploads\/2026\/04\/DSC04653-630x420.jpg\" srcset=\"https:\/\/novice.si\/page\/wp-content\/uploads\/2026\/04\/DSC04653-630x420.jpg 630w, https:\/\/novice.si\/page\/wp-content\/uploads\/2026\/04\/DSC04653-600x400.jpg 600w, https:\/\/novice.si\/page\/wp-content\/uploads\/2026\/04\/DSC04653-1024x683.jpg 1024w, https:\/\/novice.si\/page\/wp-content\/uploads\/2026\/04\/DSC04653-768x512.jpg 768w, https:\/\/novice.si\/page\/wp-content\/uploads\/2026\/04\/DSC04653-1536x1024.jpg 1536w, https:\/\/novice.si\/page\/wp-content\/uploads\/2026\/04\/DSC04653-696x464.jpg 696w, https:\/\/novice.si\/page\/wp-content\/uploads\/2026\/04\/DSC04653-1068x712.jpg 1068w, https:\/\/novice.si\/page\/wp-content\/uploads\/2026\/04\/DSC04653-24x16.jpg 24w, https:\/\/novice.si\/page\/wp-content\/uploads\/2026\/04\/DSC04653-36x24.jpg 36w, https:\/\/novice.si\/page\/wp-content\/uploads\/2026\/04\/DSC04653-48x32.jpg 48w, https:\/\/novice.si\/page\/wp-content\/uploads\/2026\/04\/DSC04653.jpg 1620w\" sizes=\"(max-width: 630px) 100vw, 630px\" alt=\"\">\r\n                            <\/a>\r\n                            \r\n                        <\/figure>\r\n                    <\/div>\r\n                            <\/div>\r\n                        <\/div>\r\n\r\n                        <div class = \"td-doubleSlider-2\">\r\n                            <div class = \"td-slider\">\r\n                                \r\n                    <div class = \"td-button td-item1\">\r\n                        <div class = \"td-border\"><\/div>\r\n                    <\/div>\r\n                    <div class = \"td-button td-item2\">\r\n                        <div class = \"td-border\"><\/div>\r\n                    <\/div>\r\n                    <div class = \"td-button td-item3\">\r\n                        <div class = \"td-border\"><\/div>\r\n                    <\/div>\r\n                    <div class = \"td-button td-item4\">\r\n                        <div class = \"td-border\"><\/div>\r\n                    <\/div>\r\n                            <\/div>\r\n                        <\/div>\r\n\r\n                    <\/div>\r\n\r\n                <\/div>\r\n                \n","protected":false},"excerpt":{"rendered":"<p>V Mozirskem gaju bo med prvomajskimi prazniki zelo pestro. Dodatne aktivnosti so se pravzaprav \u017ee za\u010dele in bodo potekale vse do vklju\u010dno 3. maja. Na ogled sta manj\u0161i razstavi \u017eelv in ptic, postavljenih je nekaj stojnic, v parku je nekaj likovnih razstav, \u010debelarska razstava v Ljubotovem domu in razstava ljubenskih potic v kapelici Sv. Valentina. [&hellip;]<\/p>\n","protected":false},"author":55,"featured_media":200700,"comment_status":"closed","ping_status":"closed","sticky":false,"template":"","format":"standard","meta":{"footnotes":""},"categories":[14],"tags":[],"class_list":{"0":"post-200699","1":"post","2":"type-post","3":"status-publish","4":"format-standard","5":"has-post-thumbnail","7":"category-aktualno"},"yoast_head":"<!-- This site is optimized with the Yoast SEO plugin v27.4 - https:\/\/yoast.com\/product\/yoast-seo-wordpress\/ -->\n<title>Prvomajski prazniki bodo v Mozirskem gaju zelo pestri - Novice.si<\/title>\n<meta name=\"robots\" content=\"index, follow, max-snippet:-1, max-image-preview:large, max-video-preview:-1\" \/>\n<link rel=\"canonical\" href=\"https:\/\/novice.si\/page\/prvomajski-prazniki-bodo-v-mozirskem-gaju-zelo-pestri\/\" \/>\n<meta property=\"og:locale\" content=\"sl_SI\" \/>\n<meta property=\"og:type\" content=\"article\" \/>\n<meta property=\"og:title\" content=\"Prvomajski prazniki bodo v Mozirskem gaju zelo pestri - Novice.si\" \/>\n<meta property=\"og:description\" content=\"V Mozirskem gaju bo med prvomajskimi prazniki zelo pestro. Dodatne aktivnosti so se pravzaprav \u017ee za\u010dele in bodo potekale vse do vklju\u010dno 3. maja. Na ogled sta manj\u0161i razstavi \u017eelv in ptic, postavljenih je nekaj stojnic, v parku je nekaj likovnih razstav, \u010debelarska razstava v Ljubotovem domu in razstava ljubenskih potic v kapelici Sv. Valentina. [&hellip;]\" \/>\n<meta property=\"og:url\" content=\"https:\/\/novice.si\/page\/prvomajski-prazniki-bodo-v-mozirskem-gaju-zelo-pestri\/\" \/>\n<meta property=\"og:site_name\" content=\"Novice.si\" \/>\n<meta property=\"article:published_time\" content=\"2026-04-27T08:43:00+00:00\" \/>\n<meta property=\"og:image\" content=\"https:\/\/novice.si\/page\/wp-content\/uploads\/2026\/04\/673881198_26901343049489987_8854524400712307444_n.jpg\" \/>\n\t<meta property=\"og:image:width\" content=\"1153\" \/>\n\t<meta property=\"og:image:height\" content=\"2048\" \/>\n\t<meta property=\"og:image:type\" content=\"image\/jpeg\" \/>\n<meta name=\"author\" content=\"Uredni\u0161tvo Celjana\" \/>\n<meta name=\"twitter:card\" content=\"summary_large_image\" \/>\n<meta name=\"twitter:label1\" content=\"Written by\" \/>\n\t<meta name=\"twitter:data1\" content=\"Uredni\u0161tvo Celjana\" \/>\n\t<meta name=\"twitter:label2\" content=\"Est. reading time\" \/>\n\t<meta name=\"twitter:data2\" content=\"2 minuti\" \/>\n<script type=\"application\/ld+json\" class=\"yoast-schema-graph\">{\"@context\":\"https:\\\/\\\/schema.org\",\"@graph\":[{\"@type\":\"Article\",\"@id\":\"https:\\\/\\\/novice.si\\\/page\\\/prvomajski-prazniki-bodo-v-mozirskem-gaju-zelo-pestri\\\/#article\",\"isPartOf\":{\"@id\":\"https:\\\/\\\/novice.si\\\/page\\\/prvomajski-prazniki-bodo-v-mozirskem-gaju-zelo-pestri\\\/\"},\"author\":{\"name\":\"Uredni\u0161tvo Celjana\",\"@id\":\"https:\\\/\\\/novice.si\\\/page\\\/#\\\/schema\\\/person\\\/a49f233ef2777ec7b2e8d0662325bb48\"},\"headline\":\"Prvomajski prazniki bodo v Mozirskem gaju zelo pestri\",\"datePublished\":\"2026-04-27T08:43:00+00:00\",\"mainEntityOfPage\":{\"@id\":\"https:\\\/\\\/novice.si\\\/page\\\/prvomajski-prazniki-bodo-v-mozirskem-gaju-zelo-pestri\\\/\"},\"wordCount\":240,\"publisher\":{\"@id\":\"https:\\\/\\\/novice.si\\\/page\\\/#organization\"},\"image\":{\"@id\":\"https:\\\/\\\/novice.si\\\/page\\\/prvomajski-prazniki-bodo-v-mozirskem-gaju-zelo-pestri\\\/#primaryimage\"},\"thumbnailUrl\":\"https:\\\/\\\/novice.si\\\/page\\\/wp-content\\\/uploads\\\/2026\\\/04\\\/673881198_26901343049489987_8854524400712307444_n.jpg\",\"articleSection\":[\"Aktualno\"],\"inLanguage\":\"sl-SI\"},{\"@type\":\"WebPage\",\"@id\":\"https:\\\/\\\/novice.si\\\/page\\\/prvomajski-prazniki-bodo-v-mozirskem-gaju-zelo-pestri\\\/\",\"url\":\"https:\\\/\\\/novice.si\\\/page\\\/prvomajski-prazniki-bodo-v-mozirskem-gaju-zelo-pestri\\\/\",\"name\":\"Prvomajski prazniki bodo v Mozirskem gaju zelo pestri - Novice.si\",\"isPartOf\":{\"@id\":\"https:\\\/\\\/novice.si\\\/page\\\/#website\"},\"primaryImageOfPage\":{\"@id\":\"https:\\\/\\\/novice.si\\\/page\\\/prvomajski-prazniki-bodo-v-mozirskem-gaju-zelo-pestri\\\/#primaryimage\"},\"image\":{\"@id\":\"https:\\\/\\\/novice.si\\\/page\\\/prvomajski-prazniki-bodo-v-mozirskem-gaju-zelo-pestri\\\/#primaryimage\"},\"thumbnailUrl\":\"https:\\\/\\\/novice.si\\\/page\\\/wp-content\\\/uploads\\\/2026\\\/04\\\/673881198_26901343049489987_8854524400712307444_n.jpg\",\"datePublished\":\"2026-04-27T08:43:00+00:00\",\"breadcrumb\":{\"@id\":\"https:\\\/\\\/novice.si\\\/page\\\/prvomajski-prazniki-bodo-v-mozirskem-gaju-zelo-pestri\\\/#breadcrumb\"},\"inLanguage\":\"sl-SI\",\"potentialAction\":[{\"@type\":\"ReadAction\",\"target\":[\"https:\\\/\\\/novice.si\\\/page\\\/prvomajski-prazniki-bodo-v-mozirskem-gaju-zelo-pestri\\\/\"]}]},{\"@type\":\"ImageObject\",\"inLanguage\":\"sl-SI\",\"@id\":\"https:\\\/\\\/novice.si\\\/page\\\/prvomajski-prazniki-bodo-v-mozirskem-gaju-zelo-pestri\\\/#primaryimage\",\"url\":\"https:\\\/\\\/novice.si\\\/page\\\/wp-content\\\/uploads\\\/2026\\\/04\\\/673881198_26901343049489987_8854524400712307444_n.jpg\",\"contentUrl\":\"https:\\\/\\\/novice.si\\\/page\\\/wp-content\\\/uploads\\\/2026\\\/04\\\/673881198_26901343049489987_8854524400712307444_n.jpg\",\"width\":1153,\"height\":2048},{\"@type\":\"BreadcrumbList\",\"@id\":\"https:\\\/\\\/novice.si\\\/page\\\/prvomajski-prazniki-bodo-v-mozirskem-gaju-zelo-pestri\\\/#breadcrumb\",\"itemListElement\":[{\"@type\":\"ListItem\",\"position\":1,\"name\":\"Home\",\"item\":\"https:\\\/\\\/novice.si\\\/page\\\/\"},{\"@type\":\"ListItem\",\"position\":2,\"name\":\"Prvomajski prazniki bodo v Mozirskem gaju zelo pestri\"}]},{\"@type\":\"WebSite\",\"@id\":\"https:\\\/\\\/novice.si\\\/page\\\/#website\",\"url\":\"https:\\\/\\\/novice.si\\\/page\\\/\",\"name\":\"Novice.si\",\"description\":\"\",\"publisher\":{\"@id\":\"https:\\\/\\\/novice.si\\\/page\\\/#organization\"},\"potentialAction\":[{\"@type\":\"SearchAction\",\"target\":{\"@type\":\"EntryPoint\",\"urlTemplate\":\"https:\\\/\\\/novice.si\\\/page\\\/?s={search_term_string}\"},\"query-input\":{\"@type\":\"PropertyValueSpecification\",\"valueRequired\":true,\"valueName\":\"search_term_string\"}}],\"inLanguage\":\"sl-SI\"},{\"@type\":\"Organization\",\"@id\":\"https:\\\/\\\/novice.si\\\/page\\\/#organization\",\"name\":\"Novice.si\",\"url\":\"https:\\\/\\\/novice.si\\\/page\\\/\",\"logo\":{\"@type\":\"ImageObject\",\"inLanguage\":\"sl-SI\",\"@id\":\"https:\\\/\\\/novice.si\\\/page\\\/#\\\/schema\\\/logo\\\/image\\\/\",\"url\":\"https:\\\/\\\/novice.si\\\/page\\\/wp-content\\\/uploads\\\/2023\\\/03\\\/novice_si.png\",\"contentUrl\":\"https:\\\/\\\/novice.si\\\/page\\\/wp-content\\\/uploads\\\/2023\\\/03\\\/novice_si.png\",\"width\":576,\"height\":200,\"caption\":\"Novice.si\"},\"image\":{\"@id\":\"https:\\\/\\\/novice.si\\\/page\\\/#\\\/schema\\\/logo\\\/image\\\/\"}},{\"@type\":\"Person\",\"@id\":\"https:\\\/\\\/novice.si\\\/page\\\/#\\\/schema\\\/person\\\/a49f233ef2777ec7b2e8d0662325bb48\",\"name\":\"Uredni\u0161tvo Celjana\",\"image\":{\"@type\":\"ImageObject\",\"inLanguage\":\"sl-SI\",\"@id\":\"https:\\\/\\\/secure.gravatar.com\\\/avatar\\\/7f7863e616af8f92806c638dd1db3f1a238d83d1cc2ec3100afc06fbb7eb303f?s=96&d=mm&r=g\",\"url\":\"https:\\\/\\\/secure.gravatar.com\\\/avatar\\\/7f7863e616af8f92806c638dd1db3f1a238d83d1cc2ec3100afc06fbb7eb303f?s=96&d=mm&r=g\",\"contentUrl\":\"https:\\\/\\\/secure.gravatar.com\\\/avatar\\\/7f7863e616af8f92806c638dd1db3f1a238d83d1cc2ec3100afc06fbb7eb303f?s=96&d=mm&r=g\",\"caption\":\"Uredni\u0161tvo Celjana\"},\"url\":\"https:\\\/\\\/novice.si\\\/page\\\/author\\\/maja\\\/\"}]}<\/script>\n<!-- \/ Yoast SEO plugin. -->","yoast_head_json":{"title":"Prvomajski prazniki bodo v Mozirskem gaju zelo pestri - Novice.si","robots":{"index":"index","follow":"follow","max-snippet":"max-snippet:-1","max-image-preview":"max-image-preview:large","max-video-preview":"max-video-preview:-1"},"canonical":"https:\/\/novice.si\/page\/prvomajski-prazniki-bodo-v-mozirskem-gaju-zelo-pestri\/","og_locale":"sl_SI","og_type":"article","og_title":"Prvomajski prazniki bodo v Mozirskem gaju zelo pestri - Novice.si","og_description":"V Mozirskem gaju bo med prvomajskimi prazniki zelo pestro. Dodatne aktivnosti so se pravzaprav \u017ee za\u010dele in bodo potekale vse do vklju\u010dno 3. maja. Na ogled sta manj\u0161i razstavi \u017eelv in ptic, postavljenih je nekaj stojnic, v parku je nekaj likovnih razstav, \u010debelarska razstava v Ljubotovem domu in razstava ljubenskih potic v kapelici Sv. Valentina. [&hellip;]","og_url":"https:\/\/novice.si\/page\/prvomajski-prazniki-bodo-v-mozirskem-gaju-zelo-pestri\/","og_site_name":"Novice.si","article_published_time":"2026-04-27T08:43:00+00:00","og_image":[{"width":1153,"height":2048,"url":"https:\/\/novice.si\/page\/wp-content\/uploads\/2026\/04\/673881198_26901343049489987_8854524400712307444_n.jpg","type":"image\/jpeg"}],"author":"Uredni\u0161tvo Celjana","twitter_card":"summary_large_image","twitter_misc":{"Written by":"Uredni\u0161tvo Celjana","Est. reading time":"2 minuti"},"schema":{"@context":"https:\/\/schema.org","@graph":[{"@type":"Article","@id":"https:\/\/novice.si\/page\/prvomajski-prazniki-bodo-v-mozirskem-gaju-zelo-pestri\/#article","isPartOf":{"@id":"https:\/\/novice.si\/page\/prvomajski-prazniki-bodo-v-mozirskem-gaju-zelo-pestri\/"},"author":{"name":"Uredni\u0161tvo Celjana","@id":"https:\/\/novice.si\/page\/#\/schema\/person\/a49f233ef2777ec7b2e8d0662325bb48"},"headline":"Prvomajski prazniki bodo v Mozirskem gaju zelo pestri","datePublished":"2026-04-27T08:43:00+00:00","mainEntityOfPage":{"@id":"https:\/\/novice.si\/page\/prvomajski-prazniki-bodo-v-mozirskem-gaju-zelo-pestri\/"},"wordCount":240,"publisher":{"@id":"https:\/\/novice.si\/page\/#organization"},"image":{"@id":"https:\/\/novice.si\/page\/prvomajski-prazniki-bodo-v-mozirskem-gaju-zelo-pestri\/#primaryimage"},"thumbnailUrl":"https:\/\/novice.si\/page\/wp-content\/uploads\/2026\/04\/673881198_26901343049489987_8854524400712307444_n.jpg","articleSection":["Aktualno"],"inLanguage":"sl-SI"},{"@type":"WebPage","@id":"https:\/\/novice.si\/page\/prvomajski-prazniki-bodo-v-mozirskem-gaju-zelo-pestri\/","url":"https:\/\/novice.si\/page\/prvomajski-prazniki-bodo-v-mozirskem-gaju-zelo-pestri\/","name":"Prvomajski prazniki bodo v Mozirskem gaju zelo pestri - Novice.si","isPartOf":{"@id":"https:\/\/novice.si\/page\/#website"},"primaryImageOfPage":{"@id":"https:\/\/novice.si\/page\/prvomajski-prazniki-bodo-v-mozirskem-gaju-zelo-pestri\/#primaryimage"},"image":{"@id":"https:\/\/novice.si\/page\/prvomajski-prazniki-bodo-v-mozirskem-gaju-zelo-pestri\/#primaryimage"},"thumbnailUrl":"https:\/\/novice.si\/page\/wp-content\/uploads\/2026\/04\/673881198_26901343049489987_8854524400712307444_n.jpg","datePublished":"2026-04-27T08:43:00+00:00","breadcrumb":{"@id":"https:\/\/novice.si\/page\/prvomajski-prazniki-bodo-v-mozirskem-gaju-zelo-pestri\/#breadcrumb"},"inLanguage":"sl-SI","potentialAction":[{"@type":"ReadAction","target":["https:\/\/novice.si\/page\/prvomajski-prazniki-bodo-v-mozirskem-gaju-zelo-pestri\/"]}]},{"@type":"ImageObject","inLanguage":"sl-SI","@id":"https:\/\/novice.si\/page\/prvomajski-prazniki-bodo-v-mozirskem-gaju-zelo-pestri\/#primaryimage","url":"https:\/\/novice.si\/page\/wp-content\/uploads\/2026\/04\/673881198_26901343049489987_8854524400712307444_n.jpg","contentUrl":"https:\/\/novice.si\/page\/wp-content\/uploads\/2026\/04\/673881198_26901343049489987_8854524400712307444_n.jpg","width":1153,"height":2048},{"@type":"BreadcrumbList","@id":"https:\/\/novice.si\/page\/prvomajski-prazniki-bodo-v-mozirskem-gaju-zelo-pestri\/#breadcrumb","itemListElement":[{"@type":"ListItem","position":1,"name":"Home","item":"https:\/\/novice.si\/page\/"},{"@type":"ListItem","position":2,"name":"Prvomajski prazniki bodo v Mozirskem gaju zelo pestri"}]},{"@type":"WebSite","@id":"https:\/\/novice.si\/page\/#website","url":"https:\/\/novice.si\/page\/","name":"Novice.si","description":"","publisher":{"@id":"https:\/\/novice.si\/page\/#organization"},"potentialAction":[{"@type":"SearchAction","target":{"@type":"EntryPoint","urlTemplate":"https:\/\/novice.si\/page\/?s={search_term_string}"},"query-input":{"@type":"PropertyValueSpecification","valueRequired":true,"valueName":"search_term_string"}}],"inLanguage":"sl-SI"},{"@type":"Organization","@id":"https:\/\/novice.si\/page\/#organization","name":"Novice.si","url":"https:\/\/novice.si\/page\/","logo":{"@type":"ImageObject","inLanguage":"sl-SI","@id":"https:\/\/novice.si\/page\/#\/schema\/logo\/image\/","url":"https:\/\/novice.si\/page\/wp-content\/uploads\/2023\/03\/novice_si.png","contentUrl":"https:\/\/novice.si\/page\/wp-content\/uploads\/2023\/03\/novice_si.png","width":576,"height":200,"caption":"Novice.si"},"image":{"@id":"https:\/\/novice.si\/page\/#\/schema\/logo\/image\/"}},{"@type":"Person","@id":"https:\/\/novice.si\/page\/#\/schema\/person\/a49f233ef2777ec7b2e8d0662325bb48","name":"Uredni\u0161tvo Celjana","image":{"@type":"ImageObject","inLanguage":"sl-SI","@id":"https:\/\/secure.gravatar.com\/avatar\/7f7863e616af8f92806c638dd1db3f1a238d83d1cc2ec3100afc06fbb7eb303f?s=96&d=mm&r=g","url":"https:\/\/secure.gravatar.com\/avatar\/7f7863e616af8f92806c638dd1db3f1a238d83d1cc2ec3100afc06fbb7eb303f?s=96&d=mm&r=g","contentUrl":"https:\/\/secure.gravatar.com\/avatar\/7f7863e616af8f92806c638dd1db3f1a238d83d1cc2ec3100afc06fbb7eb303f?s=96&d=mm&r=g","caption":"Uredni\u0161tvo Celjana"},"url":"https:\/\/novice.si\/page\/author\/maja\/"}]}},"_links":{"self":[{"href":"https:\/\/novice.si\/page\/wp-json\/wp\/v2\/posts\/200699","targetHints":{"allow":["GET"]}}],"collection":[{"href":"https:\/\/novice.si\/page\/wp-json\/wp\/v2\/posts"}],"about":[{"href":"https:\/\/novice.si\/page\/wp-json\/wp\/v2\/types\/post"}],"author":[{"embeddable":true,"href":"https:\/\/novice.si\/page\/wp-json\/wp\/v2\/users\/55"}],"replies":[{"embeddable":true,"href":"https:\/\/novice.si\/page\/wp-json\/wp\/v2\/comments?post=200699"}],"version-history":[{"count":2,"href":"https:\/\/novice.si\/page\/wp-json\/wp\/v2\/posts\/200699\/revisions"}],"predecessor-version":[{"id":200705,"href":"https:\/\/novice.si\/page\/wp-json\/wp\/v2\/posts\/200699\/revisions\/200705"}],"wp:featuredmedia":[{"embeddable":true,"href":"https:\/\/novice.si\/page\/wp-json\/wp\/v2\/media\/200700"}],"wp:attachment":[{"href":"https:\/\/novice.si\/page\/wp-json\/wp\/v2\/media?parent=200699"}],"wp:term":[{"taxonomy":"category","embeddable":true,"href":"https:\/\/novice.si\/page\/wp-json\/wp\/v2\/categories?post=200699"},{"taxonomy":"post_tag","embeddable":true,"href":"https:\/\/novice.si\/page\/wp-json\/wp\/v2\/tags?post=200699"}],"curies":[{"name":"wp","href":"https:\/\/api.w.org\/{rel}","templated":true}]}}