{"id":200696,"date":"2026-04-27T09:41:53","date_gmt":"2026-04-27T07:41:53","guid":{"rendered":"https:\/\/novice.si\/page\/?p=200696"},"modified":"2026-04-24T23:42:53","modified_gmt":"2026-04-24T21:42:53","slug":"med-prvomajskimi-prazniki-so-na-sirsem-celjskem-terme-precej-bolj-zasedene-od-mesta","status":"publish","type":"post","link":"https:\/\/novice.si\/page\/med-prvomajskimi-prazniki-so-na-sirsem-celjskem-terme-precej-bolj-zasedene-od-mesta\/","title":{"rendered":"Med prvomajskimi prazniki so na \u0161ir\u0161em Celjskem terme precej bolj zasedene od mesta"},"content":{"rendered":"<p><em><img loading=\"lazy\" decoding=\"async\" class=\" wp-image-200697 alignright\" src=\"https:\/\/novice.si\/page\/wp-content\/uploads\/2026\/04\/cz-zasedenost-hotelov-600x400.jpg\" alt=\"\" width=\"345\" height=\"230\" srcset=\"https:\/\/novice.si\/page\/wp-content\/uploads\/2026\/04\/cz-zasedenost-hotelov-600x400.jpg 600w, https:\/\/novice.si\/page\/wp-content\/uploads\/2026\/04\/cz-zasedenost-hotelov-1024x683.jpg 1024w, https:\/\/novice.si\/page\/wp-content\/uploads\/2026\/04\/cz-zasedenost-hotelov-768x512.jpg 768w, https:\/\/novice.si\/page\/wp-content\/uploads\/2026\/04\/cz-zasedenost-hotelov-1536x1024.jpg 1536w, https:\/\/novice.si\/page\/wp-content\/uploads\/2026\/04\/cz-zasedenost-hotelov-630x420.jpg 630w, https:\/\/novice.si\/page\/wp-content\/uploads\/2026\/04\/cz-zasedenost-hotelov-696x464.jpg 696w, https:\/\/novice.si\/page\/wp-content\/uploads\/2026\/04\/cz-zasedenost-hotelov-1068x712.jpg 1068w, https:\/\/novice.si\/page\/wp-content\/uploads\/2026\/04\/cz-zasedenost-hotelov-24x16.jpg 24w, https:\/\/novice.si\/page\/wp-content\/uploads\/2026\/04\/cz-zasedenost-hotelov-36x24.jpg 36w, https:\/\/novice.si\/page\/wp-content\/uploads\/2026\/04\/cz-zasedenost-hotelov-48x32.jpg 48w, https:\/\/novice.si\/page\/wp-content\/uploads\/2026\/04\/cz-zasedenost-hotelov.jpg 1920w\" sizes=\"auto, (max-width: 345px) 100vw, 345px\" \/>Med prvomajskimi prazniki so na \u0161ir\u0161em Celjskem terme precej bolj zasedene od mesta. Tako je vsaj kazalo tik pred prazniki.<\/em><\/p>\n<p>Hotel Evropa Celje bele\u017ei pribli\u017eno 50-odstotno zasedenost. Tudi v Hi\u0161i Barbara, \u0161tirizvezdi\u010dni buti\u010dni namestitvi v centru Celja, je \u0161e kar nekaj prostih sob. Obojni ra\u010dunajo, da se bo stanje izbolj\u0161alo z rezervacijami v zadnjem hipu.<\/p>\n<p>Kljub temu, da je zanimanje za terme ve\u010dje, so popolnoma zasedene le Rimske terme. Thermana La\u0161ko in Terme Dobrna imajo zasedenost primerljivo z lani. Ve\u010d o tem lahko preberete tudi v jutri\u0161njem \u010dasopisu Celjan. (MH, Foto arhiv Celjana)<\/p>\n","protected":false},"excerpt":{"rendered":"<p>Med prvomajskimi prazniki so na \u0161ir\u0161em Celjskem terme precej bolj zasedene od mesta. Tako je vsaj kazalo tik pred prazniki. Hotel Evropa Celje bele\u017ei pribli\u017eno 50-odstotno zasedenost. Tudi v Hi\u0161i Barbara, \u0161tirizvezdi\u010dni buti\u010dni namestitvi v centru Celja, je \u0161e kar nekaj prostih sob. Obojni ra\u010dunajo, da se bo stanje izbolj\u0161alo z rezervacijami v zadnjem hipu. [&hellip;]<\/p>\n","protected":false},"author":55,"featured_media":200697,"comment_status":"closed","ping_status":"closed","sticky":false,"template":"","format":"standard","meta":{"footnotes":""},"categories":[14,17],"tags":[],"class_list":{"0":"post-200696","1":"post","2":"type-post","3":"status-publish","4":"format-standard","5":"has-post-thumbnail","7":"category-aktualno","8":"category-celjsko"},"yoast_head":"<!-- This site is optimized with the Yoast SEO plugin v27.4 - https:\/\/yoast.com\/product\/yoast-seo-wordpress\/ -->\n<title>Med prvomajskimi prazniki so na \u0161ir\u0161em Celjskem terme precej bolj zasedene od mesta - Novice.si<\/title>\n<meta name=\"robots\" content=\"index, follow, max-snippet:-1, max-image-preview:large, max-video-preview:-1\" \/>\n<link rel=\"canonical\" href=\"https:\/\/novice.si\/page\/med-prvomajskimi-prazniki-so-na-sirsem-celjskem-terme-precej-bolj-zasedene-od-mesta\/\" \/>\n<meta property=\"og:locale\" content=\"sl_SI\" \/>\n<meta property=\"og:type\" content=\"article\" \/>\n<meta property=\"og:title\" content=\"Med prvomajskimi prazniki so na \u0161ir\u0161em Celjskem terme precej bolj zasedene od mesta - Novice.si\" \/>\n<meta property=\"og:description\" content=\"Med prvomajskimi prazniki so na \u0161ir\u0161em Celjskem terme precej bolj zasedene od mesta. Tako je vsaj kazalo tik pred prazniki. Hotel Evropa Celje bele\u017ei pribli\u017eno 50-odstotno zasedenost. Tudi v Hi\u0161i Barbara, \u0161tirizvezdi\u010dni buti\u010dni namestitvi v centru Celja, je \u0161e kar nekaj prostih sob. Obojni ra\u010dunajo, da se bo stanje izbolj\u0161alo z rezervacijami v zadnjem hipu. [&hellip;]\" \/>\n<meta property=\"og:url\" content=\"https:\/\/novice.si\/page\/med-prvomajskimi-prazniki-so-na-sirsem-celjskem-terme-precej-bolj-zasedene-od-mesta\/\" \/>\n<meta property=\"og:site_name\" content=\"Novice.si\" \/>\n<meta property=\"article:published_time\" content=\"2026-04-27T07:41:53+00:00\" \/>\n<meta property=\"og:image\" content=\"https:\/\/novice.si\/page\/wp-content\/uploads\/2026\/04\/cz-zasedenost-hotelov.jpg\" \/>\n\t<meta property=\"og:image:width\" content=\"1920\" \/>\n\t<meta property=\"og:image:height\" content=\"1280\" \/>\n\t<meta property=\"og:image:type\" content=\"image\/jpeg\" \/>\n<meta name=\"author\" content=\"Uredni\u0161tvo Celjana\" \/>\n<meta name=\"twitter:card\" content=\"summary_large_image\" \/>\n<meta name=\"twitter:label1\" content=\"Written by\" \/>\n\t<meta name=\"twitter:data1\" content=\"Uredni\u0161tvo Celjana\" \/>\n\t<meta name=\"twitter:label2\" content=\"Est. reading time\" \/>\n\t<meta name=\"twitter:data2\" content=\"1 minuta\" \/>\n<script type=\"application\/ld+json\" class=\"yoast-schema-graph\">{\"@context\":\"https:\\\/\\\/schema.org\",\"@graph\":[{\"@type\":\"Article\",\"@id\":\"https:\\\/\\\/novice.si\\\/page\\\/med-prvomajskimi-prazniki-so-na-sirsem-celjskem-terme-precej-bolj-zasedene-od-mesta\\\/#article\",\"isPartOf\":{\"@id\":\"https:\\\/\\\/novice.si\\\/page\\\/med-prvomajskimi-prazniki-so-na-sirsem-celjskem-terme-precej-bolj-zasedene-od-mesta\\\/\"},\"author\":{\"name\":\"Uredni\u0161tvo Celjana\",\"@id\":\"https:\\\/\\\/novice.si\\\/page\\\/#\\\/schema\\\/person\\\/a49f233ef2777ec7b2e8d0662325bb48\"},\"headline\":\"Med prvomajskimi prazniki so na \u0161ir\u0161em Celjskem terme precej bolj zasedene od mesta\",\"datePublished\":\"2026-04-27T07:41:53+00:00\",\"mainEntityOfPage\":{\"@id\":\"https:\\\/\\\/novice.si\\\/page\\\/med-prvomajskimi-prazniki-so-na-sirsem-celjskem-terme-precej-bolj-zasedene-od-mesta\\\/\"},\"wordCount\":118,\"publisher\":{\"@id\":\"https:\\\/\\\/novice.si\\\/page\\\/#organization\"},\"image\":{\"@id\":\"https:\\\/\\\/novice.si\\\/page\\\/med-prvomajskimi-prazniki-so-na-sirsem-celjskem-terme-precej-bolj-zasedene-od-mesta\\\/#primaryimage\"},\"thumbnailUrl\":\"https:\\\/\\\/novice.si\\\/page\\\/wp-content\\\/uploads\\\/2026\\\/04\\\/cz-zasedenost-hotelov.jpg\",\"articleSection\":[\"Aktualno\",\"Celjsko\"],\"inLanguage\":\"sl-SI\"},{\"@type\":\"WebPage\",\"@id\":\"https:\\\/\\\/novice.si\\\/page\\\/med-prvomajskimi-prazniki-so-na-sirsem-celjskem-terme-precej-bolj-zasedene-od-mesta\\\/\",\"url\":\"https:\\\/\\\/novice.si\\\/page\\\/med-prvomajskimi-prazniki-so-na-sirsem-celjskem-terme-precej-bolj-zasedene-od-mesta\\\/\",\"name\":\"Med prvomajskimi prazniki so na \u0161ir\u0161em Celjskem terme precej bolj zasedene od mesta - Novice.si\",\"isPartOf\":{\"@id\":\"https:\\\/\\\/novice.si\\\/page\\\/#website\"},\"primaryImageOfPage\":{\"@id\":\"https:\\\/\\\/novice.si\\\/page\\\/med-prvomajskimi-prazniki-so-na-sirsem-celjskem-terme-precej-bolj-zasedene-od-mesta\\\/#primaryimage\"},\"image\":{\"@id\":\"https:\\\/\\\/novice.si\\\/page\\\/med-prvomajskimi-prazniki-so-na-sirsem-celjskem-terme-precej-bolj-zasedene-od-mesta\\\/#primaryimage\"},\"thumbnailUrl\":\"https:\\\/\\\/novice.si\\\/page\\\/wp-content\\\/uploads\\\/2026\\\/04\\\/cz-zasedenost-hotelov.jpg\",\"datePublished\":\"2026-04-27T07:41:53+00:00\",\"breadcrumb\":{\"@id\":\"https:\\\/\\\/novice.si\\\/page\\\/med-prvomajskimi-prazniki-so-na-sirsem-celjskem-terme-precej-bolj-zasedene-od-mesta\\\/#breadcrumb\"},\"inLanguage\":\"sl-SI\",\"potentialAction\":[{\"@type\":\"ReadAction\",\"target\":[\"https:\\\/\\\/novice.si\\\/page\\\/med-prvomajskimi-prazniki-so-na-sirsem-celjskem-terme-precej-bolj-zasedene-od-mesta\\\/\"]}]},{\"@type\":\"ImageObject\",\"inLanguage\":\"sl-SI\",\"@id\":\"https:\\\/\\\/novice.si\\\/page\\\/med-prvomajskimi-prazniki-so-na-sirsem-celjskem-terme-precej-bolj-zasedene-od-mesta\\\/#primaryimage\",\"url\":\"https:\\\/\\\/novice.si\\\/page\\\/wp-content\\\/uploads\\\/2026\\\/04\\\/cz-zasedenost-hotelov.jpg\",\"contentUrl\":\"https:\\\/\\\/novice.si\\\/page\\\/wp-content\\\/uploads\\\/2026\\\/04\\\/cz-zasedenost-hotelov.jpg\",\"width\":1920,\"height\":1280},{\"@type\":\"BreadcrumbList\",\"@id\":\"https:\\\/\\\/novice.si\\\/page\\\/med-prvomajskimi-prazniki-so-na-sirsem-celjskem-terme-precej-bolj-zasedene-od-mesta\\\/#breadcrumb\",\"itemListElement\":[{\"@type\":\"ListItem\",\"position\":1,\"name\":\"Home\",\"item\":\"https:\\\/\\\/novice.si\\\/page\\\/\"},{\"@type\":\"ListItem\",\"position\":2,\"name\":\"Med prvomajskimi prazniki so na \u0161ir\u0161em Celjskem terme precej bolj zasedene od mesta\"}]},{\"@type\":\"WebSite\",\"@id\":\"https:\\\/\\\/novice.si\\\/page\\\/#website\",\"url\":\"https:\\\/\\\/novice.si\\\/page\\\/\",\"name\":\"Novice.si\",\"description\":\"\",\"publisher\":{\"@id\":\"https:\\\/\\\/novice.si\\\/page\\\/#organization\"},\"potentialAction\":[{\"@type\":\"SearchAction\",\"target\":{\"@type\":\"EntryPoint\",\"urlTemplate\":\"https:\\\/\\\/novice.si\\\/page\\\/?s={search_term_string}\"},\"query-input\":{\"@type\":\"PropertyValueSpecification\",\"valueRequired\":true,\"valueName\":\"search_term_string\"}}],\"inLanguage\":\"sl-SI\"},{\"@type\":\"Organization\",\"@id\":\"https:\\\/\\\/novice.si\\\/page\\\/#organization\",\"name\":\"Novice.si\",\"url\":\"https:\\\/\\\/novice.si\\\/page\\\/\",\"logo\":{\"@type\":\"ImageObject\",\"inLanguage\":\"sl-SI\",\"@id\":\"https:\\\/\\\/novice.si\\\/page\\\/#\\\/schema\\\/logo\\\/image\\\/\",\"url\":\"https:\\\/\\\/novice.si\\\/page\\\/wp-content\\\/uploads\\\/2023\\\/03\\\/novice_si.png\",\"contentUrl\":\"https:\\\/\\\/novice.si\\\/page\\\/wp-content\\\/uploads\\\/2023\\\/03\\\/novice_si.png\",\"width\":576,\"height\":200,\"caption\":\"Novice.si\"},\"image\":{\"@id\":\"https:\\\/\\\/novice.si\\\/page\\\/#\\\/schema\\\/logo\\\/image\\\/\"}},{\"@type\":\"Person\",\"@id\":\"https:\\\/\\\/novice.si\\\/page\\\/#\\\/schema\\\/person\\\/a49f233ef2777ec7b2e8d0662325bb48\",\"name\":\"Uredni\u0161tvo Celjana\",\"image\":{\"@type\":\"ImageObject\",\"inLanguage\":\"sl-SI\",\"@id\":\"https:\\\/\\\/secure.gravatar.com\\\/avatar\\\/7f7863e616af8f92806c638dd1db3f1a238d83d1cc2ec3100afc06fbb7eb303f?s=96&d=mm&r=g\",\"url\":\"https:\\\/\\\/secure.gravatar.com\\\/avatar\\\/7f7863e616af8f92806c638dd1db3f1a238d83d1cc2ec3100afc06fbb7eb303f?s=96&d=mm&r=g\",\"contentUrl\":\"https:\\\/\\\/secure.gravatar.com\\\/avatar\\\/7f7863e616af8f92806c638dd1db3f1a238d83d1cc2ec3100afc06fbb7eb303f?s=96&d=mm&r=g\",\"caption\":\"Uredni\u0161tvo Celjana\"},\"url\":\"https:\\\/\\\/novice.si\\\/page\\\/author\\\/maja\\\/\"}]}<\/script>\n<!-- \/ Yoast SEO plugin. -->","yoast_head_json":{"title":"Med prvomajskimi prazniki so na \u0161ir\u0161em Celjskem terme precej bolj zasedene od mesta - Novice.si","robots":{"index":"index","follow":"follow","max-snippet":"max-snippet:-1","max-image-preview":"max-image-preview:large","max-video-preview":"max-video-preview:-1"},"canonical":"https:\/\/novice.si\/page\/med-prvomajskimi-prazniki-so-na-sirsem-celjskem-terme-precej-bolj-zasedene-od-mesta\/","og_locale":"sl_SI","og_type":"article","og_title":"Med prvomajskimi prazniki so na \u0161ir\u0161em Celjskem terme precej bolj zasedene od mesta - Novice.si","og_description":"Med prvomajskimi prazniki so na \u0161ir\u0161em Celjskem terme precej bolj zasedene od mesta. Tako je vsaj kazalo tik pred prazniki. Hotel Evropa Celje bele\u017ei pribli\u017eno 50-odstotno zasedenost. Tudi v Hi\u0161i Barbara, \u0161tirizvezdi\u010dni buti\u010dni namestitvi v centru Celja, je \u0161e kar nekaj prostih sob. Obojni ra\u010dunajo, da se bo stanje izbolj\u0161alo z rezervacijami v zadnjem hipu. [&hellip;]","og_url":"https:\/\/novice.si\/page\/med-prvomajskimi-prazniki-so-na-sirsem-celjskem-terme-precej-bolj-zasedene-od-mesta\/","og_site_name":"Novice.si","article_published_time":"2026-04-27T07:41:53+00:00","og_image":[{"width":1920,"height":1280,"url":"https:\/\/novice.si\/page\/wp-content\/uploads\/2026\/04\/cz-zasedenost-hotelov.jpg","type":"image\/jpeg"}],"author":"Uredni\u0161tvo Celjana","twitter_card":"summary_large_image","twitter_misc":{"Written by":"Uredni\u0161tvo Celjana","Est. reading time":"1 minuta"},"schema":{"@context":"https:\/\/schema.org","@graph":[{"@type":"Article","@id":"https:\/\/novice.si\/page\/med-prvomajskimi-prazniki-so-na-sirsem-celjskem-terme-precej-bolj-zasedene-od-mesta\/#article","isPartOf":{"@id":"https:\/\/novice.si\/page\/med-prvomajskimi-prazniki-so-na-sirsem-celjskem-terme-precej-bolj-zasedene-od-mesta\/"},"author":{"name":"Uredni\u0161tvo Celjana","@id":"https:\/\/novice.si\/page\/#\/schema\/person\/a49f233ef2777ec7b2e8d0662325bb48"},"headline":"Med prvomajskimi prazniki so na \u0161ir\u0161em Celjskem terme precej bolj zasedene od mesta","datePublished":"2026-04-27T07:41:53+00:00","mainEntityOfPage":{"@id":"https:\/\/novice.si\/page\/med-prvomajskimi-prazniki-so-na-sirsem-celjskem-terme-precej-bolj-zasedene-od-mesta\/"},"wordCount":118,"publisher":{"@id":"https:\/\/novice.si\/page\/#organization"},"image":{"@id":"https:\/\/novice.si\/page\/med-prvomajskimi-prazniki-so-na-sirsem-celjskem-terme-precej-bolj-zasedene-od-mesta\/#primaryimage"},"thumbnailUrl":"https:\/\/novice.si\/page\/wp-content\/uploads\/2026\/04\/cz-zasedenost-hotelov.jpg","articleSection":["Aktualno","Celjsko"],"inLanguage":"sl-SI"},{"@type":"WebPage","@id":"https:\/\/novice.si\/page\/med-prvomajskimi-prazniki-so-na-sirsem-celjskem-terme-precej-bolj-zasedene-od-mesta\/","url":"https:\/\/novice.si\/page\/med-prvomajskimi-prazniki-so-na-sirsem-celjskem-terme-precej-bolj-zasedene-od-mesta\/","name":"Med prvomajskimi prazniki so na \u0161ir\u0161em Celjskem terme precej bolj zasedene od mesta - Novice.si","isPartOf":{"@id":"https:\/\/novice.si\/page\/#website"},"primaryImageOfPage":{"@id":"https:\/\/novice.si\/page\/med-prvomajskimi-prazniki-so-na-sirsem-celjskem-terme-precej-bolj-zasedene-od-mesta\/#primaryimage"},"image":{"@id":"https:\/\/novice.si\/page\/med-prvomajskimi-prazniki-so-na-sirsem-celjskem-terme-precej-bolj-zasedene-od-mesta\/#primaryimage"},"thumbnailUrl":"https:\/\/novice.si\/page\/wp-content\/uploads\/2026\/04\/cz-zasedenost-hotelov.jpg","datePublished":"2026-04-27T07:41:53+00:00","breadcrumb":{"@id":"https:\/\/novice.si\/page\/med-prvomajskimi-prazniki-so-na-sirsem-celjskem-terme-precej-bolj-zasedene-od-mesta\/#breadcrumb"},"inLanguage":"sl-SI","potentialAction":[{"@type":"ReadAction","target":["https:\/\/novice.si\/page\/med-prvomajskimi-prazniki-so-na-sirsem-celjskem-terme-precej-bolj-zasedene-od-mesta\/"]}]},{"@type":"ImageObject","inLanguage":"sl-SI","@id":"https:\/\/novice.si\/page\/med-prvomajskimi-prazniki-so-na-sirsem-celjskem-terme-precej-bolj-zasedene-od-mesta\/#primaryimage","url":"https:\/\/novice.si\/page\/wp-content\/uploads\/2026\/04\/cz-zasedenost-hotelov.jpg","contentUrl":"https:\/\/novice.si\/page\/wp-content\/uploads\/2026\/04\/cz-zasedenost-hotelov.jpg","width":1920,"height":1280},{"@type":"BreadcrumbList","@id":"https:\/\/novice.si\/page\/med-prvomajskimi-prazniki-so-na-sirsem-celjskem-terme-precej-bolj-zasedene-od-mesta\/#breadcrumb","itemListElement":[{"@type":"ListItem","position":1,"name":"Home","item":"https:\/\/novice.si\/page\/"},{"@type":"ListItem","position":2,"name":"Med prvomajskimi prazniki so na \u0161ir\u0161em Celjskem terme precej bolj zasedene od mesta"}]},{"@type":"WebSite","@id":"https:\/\/novice.si\/page\/#website","url":"https:\/\/novice.si\/page\/","name":"Novice.si","description":"","publisher":{"@id":"https:\/\/novice.si\/page\/#organization"},"potentialAction":[{"@type":"SearchAction","target":{"@type":"EntryPoint","urlTemplate":"https:\/\/novice.si\/page\/?s={search_term_string}"},"query-input":{"@type":"PropertyValueSpecification","valueRequired":true,"valueName":"search_term_string"}}],"inLanguage":"sl-SI"},{"@type":"Organization","@id":"https:\/\/novice.si\/page\/#organization","name":"Novice.si","url":"https:\/\/novice.si\/page\/","logo":{"@type":"ImageObject","inLanguage":"sl-SI","@id":"https:\/\/novice.si\/page\/#\/schema\/logo\/image\/","url":"https:\/\/novice.si\/page\/wp-content\/uploads\/2023\/03\/novice_si.png","contentUrl":"https:\/\/novice.si\/page\/wp-content\/uploads\/2023\/03\/novice_si.png","width":576,"height":200,"caption":"Novice.si"},"image":{"@id":"https:\/\/novice.si\/page\/#\/schema\/logo\/image\/"}},{"@type":"Person","@id":"https:\/\/novice.si\/page\/#\/schema\/person\/a49f233ef2777ec7b2e8d0662325bb48","name":"Uredni\u0161tvo Celjana","image":{"@type":"ImageObject","inLanguage":"sl-SI","@id":"https:\/\/secure.gravatar.com\/avatar\/7f7863e616af8f92806c638dd1db3f1a238d83d1cc2ec3100afc06fbb7eb303f?s=96&d=mm&r=g","url":"https:\/\/secure.gravatar.com\/avatar\/7f7863e616af8f92806c638dd1db3f1a238d83d1cc2ec3100afc06fbb7eb303f?s=96&d=mm&r=g","contentUrl":"https:\/\/secure.gravatar.com\/avatar\/7f7863e616af8f92806c638dd1db3f1a238d83d1cc2ec3100afc06fbb7eb303f?s=96&d=mm&r=g","caption":"Uredni\u0161tvo Celjana"},"url":"https:\/\/novice.si\/page\/author\/maja\/"}]}},"_links":{"self":[{"href":"https:\/\/novice.si\/page\/wp-json\/wp\/v2\/posts\/200696","targetHints":{"allow":["GET"]}}],"collection":[{"href":"https:\/\/novice.si\/page\/wp-json\/wp\/v2\/posts"}],"about":[{"href":"https:\/\/novice.si\/page\/wp-json\/wp\/v2\/types\/post"}],"author":[{"embeddable":true,"href":"https:\/\/novice.si\/page\/wp-json\/wp\/v2\/users\/55"}],"replies":[{"embeddable":true,"href":"https:\/\/novice.si\/page\/wp-json\/wp\/v2\/comments?post=200696"}],"version-history":[{"count":1,"href":"https:\/\/novice.si\/page\/wp-json\/wp\/v2\/posts\/200696\/revisions"}],"predecessor-version":[{"id":200698,"href":"https:\/\/novice.si\/page\/wp-json\/wp\/v2\/posts\/200696\/revisions\/200698"}],"wp:featuredmedia":[{"embeddable":true,"href":"https:\/\/novice.si\/page\/wp-json\/wp\/v2\/media\/200697"}],"wp:attachment":[{"href":"https:\/\/novice.si\/page\/wp-json\/wp\/v2\/media?parent=200696"}],"wp:term":[{"taxonomy":"category","embeddable":true,"href":"https:\/\/novice.si\/page\/wp-json\/wp\/v2\/categories?post=200696"},{"taxonomy":"post_tag","embeddable":true,"href":"https:\/\/novice.si\/page\/wp-json\/wp\/v2\/tags?post=200696"}],"curies":[{"name":"wp","href":"https:\/\/api.w.org\/{rel}","templated":true}]}}