{"id":200690,"date":"2026-04-26T09:20:42","date_gmt":"2026-04-26T07:20:42","guid":{"rendered":"https:\/\/novice.si\/page\/?p=200690"},"modified":"2026-04-24T23:22:01","modified_gmt":"2026-04-24T21:22:01","slug":"v-velenju-so-korak-blizje-prenovi-stantetove-ulice-in-dela-kardeljevega-trga","status":"publish","type":"post","link":"https:\/\/novice.si\/page\/v-velenju-so-korak-blizje-prenovi-stantetove-ulice-in-dela-kardeljevega-trga\/","title":{"rendered":"V Velenju so korak bli\u017eje prenovi Stantetove ulice in dela Kardeljevega trga"},"content":{"rendered":"<p><em>V Velenju so korak bli\u017eje prenovi Stantetove ulice in dela Kardeljevega trga. Ob\u010dini je namre\u010d kon\u010dno uspelo pridobiti gradbeni dovoljenji.<\/em><\/p>\n<p>V sklopu prenove bodo obnovili dotrajane pohodne povr\u0161ine in podzemne gara\u017ee. Streho gara\u017e pa bodo preoblikovali v zeleno povr\u0161ino, ki bo nudila vsebine s katerimi se bodo lahko povezali \u010dlani skupnosti. Prenova naj bi stala pribli\u017eno 12,5 milijonov evrov. Ra\u010dunajo, da bodo zanjo pridobili tudi evropska sredstva. (MH, Foto MOV)<\/p>\n<figure id=\"attachment_200691\" aria-describedby=\"caption-attachment-200691\" style=\"width: 600px\" class=\"wp-caption aligncenter\"><img loading=\"lazy\" decoding=\"async\" class=\"wp-image-200691 size-medium\" src=\"https:\/\/novice.si\/page\/wp-content\/uploads\/2026\/04\/Stantetova-600x399.png\" alt=\"\" width=\"600\" height=\"399\" srcset=\"https:\/\/novice.si\/page\/wp-content\/uploads\/2026\/04\/Stantetova-600x399.png 600w, https:\/\/novice.si\/page\/wp-content\/uploads\/2026\/04\/Stantetova-768x511.png 768w, https:\/\/novice.si\/page\/wp-content\/uploads\/2026\/04\/Stantetova-631x420.png 631w, https:\/\/novice.si\/page\/wp-content\/uploads\/2026\/04\/Stantetova-696x463.png 696w, https:\/\/novice.si\/page\/wp-content\/uploads\/2026\/04\/Stantetova-24x16.png 24w, https:\/\/novice.si\/page\/wp-content\/uploads\/2026\/04\/Stantetova-36x24.png 36w, https:\/\/novice.si\/page\/wp-content\/uploads\/2026\/04\/Stantetova-48x32.png 48w, https:\/\/novice.si\/page\/wp-content\/uploads\/2026\/04\/Stantetova.png 825w\" sizes=\"auto, (max-width: 600px) 100vw, 600px\" \/><figcaption id=\"caption-attachment-200691\" class=\"wp-caption-text\">Tako naj bi bila na koncu videti Stantetova ulica.<\/figcaption><\/figure>\n","protected":false},"excerpt":{"rendered":"<p>V Velenju so korak bli\u017eje prenovi Stantetove ulice in dela Kardeljevega trga. Ob\u010dini je namre\u010d kon\u010dno uspelo pridobiti gradbeni dovoljenji. V sklopu prenove bodo obnovili dotrajane pohodne povr\u0161ine in podzemne gara\u017ee. Streho gara\u017e pa bodo preoblikovali v zeleno povr\u0161ino, ki bo nudila vsebine s katerimi se bodo lahko povezali \u010dlani skupnosti. Prenova naj bi stala [&hellip;]<\/p>\n","protected":false},"author":55,"featured_media":200691,"comment_status":"closed","ping_status":"closed","sticky":false,"template":"","format":"standard","meta":{"footnotes":""},"categories":[14],"tags":[],"class_list":{"0":"post-200690","1":"post","2":"type-post","3":"status-publish","4":"format-standard","5":"has-post-thumbnail","7":"category-aktualno"},"yoast_head":"<!-- This site is optimized with the Yoast SEO plugin v27.4 - https:\/\/yoast.com\/product\/yoast-seo-wordpress\/ -->\n<title>V Velenju so korak bli\u017eje prenovi Stantetove ulice in dela Kardeljevega trga - Novice.si<\/title>\n<meta name=\"robots\" content=\"index, follow, max-snippet:-1, max-image-preview:large, max-video-preview:-1\" \/>\n<link rel=\"canonical\" href=\"https:\/\/novice.si\/page\/v-velenju-so-korak-blizje-prenovi-stantetove-ulice-in-dela-kardeljevega-trga\/\" \/>\n<meta property=\"og:locale\" content=\"sl_SI\" \/>\n<meta property=\"og:type\" content=\"article\" \/>\n<meta property=\"og:title\" content=\"V Velenju so korak bli\u017eje prenovi Stantetove ulice in dela Kardeljevega trga - Novice.si\" \/>\n<meta property=\"og:description\" content=\"V Velenju so korak bli\u017eje prenovi Stantetove ulice in dela Kardeljevega trga. Ob\u010dini je namre\u010d kon\u010dno uspelo pridobiti gradbeni dovoljenji. V sklopu prenove bodo obnovili dotrajane pohodne povr\u0161ine in podzemne gara\u017ee. Streho gara\u017e pa bodo preoblikovali v zeleno povr\u0161ino, ki bo nudila vsebine s katerimi se bodo lahko povezali \u010dlani skupnosti. Prenova naj bi stala [&hellip;]\" \/>\n<meta property=\"og:url\" content=\"https:\/\/novice.si\/page\/v-velenju-so-korak-blizje-prenovi-stantetove-ulice-in-dela-kardeljevega-trga\/\" \/>\n<meta property=\"og:site_name\" content=\"Novice.si\" \/>\n<meta property=\"article:published_time\" content=\"2026-04-26T07:20:42+00:00\" \/>\n<meta property=\"og:image\" content=\"https:\/\/novice.si\/page\/wp-content\/uploads\/2026\/04\/Stantetova.png\" \/>\n\t<meta property=\"og:image:width\" content=\"825\" \/>\n\t<meta property=\"og:image:height\" content=\"549\" \/>\n\t<meta property=\"og:image:type\" content=\"image\/png\" \/>\n<meta name=\"author\" content=\"Uredni\u0161tvo Celjana\" \/>\n<meta name=\"twitter:card\" content=\"summary_large_image\" \/>\n<meta name=\"twitter:label1\" content=\"Written by\" \/>\n\t<meta name=\"twitter:data1\" content=\"Uredni\u0161tvo Celjana\" \/>\n\t<meta name=\"twitter:label2\" content=\"Est. reading time\" \/>\n\t<meta name=\"twitter:data2\" content=\"1 minuta\" \/>\n<script type=\"application\/ld+json\" class=\"yoast-schema-graph\">{\"@context\":\"https:\\\/\\\/schema.org\",\"@graph\":[{\"@type\":\"Article\",\"@id\":\"https:\\\/\\\/novice.si\\\/page\\\/v-velenju-so-korak-blizje-prenovi-stantetove-ulice-in-dela-kardeljevega-trga\\\/#article\",\"isPartOf\":{\"@id\":\"https:\\\/\\\/novice.si\\\/page\\\/v-velenju-so-korak-blizje-prenovi-stantetove-ulice-in-dela-kardeljevega-trga\\\/\"},\"author\":{\"name\":\"Uredni\u0161tvo Celjana\",\"@id\":\"https:\\\/\\\/novice.si\\\/page\\\/#\\\/schema\\\/person\\\/a49f233ef2777ec7b2e8d0662325bb48\"},\"headline\":\"V Velenju so korak bli\u017eje prenovi Stantetove ulice in dela Kardeljevega trga\",\"datePublished\":\"2026-04-26T07:20:42+00:00\",\"mainEntityOfPage\":{\"@id\":\"https:\\\/\\\/novice.si\\\/page\\\/v-velenju-so-korak-blizje-prenovi-stantetove-ulice-in-dela-kardeljevega-trga\\\/\"},\"wordCount\":106,\"publisher\":{\"@id\":\"https:\\\/\\\/novice.si\\\/page\\\/#organization\"},\"image\":{\"@id\":\"https:\\\/\\\/novice.si\\\/page\\\/v-velenju-so-korak-blizje-prenovi-stantetove-ulice-in-dela-kardeljevega-trga\\\/#primaryimage\"},\"thumbnailUrl\":\"https:\\\/\\\/novice.si\\\/page\\\/wp-content\\\/uploads\\\/2026\\\/04\\\/Stantetova.png\",\"articleSection\":[\"Aktualno\"],\"inLanguage\":\"sl-SI\"},{\"@type\":\"WebPage\",\"@id\":\"https:\\\/\\\/novice.si\\\/page\\\/v-velenju-so-korak-blizje-prenovi-stantetove-ulice-in-dela-kardeljevega-trga\\\/\",\"url\":\"https:\\\/\\\/novice.si\\\/page\\\/v-velenju-so-korak-blizje-prenovi-stantetove-ulice-in-dela-kardeljevega-trga\\\/\",\"name\":\"V Velenju so korak bli\u017eje prenovi Stantetove ulice in dela Kardeljevega trga - Novice.si\",\"isPartOf\":{\"@id\":\"https:\\\/\\\/novice.si\\\/page\\\/#website\"},\"primaryImageOfPage\":{\"@id\":\"https:\\\/\\\/novice.si\\\/page\\\/v-velenju-so-korak-blizje-prenovi-stantetove-ulice-in-dela-kardeljevega-trga\\\/#primaryimage\"},\"image\":{\"@id\":\"https:\\\/\\\/novice.si\\\/page\\\/v-velenju-so-korak-blizje-prenovi-stantetove-ulice-in-dela-kardeljevega-trga\\\/#primaryimage\"},\"thumbnailUrl\":\"https:\\\/\\\/novice.si\\\/page\\\/wp-content\\\/uploads\\\/2026\\\/04\\\/Stantetova.png\",\"datePublished\":\"2026-04-26T07:20:42+00:00\",\"breadcrumb\":{\"@id\":\"https:\\\/\\\/novice.si\\\/page\\\/v-velenju-so-korak-blizje-prenovi-stantetove-ulice-in-dela-kardeljevega-trga\\\/#breadcrumb\"},\"inLanguage\":\"sl-SI\",\"potentialAction\":[{\"@type\":\"ReadAction\",\"target\":[\"https:\\\/\\\/novice.si\\\/page\\\/v-velenju-so-korak-blizje-prenovi-stantetove-ulice-in-dela-kardeljevega-trga\\\/\"]}]},{\"@type\":\"ImageObject\",\"inLanguage\":\"sl-SI\",\"@id\":\"https:\\\/\\\/novice.si\\\/page\\\/v-velenju-so-korak-blizje-prenovi-stantetove-ulice-in-dela-kardeljevega-trga\\\/#primaryimage\",\"url\":\"https:\\\/\\\/novice.si\\\/page\\\/wp-content\\\/uploads\\\/2026\\\/04\\\/Stantetova.png\",\"contentUrl\":\"https:\\\/\\\/novice.si\\\/page\\\/wp-content\\\/uploads\\\/2026\\\/04\\\/Stantetova.png\",\"width\":825,\"height\":549},{\"@type\":\"BreadcrumbList\",\"@id\":\"https:\\\/\\\/novice.si\\\/page\\\/v-velenju-so-korak-blizje-prenovi-stantetove-ulice-in-dela-kardeljevega-trga\\\/#breadcrumb\",\"itemListElement\":[{\"@type\":\"ListItem\",\"position\":1,\"name\":\"Home\",\"item\":\"https:\\\/\\\/novice.si\\\/page\\\/\"},{\"@type\":\"ListItem\",\"position\":2,\"name\":\"V Velenju so korak bli\u017eje prenovi Stantetove ulice in dela Kardeljevega trga\"}]},{\"@type\":\"WebSite\",\"@id\":\"https:\\\/\\\/novice.si\\\/page\\\/#website\",\"url\":\"https:\\\/\\\/novice.si\\\/page\\\/\",\"name\":\"Novice.si\",\"description\":\"\",\"publisher\":{\"@id\":\"https:\\\/\\\/novice.si\\\/page\\\/#organization\"},\"potentialAction\":[{\"@type\":\"SearchAction\",\"target\":{\"@type\":\"EntryPoint\",\"urlTemplate\":\"https:\\\/\\\/novice.si\\\/page\\\/?s={search_term_string}\"},\"query-input\":{\"@type\":\"PropertyValueSpecification\",\"valueRequired\":true,\"valueName\":\"search_term_string\"}}],\"inLanguage\":\"sl-SI\"},{\"@type\":\"Organization\",\"@id\":\"https:\\\/\\\/novice.si\\\/page\\\/#organization\",\"name\":\"Novice.si\",\"url\":\"https:\\\/\\\/novice.si\\\/page\\\/\",\"logo\":{\"@type\":\"ImageObject\",\"inLanguage\":\"sl-SI\",\"@id\":\"https:\\\/\\\/novice.si\\\/page\\\/#\\\/schema\\\/logo\\\/image\\\/\",\"url\":\"https:\\\/\\\/novice.si\\\/page\\\/wp-content\\\/uploads\\\/2023\\\/03\\\/novice_si.png\",\"contentUrl\":\"https:\\\/\\\/novice.si\\\/page\\\/wp-content\\\/uploads\\\/2023\\\/03\\\/novice_si.png\",\"width\":576,\"height\":200,\"caption\":\"Novice.si\"},\"image\":{\"@id\":\"https:\\\/\\\/novice.si\\\/page\\\/#\\\/schema\\\/logo\\\/image\\\/\"}},{\"@type\":\"Person\",\"@id\":\"https:\\\/\\\/novice.si\\\/page\\\/#\\\/schema\\\/person\\\/a49f233ef2777ec7b2e8d0662325bb48\",\"name\":\"Uredni\u0161tvo Celjana\",\"image\":{\"@type\":\"ImageObject\",\"inLanguage\":\"sl-SI\",\"@id\":\"https:\\\/\\\/secure.gravatar.com\\\/avatar\\\/7f7863e616af8f92806c638dd1db3f1a238d83d1cc2ec3100afc06fbb7eb303f?s=96&d=mm&r=g\",\"url\":\"https:\\\/\\\/secure.gravatar.com\\\/avatar\\\/7f7863e616af8f92806c638dd1db3f1a238d83d1cc2ec3100afc06fbb7eb303f?s=96&d=mm&r=g\",\"contentUrl\":\"https:\\\/\\\/secure.gravatar.com\\\/avatar\\\/7f7863e616af8f92806c638dd1db3f1a238d83d1cc2ec3100afc06fbb7eb303f?s=96&d=mm&r=g\",\"caption\":\"Uredni\u0161tvo Celjana\"},\"url\":\"https:\\\/\\\/novice.si\\\/page\\\/author\\\/maja\\\/\"}]}<\/script>\n<!-- \/ Yoast SEO plugin. -->","yoast_head_json":{"title":"V Velenju so korak bli\u017eje prenovi Stantetove ulice in dela Kardeljevega trga - Novice.si","robots":{"index":"index","follow":"follow","max-snippet":"max-snippet:-1","max-image-preview":"max-image-preview:large","max-video-preview":"max-video-preview:-1"},"canonical":"https:\/\/novice.si\/page\/v-velenju-so-korak-blizje-prenovi-stantetove-ulice-in-dela-kardeljevega-trga\/","og_locale":"sl_SI","og_type":"article","og_title":"V Velenju so korak bli\u017eje prenovi Stantetove ulice in dela Kardeljevega trga - Novice.si","og_description":"V Velenju so korak bli\u017eje prenovi Stantetove ulice in dela Kardeljevega trga. Ob\u010dini je namre\u010d kon\u010dno uspelo pridobiti gradbeni dovoljenji. V sklopu prenove bodo obnovili dotrajane pohodne povr\u0161ine in podzemne gara\u017ee. Streho gara\u017e pa bodo preoblikovali v zeleno povr\u0161ino, ki bo nudila vsebine s katerimi se bodo lahko povezali \u010dlani skupnosti. Prenova naj bi stala [&hellip;]","og_url":"https:\/\/novice.si\/page\/v-velenju-so-korak-blizje-prenovi-stantetove-ulice-in-dela-kardeljevega-trga\/","og_site_name":"Novice.si","article_published_time":"2026-04-26T07:20:42+00:00","og_image":[{"width":825,"height":549,"url":"https:\/\/novice.si\/page\/wp-content\/uploads\/2026\/04\/Stantetova.png","type":"image\/png"}],"author":"Uredni\u0161tvo Celjana","twitter_card":"summary_large_image","twitter_misc":{"Written by":"Uredni\u0161tvo Celjana","Est. reading time":"1 minuta"},"schema":{"@context":"https:\/\/schema.org","@graph":[{"@type":"Article","@id":"https:\/\/novice.si\/page\/v-velenju-so-korak-blizje-prenovi-stantetove-ulice-in-dela-kardeljevega-trga\/#article","isPartOf":{"@id":"https:\/\/novice.si\/page\/v-velenju-so-korak-blizje-prenovi-stantetove-ulice-in-dela-kardeljevega-trga\/"},"author":{"name":"Uredni\u0161tvo Celjana","@id":"https:\/\/novice.si\/page\/#\/schema\/person\/a49f233ef2777ec7b2e8d0662325bb48"},"headline":"V Velenju so korak bli\u017eje prenovi Stantetove ulice in dela Kardeljevega trga","datePublished":"2026-04-26T07:20:42+00:00","mainEntityOfPage":{"@id":"https:\/\/novice.si\/page\/v-velenju-so-korak-blizje-prenovi-stantetove-ulice-in-dela-kardeljevega-trga\/"},"wordCount":106,"publisher":{"@id":"https:\/\/novice.si\/page\/#organization"},"image":{"@id":"https:\/\/novice.si\/page\/v-velenju-so-korak-blizje-prenovi-stantetove-ulice-in-dela-kardeljevega-trga\/#primaryimage"},"thumbnailUrl":"https:\/\/novice.si\/page\/wp-content\/uploads\/2026\/04\/Stantetova.png","articleSection":["Aktualno"],"inLanguage":"sl-SI"},{"@type":"WebPage","@id":"https:\/\/novice.si\/page\/v-velenju-so-korak-blizje-prenovi-stantetove-ulice-in-dela-kardeljevega-trga\/","url":"https:\/\/novice.si\/page\/v-velenju-so-korak-blizje-prenovi-stantetove-ulice-in-dela-kardeljevega-trga\/","name":"V Velenju so korak bli\u017eje prenovi Stantetove ulice in dela Kardeljevega trga - Novice.si","isPartOf":{"@id":"https:\/\/novice.si\/page\/#website"},"primaryImageOfPage":{"@id":"https:\/\/novice.si\/page\/v-velenju-so-korak-blizje-prenovi-stantetove-ulice-in-dela-kardeljevega-trga\/#primaryimage"},"image":{"@id":"https:\/\/novice.si\/page\/v-velenju-so-korak-blizje-prenovi-stantetove-ulice-in-dela-kardeljevega-trga\/#primaryimage"},"thumbnailUrl":"https:\/\/novice.si\/page\/wp-content\/uploads\/2026\/04\/Stantetova.png","datePublished":"2026-04-26T07:20:42+00:00","breadcrumb":{"@id":"https:\/\/novice.si\/page\/v-velenju-so-korak-blizje-prenovi-stantetove-ulice-in-dela-kardeljevega-trga\/#breadcrumb"},"inLanguage":"sl-SI","potentialAction":[{"@type":"ReadAction","target":["https:\/\/novice.si\/page\/v-velenju-so-korak-blizje-prenovi-stantetove-ulice-in-dela-kardeljevega-trga\/"]}]},{"@type":"ImageObject","inLanguage":"sl-SI","@id":"https:\/\/novice.si\/page\/v-velenju-so-korak-blizje-prenovi-stantetove-ulice-in-dela-kardeljevega-trga\/#primaryimage","url":"https:\/\/novice.si\/page\/wp-content\/uploads\/2026\/04\/Stantetova.png","contentUrl":"https:\/\/novice.si\/page\/wp-content\/uploads\/2026\/04\/Stantetova.png","width":825,"height":549},{"@type":"BreadcrumbList","@id":"https:\/\/novice.si\/page\/v-velenju-so-korak-blizje-prenovi-stantetove-ulice-in-dela-kardeljevega-trga\/#breadcrumb","itemListElement":[{"@type":"ListItem","position":1,"name":"Home","item":"https:\/\/novice.si\/page\/"},{"@type":"ListItem","position":2,"name":"V Velenju so korak bli\u017eje prenovi Stantetove ulice in dela Kardeljevega trga"}]},{"@type":"WebSite","@id":"https:\/\/novice.si\/page\/#website","url":"https:\/\/novice.si\/page\/","name":"Novice.si","description":"","publisher":{"@id":"https:\/\/novice.si\/page\/#organization"},"potentialAction":[{"@type":"SearchAction","target":{"@type":"EntryPoint","urlTemplate":"https:\/\/novice.si\/page\/?s={search_term_string}"},"query-input":{"@type":"PropertyValueSpecification","valueRequired":true,"valueName":"search_term_string"}}],"inLanguage":"sl-SI"},{"@type":"Organization","@id":"https:\/\/novice.si\/page\/#organization","name":"Novice.si","url":"https:\/\/novice.si\/page\/","logo":{"@type":"ImageObject","inLanguage":"sl-SI","@id":"https:\/\/novice.si\/page\/#\/schema\/logo\/image\/","url":"https:\/\/novice.si\/page\/wp-content\/uploads\/2023\/03\/novice_si.png","contentUrl":"https:\/\/novice.si\/page\/wp-content\/uploads\/2023\/03\/novice_si.png","width":576,"height":200,"caption":"Novice.si"},"image":{"@id":"https:\/\/novice.si\/page\/#\/schema\/logo\/image\/"}},{"@type":"Person","@id":"https:\/\/novice.si\/page\/#\/schema\/person\/a49f233ef2777ec7b2e8d0662325bb48","name":"Uredni\u0161tvo Celjana","image":{"@type":"ImageObject","inLanguage":"sl-SI","@id":"https:\/\/secure.gravatar.com\/avatar\/7f7863e616af8f92806c638dd1db3f1a238d83d1cc2ec3100afc06fbb7eb303f?s=96&d=mm&r=g","url":"https:\/\/secure.gravatar.com\/avatar\/7f7863e616af8f92806c638dd1db3f1a238d83d1cc2ec3100afc06fbb7eb303f?s=96&d=mm&r=g","contentUrl":"https:\/\/secure.gravatar.com\/avatar\/7f7863e616af8f92806c638dd1db3f1a238d83d1cc2ec3100afc06fbb7eb303f?s=96&d=mm&r=g","caption":"Uredni\u0161tvo Celjana"},"url":"https:\/\/novice.si\/page\/author\/maja\/"}]}},"_links":{"self":[{"href":"https:\/\/novice.si\/page\/wp-json\/wp\/v2\/posts\/200690","targetHints":{"allow":["GET"]}}],"collection":[{"href":"https:\/\/novice.si\/page\/wp-json\/wp\/v2\/posts"}],"about":[{"href":"https:\/\/novice.si\/page\/wp-json\/wp\/v2\/types\/post"}],"author":[{"embeddable":true,"href":"https:\/\/novice.si\/page\/wp-json\/wp\/v2\/users\/55"}],"replies":[{"embeddable":true,"href":"https:\/\/novice.si\/page\/wp-json\/wp\/v2\/comments?post=200690"}],"version-history":[{"count":1,"href":"https:\/\/novice.si\/page\/wp-json\/wp\/v2\/posts\/200690\/revisions"}],"predecessor-version":[{"id":200692,"href":"https:\/\/novice.si\/page\/wp-json\/wp\/v2\/posts\/200690\/revisions\/200692"}],"wp:featuredmedia":[{"embeddable":true,"href":"https:\/\/novice.si\/page\/wp-json\/wp\/v2\/media\/200691"}],"wp:attachment":[{"href":"https:\/\/novice.si\/page\/wp-json\/wp\/v2\/media?parent=200690"}],"wp:term":[{"taxonomy":"category","embeddable":true,"href":"https:\/\/novice.si\/page\/wp-json\/wp\/v2\/categories?post=200690"},{"taxonomy":"post_tag","embeddable":true,"href":"https:\/\/novice.si\/page\/wp-json\/wp\/v2\/tags?post=200690"}],"curies":[{"name":"wp","href":"https:\/\/api.w.org\/{rel}","templated":true}]}}