{"id":200654,"date":"2026-04-28T07:30:37","date_gmt":"2026-04-28T05:30:37","guid":{"rendered":"https:\/\/novice.si\/page\/?p=200654"},"modified":"2026-04-24T11:35:36","modified_gmt":"2026-04-24T09:35:36","slug":"nani-franc-matjasic-z-zgornje-polskave-rekordi-niso-le-v-letih-ampak-v-srcu","status":"publish","type":"post","link":"https:\/\/novice.si\/page\/nani-franc-matjasic-z-zgornje-polskave-rekordi-niso-le-v-letih-ampak-v-srcu\/","title":{"rendered":"Nani Franc Matja\u0161i\u010d z Zgornje Polskave: &#8220;Rekordi niso le v letih, ampak v srcu&#8221;"},"content":{"rendered":"<p><strong>Nani Franc Matja\u0161i\u010d z Zgornje Polskave<\/strong> pravi, da se \u010dlovek ne sme nikoli sam \u00bbpostaviti v pokoj\u00ab. To pomlad bo pri 69 letih nastopil na svetovnem prvenstvu v footgolfu in s tem postavil absolutni starostni rekord \u2013 postal bo najstarej\u0161i reprezentant v zgodovini svetovnih prvenstev.<br \/>\nNjegova \u0161portna pot je izjemna. Nogomet je aktivno igral do 63. leta, ko ve\u010dina \u0161portnikov \u017ee zdavnaj zaklju\u010di svojo kariero. A Nani je na\u0161el novo strast \u2013 footgolf. V tej mladi \u0161portni panogi so pri\u0161le do izraza njegove izku\u0161nje, mirnost in natan\u010dnost. Uvrstitev v reprezentanco je rezultat discipline, predanosti in ljubezni do igre.<\/p>\n\r\n                <style type=\"text\/css\">\r\n                    \r\n                    #tdi_1  .td-doubleSlider-2 .td-item1 {\r\n                        background: url(https:\/\/novice.si\/page\/wp-content\/uploads\/2026\/04\/Nani-1_-footgolfa_2-80x60.jpg) 0 0 no-repeat;\r\n                    }\r\n                    #tdi_1  .td-doubleSlider-2 .td-item2 {\r\n                        background: url(https:\/\/novice.si\/page\/wp-content\/uploads\/2026\/04\/Nani-2-footgolf-3_2-80x60.jpg) 0 0 no-repeat;\r\n                    }\r\n                    #tdi_1  .td-doubleSlider-2 .td-item3 {\r\n                        background: url(https:\/\/novice.si\/page\/wp-content\/uploads\/2026\/04\/Druzina-Barbara-hcera-Nika-Nani_2-80x60.jpg) 0 0 no-repeat;\r\n                    }\r\n                    #tdi_1  .td-doubleSlider-2 .td-item4 {\r\n                        background: url(https:\/\/novice.si\/page\/wp-content\/uploads\/2026\/04\/muzej_2-80x60.jpg) 0 0 no-repeat;\r\n                    }\r\n                <\/style>\r\n\r\n                <div id=\"tdi_1\" class=\"td-gallery td-slide-on-2-columns\">\r\n                    <div class=\"post_td_gallery\">\r\n                        <div class=\"td-gallery-slide-top\">\r\n                           <div class=\"td-gallery-title\"><\/div>\r\n\r\n                            <div class=\"td-gallery-controls-wrapper\">\r\n                                <div class=\"td-gallery-slide-count\"><span class=\"td-gallery-slide-item-focus\">1<\/span> od 4<\/div>\r\n                                <div class=\"td-gallery-slide-prev-next-but\">\r\n                                    <i class = \"td-icon-left doubleSliderPrevButton\"><\/i>\r\n                                    <i class = \"td-icon-right doubleSliderNextButton\"><\/i>\r\n                                <\/div>\r\n                            <\/div>\r\n                        <\/div>\r\n\r\n                        <div class = \"td-doubleSlider-1 \">\r\n                            <div class = \"td-slider\">\r\n                                \r\n                    <div class = \"td-slide-item td-item1\">\r\n                        <figure class=\"td-slide-galery-figure td-slide-popup-gallery\">\r\n                            <a class=\"slide-gallery-image-link\" href=\"https:\/\/novice.si\/page\/wp-content\/uploads\/2026\/04\/Nani-1_-footgolfa_2.jpg\" title=\"Nani 1_ footgolfa_2\"  data-caption=\"\"  data-description=\"\" data-gallery>\r\n                                <img decoding=\"async\" src=\"https:\/\/novice.si\/page\/wp-content\/uploads\/2026\/04\/Nani-1_-footgolfa_2-461x420.jpg\" srcset=\"https:\/\/novice.si\/page\/wp-content\/uploads\/2026\/04\/Nani-1_-footgolfa_2-461x420.jpg 461w, https:\/\/novice.si\/page\/wp-content\/uploads\/2026\/04\/Nani-1_-footgolfa_2-600x547.jpg 600w, https:\/\/novice.si\/page\/wp-content\/uploads\/2026\/04\/Nani-1_-footgolfa_2-696x634.jpg 696w, https:\/\/novice.si\/page\/wp-content\/uploads\/2026\/04\/Nani-1_-footgolfa_2-24x22.jpg 24w, https:\/\/novice.si\/page\/wp-content\/uploads\/2026\/04\/Nani-1_-footgolfa_2-36x33.jpg 36w, https:\/\/novice.si\/page\/wp-content\/uploads\/2026\/04\/Nani-1_-footgolfa_2-48x44.jpg 48w, https:\/\/novice.si\/page\/wp-content\/uploads\/2026\/04\/Nani-1_-footgolfa_2.jpg 768w\" sizes=\"(max-width: 461px) 100vw, 461px\" alt=\"\">\r\n                            <\/a>\r\n                            \r\n                        <\/figure>\r\n                    <\/div>\r\n                    <div class = \"td-slide-item td-item2\">\r\n                        <figure class=\"td-slide-galery-figure td-slide-popup-gallery\">\r\n                            <a class=\"slide-gallery-image-link\" href=\"https:\/\/novice.si\/page\/wp-content\/uploads\/2026\/04\/Nani-2-footgolf-3_2.jpg\" title=\"Nani 2 footgolf 3_2\"  data-caption=\"Nani je na\u0161el novo strast \u2013 footgolf, kjer so pri\u0161le do izraza njegove izku\u0161nje, mirnost in natan\u010dnost.\"  data-description=\"\" data-gallery>\r\n                                <img decoding=\"async\" src=\"https:\/\/novice.si\/page\/wp-content\/uploads\/2026\/04\/Nani-2-footgolf-3_2-611x420.jpg\" srcset=\"https:\/\/novice.si\/page\/wp-content\/uploads\/2026\/04\/Nani-2-footgolf-3_2-611x420.jpg 611w, https:\/\/novice.si\/page\/wp-content\/uploads\/2026\/04\/Nani-2-footgolf-3_2-600x412.jpg 600w, https:\/\/novice.si\/page\/wp-content\/uploads\/2026\/04\/Nani-2-footgolf-3_2-768x528.jpg 768w, https:\/\/novice.si\/page\/wp-content\/uploads\/2026\/04\/Nani-2-footgolf-3_2-218x150.jpg 218w, https:\/\/novice.si\/page\/wp-content\/uploads\/2026\/04\/Nani-2-footgolf-3_2-696x478.jpg 696w, https:\/\/novice.si\/page\/wp-content\/uploads\/2026\/04\/Nani-2-footgolf-3_2-100x70.jpg 100w, https:\/\/novice.si\/page\/wp-content\/uploads\/2026\/04\/Nani-2-footgolf-3_2-24x16.jpg 24w, https:\/\/novice.si\/page\/wp-content\/uploads\/2026\/04\/Nani-2-footgolf-3_2-36x25.jpg 36w, https:\/\/novice.si\/page\/wp-content\/uploads\/2026\/04\/Nani-2-footgolf-3_2-48x33.jpg 48w, https:\/\/novice.si\/page\/wp-content\/uploads\/2026\/04\/Nani-2-footgolf-3_2.jpg 1000w\" sizes=\"(max-width: 611px) 100vw, 611px\" alt=\"\">\r\n                            <\/a>\r\n                            <figcaption class = \"td-slide-caption td-gallery-slide-content\"><div class = \"td-gallery-slide-copywrite\">Nani je na\u0161el novo strast \u2013 footgolf, kjer so pri\u0161le do izraza njegove izku\u0161nje, mirnost in natan\u010dnost.<\/div><\/figcaption>\r\n                        <\/figure>\r\n                    <\/div>\r\n                    <div class = \"td-slide-item td-item3\">\r\n                        <figure class=\"td-slide-galery-figure td-slide-popup-gallery\">\r\n                            <a class=\"slide-gallery-image-link\" href=\"https:\/\/novice.si\/page\/wp-content\/uploads\/2026\/04\/Druzina-Barbara-hcera-Nika-Nani_2.jpg\" title=\"Dru\u017eina Barbara, h\u010dera Nika, Nani_2\"  data-caption=\"Barbara, h\u010dera Nika, Nani.\"  data-description=\"\" data-gallery>\r\n                                <img decoding=\"async\" src=\"https:\/\/novice.si\/page\/wp-content\/uploads\/2026\/04\/Druzina-Barbara-hcera-Nika-Nani_2-746x420.jpg\" srcset=\"https:\/\/novice.si\/page\/wp-content\/uploads\/2026\/04\/Druzina-Barbara-hcera-Nika-Nani_2-746x420.jpg 746w, https:\/\/novice.si\/page\/wp-content\/uploads\/2026\/04\/Druzina-Barbara-hcera-Nika-Nani_2-600x338.jpg 600w, https:\/\/novice.si\/page\/wp-content\/uploads\/2026\/04\/Druzina-Barbara-hcera-Nika-Nani_2-768x432.jpg 768w, https:\/\/novice.si\/page\/wp-content\/uploads\/2026\/04\/Druzina-Barbara-hcera-Nika-Nani_2-696x392.jpg 696w, https:\/\/novice.si\/page\/wp-content\/uploads\/2026\/04\/Druzina-Barbara-hcera-Nika-Nani_2-24x14.jpg 24w, https:\/\/novice.si\/page\/wp-content\/uploads\/2026\/04\/Druzina-Barbara-hcera-Nika-Nani_2-36x20.jpg 36w, https:\/\/novice.si\/page\/wp-content\/uploads\/2026\/04\/Druzina-Barbara-hcera-Nika-Nani_2-48x27.jpg 48w, https:\/\/novice.si\/page\/wp-content\/uploads\/2026\/04\/Druzina-Barbara-hcera-Nika-Nani_2.jpg 1000w\" sizes=\"(max-width: 746px) 100vw, 746px\" alt=\"\">\r\n                            <\/a>\r\n                            <figcaption class = \"td-slide-caption td-gallery-slide-content\"><div class = \"td-gallery-slide-copywrite\">Barbara, h\u010dera Nika, Nani.<\/div><\/figcaption>\r\n                        <\/figure>\r\n                    <\/div>\r\n                    <div class = \"td-slide-item td-item4\">\r\n                        <figure class=\"td-slide-galery-figure td-slide-popup-gallery\">\r\n                            <a class=\"slide-gallery-image-link\" href=\"https:\/\/novice.si\/page\/wp-content\/uploads\/2026\/04\/muzej_2.jpg\" title=\"muzej_2\"  data-caption=\"Doma so uredili majhen muzej s predmeti iz sveta \u0161porta in glasbe.\"  data-description=\"\" data-gallery>\r\n                                <img decoding=\"async\" src=\"https:\/\/novice.si\/page\/wp-content\/uploads\/2026\/04\/muzej_2-909x420.jpg\" srcset=\"https:\/\/novice.si\/page\/wp-content\/uploads\/2026\/04\/muzej_2-909x420.jpg 909w, https:\/\/novice.si\/page\/wp-content\/uploads\/2026\/04\/muzej_2-600x277.jpg 600w, https:\/\/novice.si\/page\/wp-content\/uploads\/2026\/04\/muzej_2-768x355.jpg 768w, https:\/\/novice.si\/page\/wp-content\/uploads\/2026\/04\/muzej_2-696x322.jpg 696w, https:\/\/novice.si\/page\/wp-content\/uploads\/2026\/04\/muzej_2-24x11.jpg 24w, https:\/\/novice.si\/page\/wp-content\/uploads\/2026\/04\/muzej_2-36x17.jpg 36w, https:\/\/novice.si\/page\/wp-content\/uploads\/2026\/04\/muzej_2-48x22.jpg 48w, https:\/\/novice.si\/page\/wp-content\/uploads\/2026\/04\/muzej_2.jpg 1000w\" sizes=\"(max-width: 909px) 100vw, 909px\" alt=\"\">\r\n                            <\/a>\r\n                            <figcaption class = \"td-slide-caption td-gallery-slide-content\"><div class = \"td-gallery-slide-copywrite\">Doma so uredili majhen muzej s predmeti iz sveta \u0161porta in glasbe.<\/div><\/figcaption>\r\n                        <\/figure>\r\n                    <\/div>\r\n                            <\/div>\r\n                        <\/div>\r\n\r\n                        <div class = \"td-doubleSlider-2\">\r\n                            <div class = \"td-slider\">\r\n                                \r\n                    <div class = \"td-button td-item1\">\r\n                        <div class = \"td-border\"><\/div>\r\n                    <\/div>\r\n                    <div class = \"td-button td-item2\">\r\n                        <div class = \"td-border\"><\/div>\r\n                    <\/div>\r\n                    <div class = \"td-button td-item3\">\r\n                        <div class = \"td-border\"><\/div>\r\n                    <\/div>\r\n                    <div class = \"td-button td-item4\">\r\n                        <div class = \"td-border\"><\/div>\r\n                    <\/div>\r\n                            <\/div>\r\n                        <\/div>\r\n\r\n                    <\/div>\r\n\r\n                <\/div>\r\n                \n<p><strong>Za sanje ni nikoli prepozno<br \/>\n<\/strong>Slovenska footgolf reprezentanca bo letos tretji\u010d nastopila na svetovnem prvenstvu \u2013 po Maroku leta 2018 in ZDA leta 2023. Tekmovanje bo potekalo <strong>med 27. majem in 7. junijem<\/strong> v Acapulcu v Mehiki, nastopilo pa bo kar 1430 tekmovalcev iz 60 dr\u017eav. V 14-\u010dlanski slovenski ekipi, ki jo vodi selektor Simon Dattelbach, bo tudi Nani Franc Matja\u0161i\u010d.<br \/>\n<em>\u00bbNikoli se nisem spra\u0161eval, koliko sem star. Vedno samo, ali \u0161e u\u017eivam v igri. Dokler je odgovor da, bom treniral in tekmoval. Nastop na svetovnem prvenstvu je zame nagrada \u2013 in dokaz, da se nikoli ne sme\u0161 sam postaviti v pokoj,\u00ab<\/em> pravi Matja\u0161i\u010d.<\/p>\n<p><strong>Dve desetletji pomo\u010di ljudem v stiski<br \/>\n<\/strong>Nani ni izjemen le kot \u0161portnik. Dvajset let je vodil humanitarno skupino Humane zvezdice, ki je pomagala ljudem v stiski, organizirala zbiralne akcije in vra\u010dala dostojanstvo najbolj ranljivim. Za svoje delo so prejeli priznanje, ki jim ga je podelil takratni minister za delo Janez Cigler Kralj \u2013 razgla\u0161eni so bili za dobrotnike leta.<\/p>\n<p><strong>Mo\u010dna vez z doma\u010dim krajem<br \/>\n<\/strong>Z \u017eivljenjsko sopotnico Barbaro Veler in desetletno h\u010derko Niko \u017eivi na Zgornji Polskavi. <em>\u00bbTo je moj dom \u2013 majhen, miren, a dovolj \u017eivahen, da nikoli ni dolg\u010das. Imam izjemne sosede, tako da je res prijetno vzdu\u0161je, doma\u010de, pa tudi varno,<\/em>\u00ab pravi.<br \/>\n<em>&#8220;Po 44 letih delovne dobe, kljub temu, da sem uradno v pokoju, imam \u0161e vedno veliko energije, ki jo \u017eelim usmeriti v kaj dobrega,\u00ab<\/em> je komentiral svojo odlo\u010ditev, ko se je nedavno preizkusil tudi v politiki kot kandidat stranke Resni.ca v bistri\u0161kem okraju. Uspeh stranke ocenjuje kot zelo dober, a sam se iz politike umika. <em>\u00bbDosegli smo cilj \u2013 prvi\u010d smo pri\u0161li v parlament. Ob tem pomembnem mejniku pa sem se odlo\u010dil, da je \u010das, da prostor prepustimo mladim.\u00ab<\/em><\/p>\n<p><strong>Muzej spominov v doma\u010di hi\u0161i<br \/>\n<\/strong>V njihovem domu so uredili majhen muzej s predmeti iz sveta \u0161porta in glasbe. Vsak predmet nosi zgodbo, zato ta prostor ni le zbirka stvari, temve\u010d tudi spominov. <em>\u00bbTo na\u0161 dom dela \u0161e bolj edinstven,<\/em>\u00ab pravi Nani. (B. Petelin\u0161ek)<\/p>\n","protected":false},"excerpt":{"rendered":"<p>Nani Franc Matja\u0161i\u010d z Zgornje Polskave pravi, da se \u010dlovek ne sme nikoli sam \u00bbpostaviti v pokoj\u00ab. To pomlad bo pri 69 letih nastopil na svetovnem prvenstvu v footgolfu in s tem postavil absolutni starostni rekord \u2013 postal bo najstarej\u0161i reprezentant v zgodovini svetovnih prvenstev. Njegova \u0161portna pot je izjemna. Nogomet je aktivno igral do [&hellip;]<\/p>\n","protected":false},"author":8,"featured_media":200657,"comment_status":"closed","ping_status":"closed","sticky":false,"template":"","format":"standard","meta":{"footnotes":""},"categories":[14,32],"tags":[17955,6887,402],"class_list":{"0":"post-200654","1":"post","2":"type-post","3":"status-publish","4":"format-standard","5":"has-post-thumbnail","7":"category-aktualno","8":"category-bistrisko","9":"tag-footgolf","10":"tag-nani-franc-matjasic","11":"tag-zgornja-polskava"},"yoast_head":"<!-- This site is optimized with the Yoast SEO plugin v27.4 - https:\/\/yoast.com\/product\/yoast-seo-wordpress\/ -->\n<title>Nani Franc Matja\u0161i\u010d z Zgornje Polskave: &quot;Rekordi niso le v letih, ampak v srcu&quot; - Novice.si<\/title>\n<meta name=\"robots\" content=\"index, follow, max-snippet:-1, max-image-preview:large, max-video-preview:-1\" \/>\n<link rel=\"canonical\" href=\"https:\/\/novice.si\/page\/nani-franc-matjasic-z-zgornje-polskave-rekordi-niso-le-v-letih-ampak-v-srcu\/\" \/>\n<meta property=\"og:locale\" content=\"sl_SI\" \/>\n<meta property=\"og:type\" content=\"article\" \/>\n<meta property=\"og:title\" content=\"Nani Franc Matja\u0161i\u010d z Zgornje Polskave: &quot;Rekordi niso le v letih, ampak v srcu&quot; - Novice.si\" \/>\n<meta property=\"og:description\" content=\"Nani Franc Matja\u0161i\u010d z Zgornje Polskave pravi, da se \u010dlovek ne sme nikoli sam \u00bbpostaviti v pokoj\u00ab. To pomlad bo pri 69 letih nastopil na svetovnem prvenstvu v footgolfu in s tem postavil absolutni starostni rekord \u2013 postal bo najstarej\u0161i reprezentant v zgodovini svetovnih prvenstev. Njegova \u0161portna pot je izjemna. Nogomet je aktivno igral do [&hellip;]\" \/>\n<meta property=\"og:url\" content=\"https:\/\/novice.si\/page\/nani-franc-matjasic-z-zgornje-polskave-rekordi-niso-le-v-letih-ampak-v-srcu\/\" \/>\n<meta property=\"og:site_name\" content=\"Novice.si\" \/>\n<meta property=\"article:published_time\" content=\"2026-04-28T05:30:37+00:00\" \/>\n<meta property=\"og:image\" content=\"https:\/\/novice.si\/page\/wp-content\/uploads\/2026\/04\/Nani-1_-footgolfa_2.jpg\" \/>\n\t<meta property=\"og:image:width\" content=\"768\" \/>\n\t<meta property=\"og:image:height\" content=\"700\" \/>\n\t<meta property=\"og:image:type\" content=\"image\/jpeg\" \/>\n<meta name=\"author\" content=\"Uredni\u0161tvo Bistri\u0161kih novic\" \/>\n<meta name=\"twitter:card\" content=\"summary_large_image\" \/>\n<meta name=\"twitter:label1\" content=\"Written by\" \/>\n\t<meta name=\"twitter:data1\" content=\"Uredni\u0161tvo Bistri\u0161kih novic\" \/>\n\t<meta name=\"twitter:label2\" content=\"Est. reading time\" \/>\n\t<meta name=\"twitter:data2\" content=\"3 minute\" \/>\n<script type=\"application\/ld+json\" class=\"yoast-schema-graph\">{\"@context\":\"https:\\\/\\\/schema.org\",\"@graph\":[{\"@type\":\"Article\",\"@id\":\"https:\\\/\\\/novice.si\\\/page\\\/nani-franc-matjasic-z-zgornje-polskave-rekordi-niso-le-v-letih-ampak-v-srcu\\\/#article\",\"isPartOf\":{\"@id\":\"https:\\\/\\\/novice.si\\\/page\\\/nani-franc-matjasic-z-zgornje-polskave-rekordi-niso-le-v-letih-ampak-v-srcu\\\/\"},\"author\":{\"name\":\"Uredni\u0161tvo Bistri\u0161kih novic\",\"@id\":\"https:\\\/\\\/novice.si\\\/page\\\/#\\\/schema\\\/person\\\/96b32396deedcde3f7f776c306b4be21\"},\"headline\":\"Nani Franc Matja\u0161i\u010d z Zgornje Polskave: &#8220;Rekordi niso le v letih, ampak v srcu&#8221;\",\"datePublished\":\"2026-04-28T05:30:37+00:00\",\"mainEntityOfPage\":{\"@id\":\"https:\\\/\\\/novice.si\\\/page\\\/nani-franc-matjasic-z-zgornje-polskave-rekordi-niso-le-v-letih-ampak-v-srcu\\\/\"},\"wordCount\":471,\"publisher\":{\"@id\":\"https:\\\/\\\/novice.si\\\/page\\\/#organization\"},\"image\":{\"@id\":\"https:\\\/\\\/novice.si\\\/page\\\/nani-franc-matjasic-z-zgornje-polskave-rekordi-niso-le-v-letih-ampak-v-srcu\\\/#primaryimage\"},\"thumbnailUrl\":\"https:\\\/\\\/novice.si\\\/page\\\/wp-content\\\/uploads\\\/2026\\\/04\\\/Nani-1_-footgolfa_2.jpg\",\"keywords\":[\"footgolf\",\"nani franc matja\u0161i\u010d\",\"Zgornja Polskava\"],\"articleSection\":[\"Aktualno\",\"Bistri\u0161ko\"],\"inLanguage\":\"sl-SI\"},{\"@type\":\"WebPage\",\"@id\":\"https:\\\/\\\/novice.si\\\/page\\\/nani-franc-matjasic-z-zgornje-polskave-rekordi-niso-le-v-letih-ampak-v-srcu\\\/\",\"url\":\"https:\\\/\\\/novice.si\\\/page\\\/nani-franc-matjasic-z-zgornje-polskave-rekordi-niso-le-v-letih-ampak-v-srcu\\\/\",\"name\":\"Nani Franc Matja\u0161i\u010d z Zgornje Polskave: \\\"Rekordi niso le v letih, ampak v srcu\\\" - Novice.si\",\"isPartOf\":{\"@id\":\"https:\\\/\\\/novice.si\\\/page\\\/#website\"},\"primaryImageOfPage\":{\"@id\":\"https:\\\/\\\/novice.si\\\/page\\\/nani-franc-matjasic-z-zgornje-polskave-rekordi-niso-le-v-letih-ampak-v-srcu\\\/#primaryimage\"},\"image\":{\"@id\":\"https:\\\/\\\/novice.si\\\/page\\\/nani-franc-matjasic-z-zgornje-polskave-rekordi-niso-le-v-letih-ampak-v-srcu\\\/#primaryimage\"},\"thumbnailUrl\":\"https:\\\/\\\/novice.si\\\/page\\\/wp-content\\\/uploads\\\/2026\\\/04\\\/Nani-1_-footgolfa_2.jpg\",\"datePublished\":\"2026-04-28T05:30:37+00:00\",\"breadcrumb\":{\"@id\":\"https:\\\/\\\/novice.si\\\/page\\\/nani-franc-matjasic-z-zgornje-polskave-rekordi-niso-le-v-letih-ampak-v-srcu\\\/#breadcrumb\"},\"inLanguage\":\"sl-SI\",\"potentialAction\":[{\"@type\":\"ReadAction\",\"target\":[\"https:\\\/\\\/novice.si\\\/page\\\/nani-franc-matjasic-z-zgornje-polskave-rekordi-niso-le-v-letih-ampak-v-srcu\\\/\"]}]},{\"@type\":\"ImageObject\",\"inLanguage\":\"sl-SI\",\"@id\":\"https:\\\/\\\/novice.si\\\/page\\\/nani-franc-matjasic-z-zgornje-polskave-rekordi-niso-le-v-letih-ampak-v-srcu\\\/#primaryimage\",\"url\":\"https:\\\/\\\/novice.si\\\/page\\\/wp-content\\\/uploads\\\/2026\\\/04\\\/Nani-1_-footgolfa_2.jpg\",\"contentUrl\":\"https:\\\/\\\/novice.si\\\/page\\\/wp-content\\\/uploads\\\/2026\\\/04\\\/Nani-1_-footgolfa_2.jpg\",\"width\":768,\"height\":700},{\"@type\":\"BreadcrumbList\",\"@id\":\"https:\\\/\\\/novice.si\\\/page\\\/nani-franc-matjasic-z-zgornje-polskave-rekordi-niso-le-v-letih-ampak-v-srcu\\\/#breadcrumb\",\"itemListElement\":[{\"@type\":\"ListItem\",\"position\":1,\"name\":\"Home\",\"item\":\"https:\\\/\\\/novice.si\\\/page\\\/\"},{\"@type\":\"ListItem\",\"position\":2,\"name\":\"Nani Franc Matja\u0161i\u010d z Zgornje Polskave: &#8220;Rekordi niso le v letih, ampak v srcu&#8221;\"}]},{\"@type\":\"WebSite\",\"@id\":\"https:\\\/\\\/novice.si\\\/page\\\/#website\",\"url\":\"https:\\\/\\\/novice.si\\\/page\\\/\",\"name\":\"Novice.si\",\"description\":\"\",\"publisher\":{\"@id\":\"https:\\\/\\\/novice.si\\\/page\\\/#organization\"},\"potentialAction\":[{\"@type\":\"SearchAction\",\"target\":{\"@type\":\"EntryPoint\",\"urlTemplate\":\"https:\\\/\\\/novice.si\\\/page\\\/?s={search_term_string}\"},\"query-input\":{\"@type\":\"PropertyValueSpecification\",\"valueRequired\":true,\"valueName\":\"search_term_string\"}}],\"inLanguage\":\"sl-SI\"},{\"@type\":\"Organization\",\"@id\":\"https:\\\/\\\/novice.si\\\/page\\\/#organization\",\"name\":\"Novice.si\",\"url\":\"https:\\\/\\\/novice.si\\\/page\\\/\",\"logo\":{\"@type\":\"ImageObject\",\"inLanguage\":\"sl-SI\",\"@id\":\"https:\\\/\\\/novice.si\\\/page\\\/#\\\/schema\\\/logo\\\/image\\\/\",\"url\":\"https:\\\/\\\/novice.si\\\/page\\\/wp-content\\\/uploads\\\/2023\\\/03\\\/novice_si.png\",\"contentUrl\":\"https:\\\/\\\/novice.si\\\/page\\\/wp-content\\\/uploads\\\/2023\\\/03\\\/novice_si.png\",\"width\":576,\"height\":200,\"caption\":\"Novice.si\"},\"image\":{\"@id\":\"https:\\\/\\\/novice.si\\\/page\\\/#\\\/schema\\\/logo\\\/image\\\/\"}},{\"@type\":\"Person\",\"@id\":\"https:\\\/\\\/novice.si\\\/page\\\/#\\\/schema\\\/person\\\/96b32396deedcde3f7f776c306b4be21\",\"name\":\"Uredni\u0161tvo Bistri\u0161kih novic\",\"image\":{\"@type\":\"ImageObject\",\"inLanguage\":\"sl-SI\",\"@id\":\"https:\\\/\\\/secure.gravatar.com\\\/avatar\\\/26c56c4b10cdb3a21e86442e5f2845a4eafdd0f3605def77ec6cff4aaef32ea4?s=96&d=mm&r=g\",\"url\":\"https:\\\/\\\/secure.gravatar.com\\\/avatar\\\/26c56c4b10cdb3a21e86442e5f2845a4eafdd0f3605def77ec6cff4aaef32ea4?s=96&d=mm&r=g\",\"contentUrl\":\"https:\\\/\\\/secure.gravatar.com\\\/avatar\\\/26c56c4b10cdb3a21e86442e5f2845a4eafdd0f3605def77ec6cff4aaef32ea4?s=96&d=mm&r=g\",\"caption\":\"Uredni\u0161tvo Bistri\u0161kih novic\"},\"url\":\"https:\\\/\\\/novice.si\\\/page\\\/author\\\/bojana\\\/\"}]}<\/script>\n<!-- \/ Yoast SEO plugin. -->","yoast_head_json":{"title":"Nani Franc Matja\u0161i\u010d z Zgornje Polskave: \"Rekordi niso le v letih, ampak v srcu\" - Novice.si","robots":{"index":"index","follow":"follow","max-snippet":"max-snippet:-1","max-image-preview":"max-image-preview:large","max-video-preview":"max-video-preview:-1"},"canonical":"https:\/\/novice.si\/page\/nani-franc-matjasic-z-zgornje-polskave-rekordi-niso-le-v-letih-ampak-v-srcu\/","og_locale":"sl_SI","og_type":"article","og_title":"Nani Franc Matja\u0161i\u010d z Zgornje Polskave: \"Rekordi niso le v letih, ampak v srcu\" - Novice.si","og_description":"Nani Franc Matja\u0161i\u010d z Zgornje Polskave pravi, da se \u010dlovek ne sme nikoli sam \u00bbpostaviti v pokoj\u00ab. To pomlad bo pri 69 letih nastopil na svetovnem prvenstvu v footgolfu in s tem postavil absolutni starostni rekord \u2013 postal bo najstarej\u0161i reprezentant v zgodovini svetovnih prvenstev. Njegova \u0161portna pot je izjemna. Nogomet je aktivno igral do [&hellip;]","og_url":"https:\/\/novice.si\/page\/nani-franc-matjasic-z-zgornje-polskave-rekordi-niso-le-v-letih-ampak-v-srcu\/","og_site_name":"Novice.si","article_published_time":"2026-04-28T05:30:37+00:00","og_image":[{"width":768,"height":700,"url":"https:\/\/novice.si\/page\/wp-content\/uploads\/2026\/04\/Nani-1_-footgolfa_2.jpg","type":"image\/jpeg"}],"author":"Uredni\u0161tvo Bistri\u0161kih novic","twitter_card":"summary_large_image","twitter_misc":{"Written by":"Uredni\u0161tvo Bistri\u0161kih novic","Est. reading time":"3 minute"},"schema":{"@context":"https:\/\/schema.org","@graph":[{"@type":"Article","@id":"https:\/\/novice.si\/page\/nani-franc-matjasic-z-zgornje-polskave-rekordi-niso-le-v-letih-ampak-v-srcu\/#article","isPartOf":{"@id":"https:\/\/novice.si\/page\/nani-franc-matjasic-z-zgornje-polskave-rekordi-niso-le-v-letih-ampak-v-srcu\/"},"author":{"name":"Uredni\u0161tvo Bistri\u0161kih novic","@id":"https:\/\/novice.si\/page\/#\/schema\/person\/96b32396deedcde3f7f776c306b4be21"},"headline":"Nani Franc Matja\u0161i\u010d z Zgornje Polskave: &#8220;Rekordi niso le v letih, ampak v srcu&#8221;","datePublished":"2026-04-28T05:30:37+00:00","mainEntityOfPage":{"@id":"https:\/\/novice.si\/page\/nani-franc-matjasic-z-zgornje-polskave-rekordi-niso-le-v-letih-ampak-v-srcu\/"},"wordCount":471,"publisher":{"@id":"https:\/\/novice.si\/page\/#organization"},"image":{"@id":"https:\/\/novice.si\/page\/nani-franc-matjasic-z-zgornje-polskave-rekordi-niso-le-v-letih-ampak-v-srcu\/#primaryimage"},"thumbnailUrl":"https:\/\/novice.si\/page\/wp-content\/uploads\/2026\/04\/Nani-1_-footgolfa_2.jpg","keywords":["footgolf","nani franc matja\u0161i\u010d","Zgornja Polskava"],"articleSection":["Aktualno","Bistri\u0161ko"],"inLanguage":"sl-SI"},{"@type":"WebPage","@id":"https:\/\/novice.si\/page\/nani-franc-matjasic-z-zgornje-polskave-rekordi-niso-le-v-letih-ampak-v-srcu\/","url":"https:\/\/novice.si\/page\/nani-franc-matjasic-z-zgornje-polskave-rekordi-niso-le-v-letih-ampak-v-srcu\/","name":"Nani Franc Matja\u0161i\u010d z Zgornje Polskave: \"Rekordi niso le v letih, ampak v srcu\" - Novice.si","isPartOf":{"@id":"https:\/\/novice.si\/page\/#website"},"primaryImageOfPage":{"@id":"https:\/\/novice.si\/page\/nani-franc-matjasic-z-zgornje-polskave-rekordi-niso-le-v-letih-ampak-v-srcu\/#primaryimage"},"image":{"@id":"https:\/\/novice.si\/page\/nani-franc-matjasic-z-zgornje-polskave-rekordi-niso-le-v-letih-ampak-v-srcu\/#primaryimage"},"thumbnailUrl":"https:\/\/novice.si\/page\/wp-content\/uploads\/2026\/04\/Nani-1_-footgolfa_2.jpg","datePublished":"2026-04-28T05:30:37+00:00","breadcrumb":{"@id":"https:\/\/novice.si\/page\/nani-franc-matjasic-z-zgornje-polskave-rekordi-niso-le-v-letih-ampak-v-srcu\/#breadcrumb"},"inLanguage":"sl-SI","potentialAction":[{"@type":"ReadAction","target":["https:\/\/novice.si\/page\/nani-franc-matjasic-z-zgornje-polskave-rekordi-niso-le-v-letih-ampak-v-srcu\/"]}]},{"@type":"ImageObject","inLanguage":"sl-SI","@id":"https:\/\/novice.si\/page\/nani-franc-matjasic-z-zgornje-polskave-rekordi-niso-le-v-letih-ampak-v-srcu\/#primaryimage","url":"https:\/\/novice.si\/page\/wp-content\/uploads\/2026\/04\/Nani-1_-footgolfa_2.jpg","contentUrl":"https:\/\/novice.si\/page\/wp-content\/uploads\/2026\/04\/Nani-1_-footgolfa_2.jpg","width":768,"height":700},{"@type":"BreadcrumbList","@id":"https:\/\/novice.si\/page\/nani-franc-matjasic-z-zgornje-polskave-rekordi-niso-le-v-letih-ampak-v-srcu\/#breadcrumb","itemListElement":[{"@type":"ListItem","position":1,"name":"Home","item":"https:\/\/novice.si\/page\/"},{"@type":"ListItem","position":2,"name":"Nani Franc Matja\u0161i\u010d z Zgornje Polskave: &#8220;Rekordi niso le v letih, ampak v srcu&#8221;"}]},{"@type":"WebSite","@id":"https:\/\/novice.si\/page\/#website","url":"https:\/\/novice.si\/page\/","name":"Novice.si","description":"","publisher":{"@id":"https:\/\/novice.si\/page\/#organization"},"potentialAction":[{"@type":"SearchAction","target":{"@type":"EntryPoint","urlTemplate":"https:\/\/novice.si\/page\/?s={search_term_string}"},"query-input":{"@type":"PropertyValueSpecification","valueRequired":true,"valueName":"search_term_string"}}],"inLanguage":"sl-SI"},{"@type":"Organization","@id":"https:\/\/novice.si\/page\/#organization","name":"Novice.si","url":"https:\/\/novice.si\/page\/","logo":{"@type":"ImageObject","inLanguage":"sl-SI","@id":"https:\/\/novice.si\/page\/#\/schema\/logo\/image\/","url":"https:\/\/novice.si\/page\/wp-content\/uploads\/2023\/03\/novice_si.png","contentUrl":"https:\/\/novice.si\/page\/wp-content\/uploads\/2023\/03\/novice_si.png","width":576,"height":200,"caption":"Novice.si"},"image":{"@id":"https:\/\/novice.si\/page\/#\/schema\/logo\/image\/"}},{"@type":"Person","@id":"https:\/\/novice.si\/page\/#\/schema\/person\/96b32396deedcde3f7f776c306b4be21","name":"Uredni\u0161tvo Bistri\u0161kih novic","image":{"@type":"ImageObject","inLanguage":"sl-SI","@id":"https:\/\/secure.gravatar.com\/avatar\/26c56c4b10cdb3a21e86442e5f2845a4eafdd0f3605def77ec6cff4aaef32ea4?s=96&d=mm&r=g","url":"https:\/\/secure.gravatar.com\/avatar\/26c56c4b10cdb3a21e86442e5f2845a4eafdd0f3605def77ec6cff4aaef32ea4?s=96&d=mm&r=g","contentUrl":"https:\/\/secure.gravatar.com\/avatar\/26c56c4b10cdb3a21e86442e5f2845a4eafdd0f3605def77ec6cff4aaef32ea4?s=96&d=mm&r=g","caption":"Uredni\u0161tvo Bistri\u0161kih novic"},"url":"https:\/\/novice.si\/page\/author\/bojana\/"}]}},"_links":{"self":[{"href":"https:\/\/novice.si\/page\/wp-json\/wp\/v2\/posts\/200654","targetHints":{"allow":["GET"]}}],"collection":[{"href":"https:\/\/novice.si\/page\/wp-json\/wp\/v2\/posts"}],"about":[{"href":"https:\/\/novice.si\/page\/wp-json\/wp\/v2\/types\/post"}],"author":[{"embeddable":true,"href":"https:\/\/novice.si\/page\/wp-json\/wp\/v2\/users\/8"}],"replies":[{"embeddable":true,"href":"https:\/\/novice.si\/page\/wp-json\/wp\/v2\/comments?post=200654"}],"version-history":[{"count":1,"href":"https:\/\/novice.si\/page\/wp-json\/wp\/v2\/posts\/200654\/revisions"}],"predecessor-version":[{"id":200659,"href":"https:\/\/novice.si\/page\/wp-json\/wp\/v2\/posts\/200654\/revisions\/200659"}],"wp:featuredmedia":[{"embeddable":true,"href":"https:\/\/novice.si\/page\/wp-json\/wp\/v2\/media\/200657"}],"wp:attachment":[{"href":"https:\/\/novice.si\/page\/wp-json\/wp\/v2\/media?parent=200654"}],"wp:term":[{"taxonomy":"category","embeddable":true,"href":"https:\/\/novice.si\/page\/wp-json\/wp\/v2\/categories?post=200654"},{"taxonomy":"post_tag","embeddable":true,"href":"https:\/\/novice.si\/page\/wp-json\/wp\/v2\/tags?post=200654"}],"curies":[{"name":"wp","href":"https:\/\/api.w.org\/{rel}","templated":true}]}}