{"id":200521,"date":"2026-04-24T07:03:52","date_gmt":"2026-04-24T05:03:52","guid":{"rendered":"https:\/\/novice.si\/page\/?p=200521"},"modified":"2026-04-23T10:07:59","modified_gmt":"2026-04-23T08:07:59","slug":"na-gasilsko-olimpijado-tudi-dve-bistriski-desetini","status":"publish","type":"post","link":"https:\/\/novice.si\/page\/na-gasilsko-olimpijado-tudi-dve-bistriski-desetini\/","title":{"rendered":"Na gasilsko olimpijado tudi dve bistri\u0161ki desetini"},"content":{"rendered":"<p>Minulo soboto, 18. aprila, je v Gori\u0161nici potekalo izbirno tekmovanje za gasilsko olimpijado. Med ekipami, ki so se potegovale za mesta na velikem mednarodnem tekmovanju, je bila tudi mo\u010dna zasedba iz Gasilske zveze Slovenska Bistrica. Vstopnico sta si priborili dve mo\u0161ki desetini: P<strong>GD Kebelj \u2013 \u010dlani B <\/strong>in<strong> PGD Tinje \u2013 \u010dlani A.<\/strong><br \/>\nZa uvrstitev so se potegovale tudi tri \u017eenske ekipe \u2013 \u010dlanice A iz Laporja, Oplotnice in \u0160martnega na Pohorju. Kljub odli\u010dnim nastopom jim je do kon\u010dnega preboja zmanjkalo nekaj \u0161portne sre\u010de. Gasilska olimpijada bo med 23. in 26. julijem 2026 potekala v avstrijskem mestu Eisenstadt.<\/p>\n\r\n                <style type=\"text\/css\">\r\n                    \r\n                    #tdi_1  .td-doubleSlider-2 .td-item1 {\r\n                        background: url(https:\/\/novice.si\/page\/wp-content\/uploads\/2026\/04\/PGD-Tinje-1a_2-80x60.jpg) 0 0 no-repeat;\r\n                    }\r\n                    #tdi_1  .td-doubleSlider-2 .td-item2 {\r\n                        background: url(https:\/\/novice.si\/page\/wp-content\/uploads\/2026\/04\/PGD-Tinje-2_2-80x60.jpg) 0 0 no-repeat;\r\n                    }\r\n                    #tdi_1  .td-doubleSlider-2 .td-item3 {\r\n                        background: url(https:\/\/novice.si\/page\/wp-content\/uploads\/2026\/04\/PGD-kebelj-1_2-80x60.jpg) 0 0 no-repeat;\r\n                    }\r\n                <\/style>\r\n\r\n                <div id=\"tdi_1\" class=\"td-gallery td-slide-on-2-columns\">\r\n                    <div class=\"post_td_gallery\">\r\n                        <div class=\"td-gallery-slide-top\">\r\n                           <div class=\"td-gallery-title\"><\/div>\r\n\r\n                            <div class=\"td-gallery-controls-wrapper\">\r\n                                <div class=\"td-gallery-slide-count\"><span class=\"td-gallery-slide-item-focus\">1<\/span> od 3<\/div>\r\n                                <div class=\"td-gallery-slide-prev-next-but\">\r\n                                    <i class = \"td-icon-left doubleSliderPrevButton\"><\/i>\r\n                                    <i class = \"td-icon-right doubleSliderNextButton\"><\/i>\r\n                                <\/div>\r\n                            <\/div>\r\n                        <\/div>\r\n\r\n                        <div class = \"td-doubleSlider-1 \">\r\n                            <div class = \"td-slider\">\r\n                                \r\n                    <div class = \"td-slide-item td-item1\">\r\n                        <figure class=\"td-slide-galery-figure td-slide-popup-gallery\">\r\n                            <a class=\"slide-gallery-image-link\" href=\"https:\/\/novice.si\/page\/wp-content\/uploads\/2026\/04\/PGD-Tinje-1a_2.jpg\" title=\"PGD Tinje 1a_2\"  data-caption=\"PGD Tinje\"  data-description=\"\" data-gallery>\r\n                                <img decoding=\"async\" src=\"https:\/\/novice.si\/page\/wp-content\/uploads\/2026\/04\/PGD-Tinje-1a_2-469x420.jpg\" srcset=\"https:\/\/novice.si\/page\/wp-content\/uploads\/2026\/04\/PGD-Tinje-1a_2-469x420.jpg 469w, https:\/\/novice.si\/page\/wp-content\/uploads\/2026\/04\/PGD-Tinje-1a_2-600x537.jpg 600w, https:\/\/novice.si\/page\/wp-content\/uploads\/2026\/04\/PGD-Tinje-1a_2-768x687.jpg 768w, https:\/\/novice.si\/page\/wp-content\/uploads\/2026\/04\/PGD-Tinje-1a_2-696x623.jpg 696w, https:\/\/novice.si\/page\/wp-content\/uploads\/2026\/04\/PGD-Tinje-1a_2-24x21.jpg 24w, https:\/\/novice.si\/page\/wp-content\/uploads\/2026\/04\/PGD-Tinje-1a_2-36x32.jpg 36w, https:\/\/novice.si\/page\/wp-content\/uploads\/2026\/04\/PGD-Tinje-1a_2-48x43.jpg 48w, https:\/\/novice.si\/page\/wp-content\/uploads\/2026\/04\/PGD-Tinje-1a_2.jpg 782w\" sizes=\"(max-width: 469px) 100vw, 469px\" alt=\"\">\r\n                            <\/a>\r\n                            <figcaption class = \"td-slide-caption td-gallery-slide-content\"><div class = \"td-gallery-slide-copywrite\">PGD Tinje<\/div><\/figcaption>\r\n                        <\/figure>\r\n                    <\/div>\r\n                    <div class = \"td-slide-item td-item2\">\r\n                        <figure class=\"td-slide-galery-figure td-slide-popup-gallery\">\r\n                            <a class=\"slide-gallery-image-link\" href=\"https:\/\/novice.si\/page\/wp-content\/uploads\/2026\/04\/PGD-Tinje-2_2.jpg\" title=\"PGD Tinje 2_2\"  data-caption=\"PGD Tinje \u2013 \u010dlani A - uvrstitev na olimpijado je rezultat dolgega in vztrajnega dela ekipe.\"  data-description=\"\" data-gallery>\r\n                                <img decoding=\"async\" src=\"https:\/\/novice.si\/page\/wp-content\/uploads\/2026\/04\/PGD-Tinje-2_2-560x420.jpg\" srcset=\"https:\/\/novice.si\/page\/wp-content\/uploads\/2026\/04\/PGD-Tinje-2_2-560x420.jpg 560w, https:\/\/novice.si\/page\/wp-content\/uploads\/2026\/04\/PGD-Tinje-2_2-600x450.jpg 600w, https:\/\/novice.si\/page\/wp-content\/uploads\/2026\/04\/PGD-Tinje-2_2-768x576.jpg 768w, https:\/\/novice.si\/page\/wp-content\/uploads\/2026\/04\/PGD-Tinje-2_2-80x60.jpg 80w, https:\/\/novice.si\/page\/wp-content\/uploads\/2026\/04\/PGD-Tinje-2_2-696x522.jpg 696w, https:\/\/novice.si\/page\/wp-content\/uploads\/2026\/04\/PGD-Tinje-2_2-265x198.jpg 265w, https:\/\/novice.si\/page\/wp-content\/uploads\/2026\/04\/PGD-Tinje-2_2-24x18.jpg 24w, https:\/\/novice.si\/page\/wp-content\/uploads\/2026\/04\/PGD-Tinje-2_2-36x27.jpg 36w, https:\/\/novice.si\/page\/wp-content\/uploads\/2026\/04\/PGD-Tinje-2_2-48x36.jpg 48w, https:\/\/novice.si\/page\/wp-content\/uploads\/2026\/04\/PGD-Tinje-2_2.jpg 933w\" sizes=\"(max-width: 560px) 100vw, 560px\" alt=\"\">\r\n                            <\/a>\r\n                            <figcaption class = \"td-slide-caption td-gallery-slide-content\"><div class = \"td-gallery-slide-copywrite\">PGD Tinje \u2013 \u010dlani A - uvrstitev na olimpijado je rezultat dolgega in vztrajnega dela ekipe.<\/div><\/figcaption>\r\n                        <\/figure>\r\n                    <\/div>\r\n                    <div class = \"td-slide-item td-item3\">\r\n                        <figure class=\"td-slide-galery-figure td-slide-popup-gallery\">\r\n                            <a class=\"slide-gallery-image-link\" href=\"https:\/\/novice.si\/page\/wp-content\/uploads\/2026\/04\/PGD-kebelj-1_2.jpg\" title=\"PGD kebelj 1_2\"  data-caption=\"Na olimpijado se je uvrstila tudi ekipa s Keblja  - \u010dlani B, kateri je uspel nastop brez kazenskih to\u010dk in s tem najbolj\u0161im izkupi\u010dkom to\u010dk v kategoriji \u010dlanov B. \"  data-description=\"\" data-gallery>\r\n                                <img decoding=\"async\" src=\"https:\/\/novice.si\/page\/wp-content\/uploads\/2026\/04\/PGD-kebelj-1_2-560x420.jpg\" srcset=\"https:\/\/novice.si\/page\/wp-content\/uploads\/2026\/04\/PGD-kebelj-1_2-560x420.jpg 560w, https:\/\/novice.si\/page\/wp-content\/uploads\/2026\/04\/PGD-kebelj-1_2-600x450.jpg 600w, https:\/\/novice.si\/page\/wp-content\/uploads\/2026\/04\/PGD-kebelj-1_2-768x576.jpg 768w, https:\/\/novice.si\/page\/wp-content\/uploads\/2026\/04\/PGD-kebelj-1_2-80x60.jpg 80w, https:\/\/novice.si\/page\/wp-content\/uploads\/2026\/04\/PGD-kebelj-1_2-696x522.jpg 696w, https:\/\/novice.si\/page\/wp-content\/uploads\/2026\/04\/PGD-kebelj-1_2-265x198.jpg 265w, https:\/\/novice.si\/page\/wp-content\/uploads\/2026\/04\/PGD-kebelj-1_2-24x18.jpg 24w, https:\/\/novice.si\/page\/wp-content\/uploads\/2026\/04\/PGD-kebelj-1_2-36x27.jpg 36w, https:\/\/novice.si\/page\/wp-content\/uploads\/2026\/04\/PGD-kebelj-1_2-48x36.jpg 48w, https:\/\/novice.si\/page\/wp-content\/uploads\/2026\/04\/PGD-kebelj-1_2.jpg 933w\" sizes=\"(max-width: 560px) 100vw, 560px\" alt=\"\">\r\n                            <\/a>\r\n                            <figcaption class = \"td-slide-caption td-gallery-slide-content\"><div class = \"td-gallery-slide-copywrite\">Na olimpijado se je uvrstila tudi ekipa s Keblja  - \u010dlani B, kateri je uspel nastop brez kazenskih to\u010dk in s tem najbolj\u0161im izkupi\u010dkom to\u010dk v kategoriji \u010dlanov B. <\/div><\/figcaption>\r\n                        <\/figure>\r\n                    <\/div>\r\n                            <\/div>\r\n                        <\/div>\r\n\r\n                        <div class = \"td-doubleSlider-2\">\r\n                            <div class = \"td-slider\">\r\n                                \r\n                    <div class = \"td-button td-item1\">\r\n                        <div class = \"td-border\"><\/div>\r\n                    <\/div>\r\n                    <div class = \"td-button td-item2\">\r\n                        <div class = \"td-border\"><\/div>\r\n                    <\/div>\r\n                    <div class = \"td-button td-item3\">\r\n                        <div class = \"td-border\"><\/div>\r\n                    <\/div>\r\n                            <\/div>\r\n                        <\/div>\r\n\r\n                    <\/div>\r\n\r\n                <\/div>\r\n                \n<p><strong>Tinj\u010dani: uspeh je rezultat vztrajnega dela<br \/>\n<\/strong>Konkurenca v kategoriji \u010dlani A je bila izjemno zahtevna. Kot poudarja vodja ekipe <strong>PGD Tinje<\/strong> <strong>Uro\u0161 Vidmar,<\/strong> je uvrstitev na olimpijado rezultat dolgega in vztrajnega dela ekipe.<br \/>\nS \u0161tiriletnim nizom najvi\u0161jih uvrstitev na tekmovanjih so si zagotovili nastop na leto\u0161njih kvalifikacijah. Ekipo na kvalifikacijah so sestavljali Uro\u0161 Droftina, Mitja Smogavec, Nikolaj Ko\u010dnik, Uro\u0161 Vidmar, Sebastjan Ko\u010dnik, Jure Kvas, David Pi\u0161otek, Alen \u0160ega in Jakob Tram\u0161ek, rezerve pa Bojan Smogavec, Kristijan Kresnik in Matija Ram\u0161ak. Vodja ekipe je Uro\u0161 Vidmar, kondicijski trener Zoran Kregar in tehni\u010dni trener Franc Stopar. Na kvalifikacije so se pripravljali od oktobra lani, s tremi treningi tedensko.<\/p>\n<p>Poleg tekmovalnih uspehov \u010dlani PGD Tinje aktivno sodelujejo tudi pri razvoju doma\u010dega dru\u0161tva. Trenutno poteka gradnja dodatne gara\u017ee na Tinju, pri kateri gasilci s prostovoljnim delom pomembno prispevajo k izbolj\u0161anju pogojev za delovanje enote. Ob tem so hvale\u017eni krajanom za podporo ter vodstvu dru\u0161tva \u2013 predsedniku Milanu Stegneju in poveljniku Marku Graceju.<br \/>\nEkipo zdaj \u010daka nov, \u0161e zahtevnej\u0161i izziv \u2013 priprave na gasilsko olimpijado, ki zanjo predstavljajo za\u010detek novega poglavja. (B. Petelin\u0161ek)<\/p>\n","protected":false},"excerpt":{"rendered":"<p>Minulo soboto, 18. aprila, je v Gori\u0161nici potekalo izbirno tekmovanje za gasilsko olimpijado. Med ekipami, ki so se potegovale za mesta na velikem mednarodnem tekmovanju, je bila tudi mo\u010dna zasedba iz Gasilske zveze Slovenska Bistrica. Vstopnico sta si priborili dve mo\u0161ki desetini: PGD Kebelj \u2013 \u010dlani B in PGD Tinje \u2013 \u010dlani A. Za uvrstitev [&hellip;]<\/p>\n","protected":false},"author":8,"featured_media":200523,"comment_status":"closed","ping_status":"closed","sticky":false,"template":"","format":"standard","meta":{"footnotes":""},"categories":[14,32],"tags":[14719,15476,15474],"class_list":{"0":"post-200521","1":"post","2":"type-post","3":"status-publish","4":"format-standard","5":"has-post-thumbnail","7":"category-aktualno","8":"category-bistrisko","9":"tag-gasilska-olimpijada","10":"tag-pgd-kebelj","11":"tag-pgd-tinje"},"yoast_head":"<!-- This site is optimized with the Yoast SEO plugin v27.4 - https:\/\/yoast.com\/product\/yoast-seo-wordpress\/ -->\n<title>Na gasilsko olimpijado tudi dve bistri\u0161ki desetini - Novice.si<\/title>\n<meta name=\"robots\" content=\"index, follow, max-snippet:-1, max-image-preview:large, max-video-preview:-1\" \/>\n<link rel=\"canonical\" href=\"https:\/\/novice.si\/page\/na-gasilsko-olimpijado-tudi-dve-bistriski-desetini\/\" \/>\n<meta property=\"og:locale\" content=\"sl_SI\" \/>\n<meta property=\"og:type\" content=\"article\" \/>\n<meta property=\"og:title\" content=\"Na gasilsko olimpijado tudi dve bistri\u0161ki desetini - Novice.si\" \/>\n<meta property=\"og:description\" content=\"Minulo soboto, 18. aprila, je v Gori\u0161nici potekalo izbirno tekmovanje za gasilsko olimpijado. Med ekipami, ki so se potegovale za mesta na velikem mednarodnem tekmovanju, je bila tudi mo\u010dna zasedba iz Gasilske zveze Slovenska Bistrica. Vstopnico sta si priborili dve mo\u0161ki desetini: PGD Kebelj \u2013 \u010dlani B in PGD Tinje \u2013 \u010dlani A. Za uvrstitev [&hellip;]\" \/>\n<meta property=\"og:url\" content=\"https:\/\/novice.si\/page\/na-gasilsko-olimpijado-tudi-dve-bistriski-desetini\/\" \/>\n<meta property=\"og:site_name\" content=\"Novice.si\" \/>\n<meta property=\"article:published_time\" content=\"2026-04-24T05:03:52+00:00\" \/>\n<meta property=\"og:image\" content=\"https:\/\/novice.si\/page\/wp-content\/uploads\/2026\/04\/PGD-Tinje-1a_2.jpg\" \/>\n\t<meta property=\"og:image:width\" content=\"782\" \/>\n\t<meta property=\"og:image:height\" content=\"700\" \/>\n\t<meta property=\"og:image:type\" content=\"image\/jpeg\" \/>\n<meta name=\"author\" content=\"Uredni\u0161tvo Bistri\u0161kih novic\" \/>\n<meta name=\"twitter:card\" content=\"summary_large_image\" \/>\n<meta name=\"twitter:label1\" content=\"Written by\" \/>\n\t<meta name=\"twitter:data1\" content=\"Uredni\u0161tvo Bistri\u0161kih novic\" \/>\n\t<meta name=\"twitter:label2\" content=\"Est. reading time\" \/>\n\t<meta name=\"twitter:data2\" content=\"2 minuti\" \/>\n<script type=\"application\/ld+json\" class=\"yoast-schema-graph\">{\"@context\":\"https:\\\/\\\/schema.org\",\"@graph\":[{\"@type\":\"Article\",\"@id\":\"https:\\\/\\\/novice.si\\\/page\\\/na-gasilsko-olimpijado-tudi-dve-bistriski-desetini\\\/#article\",\"isPartOf\":{\"@id\":\"https:\\\/\\\/novice.si\\\/page\\\/na-gasilsko-olimpijado-tudi-dve-bistriski-desetini\\\/\"},\"author\":{\"name\":\"Uredni\u0161tvo Bistri\u0161kih novic\",\"@id\":\"https:\\\/\\\/novice.si\\\/page\\\/#\\\/schema\\\/person\\\/96b32396deedcde3f7f776c306b4be21\"},\"headline\":\"Na gasilsko olimpijado tudi dve bistri\u0161ki desetini\",\"datePublished\":\"2026-04-24T05:03:52+00:00\",\"mainEntityOfPage\":{\"@id\":\"https:\\\/\\\/novice.si\\\/page\\\/na-gasilsko-olimpijado-tudi-dve-bistriski-desetini\\\/\"},\"wordCount\":310,\"publisher\":{\"@id\":\"https:\\\/\\\/novice.si\\\/page\\\/#organization\"},\"image\":{\"@id\":\"https:\\\/\\\/novice.si\\\/page\\\/na-gasilsko-olimpijado-tudi-dve-bistriski-desetini\\\/#primaryimage\"},\"thumbnailUrl\":\"https:\\\/\\\/novice.si\\\/page\\\/wp-content\\\/uploads\\\/2026\\\/04\\\/PGD-Tinje-1a_2.jpg\",\"keywords\":[\"gasilska olimpijada\",\"PGD Kebelj\",\"PGD Tinje\"],\"articleSection\":[\"Aktualno\",\"Bistri\u0161ko\"],\"inLanguage\":\"sl-SI\"},{\"@type\":\"WebPage\",\"@id\":\"https:\\\/\\\/novice.si\\\/page\\\/na-gasilsko-olimpijado-tudi-dve-bistriski-desetini\\\/\",\"url\":\"https:\\\/\\\/novice.si\\\/page\\\/na-gasilsko-olimpijado-tudi-dve-bistriski-desetini\\\/\",\"name\":\"Na gasilsko olimpijado tudi dve bistri\u0161ki desetini - Novice.si\",\"isPartOf\":{\"@id\":\"https:\\\/\\\/novice.si\\\/page\\\/#website\"},\"primaryImageOfPage\":{\"@id\":\"https:\\\/\\\/novice.si\\\/page\\\/na-gasilsko-olimpijado-tudi-dve-bistriski-desetini\\\/#primaryimage\"},\"image\":{\"@id\":\"https:\\\/\\\/novice.si\\\/page\\\/na-gasilsko-olimpijado-tudi-dve-bistriski-desetini\\\/#primaryimage\"},\"thumbnailUrl\":\"https:\\\/\\\/novice.si\\\/page\\\/wp-content\\\/uploads\\\/2026\\\/04\\\/PGD-Tinje-1a_2.jpg\",\"datePublished\":\"2026-04-24T05:03:52+00:00\",\"breadcrumb\":{\"@id\":\"https:\\\/\\\/novice.si\\\/page\\\/na-gasilsko-olimpijado-tudi-dve-bistriski-desetini\\\/#breadcrumb\"},\"inLanguage\":\"sl-SI\",\"potentialAction\":[{\"@type\":\"ReadAction\",\"target\":[\"https:\\\/\\\/novice.si\\\/page\\\/na-gasilsko-olimpijado-tudi-dve-bistriski-desetini\\\/\"]}]},{\"@type\":\"ImageObject\",\"inLanguage\":\"sl-SI\",\"@id\":\"https:\\\/\\\/novice.si\\\/page\\\/na-gasilsko-olimpijado-tudi-dve-bistriski-desetini\\\/#primaryimage\",\"url\":\"https:\\\/\\\/novice.si\\\/page\\\/wp-content\\\/uploads\\\/2026\\\/04\\\/PGD-Tinje-1a_2.jpg\",\"contentUrl\":\"https:\\\/\\\/novice.si\\\/page\\\/wp-content\\\/uploads\\\/2026\\\/04\\\/PGD-Tinje-1a_2.jpg\",\"width\":782,\"height\":700,\"caption\":\"PGD Tinje\"},{\"@type\":\"BreadcrumbList\",\"@id\":\"https:\\\/\\\/novice.si\\\/page\\\/na-gasilsko-olimpijado-tudi-dve-bistriski-desetini\\\/#breadcrumb\",\"itemListElement\":[{\"@type\":\"ListItem\",\"position\":1,\"name\":\"Home\",\"item\":\"https:\\\/\\\/novice.si\\\/page\\\/\"},{\"@type\":\"ListItem\",\"position\":2,\"name\":\"Na gasilsko olimpijado tudi dve bistri\u0161ki desetini\"}]},{\"@type\":\"WebSite\",\"@id\":\"https:\\\/\\\/novice.si\\\/page\\\/#website\",\"url\":\"https:\\\/\\\/novice.si\\\/page\\\/\",\"name\":\"Novice.si\",\"description\":\"\",\"publisher\":{\"@id\":\"https:\\\/\\\/novice.si\\\/page\\\/#organization\"},\"potentialAction\":[{\"@type\":\"SearchAction\",\"target\":{\"@type\":\"EntryPoint\",\"urlTemplate\":\"https:\\\/\\\/novice.si\\\/page\\\/?s={search_term_string}\"},\"query-input\":{\"@type\":\"PropertyValueSpecification\",\"valueRequired\":true,\"valueName\":\"search_term_string\"}}],\"inLanguage\":\"sl-SI\"},{\"@type\":\"Organization\",\"@id\":\"https:\\\/\\\/novice.si\\\/page\\\/#organization\",\"name\":\"Novice.si\",\"url\":\"https:\\\/\\\/novice.si\\\/page\\\/\",\"logo\":{\"@type\":\"ImageObject\",\"inLanguage\":\"sl-SI\",\"@id\":\"https:\\\/\\\/novice.si\\\/page\\\/#\\\/schema\\\/logo\\\/image\\\/\",\"url\":\"https:\\\/\\\/novice.si\\\/page\\\/wp-content\\\/uploads\\\/2023\\\/03\\\/novice_si.png\",\"contentUrl\":\"https:\\\/\\\/novice.si\\\/page\\\/wp-content\\\/uploads\\\/2023\\\/03\\\/novice_si.png\",\"width\":576,\"height\":200,\"caption\":\"Novice.si\"},\"image\":{\"@id\":\"https:\\\/\\\/novice.si\\\/page\\\/#\\\/schema\\\/logo\\\/image\\\/\"}},{\"@type\":\"Person\",\"@id\":\"https:\\\/\\\/novice.si\\\/page\\\/#\\\/schema\\\/person\\\/96b32396deedcde3f7f776c306b4be21\",\"name\":\"Uredni\u0161tvo Bistri\u0161kih novic\",\"image\":{\"@type\":\"ImageObject\",\"inLanguage\":\"sl-SI\",\"@id\":\"https:\\\/\\\/secure.gravatar.com\\\/avatar\\\/26c56c4b10cdb3a21e86442e5f2845a4eafdd0f3605def77ec6cff4aaef32ea4?s=96&d=mm&r=g\",\"url\":\"https:\\\/\\\/secure.gravatar.com\\\/avatar\\\/26c56c4b10cdb3a21e86442e5f2845a4eafdd0f3605def77ec6cff4aaef32ea4?s=96&d=mm&r=g\",\"contentUrl\":\"https:\\\/\\\/secure.gravatar.com\\\/avatar\\\/26c56c4b10cdb3a21e86442e5f2845a4eafdd0f3605def77ec6cff4aaef32ea4?s=96&d=mm&r=g\",\"caption\":\"Uredni\u0161tvo Bistri\u0161kih novic\"},\"url\":\"https:\\\/\\\/novice.si\\\/page\\\/author\\\/bojana\\\/\"}]}<\/script>\n<!-- \/ Yoast SEO plugin. -->","yoast_head_json":{"title":"Na gasilsko olimpijado tudi dve bistri\u0161ki desetini - Novice.si","robots":{"index":"index","follow":"follow","max-snippet":"max-snippet:-1","max-image-preview":"max-image-preview:large","max-video-preview":"max-video-preview:-1"},"canonical":"https:\/\/novice.si\/page\/na-gasilsko-olimpijado-tudi-dve-bistriski-desetini\/","og_locale":"sl_SI","og_type":"article","og_title":"Na gasilsko olimpijado tudi dve bistri\u0161ki desetini - Novice.si","og_description":"Minulo soboto, 18. aprila, je v Gori\u0161nici potekalo izbirno tekmovanje za gasilsko olimpijado. Med ekipami, ki so se potegovale za mesta na velikem mednarodnem tekmovanju, je bila tudi mo\u010dna zasedba iz Gasilske zveze Slovenska Bistrica. Vstopnico sta si priborili dve mo\u0161ki desetini: PGD Kebelj \u2013 \u010dlani B in PGD Tinje \u2013 \u010dlani A. Za uvrstitev [&hellip;]","og_url":"https:\/\/novice.si\/page\/na-gasilsko-olimpijado-tudi-dve-bistriski-desetini\/","og_site_name":"Novice.si","article_published_time":"2026-04-24T05:03:52+00:00","og_image":[{"width":782,"height":700,"url":"https:\/\/novice.si\/page\/wp-content\/uploads\/2026\/04\/PGD-Tinje-1a_2.jpg","type":"image\/jpeg"}],"author":"Uredni\u0161tvo Bistri\u0161kih novic","twitter_card":"summary_large_image","twitter_misc":{"Written by":"Uredni\u0161tvo Bistri\u0161kih novic","Est. reading time":"2 minuti"},"schema":{"@context":"https:\/\/schema.org","@graph":[{"@type":"Article","@id":"https:\/\/novice.si\/page\/na-gasilsko-olimpijado-tudi-dve-bistriski-desetini\/#article","isPartOf":{"@id":"https:\/\/novice.si\/page\/na-gasilsko-olimpijado-tudi-dve-bistriski-desetini\/"},"author":{"name":"Uredni\u0161tvo Bistri\u0161kih novic","@id":"https:\/\/novice.si\/page\/#\/schema\/person\/96b32396deedcde3f7f776c306b4be21"},"headline":"Na gasilsko olimpijado tudi dve bistri\u0161ki desetini","datePublished":"2026-04-24T05:03:52+00:00","mainEntityOfPage":{"@id":"https:\/\/novice.si\/page\/na-gasilsko-olimpijado-tudi-dve-bistriski-desetini\/"},"wordCount":310,"publisher":{"@id":"https:\/\/novice.si\/page\/#organization"},"image":{"@id":"https:\/\/novice.si\/page\/na-gasilsko-olimpijado-tudi-dve-bistriski-desetini\/#primaryimage"},"thumbnailUrl":"https:\/\/novice.si\/page\/wp-content\/uploads\/2026\/04\/PGD-Tinje-1a_2.jpg","keywords":["gasilska olimpijada","PGD Kebelj","PGD Tinje"],"articleSection":["Aktualno","Bistri\u0161ko"],"inLanguage":"sl-SI"},{"@type":"WebPage","@id":"https:\/\/novice.si\/page\/na-gasilsko-olimpijado-tudi-dve-bistriski-desetini\/","url":"https:\/\/novice.si\/page\/na-gasilsko-olimpijado-tudi-dve-bistriski-desetini\/","name":"Na gasilsko olimpijado tudi dve bistri\u0161ki desetini - Novice.si","isPartOf":{"@id":"https:\/\/novice.si\/page\/#website"},"primaryImageOfPage":{"@id":"https:\/\/novice.si\/page\/na-gasilsko-olimpijado-tudi-dve-bistriski-desetini\/#primaryimage"},"image":{"@id":"https:\/\/novice.si\/page\/na-gasilsko-olimpijado-tudi-dve-bistriski-desetini\/#primaryimage"},"thumbnailUrl":"https:\/\/novice.si\/page\/wp-content\/uploads\/2026\/04\/PGD-Tinje-1a_2.jpg","datePublished":"2026-04-24T05:03:52+00:00","breadcrumb":{"@id":"https:\/\/novice.si\/page\/na-gasilsko-olimpijado-tudi-dve-bistriski-desetini\/#breadcrumb"},"inLanguage":"sl-SI","potentialAction":[{"@type":"ReadAction","target":["https:\/\/novice.si\/page\/na-gasilsko-olimpijado-tudi-dve-bistriski-desetini\/"]}]},{"@type":"ImageObject","inLanguage":"sl-SI","@id":"https:\/\/novice.si\/page\/na-gasilsko-olimpijado-tudi-dve-bistriski-desetini\/#primaryimage","url":"https:\/\/novice.si\/page\/wp-content\/uploads\/2026\/04\/PGD-Tinje-1a_2.jpg","contentUrl":"https:\/\/novice.si\/page\/wp-content\/uploads\/2026\/04\/PGD-Tinje-1a_2.jpg","width":782,"height":700,"caption":"PGD Tinje"},{"@type":"BreadcrumbList","@id":"https:\/\/novice.si\/page\/na-gasilsko-olimpijado-tudi-dve-bistriski-desetini\/#breadcrumb","itemListElement":[{"@type":"ListItem","position":1,"name":"Home","item":"https:\/\/novice.si\/page\/"},{"@type":"ListItem","position":2,"name":"Na gasilsko olimpijado tudi dve bistri\u0161ki desetini"}]},{"@type":"WebSite","@id":"https:\/\/novice.si\/page\/#website","url":"https:\/\/novice.si\/page\/","name":"Novice.si","description":"","publisher":{"@id":"https:\/\/novice.si\/page\/#organization"},"potentialAction":[{"@type":"SearchAction","target":{"@type":"EntryPoint","urlTemplate":"https:\/\/novice.si\/page\/?s={search_term_string}"},"query-input":{"@type":"PropertyValueSpecification","valueRequired":true,"valueName":"search_term_string"}}],"inLanguage":"sl-SI"},{"@type":"Organization","@id":"https:\/\/novice.si\/page\/#organization","name":"Novice.si","url":"https:\/\/novice.si\/page\/","logo":{"@type":"ImageObject","inLanguage":"sl-SI","@id":"https:\/\/novice.si\/page\/#\/schema\/logo\/image\/","url":"https:\/\/novice.si\/page\/wp-content\/uploads\/2023\/03\/novice_si.png","contentUrl":"https:\/\/novice.si\/page\/wp-content\/uploads\/2023\/03\/novice_si.png","width":576,"height":200,"caption":"Novice.si"},"image":{"@id":"https:\/\/novice.si\/page\/#\/schema\/logo\/image\/"}},{"@type":"Person","@id":"https:\/\/novice.si\/page\/#\/schema\/person\/96b32396deedcde3f7f776c306b4be21","name":"Uredni\u0161tvo Bistri\u0161kih novic","image":{"@type":"ImageObject","inLanguage":"sl-SI","@id":"https:\/\/secure.gravatar.com\/avatar\/26c56c4b10cdb3a21e86442e5f2845a4eafdd0f3605def77ec6cff4aaef32ea4?s=96&d=mm&r=g","url":"https:\/\/secure.gravatar.com\/avatar\/26c56c4b10cdb3a21e86442e5f2845a4eafdd0f3605def77ec6cff4aaef32ea4?s=96&d=mm&r=g","contentUrl":"https:\/\/secure.gravatar.com\/avatar\/26c56c4b10cdb3a21e86442e5f2845a4eafdd0f3605def77ec6cff4aaef32ea4?s=96&d=mm&r=g","caption":"Uredni\u0161tvo Bistri\u0161kih novic"},"url":"https:\/\/novice.si\/page\/author\/bojana\/"}]}},"_links":{"self":[{"href":"https:\/\/novice.si\/page\/wp-json\/wp\/v2\/posts\/200521","targetHints":{"allow":["GET"]}}],"collection":[{"href":"https:\/\/novice.si\/page\/wp-json\/wp\/v2\/posts"}],"about":[{"href":"https:\/\/novice.si\/page\/wp-json\/wp\/v2\/types\/post"}],"author":[{"embeddable":true,"href":"https:\/\/novice.si\/page\/wp-json\/wp\/v2\/users\/8"}],"replies":[{"embeddable":true,"href":"https:\/\/novice.si\/page\/wp-json\/wp\/v2\/comments?post=200521"}],"version-history":[{"count":1,"href":"https:\/\/novice.si\/page\/wp-json\/wp\/v2\/posts\/200521\/revisions"}],"predecessor-version":[{"id":200525,"href":"https:\/\/novice.si\/page\/wp-json\/wp\/v2\/posts\/200521\/revisions\/200525"}],"wp:featuredmedia":[{"embeddable":true,"href":"https:\/\/novice.si\/page\/wp-json\/wp\/v2\/media\/200523"}],"wp:attachment":[{"href":"https:\/\/novice.si\/page\/wp-json\/wp\/v2\/media?parent=200521"}],"wp:term":[{"taxonomy":"category","embeddable":true,"href":"https:\/\/novice.si\/page\/wp-json\/wp\/v2\/categories?post=200521"},{"taxonomy":"post_tag","embeddable":true,"href":"https:\/\/novice.si\/page\/wp-json\/wp\/v2\/tags?post=200521"}],"curies":[{"name":"wp","href":"https:\/\/api.w.org\/{rel}","templated":true}]}}