{"id":200210,"date":"2026-04-02T06:19:48","date_gmt":"2026-04-02T04:19:48","guid":{"rendered":"https:\/\/novice.si\/page\/?p=200210"},"modified":"2026-04-13T06:20:59","modified_gmt":"2026-04-13T04:20:59","slug":"zelel-si-je-postati-pilot","status":"publish","type":"post","link":"https:\/\/novice.si\/page\/zelel-si-je-postati-pilot\/","title":{"rendered":"\u017delel si je postati pilot"},"content":{"rendered":"<p><img loading=\"lazy\" decoding=\"async\" src=\"https:\/\/novice.si\/page\/wp-content\/uploads\/2026\/04\/jure-glavnik-1008x1024.jpg\" alt=\"\" width=\"696\" height=\"707\" class=\"alignleft size-large wp-image-200211\" srcset=\"https:\/\/novice.si\/page\/wp-content\/uploads\/2026\/04\/jure-glavnik-1008x1024.jpg 1008w, https:\/\/novice.si\/page\/wp-content\/uploads\/2026\/04\/jure-glavnik-591x600.jpg 591w, https:\/\/novice.si\/page\/wp-content\/uploads\/2026\/04\/jure-glavnik-768x780.jpg 768w, https:\/\/novice.si\/page\/wp-content\/uploads\/2026\/04\/jure-glavnik-1512x1536.jpg 1512w, https:\/\/novice.si\/page\/wp-content\/uploads\/2026\/04\/jure-glavnik-413x420.jpg 413w, https:\/\/novice.si\/page\/wp-content\/uploads\/2026\/04\/jure-glavnik-696x707.jpg 696w, https:\/\/novice.si\/page\/wp-content\/uploads\/2026\/04\/jure-glavnik-1068x1085.jpg 1068w, https:\/\/novice.si\/page\/wp-content\/uploads\/2026\/04\/jure-glavnik-24x24.jpg 24w, https:\/\/novice.si\/page\/wp-content\/uploads\/2026\/04\/jure-glavnik-36x36.jpg 36w, https:\/\/novice.si\/page\/wp-content\/uploads\/2026\/04\/jure-glavnik-48x48.jpg 48w, https:\/\/novice.si\/page\/wp-content\/uploads\/2026\/04\/jure-glavnik.jpg 1870w\" sizes=\"auto, (max-width: 696px) 100vw, 696px\" \/>Jure Glavnik je podjetnik, mestni svetnik, politik, poslanec za gostinstvo in turizem pri Obmo\u010dni obrtno-podjetni\u0161ki zbornici Celje ter solastnik kavarne in sla\u0161\u010di\u010darne Mi\u0161ko Knji\u017eko ter Gu\u0161t puba. Kljub temu da ima zelo bogato karierno in politi\u010dno \u017eivljenje, pa \u0161e posebej ceni svojo vlogo o\u010deta. Rad ima Celje in njegove zgodbe, ki jih z veseljem deli tudi na svojih dru\u017ebenih omre\u017ejih.<\/p>\n<p><em>Spra\u0161uje: Maja Horvat<br \/>\nFoto: osebni arhiv<\/em><\/p>\n<p><strong>Kaj ste si \u017eeleli postati kot majhen de\u010dek?<\/strong><\/p>\n<p>Kot majhen de\u010dek sem si \u017eelel postati pilot. V svobodi letenja je bilo nekaj \u010darobnega, kar me je vedno znova pritegnilo.<\/p>\n<p><strong>Katera vloga, ki jo imate v svojem \u017eivljenju, se vam zdi najte\u017eja in zakaj?<\/strong><\/p>\n<p>\u010ce si odgovoren in samokriti\u010den, je ve\u010dina vlog v \u017eivljenju te\u017ekih. Najlep\u0161a, a hkrati tudi najzahtevnej\u0161a, je zagotovo vloga o\u010deta. Kot bi sadil seme, katerega pravi rezultat vidi\u0161 \u0161ele \u010dez leta.<\/p>\n<p><strong>Kam v Celju najraje zahajate?<\/strong><\/p>\n<p>V Celju najraje zahajam z dru\u017eino na sprehode ob Savinjskem nabre\u017eju, v Mestni gozd ter v sam center mesta, kjer si ob prijetnem soncu radi privo\u0161\u010dimo kavo ali sladoled.<\/p>\n<p><strong>Katera celjska (zgodovinska) zgodba se vam zdi najbolj fascinantna in zakaj?<\/strong><\/p>\n<p>Celje ponuja izjemno bogastvo zgodb, kakr\u0161nega premore le malo mest, od Celjskih grofov in Barbare Celjske do skrivnostne ljubezenske zgodbe Veronike Deseni\u0161ke in Friderika. Prav ta zadnja me morda najbolj fascinira, saj njena skrivnost \u017eivi \u0161e danes. Predvsem vpra\u0161anje, kje je Veronika pravzaprav pokopana.<\/p>\n<p><strong>Bi raje \u0161li na koncert, gledali\u0161ko predstavo ali v kino?<\/strong><\/p>\n<p>Te\u017eka izbira. Najprej bi izbral koncert, takoj za njim gledali\u0161ko predstavo, kino pa bi pustil za konec.<\/p>\n","protected":false},"excerpt":{"rendered":"<p>Jure Glavnik je podjetnik, mestni svetnik, politik, poslanec za gostinstvo in turizem pri Obmo\u010dni obrtno-podjetni\u0161ki zbornici Celje ter solastnik kavarne in sla\u0161\u010di\u010darne Mi\u0161ko Knji\u017eko ter Gu\u0161t puba. Kljub temu da ima zelo bogato karierno in politi\u010dno \u017eivljenje, pa \u0161e posebej ceni svojo vlogo o\u010deta. Rad ima Celje in njegove zgodbe, ki jih z veseljem deli [&hellip;]<\/p>\n","protected":false},"author":10,"featured_media":200211,"comment_status":"closed","ping_status":"closed","sticky":false,"template":"","format":"standard","meta":{"footnotes":""},"categories":[14,142,17,15,2540],"tags":[17812],"class_list":{"0":"post-200210","1":"post","2":"type-post","3":"status-publish","4":"format-standard","5":"has-post-thumbnail","7":"category-aktualno","8":"category-celjan","9":"category-celjsko","10":"category-druzabno","11":"category-featured","12":"tag-jure-glavnik"},"yoast_head":"<!-- This site is optimized with the Yoast SEO plugin v27.4 - https:\/\/yoast.com\/product\/yoast-seo-wordpress\/ -->\n<title>Jure Glavnik - \u017delel si je postati pilot - Novice.si<\/title>\n<meta name=\"robots\" content=\"index, follow, max-snippet:-1, max-image-preview:large, max-video-preview:-1\" \/>\n<link rel=\"canonical\" href=\"https:\/\/novice.si\/page\/zelel-si-je-postati-pilot\/\" \/>\n<meta property=\"og:locale\" content=\"sl_SI\" \/>\n<meta property=\"og:type\" content=\"article\" \/>\n<meta property=\"og:title\" content=\"Jure Glavnik - \u017delel si je postati pilot - Novice.si\" \/>\n<meta property=\"og:description\" content=\"Jure Glavnik je podjetnik, mestni svetnik, politik, poslanec za gostinstvo in turizem pri Obmo\u010dni obrtno-podjetni\u0161ki zbornici Celje ter solastnik kavarne in sla\u0161\u010di\u010darne Mi\u0161ko Knji\u017eko ter Gu\u0161t puba. Kljub temu da ima zelo bogato karierno in politi\u010dno \u017eivljenje, pa \u0161e posebej ceni svojo vlogo o\u010deta. Rad ima Celje in njegove zgodbe, ki jih z veseljem deli [&hellip;]\" \/>\n<meta property=\"og:url\" content=\"https:\/\/novice.si\/page\/zelel-si-je-postati-pilot\/\" \/>\n<meta property=\"og:site_name\" content=\"Novice.si\" \/>\n<meta property=\"article:published_time\" content=\"2026-04-02T04:19:48+00:00\" \/>\n<meta property=\"article:modified_time\" content=\"2026-04-13T04:20:59+00:00\" \/>\n<meta property=\"og:image\" content=\"https:\/\/novice.si\/page\/wp-content\/uploads\/2026\/04\/jure-glavnik.jpg\" \/>\n\t<meta property=\"og:image:width\" content=\"1870\" \/>\n\t<meta property=\"og:image:height\" content=\"1900\" \/>\n\t<meta property=\"og:image:type\" content=\"image\/jpeg\" \/>\n<meta name=\"author\" content=\"Iztok Krajnc\" \/>\n<meta name=\"twitter:card\" content=\"summary_large_image\" \/>\n<meta name=\"twitter:label1\" content=\"Written by\" \/>\n\t<meta name=\"twitter:data1\" content=\"Iztok Krajnc\" \/>\n\t<meta name=\"twitter:label2\" content=\"Est. reading time\" \/>\n\t<meta name=\"twitter:data2\" content=\"2 minuti\" \/>\n<script type=\"application\/ld+json\" class=\"yoast-schema-graph\">{\"@context\":\"https:\\\/\\\/schema.org\",\"@graph\":[{\"@type\":\"Article\",\"@id\":\"https:\\\/\\\/novice.si\\\/page\\\/zelel-si-je-postati-pilot\\\/#article\",\"isPartOf\":{\"@id\":\"https:\\\/\\\/novice.si\\\/page\\\/zelel-si-je-postati-pilot\\\/\"},\"author\":{\"name\":\"Iztok Krajnc\",\"@id\":\"https:\\\/\\\/novice.si\\\/page\\\/#\\\/schema\\\/person\\\/92fda8564875f655675c886e4df22216\"},\"headline\":\"\u017delel si je postati pilot\",\"datePublished\":\"2026-04-02T04:19:48+00:00\",\"dateModified\":\"2026-04-13T04:20:59+00:00\",\"mainEntityOfPage\":{\"@id\":\"https:\\\/\\\/novice.si\\\/page\\\/zelel-si-je-postati-pilot\\\/\"},\"wordCount\":291,\"publisher\":{\"@id\":\"https:\\\/\\\/novice.si\\\/page\\\/#organization\"},\"image\":{\"@id\":\"https:\\\/\\\/novice.si\\\/page\\\/zelel-si-je-postati-pilot\\\/#primaryimage\"},\"thumbnailUrl\":\"https:\\\/\\\/novice.si\\\/page\\\/wp-content\\\/uploads\\\/2026\\\/04\\\/jure-glavnik.jpg\",\"keywords\":[\"jure glavnik\"],\"articleSection\":[\"Aktualno\",\"Celjan\",\"Celjsko\",\"Dru\u017eabno\",\"Featured\"],\"inLanguage\":\"sl-SI\"},{\"@type\":\"WebPage\",\"@id\":\"https:\\\/\\\/novice.si\\\/page\\\/zelel-si-je-postati-pilot\\\/\",\"url\":\"https:\\\/\\\/novice.si\\\/page\\\/zelel-si-je-postati-pilot\\\/\",\"name\":\"Jure Glavnik - \u017delel si je postati pilot - Novice.si\",\"isPartOf\":{\"@id\":\"https:\\\/\\\/novice.si\\\/page\\\/#website\"},\"primaryImageOfPage\":{\"@id\":\"https:\\\/\\\/novice.si\\\/page\\\/zelel-si-je-postati-pilot\\\/#primaryimage\"},\"image\":{\"@id\":\"https:\\\/\\\/novice.si\\\/page\\\/zelel-si-je-postati-pilot\\\/#primaryimage\"},\"thumbnailUrl\":\"https:\\\/\\\/novice.si\\\/page\\\/wp-content\\\/uploads\\\/2026\\\/04\\\/jure-glavnik.jpg\",\"datePublished\":\"2026-04-02T04:19:48+00:00\",\"dateModified\":\"2026-04-13T04:20:59+00:00\",\"breadcrumb\":{\"@id\":\"https:\\\/\\\/novice.si\\\/page\\\/zelel-si-je-postati-pilot\\\/#breadcrumb\"},\"inLanguage\":\"sl-SI\",\"potentialAction\":[{\"@type\":\"ReadAction\",\"target\":[\"https:\\\/\\\/novice.si\\\/page\\\/zelel-si-je-postati-pilot\\\/\"]}]},{\"@type\":\"ImageObject\",\"inLanguage\":\"sl-SI\",\"@id\":\"https:\\\/\\\/novice.si\\\/page\\\/zelel-si-je-postati-pilot\\\/#primaryimage\",\"url\":\"https:\\\/\\\/novice.si\\\/page\\\/wp-content\\\/uploads\\\/2026\\\/04\\\/jure-glavnik.jpg\",\"contentUrl\":\"https:\\\/\\\/novice.si\\\/page\\\/wp-content\\\/uploads\\\/2026\\\/04\\\/jure-glavnik.jpg\",\"width\":1870,\"height\":1900},{\"@type\":\"BreadcrumbList\",\"@id\":\"https:\\\/\\\/novice.si\\\/page\\\/zelel-si-je-postati-pilot\\\/#breadcrumb\",\"itemListElement\":[{\"@type\":\"ListItem\",\"position\":1,\"name\":\"Home\",\"item\":\"https:\\\/\\\/novice.si\\\/page\\\/\"},{\"@type\":\"ListItem\",\"position\":2,\"name\":\"\u017delel si je postati pilot\"}]},{\"@type\":\"WebSite\",\"@id\":\"https:\\\/\\\/novice.si\\\/page\\\/#website\",\"url\":\"https:\\\/\\\/novice.si\\\/page\\\/\",\"name\":\"Novice.si\",\"description\":\"\",\"publisher\":{\"@id\":\"https:\\\/\\\/novice.si\\\/page\\\/#organization\"},\"potentialAction\":[{\"@type\":\"SearchAction\",\"target\":{\"@type\":\"EntryPoint\",\"urlTemplate\":\"https:\\\/\\\/novice.si\\\/page\\\/?s={search_term_string}\"},\"query-input\":{\"@type\":\"PropertyValueSpecification\",\"valueRequired\":true,\"valueName\":\"search_term_string\"}}],\"inLanguage\":\"sl-SI\"},{\"@type\":\"Organization\",\"@id\":\"https:\\\/\\\/novice.si\\\/page\\\/#organization\",\"name\":\"Novice.si\",\"url\":\"https:\\\/\\\/novice.si\\\/page\\\/\",\"logo\":{\"@type\":\"ImageObject\",\"inLanguage\":\"sl-SI\",\"@id\":\"https:\\\/\\\/novice.si\\\/page\\\/#\\\/schema\\\/logo\\\/image\\\/\",\"url\":\"https:\\\/\\\/novice.si\\\/page\\\/wp-content\\\/uploads\\\/2023\\\/03\\\/novice_si.png\",\"contentUrl\":\"https:\\\/\\\/novice.si\\\/page\\\/wp-content\\\/uploads\\\/2023\\\/03\\\/novice_si.png\",\"width\":576,\"height\":200,\"caption\":\"Novice.si\"},\"image\":{\"@id\":\"https:\\\/\\\/novice.si\\\/page\\\/#\\\/schema\\\/logo\\\/image\\\/\"}},{\"@type\":\"Person\",\"@id\":\"https:\\\/\\\/novice.si\\\/page\\\/#\\\/schema\\\/person\\\/92fda8564875f655675c886e4df22216\",\"name\":\"Iztok Krajnc\",\"image\":{\"@type\":\"ImageObject\",\"inLanguage\":\"sl-SI\",\"@id\":\"https:\\\/\\\/secure.gravatar.com\\\/avatar\\\/2790ff125f883a5a9cb934a574322d28ea850f8f4494d77b487c1950e0096015?s=96&d=mm&r=g\",\"url\":\"https:\\\/\\\/secure.gravatar.com\\\/avatar\\\/2790ff125f883a5a9cb934a574322d28ea850f8f4494d77b487c1950e0096015?s=96&d=mm&r=g\",\"contentUrl\":\"https:\\\/\\\/secure.gravatar.com\\\/avatar\\\/2790ff125f883a5a9cb934a574322d28ea850f8f4494d77b487c1950e0096015?s=96&d=mm&r=g\",\"caption\":\"Iztok Krajnc\"},\"url\":\"https:\\\/\\\/novice.si\\\/page\\\/author\\\/iztok\\\/\"}]}<\/script>\n<!-- \/ Yoast SEO plugin. -->","yoast_head_json":{"title":"Jure Glavnik - \u017delel si je postati pilot - Novice.si","robots":{"index":"index","follow":"follow","max-snippet":"max-snippet:-1","max-image-preview":"max-image-preview:large","max-video-preview":"max-video-preview:-1"},"canonical":"https:\/\/novice.si\/page\/zelel-si-je-postati-pilot\/","og_locale":"sl_SI","og_type":"article","og_title":"Jure Glavnik - \u017delel si je postati pilot - Novice.si","og_description":"Jure Glavnik je podjetnik, mestni svetnik, politik, poslanec za gostinstvo in turizem pri Obmo\u010dni obrtno-podjetni\u0161ki zbornici Celje ter solastnik kavarne in sla\u0161\u010di\u010darne Mi\u0161ko Knji\u017eko ter Gu\u0161t puba. Kljub temu da ima zelo bogato karierno in politi\u010dno \u017eivljenje, pa \u0161e posebej ceni svojo vlogo o\u010deta. Rad ima Celje in njegove zgodbe, ki jih z veseljem deli [&hellip;]","og_url":"https:\/\/novice.si\/page\/zelel-si-je-postati-pilot\/","og_site_name":"Novice.si","article_published_time":"2026-04-02T04:19:48+00:00","article_modified_time":"2026-04-13T04:20:59+00:00","og_image":[{"width":1870,"height":1900,"url":"https:\/\/novice.si\/page\/wp-content\/uploads\/2026\/04\/jure-glavnik.jpg","type":"image\/jpeg"}],"author":"Iztok Krajnc","twitter_card":"summary_large_image","twitter_misc":{"Written by":"Iztok Krajnc","Est. reading time":"2 minuti"},"schema":{"@context":"https:\/\/schema.org","@graph":[{"@type":"Article","@id":"https:\/\/novice.si\/page\/zelel-si-je-postati-pilot\/#article","isPartOf":{"@id":"https:\/\/novice.si\/page\/zelel-si-je-postati-pilot\/"},"author":{"name":"Iztok Krajnc","@id":"https:\/\/novice.si\/page\/#\/schema\/person\/92fda8564875f655675c886e4df22216"},"headline":"\u017delel si je postati pilot","datePublished":"2026-04-02T04:19:48+00:00","dateModified":"2026-04-13T04:20:59+00:00","mainEntityOfPage":{"@id":"https:\/\/novice.si\/page\/zelel-si-je-postati-pilot\/"},"wordCount":291,"publisher":{"@id":"https:\/\/novice.si\/page\/#organization"},"image":{"@id":"https:\/\/novice.si\/page\/zelel-si-je-postati-pilot\/#primaryimage"},"thumbnailUrl":"https:\/\/novice.si\/page\/wp-content\/uploads\/2026\/04\/jure-glavnik.jpg","keywords":["jure glavnik"],"articleSection":["Aktualno","Celjan","Celjsko","Dru\u017eabno","Featured"],"inLanguage":"sl-SI"},{"@type":"WebPage","@id":"https:\/\/novice.si\/page\/zelel-si-je-postati-pilot\/","url":"https:\/\/novice.si\/page\/zelel-si-je-postati-pilot\/","name":"Jure Glavnik - \u017delel si je postati pilot - Novice.si","isPartOf":{"@id":"https:\/\/novice.si\/page\/#website"},"primaryImageOfPage":{"@id":"https:\/\/novice.si\/page\/zelel-si-je-postati-pilot\/#primaryimage"},"image":{"@id":"https:\/\/novice.si\/page\/zelel-si-je-postati-pilot\/#primaryimage"},"thumbnailUrl":"https:\/\/novice.si\/page\/wp-content\/uploads\/2026\/04\/jure-glavnik.jpg","datePublished":"2026-04-02T04:19:48+00:00","dateModified":"2026-04-13T04:20:59+00:00","breadcrumb":{"@id":"https:\/\/novice.si\/page\/zelel-si-je-postati-pilot\/#breadcrumb"},"inLanguage":"sl-SI","potentialAction":[{"@type":"ReadAction","target":["https:\/\/novice.si\/page\/zelel-si-je-postati-pilot\/"]}]},{"@type":"ImageObject","inLanguage":"sl-SI","@id":"https:\/\/novice.si\/page\/zelel-si-je-postati-pilot\/#primaryimage","url":"https:\/\/novice.si\/page\/wp-content\/uploads\/2026\/04\/jure-glavnik.jpg","contentUrl":"https:\/\/novice.si\/page\/wp-content\/uploads\/2026\/04\/jure-glavnik.jpg","width":1870,"height":1900},{"@type":"BreadcrumbList","@id":"https:\/\/novice.si\/page\/zelel-si-je-postati-pilot\/#breadcrumb","itemListElement":[{"@type":"ListItem","position":1,"name":"Home","item":"https:\/\/novice.si\/page\/"},{"@type":"ListItem","position":2,"name":"\u017delel si je postati pilot"}]},{"@type":"WebSite","@id":"https:\/\/novice.si\/page\/#website","url":"https:\/\/novice.si\/page\/","name":"Novice.si","description":"","publisher":{"@id":"https:\/\/novice.si\/page\/#organization"},"potentialAction":[{"@type":"SearchAction","target":{"@type":"EntryPoint","urlTemplate":"https:\/\/novice.si\/page\/?s={search_term_string}"},"query-input":{"@type":"PropertyValueSpecification","valueRequired":true,"valueName":"search_term_string"}}],"inLanguage":"sl-SI"},{"@type":"Organization","@id":"https:\/\/novice.si\/page\/#organization","name":"Novice.si","url":"https:\/\/novice.si\/page\/","logo":{"@type":"ImageObject","inLanguage":"sl-SI","@id":"https:\/\/novice.si\/page\/#\/schema\/logo\/image\/","url":"https:\/\/novice.si\/page\/wp-content\/uploads\/2023\/03\/novice_si.png","contentUrl":"https:\/\/novice.si\/page\/wp-content\/uploads\/2023\/03\/novice_si.png","width":576,"height":200,"caption":"Novice.si"},"image":{"@id":"https:\/\/novice.si\/page\/#\/schema\/logo\/image\/"}},{"@type":"Person","@id":"https:\/\/novice.si\/page\/#\/schema\/person\/92fda8564875f655675c886e4df22216","name":"Iztok Krajnc","image":{"@type":"ImageObject","inLanguage":"sl-SI","@id":"https:\/\/secure.gravatar.com\/avatar\/2790ff125f883a5a9cb934a574322d28ea850f8f4494d77b487c1950e0096015?s=96&d=mm&r=g","url":"https:\/\/secure.gravatar.com\/avatar\/2790ff125f883a5a9cb934a574322d28ea850f8f4494d77b487c1950e0096015?s=96&d=mm&r=g","contentUrl":"https:\/\/secure.gravatar.com\/avatar\/2790ff125f883a5a9cb934a574322d28ea850f8f4494d77b487c1950e0096015?s=96&d=mm&r=g","caption":"Iztok Krajnc"},"url":"https:\/\/novice.si\/page\/author\/iztok\/"}]}},"_links":{"self":[{"href":"https:\/\/novice.si\/page\/wp-json\/wp\/v2\/posts\/200210","targetHints":{"allow":["GET"]}}],"collection":[{"href":"https:\/\/novice.si\/page\/wp-json\/wp\/v2\/posts"}],"about":[{"href":"https:\/\/novice.si\/page\/wp-json\/wp\/v2\/types\/post"}],"author":[{"embeddable":true,"href":"https:\/\/novice.si\/page\/wp-json\/wp\/v2\/users\/10"}],"replies":[{"embeddable":true,"href":"https:\/\/novice.si\/page\/wp-json\/wp\/v2\/comments?post=200210"}],"version-history":[{"count":3,"href":"https:\/\/novice.si\/page\/wp-json\/wp\/v2\/posts\/200210\/revisions"}],"predecessor-version":[{"id":200216,"href":"https:\/\/novice.si\/page\/wp-json\/wp\/v2\/posts\/200210\/revisions\/200216"}],"wp:featuredmedia":[{"embeddable":true,"href":"https:\/\/novice.si\/page\/wp-json\/wp\/v2\/media\/200211"}],"wp:attachment":[{"href":"https:\/\/novice.si\/page\/wp-json\/wp\/v2\/media?parent=200210"}],"wp:term":[{"taxonomy":"category","embeddable":true,"href":"https:\/\/novice.si\/page\/wp-json\/wp\/v2\/categories?post=200210"},{"taxonomy":"post_tag","embeddable":true,"href":"https:\/\/novice.si\/page\/wp-json\/wp\/v2\/tags?post=200210"}],"curies":[{"name":"wp","href":"https:\/\/api.w.org\/{rel}","templated":true}]}}