{"id":198973,"date":"2026-03-12T08:08:13","date_gmt":"2026-03-12T07:08:13","guid":{"rendered":"https:\/\/novice.si\/page\/?p=198973"},"modified":"2026-03-10T12:11:07","modified_gmt":"2026-03-10T11:11:07","slug":"priznanje-obcine-slovenska-bistrica-tudi-urski-zigart","status":"publish","type":"post","link":"https:\/\/novice.si\/page\/priznanje-obcine-slovenska-bistrica-tudi-urski-zigart\/","title":{"rendered":"Priznanje Ob\u010dine Slovenska Bistrica tudi Ur\u0161ki \u017digart"},"content":{"rendered":"<p><strong>Ob\u010dina Slovenska Bistrica<\/strong> obele\u017euje svoj ob\u010dinski praznik <strong>12. marca.<\/strong> Na slavnostni akademiji, ki bo ta dan v ve\u010dernih urah v vite\u0161ki dvorani v Gradu Slovenska Bistrica, bodo podelili priznanja zaslu\u017enim posameznikom in organizacijam.\u00a0<strong>Listino ob\u010dine<\/strong> Slovenska Bistrica prejme <strong>Zdru\u017eenje \u0161oferjev in avtomehanikov Slovenska Bistrica<\/strong> za 70-letno delovanje na podro\u010dju prometne varnosti v cestnem prometu. <strong>Priznanje ob\u010dine<\/strong> Slovenska Bistrica bodo prejeli <strong>Ur\u0161ka \u017digart<\/strong> iz Slovenske Bistrice za uspehe v \u017eenskem cestnem kolesarstvu, <strong>Dru\u0161tvo delovnih invalidov \u010cre\u0161njevec<\/strong> za 30-letno delo na podro\u010dju invalidskega varstva in <strong>Aktiv kme\u010dkih \u017eena Laporje<\/strong> za 40-letno prisotnost pri ohranjanju kulinari\u010dne dedi\u0161\u010dine.<\/p>\n<p><strong>Priznanje odli\u010dni kolesarki<br \/>\n<\/strong>Ob organizacijah je Ur\u0161ka \u017digart letos edina posameznica, ki prejme ob\u010dinsko priznanje. 29-letna kolesarka iz Slovenske Bistrice je trenutno najbolj\u0161a slovenska profesionalna kolesarka in 37. na lestvici Mednarodne kolesarske zveze.<br \/>\nTudi v prihodnjih sezonah bo nastopala v dresu belgijske ekipe AG Insurance &#8211; Soudal. Podalj\u0161ala je namre\u010d pogodbo najmanj do konca leta 2027. Po zelo uspe\u0161ni lanski sezoni, v kateri je zabele\u017eila peto mesto v skupnem se\u0161tevku Dirke po \u0160vici, deveto mesto na Dirki po Italiji, drugo mesto na Dirki po Romandiji ter tretje na enodnevni preizku\u0161nji Trofeo Tessile &amp; Moda Donne, v novi sezoni cilja \u0161e vi\u0161je. (Foto: Reuters)<\/p>\n<p><img loading=\"lazy\" decoding=\"async\" class=\"alignnone size-medium wp-image-198974\" src=\"https:\/\/novice.si\/page\/wp-content\/uploads\/2026\/03\/urska-zigart_2-600x400.jpeg\" alt=\"\" width=\"600\" height=\"400\" srcset=\"https:\/\/novice.si\/page\/wp-content\/uploads\/2026\/03\/urska-zigart_2-600x400.jpeg 600w, https:\/\/novice.si\/page\/wp-content\/uploads\/2026\/03\/urska-zigart_2-768x512.jpeg 768w, https:\/\/novice.si\/page\/wp-content\/uploads\/2026\/03\/urska-zigart_2-630x420.jpeg 630w, https:\/\/novice.si\/page\/wp-content\/uploads\/2026\/03\/urska-zigart_2-696x464.jpeg 696w, https:\/\/novice.si\/page\/wp-content\/uploads\/2026\/03\/urska-zigart_2-24x16.jpeg 24w, https:\/\/novice.si\/page\/wp-content\/uploads\/2026\/03\/urska-zigart_2-36x24.jpeg 36w, https:\/\/novice.si\/page\/wp-content\/uploads\/2026\/03\/urska-zigart_2-48x32.jpeg 48w, https:\/\/novice.si\/page\/wp-content\/uploads\/2026\/03\/urska-zigart_2.jpeg 1000w\" sizes=\"auto, (max-width: 600px) 100vw, 600px\" \/><\/p>\n","protected":false},"excerpt":{"rendered":"<p>Ob\u010dina Slovenska Bistrica obele\u017euje svoj ob\u010dinski praznik 12. marca. Na slavnostni akademiji, ki bo ta dan v ve\u010dernih urah v vite\u0161ki dvorani v Gradu Slovenska Bistrica, bodo podelili priznanja zaslu\u017enim posameznikom in organizacijam.\u00a0Listino ob\u010dine Slovenska Bistrica prejme Zdru\u017eenje \u0161oferjev in avtomehanikov Slovenska Bistrica za 70-letno delovanje na podro\u010dju prometne varnosti v cestnem prometu. Priznanje ob\u010dine [&hellip;]<\/p>\n","protected":false},"author":8,"featured_media":198974,"comment_status":"closed","ping_status":"closed","sticky":false,"template":"","format":"standard","meta":{"footnotes":""},"categories":[14,32],"tags":[2715,4143,627,171],"class_list":{"0":"post-198973","1":"post","2":"type-post","3":"status-publish","4":"format-standard","5":"has-post-thumbnail","7":"category-aktualno","8":"category-bistrisko","9":"tag-obcina","10":"tag-obcinski-praznik","11":"tag-priznanja","12":"tag-slovenska-bistrica"},"yoast_head":"<!-- This site is optimized with the Yoast SEO plugin v27.4 - https:\/\/yoast.com\/product\/yoast-seo-wordpress\/ -->\n<title>Priznanje Ob\u010dine Slovenska Bistrica tudi Ur\u0161ki \u017digart - Novice.si<\/title>\n<meta name=\"robots\" content=\"index, follow, max-snippet:-1, max-image-preview:large, max-video-preview:-1\" \/>\n<link rel=\"canonical\" href=\"https:\/\/novice.si\/page\/priznanje-obcine-slovenska-bistrica-tudi-urski-zigart\/\" \/>\n<meta property=\"og:locale\" content=\"sl_SI\" \/>\n<meta property=\"og:type\" content=\"article\" \/>\n<meta property=\"og:title\" content=\"Priznanje Ob\u010dine Slovenska Bistrica tudi Ur\u0161ki \u017digart - Novice.si\" \/>\n<meta property=\"og:description\" content=\"Ob\u010dina Slovenska Bistrica obele\u017euje svoj ob\u010dinski praznik 12. marca. Na slavnostni akademiji, ki bo ta dan v ve\u010dernih urah v vite\u0161ki dvorani v Gradu Slovenska Bistrica, bodo podelili priznanja zaslu\u017enim posameznikom in organizacijam.\u00a0Listino ob\u010dine Slovenska Bistrica prejme Zdru\u017eenje \u0161oferjev in avtomehanikov Slovenska Bistrica za 70-letno delovanje na podro\u010dju prometne varnosti v cestnem prometu. Priznanje ob\u010dine [&hellip;]\" \/>\n<meta property=\"og:url\" content=\"https:\/\/novice.si\/page\/priznanje-obcine-slovenska-bistrica-tudi-urski-zigart\/\" \/>\n<meta property=\"og:site_name\" content=\"Novice.si\" \/>\n<meta property=\"article:published_time\" content=\"2026-03-12T07:08:13+00:00\" \/>\n<meta property=\"og:image\" content=\"https:\/\/novice.si\/page\/wp-content\/uploads\/2026\/03\/urska-zigart_2.jpeg\" \/>\n\t<meta property=\"og:image:width\" content=\"1000\" \/>\n\t<meta property=\"og:image:height\" content=\"667\" \/>\n\t<meta property=\"og:image:type\" content=\"image\/jpeg\" \/>\n<meta name=\"author\" content=\"Uredni\u0161tvo Bistri\u0161kih novic\" \/>\n<meta name=\"twitter:card\" content=\"summary_large_image\" \/>\n<meta name=\"twitter:label1\" content=\"Written by\" \/>\n\t<meta name=\"twitter:data1\" content=\"Uredni\u0161tvo Bistri\u0161kih novic\" \/>\n\t<meta name=\"twitter:label2\" content=\"Est. reading time\" \/>\n\t<meta name=\"twitter:data2\" content=\"2 minuti\" \/>\n<script type=\"application\/ld+json\" class=\"yoast-schema-graph\">{\"@context\":\"https:\\\/\\\/schema.org\",\"@graph\":[{\"@type\":\"Article\",\"@id\":\"https:\\\/\\\/novice.si\\\/page\\\/priznanje-obcine-slovenska-bistrica-tudi-urski-zigart\\\/#article\",\"isPartOf\":{\"@id\":\"https:\\\/\\\/novice.si\\\/page\\\/priznanje-obcine-slovenska-bistrica-tudi-urski-zigart\\\/\"},\"author\":{\"name\":\"Uredni\u0161tvo Bistri\u0161kih novic\",\"@id\":\"https:\\\/\\\/novice.si\\\/page\\\/#\\\/schema\\\/person\\\/96b32396deedcde3f7f776c306b4be21\"},\"headline\":\"Priznanje Ob\u010dine Slovenska Bistrica tudi Ur\u0161ki \u017digart\",\"datePublished\":\"2026-03-12T07:08:13+00:00\",\"mainEntityOfPage\":{\"@id\":\"https:\\\/\\\/novice.si\\\/page\\\/priznanje-obcine-slovenska-bistrica-tudi-urski-zigart\\\/\"},\"wordCount\":230,\"publisher\":{\"@id\":\"https:\\\/\\\/novice.si\\\/page\\\/#organization\"},\"image\":{\"@id\":\"https:\\\/\\\/novice.si\\\/page\\\/priznanje-obcine-slovenska-bistrica-tudi-urski-zigart\\\/#primaryimage\"},\"thumbnailUrl\":\"https:\\\/\\\/novice.si\\\/page\\\/wp-content\\\/uploads\\\/2026\\\/03\\\/urska-zigart_2.jpeg\",\"keywords\":[\"obcina\",\"ob\u010dinski praznik\",\"priznanja\",\"Slovenska Bistrica\"],\"articleSection\":[\"Aktualno\",\"Bistri\u0161ko\"],\"inLanguage\":\"sl-SI\"},{\"@type\":\"WebPage\",\"@id\":\"https:\\\/\\\/novice.si\\\/page\\\/priznanje-obcine-slovenska-bistrica-tudi-urski-zigart\\\/\",\"url\":\"https:\\\/\\\/novice.si\\\/page\\\/priznanje-obcine-slovenska-bistrica-tudi-urski-zigart\\\/\",\"name\":\"Priznanje Ob\u010dine Slovenska Bistrica tudi Ur\u0161ki \u017digart - Novice.si\",\"isPartOf\":{\"@id\":\"https:\\\/\\\/novice.si\\\/page\\\/#website\"},\"primaryImageOfPage\":{\"@id\":\"https:\\\/\\\/novice.si\\\/page\\\/priznanje-obcine-slovenska-bistrica-tudi-urski-zigart\\\/#primaryimage\"},\"image\":{\"@id\":\"https:\\\/\\\/novice.si\\\/page\\\/priznanje-obcine-slovenska-bistrica-tudi-urski-zigart\\\/#primaryimage\"},\"thumbnailUrl\":\"https:\\\/\\\/novice.si\\\/page\\\/wp-content\\\/uploads\\\/2026\\\/03\\\/urska-zigart_2.jpeg\",\"datePublished\":\"2026-03-12T07:08:13+00:00\",\"breadcrumb\":{\"@id\":\"https:\\\/\\\/novice.si\\\/page\\\/priznanje-obcine-slovenska-bistrica-tudi-urski-zigart\\\/#breadcrumb\"},\"inLanguage\":\"sl-SI\",\"potentialAction\":[{\"@type\":\"ReadAction\",\"target\":[\"https:\\\/\\\/novice.si\\\/page\\\/priznanje-obcine-slovenska-bistrica-tudi-urski-zigart\\\/\"]}]},{\"@type\":\"ImageObject\",\"inLanguage\":\"sl-SI\",\"@id\":\"https:\\\/\\\/novice.si\\\/page\\\/priznanje-obcine-slovenska-bistrica-tudi-urski-zigart\\\/#primaryimage\",\"url\":\"https:\\\/\\\/novice.si\\\/page\\\/wp-content\\\/uploads\\\/2026\\\/03\\\/urska-zigart_2.jpeg\",\"contentUrl\":\"https:\\\/\\\/novice.si\\\/page\\\/wp-content\\\/uploads\\\/2026\\\/03\\\/urska-zigart_2.jpeg\",\"width\":1000,\"height\":667},{\"@type\":\"BreadcrumbList\",\"@id\":\"https:\\\/\\\/novice.si\\\/page\\\/priznanje-obcine-slovenska-bistrica-tudi-urski-zigart\\\/#breadcrumb\",\"itemListElement\":[{\"@type\":\"ListItem\",\"position\":1,\"name\":\"Home\",\"item\":\"https:\\\/\\\/novice.si\\\/page\\\/\"},{\"@type\":\"ListItem\",\"position\":2,\"name\":\"Priznanje Ob\u010dine Slovenska Bistrica tudi Ur\u0161ki \u017digart\"}]},{\"@type\":\"WebSite\",\"@id\":\"https:\\\/\\\/novice.si\\\/page\\\/#website\",\"url\":\"https:\\\/\\\/novice.si\\\/page\\\/\",\"name\":\"Novice.si\",\"description\":\"\",\"publisher\":{\"@id\":\"https:\\\/\\\/novice.si\\\/page\\\/#organization\"},\"potentialAction\":[{\"@type\":\"SearchAction\",\"target\":{\"@type\":\"EntryPoint\",\"urlTemplate\":\"https:\\\/\\\/novice.si\\\/page\\\/?s={search_term_string}\"},\"query-input\":{\"@type\":\"PropertyValueSpecification\",\"valueRequired\":true,\"valueName\":\"search_term_string\"}}],\"inLanguage\":\"sl-SI\"},{\"@type\":\"Organization\",\"@id\":\"https:\\\/\\\/novice.si\\\/page\\\/#organization\",\"name\":\"Novice.si\",\"url\":\"https:\\\/\\\/novice.si\\\/page\\\/\",\"logo\":{\"@type\":\"ImageObject\",\"inLanguage\":\"sl-SI\",\"@id\":\"https:\\\/\\\/novice.si\\\/page\\\/#\\\/schema\\\/logo\\\/image\\\/\",\"url\":\"https:\\\/\\\/novice.si\\\/page\\\/wp-content\\\/uploads\\\/2023\\\/03\\\/novice_si.png\",\"contentUrl\":\"https:\\\/\\\/novice.si\\\/page\\\/wp-content\\\/uploads\\\/2023\\\/03\\\/novice_si.png\",\"width\":576,\"height\":200,\"caption\":\"Novice.si\"},\"image\":{\"@id\":\"https:\\\/\\\/novice.si\\\/page\\\/#\\\/schema\\\/logo\\\/image\\\/\"}},{\"@type\":\"Person\",\"@id\":\"https:\\\/\\\/novice.si\\\/page\\\/#\\\/schema\\\/person\\\/96b32396deedcde3f7f776c306b4be21\",\"name\":\"Uredni\u0161tvo Bistri\u0161kih novic\",\"image\":{\"@type\":\"ImageObject\",\"inLanguage\":\"sl-SI\",\"@id\":\"https:\\\/\\\/secure.gravatar.com\\\/avatar\\\/26c56c4b10cdb3a21e86442e5f2845a4eafdd0f3605def77ec6cff4aaef32ea4?s=96&d=mm&r=g\",\"url\":\"https:\\\/\\\/secure.gravatar.com\\\/avatar\\\/26c56c4b10cdb3a21e86442e5f2845a4eafdd0f3605def77ec6cff4aaef32ea4?s=96&d=mm&r=g\",\"contentUrl\":\"https:\\\/\\\/secure.gravatar.com\\\/avatar\\\/26c56c4b10cdb3a21e86442e5f2845a4eafdd0f3605def77ec6cff4aaef32ea4?s=96&d=mm&r=g\",\"caption\":\"Uredni\u0161tvo Bistri\u0161kih novic\"},\"url\":\"https:\\\/\\\/novice.si\\\/page\\\/author\\\/bojana\\\/\"}]}<\/script>\n<!-- \/ Yoast SEO plugin. -->","yoast_head_json":{"title":"Priznanje Ob\u010dine Slovenska Bistrica tudi Ur\u0161ki \u017digart - Novice.si","robots":{"index":"index","follow":"follow","max-snippet":"max-snippet:-1","max-image-preview":"max-image-preview:large","max-video-preview":"max-video-preview:-1"},"canonical":"https:\/\/novice.si\/page\/priznanje-obcine-slovenska-bistrica-tudi-urski-zigart\/","og_locale":"sl_SI","og_type":"article","og_title":"Priznanje Ob\u010dine Slovenska Bistrica tudi Ur\u0161ki \u017digart - Novice.si","og_description":"Ob\u010dina Slovenska Bistrica obele\u017euje svoj ob\u010dinski praznik 12. marca. Na slavnostni akademiji, ki bo ta dan v ve\u010dernih urah v vite\u0161ki dvorani v Gradu Slovenska Bistrica, bodo podelili priznanja zaslu\u017enim posameznikom in organizacijam.\u00a0Listino ob\u010dine Slovenska Bistrica prejme Zdru\u017eenje \u0161oferjev in avtomehanikov Slovenska Bistrica za 70-letno delovanje na podro\u010dju prometne varnosti v cestnem prometu. Priznanje ob\u010dine [&hellip;]","og_url":"https:\/\/novice.si\/page\/priznanje-obcine-slovenska-bistrica-tudi-urski-zigart\/","og_site_name":"Novice.si","article_published_time":"2026-03-12T07:08:13+00:00","og_image":[{"width":1000,"height":667,"url":"https:\/\/novice.si\/page\/wp-content\/uploads\/2026\/03\/urska-zigart_2.jpeg","type":"image\/jpeg"}],"author":"Uredni\u0161tvo Bistri\u0161kih novic","twitter_card":"summary_large_image","twitter_misc":{"Written by":"Uredni\u0161tvo Bistri\u0161kih novic","Est. reading time":"2 minuti"},"schema":{"@context":"https:\/\/schema.org","@graph":[{"@type":"Article","@id":"https:\/\/novice.si\/page\/priznanje-obcine-slovenska-bistrica-tudi-urski-zigart\/#article","isPartOf":{"@id":"https:\/\/novice.si\/page\/priznanje-obcine-slovenska-bistrica-tudi-urski-zigart\/"},"author":{"name":"Uredni\u0161tvo Bistri\u0161kih novic","@id":"https:\/\/novice.si\/page\/#\/schema\/person\/96b32396deedcde3f7f776c306b4be21"},"headline":"Priznanje Ob\u010dine Slovenska Bistrica tudi Ur\u0161ki \u017digart","datePublished":"2026-03-12T07:08:13+00:00","mainEntityOfPage":{"@id":"https:\/\/novice.si\/page\/priznanje-obcine-slovenska-bistrica-tudi-urski-zigart\/"},"wordCount":230,"publisher":{"@id":"https:\/\/novice.si\/page\/#organization"},"image":{"@id":"https:\/\/novice.si\/page\/priznanje-obcine-slovenska-bistrica-tudi-urski-zigart\/#primaryimage"},"thumbnailUrl":"https:\/\/novice.si\/page\/wp-content\/uploads\/2026\/03\/urska-zigart_2.jpeg","keywords":["obcina","ob\u010dinski praznik","priznanja","Slovenska Bistrica"],"articleSection":["Aktualno","Bistri\u0161ko"],"inLanguage":"sl-SI"},{"@type":"WebPage","@id":"https:\/\/novice.si\/page\/priznanje-obcine-slovenska-bistrica-tudi-urski-zigart\/","url":"https:\/\/novice.si\/page\/priznanje-obcine-slovenska-bistrica-tudi-urski-zigart\/","name":"Priznanje Ob\u010dine Slovenska Bistrica tudi Ur\u0161ki \u017digart - Novice.si","isPartOf":{"@id":"https:\/\/novice.si\/page\/#website"},"primaryImageOfPage":{"@id":"https:\/\/novice.si\/page\/priznanje-obcine-slovenska-bistrica-tudi-urski-zigart\/#primaryimage"},"image":{"@id":"https:\/\/novice.si\/page\/priznanje-obcine-slovenska-bistrica-tudi-urski-zigart\/#primaryimage"},"thumbnailUrl":"https:\/\/novice.si\/page\/wp-content\/uploads\/2026\/03\/urska-zigart_2.jpeg","datePublished":"2026-03-12T07:08:13+00:00","breadcrumb":{"@id":"https:\/\/novice.si\/page\/priznanje-obcine-slovenska-bistrica-tudi-urski-zigart\/#breadcrumb"},"inLanguage":"sl-SI","potentialAction":[{"@type":"ReadAction","target":["https:\/\/novice.si\/page\/priznanje-obcine-slovenska-bistrica-tudi-urski-zigart\/"]}]},{"@type":"ImageObject","inLanguage":"sl-SI","@id":"https:\/\/novice.si\/page\/priznanje-obcine-slovenska-bistrica-tudi-urski-zigart\/#primaryimage","url":"https:\/\/novice.si\/page\/wp-content\/uploads\/2026\/03\/urska-zigart_2.jpeg","contentUrl":"https:\/\/novice.si\/page\/wp-content\/uploads\/2026\/03\/urska-zigart_2.jpeg","width":1000,"height":667},{"@type":"BreadcrumbList","@id":"https:\/\/novice.si\/page\/priznanje-obcine-slovenska-bistrica-tudi-urski-zigart\/#breadcrumb","itemListElement":[{"@type":"ListItem","position":1,"name":"Home","item":"https:\/\/novice.si\/page\/"},{"@type":"ListItem","position":2,"name":"Priznanje Ob\u010dine Slovenska Bistrica tudi Ur\u0161ki \u017digart"}]},{"@type":"WebSite","@id":"https:\/\/novice.si\/page\/#website","url":"https:\/\/novice.si\/page\/","name":"Novice.si","description":"","publisher":{"@id":"https:\/\/novice.si\/page\/#organization"},"potentialAction":[{"@type":"SearchAction","target":{"@type":"EntryPoint","urlTemplate":"https:\/\/novice.si\/page\/?s={search_term_string}"},"query-input":{"@type":"PropertyValueSpecification","valueRequired":true,"valueName":"search_term_string"}}],"inLanguage":"sl-SI"},{"@type":"Organization","@id":"https:\/\/novice.si\/page\/#organization","name":"Novice.si","url":"https:\/\/novice.si\/page\/","logo":{"@type":"ImageObject","inLanguage":"sl-SI","@id":"https:\/\/novice.si\/page\/#\/schema\/logo\/image\/","url":"https:\/\/novice.si\/page\/wp-content\/uploads\/2023\/03\/novice_si.png","contentUrl":"https:\/\/novice.si\/page\/wp-content\/uploads\/2023\/03\/novice_si.png","width":576,"height":200,"caption":"Novice.si"},"image":{"@id":"https:\/\/novice.si\/page\/#\/schema\/logo\/image\/"}},{"@type":"Person","@id":"https:\/\/novice.si\/page\/#\/schema\/person\/96b32396deedcde3f7f776c306b4be21","name":"Uredni\u0161tvo Bistri\u0161kih novic","image":{"@type":"ImageObject","inLanguage":"sl-SI","@id":"https:\/\/secure.gravatar.com\/avatar\/26c56c4b10cdb3a21e86442e5f2845a4eafdd0f3605def77ec6cff4aaef32ea4?s=96&d=mm&r=g","url":"https:\/\/secure.gravatar.com\/avatar\/26c56c4b10cdb3a21e86442e5f2845a4eafdd0f3605def77ec6cff4aaef32ea4?s=96&d=mm&r=g","contentUrl":"https:\/\/secure.gravatar.com\/avatar\/26c56c4b10cdb3a21e86442e5f2845a4eafdd0f3605def77ec6cff4aaef32ea4?s=96&d=mm&r=g","caption":"Uredni\u0161tvo Bistri\u0161kih novic"},"url":"https:\/\/novice.si\/page\/author\/bojana\/"}]}},"_links":{"self":[{"href":"https:\/\/novice.si\/page\/wp-json\/wp\/v2\/posts\/198973","targetHints":{"allow":["GET"]}}],"collection":[{"href":"https:\/\/novice.si\/page\/wp-json\/wp\/v2\/posts"}],"about":[{"href":"https:\/\/novice.si\/page\/wp-json\/wp\/v2\/types\/post"}],"author":[{"embeddable":true,"href":"https:\/\/novice.si\/page\/wp-json\/wp\/v2\/users\/8"}],"replies":[{"embeddable":true,"href":"https:\/\/novice.si\/page\/wp-json\/wp\/v2\/comments?post=198973"}],"version-history":[{"count":1,"href":"https:\/\/novice.si\/page\/wp-json\/wp\/v2\/posts\/198973\/revisions"}],"predecessor-version":[{"id":198975,"href":"https:\/\/novice.si\/page\/wp-json\/wp\/v2\/posts\/198973\/revisions\/198975"}],"wp:featuredmedia":[{"embeddable":true,"href":"https:\/\/novice.si\/page\/wp-json\/wp\/v2\/media\/198974"}],"wp:attachment":[{"href":"https:\/\/novice.si\/page\/wp-json\/wp\/v2\/media?parent=198973"}],"wp:term":[{"taxonomy":"category","embeddable":true,"href":"https:\/\/novice.si\/page\/wp-json\/wp\/v2\/categories?post=198973"},{"taxonomy":"post_tag","embeddable":true,"href":"https:\/\/novice.si\/page\/wp-json\/wp\/v2\/tags?post=198973"}],"curies":[{"name":"wp","href":"https:\/\/api.w.org\/{rel}","templated":true}]}}