{"id":198906,"date":"2026-03-09T08:58:32","date_gmt":"2026-03-09T07:58:32","guid":{"rendered":"https:\/\/novice.si\/page\/?p=198906"},"modified":"2026-03-09T08:58:32","modified_gmt":"2026-03-09T07:58:32","slug":"celje-opresniku-zlati-znak-civilne-zascite","status":"publish","type":"post","link":"https:\/\/novice.si\/page\/celje-opresniku-zlati-znak-civilne-zascite\/","title":{"rendered":"CELJE Opre\u0161niku Zlati znak Civilne za\u0161\u010dite"},"content":{"rendered":"<p>V petek so v celjskem Narodnem domu podelili leto\u0161nja priznanja najzaslu\u017enej\u0161im na podro\u010dju za\u0161\u010dite in re\u0161evanja, torej tistim, ki so se izkazali s po\u017ertvovalnostjo, pripadnostjo, strokovnostjo in humanostjo, ko je bilo potrebno prisko\u010diti na pomo\u010d.<\/p>\n<p><img loading=\"lazy\" decoding=\"async\" class=\"wp-image-198907 alignleft\" src=\"https:\/\/novice.si\/page\/wp-content\/uploads\/2026\/03\/1000017191-600x357.jpg\" alt=\"\" width=\"407\" height=\"242\" srcset=\"https:\/\/novice.si\/page\/wp-content\/uploads\/2026\/03\/1000017191-600x357.jpg 600w, https:\/\/novice.si\/page\/wp-content\/uploads\/2026\/03\/1000017191-1024x609.jpg 1024w, https:\/\/novice.si\/page\/wp-content\/uploads\/2026\/03\/1000017191-768x457.jpg 768w, https:\/\/novice.si\/page\/wp-content\/uploads\/2026\/03\/1000017191-1536x914.jpg 1536w, https:\/\/novice.si\/page\/wp-content\/uploads\/2026\/03\/1000017191-2048x1218.jpg 2048w, https:\/\/novice.si\/page\/wp-content\/uploads\/2026\/03\/1000017191-706x420.jpg 706w, https:\/\/novice.si\/page\/wp-content\/uploads\/2026\/03\/1000017191-696x414.jpg 696w, https:\/\/novice.si\/page\/wp-content\/uploads\/2026\/03\/1000017191-1068x635.jpg 1068w, https:\/\/novice.si\/page\/wp-content\/uploads\/2026\/03\/1000017191-1920x1142.jpg 1920w, https:\/\/novice.si\/page\/wp-content\/uploads\/2026\/03\/1000017191-24x14.jpg 24w, https:\/\/novice.si\/page\/wp-content\/uploads\/2026\/03\/1000017191-36x21.jpg 36w, https:\/\/novice.si\/page\/wp-content\/uploads\/2026\/03\/1000017191-48x29.jpg 48w\" sizes=\"auto, (max-width: 407px) 100vw, 407px\" \/>Skupaj so podelili 27 priznanje, od tega tri zlate, osem srebrnih in 13 bronastih znakov, zraven pa \u0161e pet plaket.<\/p>\n<p>Zlati znak si je prislu\u017eil \u0160entjur\u010dan <strong>Bo\u0161tjan Opre\u0161nik<\/strong> za prispevek k uveljavitvi, razvoju in krepitvi sistema varstva pred naravnimi in drugimi nesre\u010dami.<\/p>\n<p>Med prejemniki bronastega znaka so tudi trije \u017eupani in sicer celjski <strong>Matija Kova\u010d<\/strong>, slatinski <strong>Branko Kidri\u010d<\/strong> in \u017ealski <strong>Janko Kos<\/strong>.<\/p>\n<p>Slavnosti govornik na prireditvi je bil\u00a0generalni direktor Uprave Republike Slovenije za za\u0161\u010dito in re\u0161evanje <strong>Leon Behin<\/strong>, ki je med drugim dejal, da nekdo, ki s svojo dobro voljo, usposobljenostjo, pripadnostjo in strokovnim znanjem \u017eeli pomagati, nazaj dobi tisto, \u010desar ne more odtehtati noben denar.<\/p>\n<p>Ve\u010d preberite v Celjan.<\/p>\n<p>P\u0160, foto AP<\/p>\n","protected":false},"excerpt":{"rendered":"<p>V petek so v celjskem Narodnem domu podelili leto\u0161nja priznanja najzaslu\u017enej\u0161im na podro\u010dju za\u0161\u010dite in re\u0161evanja, torej tistim, ki so se izkazali s po\u017ertvovalnostjo, pripadnostjo, strokovnostjo in humanostjo, ko je bilo potrebno prisko\u010diti na pomo\u010d. Skupaj so podelili 27 priznanje, od tega tri zlate, osem srebrnih in 13 bronastih znakov, zraven pa \u0161e pet plaket. [&hellip;]<\/p>\n","protected":false},"author":33,"featured_media":198908,"comment_status":"closed","ping_status":"closed","sticky":false,"template":"","format":"standard","meta":{"footnotes":""},"categories":[14,17],"tags":[25811,8342,5016,25812,25810],"class_list":{"0":"post-198906","1":"post","2":"type-post","3":"status-publish","4":"format-standard","5":"has-post-thumbnail","7":"category-aktualno","8":"category-celjsko","9":"tag-bostjan-opresnik","10":"tag-civilna-zascita","11":"tag-nagrajenci","12":"tag-podelitev-priznanje","13":"tag-zlati-znaki"},"yoast_head":"<!-- This site is optimized with the Yoast SEO plugin v27.4 - https:\/\/yoast.com\/product\/yoast-seo-wordpress\/ -->\n<title>CELJE Opre\u0161niku Zlati znak Civilne za\u0161\u010dite - Novice.si<\/title>\n<meta name=\"robots\" content=\"index, follow, max-snippet:-1, max-image-preview:large, max-video-preview:-1\" \/>\n<link rel=\"canonical\" href=\"https:\/\/novice.si\/page\/celje-opresniku-zlati-znak-civilne-zascite\/\" \/>\n<meta property=\"og:locale\" content=\"sl_SI\" \/>\n<meta property=\"og:type\" content=\"article\" \/>\n<meta property=\"og:title\" content=\"CELJE Opre\u0161niku Zlati znak Civilne za\u0161\u010dite - Novice.si\" \/>\n<meta property=\"og:description\" content=\"V petek so v celjskem Narodnem domu podelili leto\u0161nja priznanja najzaslu\u017enej\u0161im na podro\u010dju za\u0161\u010dite in re\u0161evanja, torej tistim, ki so se izkazali s po\u017ertvovalnostjo, pripadnostjo, strokovnostjo in humanostjo, ko je bilo potrebno prisko\u010diti na pomo\u010d. Skupaj so podelili 27 priznanje, od tega tri zlate, osem srebrnih in 13 bronastih znakov, zraven pa \u0161e pet plaket. [&hellip;]\" \/>\n<meta property=\"og:url\" content=\"https:\/\/novice.si\/page\/celje-opresniku-zlati-znak-civilne-zascite\/\" \/>\n<meta property=\"og:site_name\" content=\"Novice.si\" \/>\n<meta property=\"article:published_time\" content=\"2026-03-09T07:58:32+00:00\" \/>\n<meta property=\"og:image\" content=\"https:\/\/novice.si\/page\/wp-content\/uploads\/2026\/03\/nagrajenci-CZ-scaled.jpg\" \/>\n\t<meta property=\"og:image:width\" content=\"2560\" \/>\n\t<meta property=\"og:image:height\" content=\"1440\" \/>\n\t<meta property=\"og:image:type\" content=\"image\/jpeg\" \/>\n<meta name=\"author\" content=\"Uredni\u0161tvo Celjana\" \/>\n<meta name=\"twitter:card\" content=\"summary_large_image\" \/>\n<meta name=\"twitter:label1\" content=\"Written by\" \/>\n\t<meta name=\"twitter:data1\" content=\"Uredni\u0161tvo Celjana\" \/>\n\t<meta name=\"twitter:label2\" content=\"Est. reading time\" \/>\n\t<meta name=\"twitter:data2\" content=\"2 minuti\" \/>\n<script type=\"application\/ld+json\" class=\"yoast-schema-graph\">{\"@context\":\"https:\\\/\\\/schema.org\",\"@graph\":[{\"@type\":\"Article\",\"@id\":\"https:\\\/\\\/novice.si\\\/page\\\/celje-opresniku-zlati-znak-civilne-zascite\\\/#article\",\"isPartOf\":{\"@id\":\"https:\\\/\\\/novice.si\\\/page\\\/celje-opresniku-zlati-znak-civilne-zascite\\\/\"},\"author\":{\"name\":\"Uredni\u0161tvo Celjana\",\"@id\":\"https:\\\/\\\/novice.si\\\/page\\\/#\\\/schema\\\/person\\\/57f25c9642a9541c7349c65d32032c3e\"},\"headline\":\"CELJE Opre\u0161niku Zlati znak Civilne za\u0161\u010dite\",\"datePublished\":\"2026-03-09T07:58:32+00:00\",\"mainEntityOfPage\":{\"@id\":\"https:\\\/\\\/novice.si\\\/page\\\/celje-opresniku-zlati-znak-civilne-zascite\\\/\"},\"wordCount\":170,\"publisher\":{\"@id\":\"https:\\\/\\\/novice.si\\\/page\\\/#organization\"},\"image\":{\"@id\":\"https:\\\/\\\/novice.si\\\/page\\\/celje-opresniku-zlati-znak-civilne-zascite\\\/#primaryimage\"},\"thumbnailUrl\":\"https:\\\/\\\/novice.si\\\/page\\\/wp-content\\\/uploads\\\/2026\\\/03\\\/nagrajenci-CZ-scaled.jpg\",\"keywords\":[\"Bo\u0161tjan Opre\u0161nik\",\"civilna za\u0161\u010dita\",\"nagrajenci\",\"podelitev priznanje\",\"zlati znaki\"],\"articleSection\":[\"Aktualno\",\"Celjsko\"],\"inLanguage\":\"sl-SI\"},{\"@type\":\"WebPage\",\"@id\":\"https:\\\/\\\/novice.si\\\/page\\\/celje-opresniku-zlati-znak-civilne-zascite\\\/\",\"url\":\"https:\\\/\\\/novice.si\\\/page\\\/celje-opresniku-zlati-znak-civilne-zascite\\\/\",\"name\":\"CELJE Opre\u0161niku Zlati znak Civilne za\u0161\u010dite - Novice.si\",\"isPartOf\":{\"@id\":\"https:\\\/\\\/novice.si\\\/page\\\/#website\"},\"primaryImageOfPage\":{\"@id\":\"https:\\\/\\\/novice.si\\\/page\\\/celje-opresniku-zlati-znak-civilne-zascite\\\/#primaryimage\"},\"image\":{\"@id\":\"https:\\\/\\\/novice.si\\\/page\\\/celje-opresniku-zlati-znak-civilne-zascite\\\/#primaryimage\"},\"thumbnailUrl\":\"https:\\\/\\\/novice.si\\\/page\\\/wp-content\\\/uploads\\\/2026\\\/03\\\/nagrajenci-CZ-scaled.jpg\",\"datePublished\":\"2026-03-09T07:58:32+00:00\",\"breadcrumb\":{\"@id\":\"https:\\\/\\\/novice.si\\\/page\\\/celje-opresniku-zlati-znak-civilne-zascite\\\/#breadcrumb\"},\"inLanguage\":\"sl-SI\",\"potentialAction\":[{\"@type\":\"ReadAction\",\"target\":[\"https:\\\/\\\/novice.si\\\/page\\\/celje-opresniku-zlati-znak-civilne-zascite\\\/\"]}]},{\"@type\":\"ImageObject\",\"inLanguage\":\"sl-SI\",\"@id\":\"https:\\\/\\\/novice.si\\\/page\\\/celje-opresniku-zlati-znak-civilne-zascite\\\/#primaryimage\",\"url\":\"https:\\\/\\\/novice.si\\\/page\\\/wp-content\\\/uploads\\\/2026\\\/03\\\/nagrajenci-CZ-scaled.jpg\",\"contentUrl\":\"https:\\\/\\\/novice.si\\\/page\\\/wp-content\\\/uploads\\\/2026\\\/03\\\/nagrajenci-CZ-scaled.jpg\",\"width\":2560,\"height\":1440},{\"@type\":\"BreadcrumbList\",\"@id\":\"https:\\\/\\\/novice.si\\\/page\\\/celje-opresniku-zlati-znak-civilne-zascite\\\/#breadcrumb\",\"itemListElement\":[{\"@type\":\"ListItem\",\"position\":1,\"name\":\"Home\",\"item\":\"https:\\\/\\\/novice.si\\\/page\\\/\"},{\"@type\":\"ListItem\",\"position\":2,\"name\":\"CELJE Opre\u0161niku Zlati znak Civilne za\u0161\u010dite\"}]},{\"@type\":\"WebSite\",\"@id\":\"https:\\\/\\\/novice.si\\\/page\\\/#website\",\"url\":\"https:\\\/\\\/novice.si\\\/page\\\/\",\"name\":\"Novice.si\",\"description\":\"\",\"publisher\":{\"@id\":\"https:\\\/\\\/novice.si\\\/page\\\/#organization\"},\"potentialAction\":[{\"@type\":\"SearchAction\",\"target\":{\"@type\":\"EntryPoint\",\"urlTemplate\":\"https:\\\/\\\/novice.si\\\/page\\\/?s={search_term_string}\"},\"query-input\":{\"@type\":\"PropertyValueSpecification\",\"valueRequired\":true,\"valueName\":\"search_term_string\"}}],\"inLanguage\":\"sl-SI\"},{\"@type\":\"Organization\",\"@id\":\"https:\\\/\\\/novice.si\\\/page\\\/#organization\",\"name\":\"Novice.si\",\"url\":\"https:\\\/\\\/novice.si\\\/page\\\/\",\"logo\":{\"@type\":\"ImageObject\",\"inLanguage\":\"sl-SI\",\"@id\":\"https:\\\/\\\/novice.si\\\/page\\\/#\\\/schema\\\/logo\\\/image\\\/\",\"url\":\"https:\\\/\\\/novice.si\\\/page\\\/wp-content\\\/uploads\\\/2023\\\/03\\\/novice_si.png\",\"contentUrl\":\"https:\\\/\\\/novice.si\\\/page\\\/wp-content\\\/uploads\\\/2023\\\/03\\\/novice_si.png\",\"width\":576,\"height\":200,\"caption\":\"Novice.si\"},\"image\":{\"@id\":\"https:\\\/\\\/novice.si\\\/page\\\/#\\\/schema\\\/logo\\\/image\\\/\"}},{\"@type\":\"Person\",\"@id\":\"https:\\\/\\\/novice.si\\\/page\\\/#\\\/schema\\\/person\\\/57f25c9642a9541c7349c65d32032c3e\",\"name\":\"Uredni\u0161tvo Celjana\",\"image\":{\"@type\":\"ImageObject\",\"inLanguage\":\"sl-SI\",\"@id\":\"https:\\\/\\\/secure.gravatar.com\\\/avatar\\\/78e52bc4279b65f6df6345e0ef0f7b792d361361f230cf4ffecfe0afe6d5629c?s=96&d=mm&r=g\",\"url\":\"https:\\\/\\\/secure.gravatar.com\\\/avatar\\\/78e52bc4279b65f6df6345e0ef0f7b792d361361f230cf4ffecfe0afe6d5629c?s=96&d=mm&r=g\",\"contentUrl\":\"https:\\\/\\\/secure.gravatar.com\\\/avatar\\\/78e52bc4279b65f6df6345e0ef0f7b792d361361f230cf4ffecfe0afe6d5629c?s=96&d=mm&r=g\",\"caption\":\"Uredni\u0161tvo Celjana\"},\"url\":\"https:\\\/\\\/novice.si\\\/page\\\/author\\\/primoz\\\/\"}]}<\/script>\n<!-- \/ Yoast SEO plugin. -->","yoast_head_json":{"title":"CELJE Opre\u0161niku Zlati znak Civilne za\u0161\u010dite - Novice.si","robots":{"index":"index","follow":"follow","max-snippet":"max-snippet:-1","max-image-preview":"max-image-preview:large","max-video-preview":"max-video-preview:-1"},"canonical":"https:\/\/novice.si\/page\/celje-opresniku-zlati-znak-civilne-zascite\/","og_locale":"sl_SI","og_type":"article","og_title":"CELJE Opre\u0161niku Zlati znak Civilne za\u0161\u010dite - Novice.si","og_description":"V petek so v celjskem Narodnem domu podelili leto\u0161nja priznanja najzaslu\u017enej\u0161im na podro\u010dju za\u0161\u010dite in re\u0161evanja, torej tistim, ki so se izkazali s po\u017ertvovalnostjo, pripadnostjo, strokovnostjo in humanostjo, ko je bilo potrebno prisko\u010diti na pomo\u010d. Skupaj so podelili 27 priznanje, od tega tri zlate, osem srebrnih in 13 bronastih znakov, zraven pa \u0161e pet plaket. [&hellip;]","og_url":"https:\/\/novice.si\/page\/celje-opresniku-zlati-znak-civilne-zascite\/","og_site_name":"Novice.si","article_published_time":"2026-03-09T07:58:32+00:00","og_image":[{"width":2560,"height":1440,"url":"https:\/\/novice.si\/page\/wp-content\/uploads\/2026\/03\/nagrajenci-CZ-scaled.jpg","type":"image\/jpeg"}],"author":"Uredni\u0161tvo Celjana","twitter_card":"summary_large_image","twitter_misc":{"Written by":"Uredni\u0161tvo Celjana","Est. reading time":"2 minuti"},"schema":{"@context":"https:\/\/schema.org","@graph":[{"@type":"Article","@id":"https:\/\/novice.si\/page\/celje-opresniku-zlati-znak-civilne-zascite\/#article","isPartOf":{"@id":"https:\/\/novice.si\/page\/celje-opresniku-zlati-znak-civilne-zascite\/"},"author":{"name":"Uredni\u0161tvo Celjana","@id":"https:\/\/novice.si\/page\/#\/schema\/person\/57f25c9642a9541c7349c65d32032c3e"},"headline":"CELJE Opre\u0161niku Zlati znak Civilne za\u0161\u010dite","datePublished":"2026-03-09T07:58:32+00:00","mainEntityOfPage":{"@id":"https:\/\/novice.si\/page\/celje-opresniku-zlati-znak-civilne-zascite\/"},"wordCount":170,"publisher":{"@id":"https:\/\/novice.si\/page\/#organization"},"image":{"@id":"https:\/\/novice.si\/page\/celje-opresniku-zlati-znak-civilne-zascite\/#primaryimage"},"thumbnailUrl":"https:\/\/novice.si\/page\/wp-content\/uploads\/2026\/03\/nagrajenci-CZ-scaled.jpg","keywords":["Bo\u0161tjan Opre\u0161nik","civilna za\u0161\u010dita","nagrajenci","podelitev priznanje","zlati znaki"],"articleSection":["Aktualno","Celjsko"],"inLanguage":"sl-SI"},{"@type":"WebPage","@id":"https:\/\/novice.si\/page\/celje-opresniku-zlati-znak-civilne-zascite\/","url":"https:\/\/novice.si\/page\/celje-opresniku-zlati-znak-civilne-zascite\/","name":"CELJE Opre\u0161niku Zlati znak Civilne za\u0161\u010dite - Novice.si","isPartOf":{"@id":"https:\/\/novice.si\/page\/#website"},"primaryImageOfPage":{"@id":"https:\/\/novice.si\/page\/celje-opresniku-zlati-znak-civilne-zascite\/#primaryimage"},"image":{"@id":"https:\/\/novice.si\/page\/celje-opresniku-zlati-znak-civilne-zascite\/#primaryimage"},"thumbnailUrl":"https:\/\/novice.si\/page\/wp-content\/uploads\/2026\/03\/nagrajenci-CZ-scaled.jpg","datePublished":"2026-03-09T07:58:32+00:00","breadcrumb":{"@id":"https:\/\/novice.si\/page\/celje-opresniku-zlati-znak-civilne-zascite\/#breadcrumb"},"inLanguage":"sl-SI","potentialAction":[{"@type":"ReadAction","target":["https:\/\/novice.si\/page\/celje-opresniku-zlati-znak-civilne-zascite\/"]}]},{"@type":"ImageObject","inLanguage":"sl-SI","@id":"https:\/\/novice.si\/page\/celje-opresniku-zlati-znak-civilne-zascite\/#primaryimage","url":"https:\/\/novice.si\/page\/wp-content\/uploads\/2026\/03\/nagrajenci-CZ-scaled.jpg","contentUrl":"https:\/\/novice.si\/page\/wp-content\/uploads\/2026\/03\/nagrajenci-CZ-scaled.jpg","width":2560,"height":1440},{"@type":"BreadcrumbList","@id":"https:\/\/novice.si\/page\/celje-opresniku-zlati-znak-civilne-zascite\/#breadcrumb","itemListElement":[{"@type":"ListItem","position":1,"name":"Home","item":"https:\/\/novice.si\/page\/"},{"@type":"ListItem","position":2,"name":"CELJE Opre\u0161niku Zlati znak Civilne za\u0161\u010dite"}]},{"@type":"WebSite","@id":"https:\/\/novice.si\/page\/#website","url":"https:\/\/novice.si\/page\/","name":"Novice.si","description":"","publisher":{"@id":"https:\/\/novice.si\/page\/#organization"},"potentialAction":[{"@type":"SearchAction","target":{"@type":"EntryPoint","urlTemplate":"https:\/\/novice.si\/page\/?s={search_term_string}"},"query-input":{"@type":"PropertyValueSpecification","valueRequired":true,"valueName":"search_term_string"}}],"inLanguage":"sl-SI"},{"@type":"Organization","@id":"https:\/\/novice.si\/page\/#organization","name":"Novice.si","url":"https:\/\/novice.si\/page\/","logo":{"@type":"ImageObject","inLanguage":"sl-SI","@id":"https:\/\/novice.si\/page\/#\/schema\/logo\/image\/","url":"https:\/\/novice.si\/page\/wp-content\/uploads\/2023\/03\/novice_si.png","contentUrl":"https:\/\/novice.si\/page\/wp-content\/uploads\/2023\/03\/novice_si.png","width":576,"height":200,"caption":"Novice.si"},"image":{"@id":"https:\/\/novice.si\/page\/#\/schema\/logo\/image\/"}},{"@type":"Person","@id":"https:\/\/novice.si\/page\/#\/schema\/person\/57f25c9642a9541c7349c65d32032c3e","name":"Uredni\u0161tvo Celjana","image":{"@type":"ImageObject","inLanguage":"sl-SI","@id":"https:\/\/secure.gravatar.com\/avatar\/78e52bc4279b65f6df6345e0ef0f7b792d361361f230cf4ffecfe0afe6d5629c?s=96&d=mm&r=g","url":"https:\/\/secure.gravatar.com\/avatar\/78e52bc4279b65f6df6345e0ef0f7b792d361361f230cf4ffecfe0afe6d5629c?s=96&d=mm&r=g","contentUrl":"https:\/\/secure.gravatar.com\/avatar\/78e52bc4279b65f6df6345e0ef0f7b792d361361f230cf4ffecfe0afe6d5629c?s=96&d=mm&r=g","caption":"Uredni\u0161tvo Celjana"},"url":"https:\/\/novice.si\/page\/author\/primoz\/"}]}},"_links":{"self":[{"href":"https:\/\/novice.si\/page\/wp-json\/wp\/v2\/posts\/198906","targetHints":{"allow":["GET"]}}],"collection":[{"href":"https:\/\/novice.si\/page\/wp-json\/wp\/v2\/posts"}],"about":[{"href":"https:\/\/novice.si\/page\/wp-json\/wp\/v2\/types\/post"}],"author":[{"embeddable":true,"href":"https:\/\/novice.si\/page\/wp-json\/wp\/v2\/users\/33"}],"replies":[{"embeddable":true,"href":"https:\/\/novice.si\/page\/wp-json\/wp\/v2\/comments?post=198906"}],"version-history":[{"count":1,"href":"https:\/\/novice.si\/page\/wp-json\/wp\/v2\/posts\/198906\/revisions"}],"predecessor-version":[{"id":198909,"href":"https:\/\/novice.si\/page\/wp-json\/wp\/v2\/posts\/198906\/revisions\/198909"}],"wp:featuredmedia":[{"embeddable":true,"href":"https:\/\/novice.si\/page\/wp-json\/wp\/v2\/media\/198908"}],"wp:attachment":[{"href":"https:\/\/novice.si\/page\/wp-json\/wp\/v2\/media?parent=198906"}],"wp:term":[{"taxonomy":"category","embeddable":true,"href":"https:\/\/novice.si\/page\/wp-json\/wp\/v2\/categories?post=198906"},{"taxonomy":"post_tag","embeddable":true,"href":"https:\/\/novice.si\/page\/wp-json\/wp\/v2\/tags?post=198906"}],"curies":[{"name":"wp","href":"https:\/\/api.w.org\/{rel}","templated":true}]}}