{"id":198678,"date":"2026-03-02T11:39:55","date_gmt":"2026-03-02T10:39:55","guid":{"rendered":"https:\/\/novice.si\/page\/?p=198678"},"modified":"2026-03-02T11:39:55","modified_gmt":"2026-03-02T10:39:55","slug":"sentjur-smarje-prijeli-trojico-ki-je-vlamljala-v-hise","status":"publish","type":"post","link":"https:\/\/novice.si\/page\/sentjur-smarje-prijeli-trojico-ki-je-vlamljala-v-hise\/","title":{"rendered":"\u0160ENTJUR \u0160MARJE Prijeli trojico, ki je vlamljala v hi\u0161e"},"content":{"rendered":"<p>V priporu se je zna\u0161la trojica osumljencev z novome\u0161kega obmo\u010dja, ki jih sumijo, da so na <img loading=\"lazy\" decoding=\"async\" class=\"wp-image-198679 alignleft\" src=\"https:\/\/novice.si\/page\/wp-content\/uploads\/2026\/03\/prstani-in-obesek-600x325.jpg\" alt=\"\" width=\"351\" height=\"190\" srcset=\"https:\/\/novice.si\/page\/wp-content\/uploads\/2026\/03\/prstani-in-obesek-600x325.jpg 600w, https:\/\/novice.si\/page\/wp-content\/uploads\/2026\/03\/prstani-in-obesek-768x416.jpg 768w, https:\/\/novice.si\/page\/wp-content\/uploads\/2026\/03\/prstani-in-obesek-776x420.jpg 776w, https:\/\/novice.si\/page\/wp-content\/uploads\/2026\/03\/prstani-in-obesek-696x377.jpg 696w, https:\/\/novice.si\/page\/wp-content\/uploads\/2026\/03\/prstani-in-obesek-24x13.jpg 24w, https:\/\/novice.si\/page\/wp-content\/uploads\/2026\/03\/prstani-in-obesek-36x19.jpg 36w, https:\/\/novice.si\/page\/wp-content\/uploads\/2026\/03\/prstani-in-obesek-48x26.jpg 48w, https:\/\/novice.si\/page\/wp-content\/uploads\/2026\/03\/prstani-in-obesek.jpg 1024w\" sizes=\"auto, (max-width: 351px) 100vw, 351px\" \/>obmo\u010dju \u0160entjurja, \u0160marja pri Jel\u0161ah, Roga\u0161ke Slatine in La\u0161kega vlomili v ve\u010d stanovanjskih hi\u0161.<\/p>\n<p>Ker so se na teh obmo\u010djih \u017ee lani pojavili serijski vlomi, po prijetju storilce pa so se \u0161e nadaljevali, je celjska policijske uprava ustanovila posebno delovno skupino za prepre\u010devanje vlomov in drznih tatvin.<\/p>\n<p>Po zaslugi pozornosti ob\u010danov (ti so naznanili, da se trojica preva\u017ea z meganom in leonom)<img loading=\"lazy\" decoding=\"async\" class=\"wp-image-198680 alignright\" src=\"https:\/\/novice.si\/page\/wp-content\/uploads\/2026\/03\/harmonika_rdeca-600x419.jpg\" alt=\"\" width=\"304\" height=\"212\" srcset=\"https:\/\/novice.si\/page\/wp-content\/uploads\/2026\/03\/harmonika_rdeca-600x419.jpg 600w, https:\/\/novice.si\/page\/wp-content\/uploads\/2026\/03\/harmonika_rdeca-768x536.jpg 768w, https:\/\/novice.si\/page\/wp-content\/uploads\/2026\/03\/harmonika_rdeca-602x420.jpg 602w, https:\/\/novice.si\/page\/wp-content\/uploads\/2026\/03\/harmonika_rdeca-696x486.jpg 696w, https:\/\/novice.si\/page\/wp-content\/uploads\/2026\/03\/harmonika_rdeca-100x70.jpg 100w, https:\/\/novice.si\/page\/wp-content\/uploads\/2026\/03\/harmonika_rdeca-24x17.jpg 24w, https:\/\/novice.si\/page\/wp-content\/uploads\/2026\/03\/harmonika_rdeca-36x25.jpg 36w, https:\/\/novice.si\/page\/wp-content\/uploads\/2026\/03\/harmonika_rdeca-48x34.jpg 48w, https:\/\/novice.si\/page\/wp-content\/uploads\/2026\/03\/harmonika_rdeca.jpg 1024w\" sizes=\"auto, (max-width: 304px) 100vw, 304px\" \/> in sodelovanja s policijskimi kolegi v Novem mestu so trojico prijeli in pri njih opravili hi\u0161ne preiskave. Med drugim so zasegli tudi oro\u017eje, na\u0161li pa so \u0161e ro\u010dni ure, nakit, harmoniko in ve\u010d drugih ukradenih predmetov.<\/p>\n<p>Kazniva dejanja so ve\u010dinoma izvr\u0161evali tako, da so se stanovalcem predstavljali za uslu\u017ebence raznih telekomunikacijskih podjetij, ko pa so jih zamotili, so jim ukradli vrednej\u0161e predmete, najve\u010dkrat pa denar in zlatnino. O\u0161kodovanci so bili prete\u017eno starej\u0161i ob\u010dani.<\/p>\n<p>Preiskavo policija \u0161e nadaljuje.<\/p>\n<p>P\u0160, foto PUC<\/p>\n","protected":false},"excerpt":{"rendered":"<p>V priporu se je zna\u0161la trojica osumljencev z novome\u0161kega obmo\u010dja, ki jih sumijo, da so na obmo\u010dju \u0160entjurja, \u0160marja pri Jel\u0161ah, Roga\u0161ke Slatine in La\u0161kega vlomili v ve\u010d stanovanjskih hi\u0161. Ker so se na teh obmo\u010djih \u017ee lani pojavili serijski vlomi, po prijetju storilce pa so se \u0161e nadaljevali, je celjska policijske uprava ustanovila posebno [&hellip;]<\/p>\n","protected":false},"author":33,"featured_media":198681,"comment_status":"closed","ping_status":"closed","sticky":false,"template":"","format":"standard","meta":{"footnotes":""},"categories":[14,17,29],"tags":[1150,2035,25742,21329,25741,25740,4381],"class_list":{"0":"post-198678","1":"post","2":"type-post","3":"status-publish","4":"format-standard","5":"has-post-thumbnail","7":"category-aktualno","8":"category-celjsko","9":"category-kronika","10":"tag-denar","11":"tag-hisna-preiskava","12":"tag-hramonika","13":"tag-nakit","14":"tag-osumljenci-iz-novega-mesta","15":"tag-prijeli-vlomilsko-trojico","16":"tag-pripor"},"yoast_head":"<!-- This site is optimized with the Yoast SEO plugin v27.4 - https:\/\/yoast.com\/product\/yoast-seo-wordpress\/ -->\n<title>\u0160ENTJUR \u0160MARJE Prijeli trojico, ki je vlamljala v hi\u0161e - Novice.si<\/title>\n<meta name=\"robots\" content=\"index, follow, max-snippet:-1, max-image-preview:large, max-video-preview:-1\" \/>\n<link rel=\"canonical\" href=\"https:\/\/novice.si\/page\/sentjur-smarje-prijeli-trojico-ki-je-vlamljala-v-hise\/\" \/>\n<meta property=\"og:locale\" content=\"sl_SI\" \/>\n<meta property=\"og:type\" content=\"article\" \/>\n<meta property=\"og:title\" content=\"\u0160ENTJUR \u0160MARJE Prijeli trojico, ki je vlamljala v hi\u0161e - Novice.si\" \/>\n<meta property=\"og:description\" content=\"V priporu se je zna\u0161la trojica osumljencev z novome\u0161kega obmo\u010dja, ki jih sumijo, da so na obmo\u010dju \u0160entjurja, \u0160marja pri Jel\u0161ah, Roga\u0161ke Slatine in La\u0161kega vlomili v ve\u010d stanovanjskih hi\u0161. Ker so se na teh obmo\u010djih \u017ee lani pojavili serijski vlomi, po prijetju storilce pa so se \u0161e nadaljevali, je celjska policijske uprava ustanovila posebno [&hellip;]\" \/>\n<meta property=\"og:url\" content=\"https:\/\/novice.si\/page\/sentjur-smarje-prijeli-trojico-ki-je-vlamljala-v-hise\/\" \/>\n<meta property=\"og:site_name\" content=\"Novice.si\" \/>\n<meta property=\"article:published_time\" content=\"2026-03-02T10:39:55+00:00\" \/>\n<meta property=\"og:image\" content=\"https:\/\/novice.si\/page\/wp-content\/uploads\/2026\/03\/prstani-in-obesek-1.jpg\" \/>\n\t<meta property=\"og:image:width\" content=\"1024\" \/>\n\t<meta property=\"og:image:height\" content=\"554\" \/>\n\t<meta property=\"og:image:type\" content=\"image\/jpeg\" \/>\n<meta name=\"author\" content=\"Uredni\u0161tvo Celjana\" \/>\n<meta name=\"twitter:card\" content=\"summary_large_image\" \/>\n<meta name=\"twitter:label1\" content=\"Written by\" \/>\n\t<meta name=\"twitter:data1\" content=\"Uredni\u0161tvo Celjana\" \/>\n\t<meta name=\"twitter:label2\" content=\"Est. reading time\" \/>\n\t<meta name=\"twitter:data2\" content=\"2 minuti\" \/>\n<script type=\"application\/ld+json\" class=\"yoast-schema-graph\">{\"@context\":\"https:\\\/\\\/schema.org\",\"@graph\":[{\"@type\":\"Article\",\"@id\":\"https:\\\/\\\/novice.si\\\/page\\\/sentjur-smarje-prijeli-trojico-ki-je-vlamljala-v-hise\\\/#article\",\"isPartOf\":{\"@id\":\"https:\\\/\\\/novice.si\\\/page\\\/sentjur-smarje-prijeli-trojico-ki-je-vlamljala-v-hise\\\/\"},\"author\":{\"name\":\"Uredni\u0161tvo Celjana\",\"@id\":\"https:\\\/\\\/novice.si\\\/page\\\/#\\\/schema\\\/person\\\/57f25c9642a9541c7349c65d32032c3e\"},\"headline\":\"\u0160ENTJUR \u0160MARJE Prijeli trojico, ki je vlamljala v hi\u0161e\",\"datePublished\":\"2026-03-02T10:39:55+00:00\",\"mainEntityOfPage\":{\"@id\":\"https:\\\/\\\/novice.si\\\/page\\\/sentjur-smarje-prijeli-trojico-ki-je-vlamljala-v-hise\\\/\"},\"wordCount\":192,\"publisher\":{\"@id\":\"https:\\\/\\\/novice.si\\\/page\\\/#organization\"},\"image\":{\"@id\":\"https:\\\/\\\/novice.si\\\/page\\\/sentjur-smarje-prijeli-trojico-ki-je-vlamljala-v-hise\\\/#primaryimage\"},\"thumbnailUrl\":\"https:\\\/\\\/novice.si\\\/page\\\/wp-content\\\/uploads\\\/2026\\\/03\\\/prstani-in-obesek-1.jpg\",\"keywords\":[\"denar\",\"hi\u0161na preiskava\",\"hramonika\",\"nakit\",\"osumljenci iz novega mesta\",\"prijeli vlomilsko trojico\",\"pripor\"],\"articleSection\":[\"Aktualno\",\"Celjsko\",\"Kronika\"],\"inLanguage\":\"sl-SI\"},{\"@type\":\"WebPage\",\"@id\":\"https:\\\/\\\/novice.si\\\/page\\\/sentjur-smarje-prijeli-trojico-ki-je-vlamljala-v-hise\\\/\",\"url\":\"https:\\\/\\\/novice.si\\\/page\\\/sentjur-smarje-prijeli-trojico-ki-je-vlamljala-v-hise\\\/\",\"name\":\"\u0160ENTJUR \u0160MARJE Prijeli trojico, ki je vlamljala v hi\u0161e - Novice.si\",\"isPartOf\":{\"@id\":\"https:\\\/\\\/novice.si\\\/page\\\/#website\"},\"primaryImageOfPage\":{\"@id\":\"https:\\\/\\\/novice.si\\\/page\\\/sentjur-smarje-prijeli-trojico-ki-je-vlamljala-v-hise\\\/#primaryimage\"},\"image\":{\"@id\":\"https:\\\/\\\/novice.si\\\/page\\\/sentjur-smarje-prijeli-trojico-ki-je-vlamljala-v-hise\\\/#primaryimage\"},\"thumbnailUrl\":\"https:\\\/\\\/novice.si\\\/page\\\/wp-content\\\/uploads\\\/2026\\\/03\\\/prstani-in-obesek-1.jpg\",\"datePublished\":\"2026-03-02T10:39:55+00:00\",\"breadcrumb\":{\"@id\":\"https:\\\/\\\/novice.si\\\/page\\\/sentjur-smarje-prijeli-trojico-ki-je-vlamljala-v-hise\\\/#breadcrumb\"},\"inLanguage\":\"sl-SI\",\"potentialAction\":[{\"@type\":\"ReadAction\",\"target\":[\"https:\\\/\\\/novice.si\\\/page\\\/sentjur-smarje-prijeli-trojico-ki-je-vlamljala-v-hise\\\/\"]}]},{\"@type\":\"ImageObject\",\"inLanguage\":\"sl-SI\",\"@id\":\"https:\\\/\\\/novice.si\\\/page\\\/sentjur-smarje-prijeli-trojico-ki-je-vlamljala-v-hise\\\/#primaryimage\",\"url\":\"https:\\\/\\\/novice.si\\\/page\\\/wp-content\\\/uploads\\\/2026\\\/03\\\/prstani-in-obesek-1.jpg\",\"contentUrl\":\"https:\\\/\\\/novice.si\\\/page\\\/wp-content\\\/uploads\\\/2026\\\/03\\\/prstani-in-obesek-1.jpg\",\"width\":1024,\"height\":554},{\"@type\":\"BreadcrumbList\",\"@id\":\"https:\\\/\\\/novice.si\\\/page\\\/sentjur-smarje-prijeli-trojico-ki-je-vlamljala-v-hise\\\/#breadcrumb\",\"itemListElement\":[{\"@type\":\"ListItem\",\"position\":1,\"name\":\"Home\",\"item\":\"https:\\\/\\\/novice.si\\\/page\\\/\"},{\"@type\":\"ListItem\",\"position\":2,\"name\":\"\u0160ENTJUR \u0160MARJE Prijeli trojico, ki je vlamljala v hi\u0161e\"}]},{\"@type\":\"WebSite\",\"@id\":\"https:\\\/\\\/novice.si\\\/page\\\/#website\",\"url\":\"https:\\\/\\\/novice.si\\\/page\\\/\",\"name\":\"Novice.si\",\"description\":\"\",\"publisher\":{\"@id\":\"https:\\\/\\\/novice.si\\\/page\\\/#organization\"},\"potentialAction\":[{\"@type\":\"SearchAction\",\"target\":{\"@type\":\"EntryPoint\",\"urlTemplate\":\"https:\\\/\\\/novice.si\\\/page\\\/?s={search_term_string}\"},\"query-input\":{\"@type\":\"PropertyValueSpecification\",\"valueRequired\":true,\"valueName\":\"search_term_string\"}}],\"inLanguage\":\"sl-SI\"},{\"@type\":\"Organization\",\"@id\":\"https:\\\/\\\/novice.si\\\/page\\\/#organization\",\"name\":\"Novice.si\",\"url\":\"https:\\\/\\\/novice.si\\\/page\\\/\",\"logo\":{\"@type\":\"ImageObject\",\"inLanguage\":\"sl-SI\",\"@id\":\"https:\\\/\\\/novice.si\\\/page\\\/#\\\/schema\\\/logo\\\/image\\\/\",\"url\":\"https:\\\/\\\/novice.si\\\/page\\\/wp-content\\\/uploads\\\/2023\\\/03\\\/novice_si.png\",\"contentUrl\":\"https:\\\/\\\/novice.si\\\/page\\\/wp-content\\\/uploads\\\/2023\\\/03\\\/novice_si.png\",\"width\":576,\"height\":200,\"caption\":\"Novice.si\"},\"image\":{\"@id\":\"https:\\\/\\\/novice.si\\\/page\\\/#\\\/schema\\\/logo\\\/image\\\/\"}},{\"@type\":\"Person\",\"@id\":\"https:\\\/\\\/novice.si\\\/page\\\/#\\\/schema\\\/person\\\/57f25c9642a9541c7349c65d32032c3e\",\"name\":\"Uredni\u0161tvo Celjana\",\"image\":{\"@type\":\"ImageObject\",\"inLanguage\":\"sl-SI\",\"@id\":\"https:\\\/\\\/secure.gravatar.com\\\/avatar\\\/78e52bc4279b65f6df6345e0ef0f7b792d361361f230cf4ffecfe0afe6d5629c?s=96&d=mm&r=g\",\"url\":\"https:\\\/\\\/secure.gravatar.com\\\/avatar\\\/78e52bc4279b65f6df6345e0ef0f7b792d361361f230cf4ffecfe0afe6d5629c?s=96&d=mm&r=g\",\"contentUrl\":\"https:\\\/\\\/secure.gravatar.com\\\/avatar\\\/78e52bc4279b65f6df6345e0ef0f7b792d361361f230cf4ffecfe0afe6d5629c?s=96&d=mm&r=g\",\"caption\":\"Uredni\u0161tvo Celjana\"},\"url\":\"https:\\\/\\\/novice.si\\\/page\\\/author\\\/primoz\\\/\"}]}<\/script>\n<!-- \/ Yoast SEO plugin. -->","yoast_head_json":{"title":"\u0160ENTJUR \u0160MARJE Prijeli trojico, ki je vlamljala v hi\u0161e - Novice.si","robots":{"index":"index","follow":"follow","max-snippet":"max-snippet:-1","max-image-preview":"max-image-preview:large","max-video-preview":"max-video-preview:-1"},"canonical":"https:\/\/novice.si\/page\/sentjur-smarje-prijeli-trojico-ki-je-vlamljala-v-hise\/","og_locale":"sl_SI","og_type":"article","og_title":"\u0160ENTJUR \u0160MARJE Prijeli trojico, ki je vlamljala v hi\u0161e - Novice.si","og_description":"V priporu se je zna\u0161la trojica osumljencev z novome\u0161kega obmo\u010dja, ki jih sumijo, da so na obmo\u010dju \u0160entjurja, \u0160marja pri Jel\u0161ah, Roga\u0161ke Slatine in La\u0161kega vlomili v ve\u010d stanovanjskih hi\u0161. Ker so se na teh obmo\u010djih \u017ee lani pojavili serijski vlomi, po prijetju storilce pa so se \u0161e nadaljevali, je celjska policijske uprava ustanovila posebno [&hellip;]","og_url":"https:\/\/novice.si\/page\/sentjur-smarje-prijeli-trojico-ki-je-vlamljala-v-hise\/","og_site_name":"Novice.si","article_published_time":"2026-03-02T10:39:55+00:00","og_image":[{"width":1024,"height":554,"url":"https:\/\/novice.si\/page\/wp-content\/uploads\/2026\/03\/prstani-in-obesek-1.jpg","type":"image\/jpeg"}],"author":"Uredni\u0161tvo Celjana","twitter_card":"summary_large_image","twitter_misc":{"Written by":"Uredni\u0161tvo Celjana","Est. reading time":"2 minuti"},"schema":{"@context":"https:\/\/schema.org","@graph":[{"@type":"Article","@id":"https:\/\/novice.si\/page\/sentjur-smarje-prijeli-trojico-ki-je-vlamljala-v-hise\/#article","isPartOf":{"@id":"https:\/\/novice.si\/page\/sentjur-smarje-prijeli-trojico-ki-je-vlamljala-v-hise\/"},"author":{"name":"Uredni\u0161tvo Celjana","@id":"https:\/\/novice.si\/page\/#\/schema\/person\/57f25c9642a9541c7349c65d32032c3e"},"headline":"\u0160ENTJUR \u0160MARJE Prijeli trojico, ki je vlamljala v hi\u0161e","datePublished":"2026-03-02T10:39:55+00:00","mainEntityOfPage":{"@id":"https:\/\/novice.si\/page\/sentjur-smarje-prijeli-trojico-ki-je-vlamljala-v-hise\/"},"wordCount":192,"publisher":{"@id":"https:\/\/novice.si\/page\/#organization"},"image":{"@id":"https:\/\/novice.si\/page\/sentjur-smarje-prijeli-trojico-ki-je-vlamljala-v-hise\/#primaryimage"},"thumbnailUrl":"https:\/\/novice.si\/page\/wp-content\/uploads\/2026\/03\/prstani-in-obesek-1.jpg","keywords":["denar","hi\u0161na preiskava","hramonika","nakit","osumljenci iz novega mesta","prijeli vlomilsko trojico","pripor"],"articleSection":["Aktualno","Celjsko","Kronika"],"inLanguage":"sl-SI"},{"@type":"WebPage","@id":"https:\/\/novice.si\/page\/sentjur-smarje-prijeli-trojico-ki-je-vlamljala-v-hise\/","url":"https:\/\/novice.si\/page\/sentjur-smarje-prijeli-trojico-ki-je-vlamljala-v-hise\/","name":"\u0160ENTJUR \u0160MARJE Prijeli trojico, ki je vlamljala v hi\u0161e - Novice.si","isPartOf":{"@id":"https:\/\/novice.si\/page\/#website"},"primaryImageOfPage":{"@id":"https:\/\/novice.si\/page\/sentjur-smarje-prijeli-trojico-ki-je-vlamljala-v-hise\/#primaryimage"},"image":{"@id":"https:\/\/novice.si\/page\/sentjur-smarje-prijeli-trojico-ki-je-vlamljala-v-hise\/#primaryimage"},"thumbnailUrl":"https:\/\/novice.si\/page\/wp-content\/uploads\/2026\/03\/prstani-in-obesek-1.jpg","datePublished":"2026-03-02T10:39:55+00:00","breadcrumb":{"@id":"https:\/\/novice.si\/page\/sentjur-smarje-prijeli-trojico-ki-je-vlamljala-v-hise\/#breadcrumb"},"inLanguage":"sl-SI","potentialAction":[{"@type":"ReadAction","target":["https:\/\/novice.si\/page\/sentjur-smarje-prijeli-trojico-ki-je-vlamljala-v-hise\/"]}]},{"@type":"ImageObject","inLanguage":"sl-SI","@id":"https:\/\/novice.si\/page\/sentjur-smarje-prijeli-trojico-ki-je-vlamljala-v-hise\/#primaryimage","url":"https:\/\/novice.si\/page\/wp-content\/uploads\/2026\/03\/prstani-in-obesek-1.jpg","contentUrl":"https:\/\/novice.si\/page\/wp-content\/uploads\/2026\/03\/prstani-in-obesek-1.jpg","width":1024,"height":554},{"@type":"BreadcrumbList","@id":"https:\/\/novice.si\/page\/sentjur-smarje-prijeli-trojico-ki-je-vlamljala-v-hise\/#breadcrumb","itemListElement":[{"@type":"ListItem","position":1,"name":"Home","item":"https:\/\/novice.si\/page\/"},{"@type":"ListItem","position":2,"name":"\u0160ENTJUR \u0160MARJE Prijeli trojico, ki je vlamljala v hi\u0161e"}]},{"@type":"WebSite","@id":"https:\/\/novice.si\/page\/#website","url":"https:\/\/novice.si\/page\/","name":"Novice.si","description":"","publisher":{"@id":"https:\/\/novice.si\/page\/#organization"},"potentialAction":[{"@type":"SearchAction","target":{"@type":"EntryPoint","urlTemplate":"https:\/\/novice.si\/page\/?s={search_term_string}"},"query-input":{"@type":"PropertyValueSpecification","valueRequired":true,"valueName":"search_term_string"}}],"inLanguage":"sl-SI"},{"@type":"Organization","@id":"https:\/\/novice.si\/page\/#organization","name":"Novice.si","url":"https:\/\/novice.si\/page\/","logo":{"@type":"ImageObject","inLanguage":"sl-SI","@id":"https:\/\/novice.si\/page\/#\/schema\/logo\/image\/","url":"https:\/\/novice.si\/page\/wp-content\/uploads\/2023\/03\/novice_si.png","contentUrl":"https:\/\/novice.si\/page\/wp-content\/uploads\/2023\/03\/novice_si.png","width":576,"height":200,"caption":"Novice.si"},"image":{"@id":"https:\/\/novice.si\/page\/#\/schema\/logo\/image\/"}},{"@type":"Person","@id":"https:\/\/novice.si\/page\/#\/schema\/person\/57f25c9642a9541c7349c65d32032c3e","name":"Uredni\u0161tvo Celjana","image":{"@type":"ImageObject","inLanguage":"sl-SI","@id":"https:\/\/secure.gravatar.com\/avatar\/78e52bc4279b65f6df6345e0ef0f7b792d361361f230cf4ffecfe0afe6d5629c?s=96&d=mm&r=g","url":"https:\/\/secure.gravatar.com\/avatar\/78e52bc4279b65f6df6345e0ef0f7b792d361361f230cf4ffecfe0afe6d5629c?s=96&d=mm&r=g","contentUrl":"https:\/\/secure.gravatar.com\/avatar\/78e52bc4279b65f6df6345e0ef0f7b792d361361f230cf4ffecfe0afe6d5629c?s=96&d=mm&r=g","caption":"Uredni\u0161tvo Celjana"},"url":"https:\/\/novice.si\/page\/author\/primoz\/"}]}},"_links":{"self":[{"href":"https:\/\/novice.si\/page\/wp-json\/wp\/v2\/posts\/198678","targetHints":{"allow":["GET"]}}],"collection":[{"href":"https:\/\/novice.si\/page\/wp-json\/wp\/v2\/posts"}],"about":[{"href":"https:\/\/novice.si\/page\/wp-json\/wp\/v2\/types\/post"}],"author":[{"embeddable":true,"href":"https:\/\/novice.si\/page\/wp-json\/wp\/v2\/users\/33"}],"replies":[{"embeddable":true,"href":"https:\/\/novice.si\/page\/wp-json\/wp\/v2\/comments?post=198678"}],"version-history":[{"count":1,"href":"https:\/\/novice.si\/page\/wp-json\/wp\/v2\/posts\/198678\/revisions"}],"predecessor-version":[{"id":198682,"href":"https:\/\/novice.si\/page\/wp-json\/wp\/v2\/posts\/198678\/revisions\/198682"}],"wp:featuredmedia":[{"embeddable":true,"href":"https:\/\/novice.si\/page\/wp-json\/wp\/v2\/media\/198681"}],"wp:attachment":[{"href":"https:\/\/novice.si\/page\/wp-json\/wp\/v2\/media?parent=198678"}],"wp:term":[{"taxonomy":"category","embeddable":true,"href":"https:\/\/novice.si\/page\/wp-json\/wp\/v2\/categories?post=198678"},{"taxonomy":"post_tag","embeddable":true,"href":"https:\/\/novice.si\/page\/wp-json\/wp\/v2\/tags?post=198678"}],"curies":[{"name":"wp","href":"https:\/\/api.w.org\/{rel}","templated":true}]}}