{"id":198580,"date":"2026-02-27T08:05:36","date_gmt":"2026-02-27T07:05:36","guid":{"rendered":"https:\/\/novice.si\/page\/?p=198580"},"modified":"2026-02-27T08:05:36","modified_gmt":"2026-02-27T07:05:36","slug":"celje-levica-vesna-predstavili-kandidate-pete-volilne-enote","status":"publish","type":"post","link":"https:\/\/novice.si\/page\/celje-levica-vesna-predstavili-kandidate-pete-volilne-enote\/","title":{"rendered":"CELJE Levica-Vesna predstavili kandidate pete volilne enote"},"content":{"rendered":"<p>Skupna lista Levice in Vesne je na plo\u0161\u010dadi pred celjsko mestno ob\u010dino predstavila kandidate za poslance v peti volilni enoti.<\/p>\n<p><img loading=\"lazy\" decoding=\"async\" class=\"wp-image-198581 alignleft\" src=\"https:\/\/novice.si\/page\/wp-content\/uploads\/2026\/02\/Vesna-Levica-600x453.jpg\" alt=\"\" width=\"311\" height=\"235\" srcset=\"https:\/\/novice.si\/page\/wp-content\/uploads\/2026\/02\/Vesna-Levica-600x453.jpg 600w, https:\/\/novice.si\/page\/wp-content\/uploads\/2026\/02\/Vesna-Levica-1024x773.jpg 1024w, https:\/\/novice.si\/page\/wp-content\/uploads\/2026\/02\/Vesna-Levica-768x580.jpg 768w, https:\/\/novice.si\/page\/wp-content\/uploads\/2026\/02\/Vesna-Levica-1536x1160.jpg 1536w, https:\/\/novice.si\/page\/wp-content\/uploads\/2026\/02\/Vesna-Levica-556x420.jpg 556w, https:\/\/novice.si\/page\/wp-content\/uploads\/2026\/02\/Vesna-Levica-80x60.jpg 80w, https:\/\/novice.si\/page\/wp-content\/uploads\/2026\/02\/Vesna-Levica-696x525.jpg 696w, https:\/\/novice.si\/page\/wp-content\/uploads\/2026\/02\/Vesna-Levica-1068x806.jpg 1068w, https:\/\/novice.si\/page\/wp-content\/uploads\/2026\/02\/Vesna-Levica-1920x1449.jpg 1920w, https:\/\/novice.si\/page\/wp-content\/uploads\/2026\/02\/Vesna-Levica-24x18.jpg 24w, https:\/\/novice.si\/page\/wp-content\/uploads\/2026\/02\/Vesna-Levica-36x27.jpg 36w, https:\/\/novice.si\/page\/wp-content\/uploads\/2026\/02\/Vesna-Levica-48x36.jpg 48w, https:\/\/novice.si\/page\/wp-content\/uploads\/2026\/02\/Vesna-Levica.jpg 2048w\" sizes=\"auto, (max-width: 311px) 100vw, 311px\" \/>Najbolj prepoznavno ime je gotovo nekdanji poslanec LDS, pedagog, slavist in novinar <strong>Ale\u0161 Guli\u010d Leko<\/strong>, v lokalnem prostoru pa novinarka <strong>Vesna Tripkovi\u0107 Sancin<\/strong>. Guli\u010d bo zbiral glasove v okraju \u017dalec 2, Tripkovi\u0107 Sancinova pa v \u017dalec 1.<\/p>\n<p>Skupna lista v boj po\u0161ilja \u0161e sopredsednico Vesne <strong>Ur\u0161o Zgojznik<\/strong> (okraj Mozirje), <strong>Bla\u017ea Podseden\u0161ka<\/strong> (\u0160entjur), <strong>Evo Kopriv\u0161ek Petkov\u0161ek<\/strong> in <strong>Jerneja Opre\u0161nika<\/strong> (Velenje 1 in 2), Celjana <strong>Nejca Gaj\u0161ka<\/strong> (S. Konjice), v okrajih Celje 1 in 2 pa bosta naklonjenost volivcev iskala <strong>Luka Zgojzdnik<\/strong> in <strong>Matej Fegu\u0161<\/strong>.<\/p>\n<p>Lista napoveduje, da se bo zavzemala za regionalni razvoj, odgovorno upravljanje naravnih virov, socialno pravi\u010dnost, krepitev lokalnih skupnosti ter aktivno vklju\u010devanje dr\u017eavljanov v odlo\u010ditve, pomembne za njihovo \u017eivljenje.<\/p>\n<p>P\u0160, foto arhiv liste<\/p>\n<p><strong>\u00a0<\/strong><\/p>\n","protected":false},"excerpt":{"rendered":"<p>Skupna lista Levice in Vesne je na plo\u0161\u010dadi pred celjsko mestno ob\u010dino predstavila kandidate za poslance v peti volilni enoti. Najbolj prepoznavno ime je gotovo nekdanji poslanec LDS, pedagog, slavist in novinar Ale\u0161 Guli\u010d Leko, v lokalnem prostoru pa novinarka Vesna Tripkovi\u0107 Sancin. Guli\u010d bo zbiral glasove v okraju \u017dalec 2, Tripkovi\u0107 Sancinova pa v [&hellip;]<\/p>\n","protected":false},"author":33,"featured_media":198581,"comment_status":"closed","ping_status":"closed","sticky":false,"template":"","format":"standard","meta":{"footnotes":""},"categories":[17],"tags":[25722,25725,25615,1081,25721,25724,25723],"class_list":{"0":"post-198580","1":"post","2":"type-post","3":"status-publish","4":"format-standard","5":"has-post-thumbnail","7":"category-celjsko","8":"tag-ales-gulic","9":"tag-kandidati-za-poslance","10":"tag-parlamentarne-volitve","11":"tag-predstavitev","12":"tag-skupna-lista-levica-vesna","13":"tag-ursa-zgojznik","14":"tag-vesna-tripkovic"},"yoast_head":"<!-- This site is optimized with the Yoast SEO plugin v27.4 - https:\/\/yoast.com\/product\/yoast-seo-wordpress\/ -->\n<title>CELJE Levica-Vesna predstavili kandidate pete volilne enote - Novice.si<\/title>\n<meta name=\"robots\" content=\"index, follow, max-snippet:-1, max-image-preview:large, max-video-preview:-1\" \/>\n<link rel=\"canonical\" href=\"https:\/\/novice.si\/page\/celje-levica-vesna-predstavili-kandidate-pete-volilne-enote\/\" \/>\n<meta property=\"og:locale\" content=\"sl_SI\" \/>\n<meta property=\"og:type\" content=\"article\" \/>\n<meta property=\"og:title\" content=\"CELJE Levica-Vesna predstavili kandidate pete volilne enote - Novice.si\" \/>\n<meta property=\"og:description\" content=\"Skupna lista Levice in Vesne je na plo\u0161\u010dadi pred celjsko mestno ob\u010dino predstavila kandidate za poslance v peti volilni enoti. Najbolj prepoznavno ime je gotovo nekdanji poslanec LDS, pedagog, slavist in novinar Ale\u0161 Guli\u010d Leko, v lokalnem prostoru pa novinarka Vesna Tripkovi\u0107 Sancin. Guli\u010d bo zbiral glasove v okraju \u017dalec 2, Tripkovi\u0107 Sancinova pa v [&hellip;]\" \/>\n<meta property=\"og:url\" content=\"https:\/\/novice.si\/page\/celje-levica-vesna-predstavili-kandidate-pete-volilne-enote\/\" \/>\n<meta property=\"og:site_name\" content=\"Novice.si\" \/>\n<meta property=\"article:published_time\" content=\"2026-02-27T07:05:36+00:00\" \/>\n<meta property=\"og:image\" content=\"https:\/\/novice.si\/page\/wp-content\/uploads\/2026\/02\/Vesna-Levica.jpg\" \/>\n\t<meta property=\"og:image:width\" content=\"2048\" \/>\n\t<meta property=\"og:image:height\" content=\"1546\" \/>\n\t<meta property=\"og:image:type\" content=\"image\/jpeg\" \/>\n<meta name=\"author\" content=\"Uredni\u0161tvo Celjana\" \/>\n<meta name=\"twitter:card\" content=\"summary_large_image\" \/>\n<meta name=\"twitter:label1\" content=\"Written by\" \/>\n\t<meta name=\"twitter:data1\" content=\"Uredni\u0161tvo Celjana\" \/>\n\t<meta name=\"twitter:label2\" content=\"Est. reading time\" \/>\n\t<meta name=\"twitter:data2\" content=\"2 minuti\" \/>\n<script type=\"application\/ld+json\" class=\"yoast-schema-graph\">{\"@context\":\"https:\\\/\\\/schema.org\",\"@graph\":[{\"@type\":\"Article\",\"@id\":\"https:\\\/\\\/novice.si\\\/page\\\/celje-levica-vesna-predstavili-kandidate-pete-volilne-enote\\\/#article\",\"isPartOf\":{\"@id\":\"https:\\\/\\\/novice.si\\\/page\\\/celje-levica-vesna-predstavili-kandidate-pete-volilne-enote\\\/\"},\"author\":{\"name\":\"Uredni\u0161tvo Celjana\",\"@id\":\"https:\\\/\\\/novice.si\\\/page\\\/#\\\/schema\\\/person\\\/57f25c9642a9541c7349c65d32032c3e\"},\"headline\":\"CELJE Levica-Vesna predstavili kandidate pete volilne enote\",\"datePublished\":\"2026-02-27T07:05:36+00:00\",\"mainEntityOfPage\":{\"@id\":\"https:\\\/\\\/novice.si\\\/page\\\/celje-levica-vesna-predstavili-kandidate-pete-volilne-enote\\\/\"},\"wordCount\":150,\"publisher\":{\"@id\":\"https:\\\/\\\/novice.si\\\/page\\\/#organization\"},\"image\":{\"@id\":\"https:\\\/\\\/novice.si\\\/page\\\/celje-levica-vesna-predstavili-kandidate-pete-volilne-enote\\\/#primaryimage\"},\"thumbnailUrl\":\"https:\\\/\\\/novice.si\\\/page\\\/wp-content\\\/uploads\\\/2026\\\/02\\\/Vesna-Levica.jpg\",\"keywords\":[\"Ale\u0161 Guli\u010d\",\"kandidati za poslance\",\"Parlamentarne volitve\",\"predstavitev\",\"skupna lista Levica-Vesna\",\"Ur\u0161a Zgojznik\",\"Vesna Tripkovi\u010d\"],\"articleSection\":[\"Celjsko\"],\"inLanguage\":\"sl-SI\"},{\"@type\":\"WebPage\",\"@id\":\"https:\\\/\\\/novice.si\\\/page\\\/celje-levica-vesna-predstavili-kandidate-pete-volilne-enote\\\/\",\"url\":\"https:\\\/\\\/novice.si\\\/page\\\/celje-levica-vesna-predstavili-kandidate-pete-volilne-enote\\\/\",\"name\":\"CELJE Levica-Vesna predstavili kandidate pete volilne enote - Novice.si\",\"isPartOf\":{\"@id\":\"https:\\\/\\\/novice.si\\\/page\\\/#website\"},\"primaryImageOfPage\":{\"@id\":\"https:\\\/\\\/novice.si\\\/page\\\/celje-levica-vesna-predstavili-kandidate-pete-volilne-enote\\\/#primaryimage\"},\"image\":{\"@id\":\"https:\\\/\\\/novice.si\\\/page\\\/celje-levica-vesna-predstavili-kandidate-pete-volilne-enote\\\/#primaryimage\"},\"thumbnailUrl\":\"https:\\\/\\\/novice.si\\\/page\\\/wp-content\\\/uploads\\\/2026\\\/02\\\/Vesna-Levica.jpg\",\"datePublished\":\"2026-02-27T07:05:36+00:00\",\"breadcrumb\":{\"@id\":\"https:\\\/\\\/novice.si\\\/page\\\/celje-levica-vesna-predstavili-kandidate-pete-volilne-enote\\\/#breadcrumb\"},\"inLanguage\":\"sl-SI\",\"potentialAction\":[{\"@type\":\"ReadAction\",\"target\":[\"https:\\\/\\\/novice.si\\\/page\\\/celje-levica-vesna-predstavili-kandidate-pete-volilne-enote\\\/\"]}]},{\"@type\":\"ImageObject\",\"inLanguage\":\"sl-SI\",\"@id\":\"https:\\\/\\\/novice.si\\\/page\\\/celje-levica-vesna-predstavili-kandidate-pete-volilne-enote\\\/#primaryimage\",\"url\":\"https:\\\/\\\/novice.si\\\/page\\\/wp-content\\\/uploads\\\/2026\\\/02\\\/Vesna-Levica.jpg\",\"contentUrl\":\"https:\\\/\\\/novice.si\\\/page\\\/wp-content\\\/uploads\\\/2026\\\/02\\\/Vesna-Levica.jpg\",\"width\":2048,\"height\":1546},{\"@type\":\"BreadcrumbList\",\"@id\":\"https:\\\/\\\/novice.si\\\/page\\\/celje-levica-vesna-predstavili-kandidate-pete-volilne-enote\\\/#breadcrumb\",\"itemListElement\":[{\"@type\":\"ListItem\",\"position\":1,\"name\":\"Home\",\"item\":\"https:\\\/\\\/novice.si\\\/page\\\/\"},{\"@type\":\"ListItem\",\"position\":2,\"name\":\"CELJE Levica-Vesna predstavili kandidate pete volilne enote\"}]},{\"@type\":\"WebSite\",\"@id\":\"https:\\\/\\\/novice.si\\\/page\\\/#website\",\"url\":\"https:\\\/\\\/novice.si\\\/page\\\/\",\"name\":\"Novice.si\",\"description\":\"\",\"publisher\":{\"@id\":\"https:\\\/\\\/novice.si\\\/page\\\/#organization\"},\"potentialAction\":[{\"@type\":\"SearchAction\",\"target\":{\"@type\":\"EntryPoint\",\"urlTemplate\":\"https:\\\/\\\/novice.si\\\/page\\\/?s={search_term_string}\"},\"query-input\":{\"@type\":\"PropertyValueSpecification\",\"valueRequired\":true,\"valueName\":\"search_term_string\"}}],\"inLanguage\":\"sl-SI\"},{\"@type\":\"Organization\",\"@id\":\"https:\\\/\\\/novice.si\\\/page\\\/#organization\",\"name\":\"Novice.si\",\"url\":\"https:\\\/\\\/novice.si\\\/page\\\/\",\"logo\":{\"@type\":\"ImageObject\",\"inLanguage\":\"sl-SI\",\"@id\":\"https:\\\/\\\/novice.si\\\/page\\\/#\\\/schema\\\/logo\\\/image\\\/\",\"url\":\"https:\\\/\\\/novice.si\\\/page\\\/wp-content\\\/uploads\\\/2023\\\/03\\\/novice_si.png\",\"contentUrl\":\"https:\\\/\\\/novice.si\\\/page\\\/wp-content\\\/uploads\\\/2023\\\/03\\\/novice_si.png\",\"width\":576,\"height\":200,\"caption\":\"Novice.si\"},\"image\":{\"@id\":\"https:\\\/\\\/novice.si\\\/page\\\/#\\\/schema\\\/logo\\\/image\\\/\"}},{\"@type\":\"Person\",\"@id\":\"https:\\\/\\\/novice.si\\\/page\\\/#\\\/schema\\\/person\\\/57f25c9642a9541c7349c65d32032c3e\",\"name\":\"Uredni\u0161tvo Celjana\",\"image\":{\"@type\":\"ImageObject\",\"inLanguage\":\"sl-SI\",\"@id\":\"https:\\\/\\\/secure.gravatar.com\\\/avatar\\\/78e52bc4279b65f6df6345e0ef0f7b792d361361f230cf4ffecfe0afe6d5629c?s=96&d=mm&r=g\",\"url\":\"https:\\\/\\\/secure.gravatar.com\\\/avatar\\\/78e52bc4279b65f6df6345e0ef0f7b792d361361f230cf4ffecfe0afe6d5629c?s=96&d=mm&r=g\",\"contentUrl\":\"https:\\\/\\\/secure.gravatar.com\\\/avatar\\\/78e52bc4279b65f6df6345e0ef0f7b792d361361f230cf4ffecfe0afe6d5629c?s=96&d=mm&r=g\",\"caption\":\"Uredni\u0161tvo Celjana\"},\"url\":\"https:\\\/\\\/novice.si\\\/page\\\/author\\\/primoz\\\/\"}]}<\/script>\n<!-- \/ Yoast SEO plugin. -->","yoast_head_json":{"title":"CELJE Levica-Vesna predstavili kandidate pete volilne enote - Novice.si","robots":{"index":"index","follow":"follow","max-snippet":"max-snippet:-1","max-image-preview":"max-image-preview:large","max-video-preview":"max-video-preview:-1"},"canonical":"https:\/\/novice.si\/page\/celje-levica-vesna-predstavili-kandidate-pete-volilne-enote\/","og_locale":"sl_SI","og_type":"article","og_title":"CELJE Levica-Vesna predstavili kandidate pete volilne enote - Novice.si","og_description":"Skupna lista Levice in Vesne je na plo\u0161\u010dadi pred celjsko mestno ob\u010dino predstavila kandidate za poslance v peti volilni enoti. Najbolj prepoznavno ime je gotovo nekdanji poslanec LDS, pedagog, slavist in novinar Ale\u0161 Guli\u010d Leko, v lokalnem prostoru pa novinarka Vesna Tripkovi\u0107 Sancin. Guli\u010d bo zbiral glasove v okraju \u017dalec 2, Tripkovi\u0107 Sancinova pa v [&hellip;]","og_url":"https:\/\/novice.si\/page\/celje-levica-vesna-predstavili-kandidate-pete-volilne-enote\/","og_site_name":"Novice.si","article_published_time":"2026-02-27T07:05:36+00:00","og_image":[{"width":2048,"height":1546,"url":"https:\/\/novice.si\/page\/wp-content\/uploads\/2026\/02\/Vesna-Levica.jpg","type":"image\/jpeg"}],"author":"Uredni\u0161tvo Celjana","twitter_card":"summary_large_image","twitter_misc":{"Written by":"Uredni\u0161tvo Celjana","Est. reading time":"2 minuti"},"schema":{"@context":"https:\/\/schema.org","@graph":[{"@type":"Article","@id":"https:\/\/novice.si\/page\/celje-levica-vesna-predstavili-kandidate-pete-volilne-enote\/#article","isPartOf":{"@id":"https:\/\/novice.si\/page\/celje-levica-vesna-predstavili-kandidate-pete-volilne-enote\/"},"author":{"name":"Uredni\u0161tvo Celjana","@id":"https:\/\/novice.si\/page\/#\/schema\/person\/57f25c9642a9541c7349c65d32032c3e"},"headline":"CELJE Levica-Vesna predstavili kandidate pete volilne enote","datePublished":"2026-02-27T07:05:36+00:00","mainEntityOfPage":{"@id":"https:\/\/novice.si\/page\/celje-levica-vesna-predstavili-kandidate-pete-volilne-enote\/"},"wordCount":150,"publisher":{"@id":"https:\/\/novice.si\/page\/#organization"},"image":{"@id":"https:\/\/novice.si\/page\/celje-levica-vesna-predstavili-kandidate-pete-volilne-enote\/#primaryimage"},"thumbnailUrl":"https:\/\/novice.si\/page\/wp-content\/uploads\/2026\/02\/Vesna-Levica.jpg","keywords":["Ale\u0161 Guli\u010d","kandidati za poslance","Parlamentarne volitve","predstavitev","skupna lista Levica-Vesna","Ur\u0161a Zgojznik","Vesna Tripkovi\u010d"],"articleSection":["Celjsko"],"inLanguage":"sl-SI"},{"@type":"WebPage","@id":"https:\/\/novice.si\/page\/celje-levica-vesna-predstavili-kandidate-pete-volilne-enote\/","url":"https:\/\/novice.si\/page\/celje-levica-vesna-predstavili-kandidate-pete-volilne-enote\/","name":"CELJE Levica-Vesna predstavili kandidate pete volilne enote - Novice.si","isPartOf":{"@id":"https:\/\/novice.si\/page\/#website"},"primaryImageOfPage":{"@id":"https:\/\/novice.si\/page\/celje-levica-vesna-predstavili-kandidate-pete-volilne-enote\/#primaryimage"},"image":{"@id":"https:\/\/novice.si\/page\/celje-levica-vesna-predstavili-kandidate-pete-volilne-enote\/#primaryimage"},"thumbnailUrl":"https:\/\/novice.si\/page\/wp-content\/uploads\/2026\/02\/Vesna-Levica.jpg","datePublished":"2026-02-27T07:05:36+00:00","breadcrumb":{"@id":"https:\/\/novice.si\/page\/celje-levica-vesna-predstavili-kandidate-pete-volilne-enote\/#breadcrumb"},"inLanguage":"sl-SI","potentialAction":[{"@type":"ReadAction","target":["https:\/\/novice.si\/page\/celje-levica-vesna-predstavili-kandidate-pete-volilne-enote\/"]}]},{"@type":"ImageObject","inLanguage":"sl-SI","@id":"https:\/\/novice.si\/page\/celje-levica-vesna-predstavili-kandidate-pete-volilne-enote\/#primaryimage","url":"https:\/\/novice.si\/page\/wp-content\/uploads\/2026\/02\/Vesna-Levica.jpg","contentUrl":"https:\/\/novice.si\/page\/wp-content\/uploads\/2026\/02\/Vesna-Levica.jpg","width":2048,"height":1546},{"@type":"BreadcrumbList","@id":"https:\/\/novice.si\/page\/celje-levica-vesna-predstavili-kandidate-pete-volilne-enote\/#breadcrumb","itemListElement":[{"@type":"ListItem","position":1,"name":"Home","item":"https:\/\/novice.si\/page\/"},{"@type":"ListItem","position":2,"name":"CELJE Levica-Vesna predstavili kandidate pete volilne enote"}]},{"@type":"WebSite","@id":"https:\/\/novice.si\/page\/#website","url":"https:\/\/novice.si\/page\/","name":"Novice.si","description":"","publisher":{"@id":"https:\/\/novice.si\/page\/#organization"},"potentialAction":[{"@type":"SearchAction","target":{"@type":"EntryPoint","urlTemplate":"https:\/\/novice.si\/page\/?s={search_term_string}"},"query-input":{"@type":"PropertyValueSpecification","valueRequired":true,"valueName":"search_term_string"}}],"inLanguage":"sl-SI"},{"@type":"Organization","@id":"https:\/\/novice.si\/page\/#organization","name":"Novice.si","url":"https:\/\/novice.si\/page\/","logo":{"@type":"ImageObject","inLanguage":"sl-SI","@id":"https:\/\/novice.si\/page\/#\/schema\/logo\/image\/","url":"https:\/\/novice.si\/page\/wp-content\/uploads\/2023\/03\/novice_si.png","contentUrl":"https:\/\/novice.si\/page\/wp-content\/uploads\/2023\/03\/novice_si.png","width":576,"height":200,"caption":"Novice.si"},"image":{"@id":"https:\/\/novice.si\/page\/#\/schema\/logo\/image\/"}},{"@type":"Person","@id":"https:\/\/novice.si\/page\/#\/schema\/person\/57f25c9642a9541c7349c65d32032c3e","name":"Uredni\u0161tvo Celjana","image":{"@type":"ImageObject","inLanguage":"sl-SI","@id":"https:\/\/secure.gravatar.com\/avatar\/78e52bc4279b65f6df6345e0ef0f7b792d361361f230cf4ffecfe0afe6d5629c?s=96&d=mm&r=g","url":"https:\/\/secure.gravatar.com\/avatar\/78e52bc4279b65f6df6345e0ef0f7b792d361361f230cf4ffecfe0afe6d5629c?s=96&d=mm&r=g","contentUrl":"https:\/\/secure.gravatar.com\/avatar\/78e52bc4279b65f6df6345e0ef0f7b792d361361f230cf4ffecfe0afe6d5629c?s=96&d=mm&r=g","caption":"Uredni\u0161tvo Celjana"},"url":"https:\/\/novice.si\/page\/author\/primoz\/"}]}},"_links":{"self":[{"href":"https:\/\/novice.si\/page\/wp-json\/wp\/v2\/posts\/198580","targetHints":{"allow":["GET"]}}],"collection":[{"href":"https:\/\/novice.si\/page\/wp-json\/wp\/v2\/posts"}],"about":[{"href":"https:\/\/novice.si\/page\/wp-json\/wp\/v2\/types\/post"}],"author":[{"embeddable":true,"href":"https:\/\/novice.si\/page\/wp-json\/wp\/v2\/users\/33"}],"replies":[{"embeddable":true,"href":"https:\/\/novice.si\/page\/wp-json\/wp\/v2\/comments?post=198580"}],"version-history":[{"count":1,"href":"https:\/\/novice.si\/page\/wp-json\/wp\/v2\/posts\/198580\/revisions"}],"predecessor-version":[{"id":198582,"href":"https:\/\/novice.si\/page\/wp-json\/wp\/v2\/posts\/198580\/revisions\/198582"}],"wp:featuredmedia":[{"embeddable":true,"href":"https:\/\/novice.si\/page\/wp-json\/wp\/v2\/media\/198581"}],"wp:attachment":[{"href":"https:\/\/novice.si\/page\/wp-json\/wp\/v2\/media?parent=198580"}],"wp:term":[{"taxonomy":"category","embeddable":true,"href":"https:\/\/novice.si\/page\/wp-json\/wp\/v2\/categories?post=198580"},{"taxonomy":"post_tag","embeddable":true,"href":"https:\/\/novice.si\/page\/wp-json\/wp\/v2\/tags?post=198580"}],"curies":[{"name":"wp","href":"https:\/\/api.w.org\/{rel}","templated":true}]}}