{"id":190368,"date":"2025-08-01T10:31:14","date_gmt":"2025-08-01T08:31:14","guid":{"rendered":"https:\/\/novice.si\/page\/?p=190368"},"modified":"2025-08-01T10:31:14","modified_gmt":"2025-08-01T08:31:14","slug":"spodnjepolskavsko-poletje-praznuje-25-let","status":"publish","type":"post","link":"https:\/\/novice.si\/page\/spodnjepolskavsko-poletje-praznuje-25-let\/","title":{"rendered":"Spodnjepolskavsko poletje praznuje 25 let"},"content":{"rendered":"<p>Spodnja Polskava ta konec tedna \u017eivi v znamenju tradicionalnega dogodka <strong>Spodnjepolskavsko poletje<\/strong>, ki letos praznuje <strong>25. obletnico<\/strong>. Pester program so pripravili.<br \/>\nDanes, 1. avgusta, prirejajo ve\u010d \u0161portnih in rekreacijskih dogodkov, ve\u010der pa bodo sklenili ob glasbenem nastopu <strong>Marka \u0160kugorja in Sanjskih muzikantov<\/strong>.<\/p>\n<p><img loading=\"lazy\" decoding=\"async\" class=\"alignnone size-medium wp-image-190369\" src=\"https:\/\/novice.si\/page\/wp-content\/uploads\/2025\/08\/Clip_2_2-600x395.jpg\" alt=\"\" width=\"600\" height=\"395\" srcset=\"https:\/\/novice.si\/page\/wp-content\/uploads\/2025\/08\/Clip_2_2-600x395.jpg 600w, https:\/\/novice.si\/page\/wp-content\/uploads\/2025\/08\/Clip_2_2-768x505.jpg 768w, https:\/\/novice.si\/page\/wp-content\/uploads\/2025\/08\/Clip_2_2-638x420.jpg 638w, https:\/\/novice.si\/page\/wp-content\/uploads\/2025\/08\/Clip_2_2-696x458.jpg 696w, https:\/\/novice.si\/page\/wp-content\/uploads\/2025\/08\/Clip_2_2-741x486.jpg 741w, https:\/\/novice.si\/page\/wp-content\/uploads\/2025\/08\/Clip_2_2-24x16.jpg 24w, https:\/\/novice.si\/page\/wp-content\/uploads\/2025\/08\/Clip_2_2-36x24.jpg 36w, https:\/\/novice.si\/page\/wp-content\/uploads\/2025\/08\/Clip_2_2-48x32.jpg 48w, https:\/\/novice.si\/page\/wp-content\/uploads\/2025\/08\/Clip_2_2.jpg 1000w\" sizes=\"auto, (max-width: 600px) 100vw, 600px\" \/><br \/>\nV soboto, 2. avgusta, med drugim prirejajo pohod ter<strong> kulinari\u010dni izziv &#8220;Kuhaj, kaj zna\u0161&#8221;<\/strong>. V dvorcu Fraj\u0161tajn potekajo <strong>grajski dnevi<\/strong>. Popoldne bo \u017eivahno z <strong>otro\u0161kim programom<\/strong>, ki vklju\u010duje predstavitev oratorija, delavnice, igre, koncert mladih doma\u010dih glasbenikov ter <strong>otro\u0161ki Fire combat<\/strong>. Obenem se bodo odvijali tudi turnirji v nogometu, pohod in kolesarski izlet. Sledila bosta <strong>koncert MoPZ Obrtnik<\/strong> in skupine Ko\u0161uta Poko\u0161e ter <strong>obele\u017eitev krajevnega praznika<\/strong>, nato pa bo oder prevzela skupina <strong>KUD Mati\u010dek s komedijo Sedmina<\/strong>. No\u010d bo osvetlila <strong>gasilska baklada z godbo na pihala<\/strong>.<br \/>\n<strong>Nedelja<\/strong> se bo dopoldne za\u010dela s <strong>procesijo in sveto ma\u0161o<\/strong> ob <strong>lepi nedelji<\/strong>, nato pa bo pred cerkvijo zaigrala<strong> Gasilska godba na pihala<\/strong>. Tudi v nedeljo bodo odprti <strong>grajski dnevi<\/strong>, popoldne pa bodo gasilci pripravili predstavitev, ki bo uvod v <strong>veliko vrtno veselico s skupino Firbci<\/strong>.<\/p>\n<p>&nbsp;<\/p>\n","protected":false},"excerpt":{"rendered":"<p>Spodnja Polskava ta konec tedna \u017eivi v znamenju tradicionalnega dogodka Spodnjepolskavsko poletje, ki letos praznuje 25. obletnico. Pester program so pripravili. Danes, 1. avgusta, prirejajo ve\u010d \u0161portnih in rekreacijskih dogodkov, ve\u010der pa bodo sklenili ob glasbenem nastopu Marka \u0160kugorja in Sanjskih muzikantov. V soboto, 2. avgusta, med drugim prirejajo pohod ter kulinari\u010dni izziv &#8220;Kuhaj, kaj [&hellip;]<\/p>\n","protected":false},"author":8,"featured_media":190370,"comment_status":"closed","ping_status":"closed","sticky":false,"template":"","format":"standard","meta":{"footnotes":""},"categories":[14,32],"tags":[2344,22177,24052,21163,20465],"class_list":{"0":"post-190368","1":"post","2":"type-post","3":"status-publish","4":"format-standard","5":"has-post-thumbnail","7":"category-aktualno","8":"category-bistrisko","9":"tag-25-let","10":"tag-frajstajn","11":"tag-skugor","12":"tag-spodnjepolskavsko-poletje","13":"tag-veselica"},"yoast_head":"<!-- This site is optimized with the Yoast SEO plugin v27.4 - https:\/\/yoast.com\/product\/yoast-seo-wordpress\/ -->\n<title>Spodnjepolskavsko poletje praznuje 25 let - Novice.si<\/title>\n<meta name=\"robots\" content=\"index, follow, max-snippet:-1, max-image-preview:large, max-video-preview:-1\" \/>\n<link rel=\"canonical\" href=\"https:\/\/novice.si\/page\/spodnjepolskavsko-poletje-praznuje-25-let\/\" \/>\n<meta property=\"og:locale\" content=\"sl_SI\" \/>\n<meta property=\"og:type\" content=\"article\" \/>\n<meta property=\"og:title\" content=\"Spodnjepolskavsko poletje praznuje 25 let - Novice.si\" \/>\n<meta property=\"og:description\" content=\"Spodnja Polskava ta konec tedna \u017eivi v znamenju tradicionalnega dogodka Spodnjepolskavsko poletje, ki letos praznuje 25. obletnico. Pester program so pripravili. Danes, 1. avgusta, prirejajo ve\u010d \u0161portnih in rekreacijskih dogodkov, ve\u010der pa bodo sklenili ob glasbenem nastopu Marka \u0160kugorja in Sanjskih muzikantov. V soboto, 2. avgusta, med drugim prirejajo pohod ter kulinari\u010dni izziv &#8220;Kuhaj, kaj [&hellip;]\" \/>\n<meta property=\"og:url\" content=\"https:\/\/novice.si\/page\/spodnjepolskavsko-poletje-praznuje-25-let\/\" \/>\n<meta property=\"og:site_name\" content=\"Novice.si\" \/>\n<meta property=\"article:published_time\" content=\"2025-08-01T08:31:14+00:00\" \/>\n<meta property=\"og:image\" content=\"https:\/\/novice.si\/page\/wp-content\/uploads\/2025\/08\/Clip_3.jpg\" \/>\n\t<meta property=\"og:image:width\" content=\"1000\" \/>\n\t<meta property=\"og:image:height\" content=\"439\" \/>\n\t<meta property=\"og:image:type\" content=\"image\/jpeg\" \/>\n<meta name=\"author\" content=\"Uredni\u0161tvo Bistri\u0161kih novic\" \/>\n<meta name=\"twitter:card\" content=\"summary_large_image\" \/>\n<meta name=\"twitter:label1\" content=\"Written by\" \/>\n\t<meta name=\"twitter:data1\" content=\"Uredni\u0161tvo Bistri\u0161kih novic\" \/>\n\t<meta name=\"twitter:label2\" content=\"Est. reading time\" \/>\n\t<meta name=\"twitter:data2\" content=\"2 minuti\" \/>\n<script type=\"application\/ld+json\" class=\"yoast-schema-graph\">{\"@context\":\"https:\\\/\\\/schema.org\",\"@graph\":[{\"@type\":\"Article\",\"@id\":\"https:\\\/\\\/novice.si\\\/page\\\/spodnjepolskavsko-poletje-praznuje-25-let\\\/#article\",\"isPartOf\":{\"@id\":\"https:\\\/\\\/novice.si\\\/page\\\/spodnjepolskavsko-poletje-praznuje-25-let\\\/\"},\"author\":{\"name\":\"Uredni\u0161tvo Bistri\u0161kih novic\",\"@id\":\"https:\\\/\\\/novice.si\\\/page\\\/#\\\/schema\\\/person\\\/96b32396deedcde3f7f776c306b4be21\"},\"headline\":\"Spodnjepolskavsko poletje praznuje 25 let\",\"datePublished\":\"2025-08-01T08:31:14+00:00\",\"mainEntityOfPage\":{\"@id\":\"https:\\\/\\\/novice.si\\\/page\\\/spodnjepolskavsko-poletje-praznuje-25-let\\\/\"},\"wordCount\":188,\"publisher\":{\"@id\":\"https:\\\/\\\/novice.si\\\/page\\\/#organization\"},\"image\":{\"@id\":\"https:\\\/\\\/novice.si\\\/page\\\/spodnjepolskavsko-poletje-praznuje-25-let\\\/#primaryimage\"},\"thumbnailUrl\":\"https:\\\/\\\/novice.si\\\/page\\\/wp-content\\\/uploads\\\/2025\\\/08\\\/Clip_3.jpg\",\"keywords\":[\"25-let\",\"Fraj\u0161tajn\",\"\u0160kugor\",\"Spodnjepolskavsko poletje\",\"veselica\"],\"articleSection\":[\"Aktualno\",\"Bistri\u0161ko\"],\"inLanguage\":\"sl-SI\"},{\"@type\":\"WebPage\",\"@id\":\"https:\\\/\\\/novice.si\\\/page\\\/spodnjepolskavsko-poletje-praznuje-25-let\\\/\",\"url\":\"https:\\\/\\\/novice.si\\\/page\\\/spodnjepolskavsko-poletje-praznuje-25-let\\\/\",\"name\":\"Spodnjepolskavsko poletje praznuje 25 let - Novice.si\",\"isPartOf\":{\"@id\":\"https:\\\/\\\/novice.si\\\/page\\\/#website\"},\"primaryImageOfPage\":{\"@id\":\"https:\\\/\\\/novice.si\\\/page\\\/spodnjepolskavsko-poletje-praznuje-25-let\\\/#primaryimage\"},\"image\":{\"@id\":\"https:\\\/\\\/novice.si\\\/page\\\/spodnjepolskavsko-poletje-praznuje-25-let\\\/#primaryimage\"},\"thumbnailUrl\":\"https:\\\/\\\/novice.si\\\/page\\\/wp-content\\\/uploads\\\/2025\\\/08\\\/Clip_3.jpg\",\"datePublished\":\"2025-08-01T08:31:14+00:00\",\"breadcrumb\":{\"@id\":\"https:\\\/\\\/novice.si\\\/page\\\/spodnjepolskavsko-poletje-praznuje-25-let\\\/#breadcrumb\"},\"inLanguage\":\"sl-SI\",\"potentialAction\":[{\"@type\":\"ReadAction\",\"target\":[\"https:\\\/\\\/novice.si\\\/page\\\/spodnjepolskavsko-poletje-praznuje-25-let\\\/\"]}]},{\"@type\":\"ImageObject\",\"inLanguage\":\"sl-SI\",\"@id\":\"https:\\\/\\\/novice.si\\\/page\\\/spodnjepolskavsko-poletje-praznuje-25-let\\\/#primaryimage\",\"url\":\"https:\\\/\\\/novice.si\\\/page\\\/wp-content\\\/uploads\\\/2025\\\/08\\\/Clip_3.jpg\",\"contentUrl\":\"https:\\\/\\\/novice.si\\\/page\\\/wp-content\\\/uploads\\\/2025\\\/08\\\/Clip_3.jpg\",\"width\":1000,\"height\":439},{\"@type\":\"BreadcrumbList\",\"@id\":\"https:\\\/\\\/novice.si\\\/page\\\/spodnjepolskavsko-poletje-praznuje-25-let\\\/#breadcrumb\",\"itemListElement\":[{\"@type\":\"ListItem\",\"position\":1,\"name\":\"Home\",\"item\":\"https:\\\/\\\/novice.si\\\/page\\\/\"},{\"@type\":\"ListItem\",\"position\":2,\"name\":\"Spodnjepolskavsko poletje praznuje 25 let\"}]},{\"@type\":\"WebSite\",\"@id\":\"https:\\\/\\\/novice.si\\\/page\\\/#website\",\"url\":\"https:\\\/\\\/novice.si\\\/page\\\/\",\"name\":\"Novice.si\",\"description\":\"\",\"publisher\":{\"@id\":\"https:\\\/\\\/novice.si\\\/page\\\/#organization\"},\"potentialAction\":[{\"@type\":\"SearchAction\",\"target\":{\"@type\":\"EntryPoint\",\"urlTemplate\":\"https:\\\/\\\/novice.si\\\/page\\\/?s={search_term_string}\"},\"query-input\":{\"@type\":\"PropertyValueSpecification\",\"valueRequired\":true,\"valueName\":\"search_term_string\"}}],\"inLanguage\":\"sl-SI\"},{\"@type\":\"Organization\",\"@id\":\"https:\\\/\\\/novice.si\\\/page\\\/#organization\",\"name\":\"Novice.si\",\"url\":\"https:\\\/\\\/novice.si\\\/page\\\/\",\"logo\":{\"@type\":\"ImageObject\",\"inLanguage\":\"sl-SI\",\"@id\":\"https:\\\/\\\/novice.si\\\/page\\\/#\\\/schema\\\/logo\\\/image\\\/\",\"url\":\"https:\\\/\\\/novice.si\\\/page\\\/wp-content\\\/uploads\\\/2023\\\/03\\\/novice_si.png\",\"contentUrl\":\"https:\\\/\\\/novice.si\\\/page\\\/wp-content\\\/uploads\\\/2023\\\/03\\\/novice_si.png\",\"width\":576,\"height\":200,\"caption\":\"Novice.si\"},\"image\":{\"@id\":\"https:\\\/\\\/novice.si\\\/page\\\/#\\\/schema\\\/logo\\\/image\\\/\"}},{\"@type\":\"Person\",\"@id\":\"https:\\\/\\\/novice.si\\\/page\\\/#\\\/schema\\\/person\\\/96b32396deedcde3f7f776c306b4be21\",\"name\":\"Uredni\u0161tvo Bistri\u0161kih novic\",\"image\":{\"@type\":\"ImageObject\",\"inLanguage\":\"sl-SI\",\"@id\":\"https:\\\/\\\/secure.gravatar.com\\\/avatar\\\/26c56c4b10cdb3a21e86442e5f2845a4eafdd0f3605def77ec6cff4aaef32ea4?s=96&d=mm&r=g\",\"url\":\"https:\\\/\\\/secure.gravatar.com\\\/avatar\\\/26c56c4b10cdb3a21e86442e5f2845a4eafdd0f3605def77ec6cff4aaef32ea4?s=96&d=mm&r=g\",\"contentUrl\":\"https:\\\/\\\/secure.gravatar.com\\\/avatar\\\/26c56c4b10cdb3a21e86442e5f2845a4eafdd0f3605def77ec6cff4aaef32ea4?s=96&d=mm&r=g\",\"caption\":\"Uredni\u0161tvo Bistri\u0161kih novic\"},\"url\":\"https:\\\/\\\/novice.si\\\/page\\\/author\\\/bojana\\\/\"}]}<\/script>\n<!-- \/ Yoast SEO plugin. -->","yoast_head_json":{"title":"Spodnjepolskavsko poletje praznuje 25 let - Novice.si","robots":{"index":"index","follow":"follow","max-snippet":"max-snippet:-1","max-image-preview":"max-image-preview:large","max-video-preview":"max-video-preview:-1"},"canonical":"https:\/\/novice.si\/page\/spodnjepolskavsko-poletje-praznuje-25-let\/","og_locale":"sl_SI","og_type":"article","og_title":"Spodnjepolskavsko poletje praznuje 25 let - Novice.si","og_description":"Spodnja Polskava ta konec tedna \u017eivi v znamenju tradicionalnega dogodka Spodnjepolskavsko poletje, ki letos praznuje 25. obletnico. Pester program so pripravili. Danes, 1. avgusta, prirejajo ve\u010d \u0161portnih in rekreacijskih dogodkov, ve\u010der pa bodo sklenili ob glasbenem nastopu Marka \u0160kugorja in Sanjskih muzikantov. V soboto, 2. avgusta, med drugim prirejajo pohod ter kulinari\u010dni izziv &#8220;Kuhaj, kaj [&hellip;]","og_url":"https:\/\/novice.si\/page\/spodnjepolskavsko-poletje-praznuje-25-let\/","og_site_name":"Novice.si","article_published_time":"2025-08-01T08:31:14+00:00","og_image":[{"width":1000,"height":439,"url":"https:\/\/novice.si\/page\/wp-content\/uploads\/2025\/08\/Clip_3.jpg","type":"image\/jpeg"}],"author":"Uredni\u0161tvo Bistri\u0161kih novic","twitter_card":"summary_large_image","twitter_misc":{"Written by":"Uredni\u0161tvo Bistri\u0161kih novic","Est. reading time":"2 minuti"},"schema":{"@context":"https:\/\/schema.org","@graph":[{"@type":"Article","@id":"https:\/\/novice.si\/page\/spodnjepolskavsko-poletje-praznuje-25-let\/#article","isPartOf":{"@id":"https:\/\/novice.si\/page\/spodnjepolskavsko-poletje-praznuje-25-let\/"},"author":{"name":"Uredni\u0161tvo Bistri\u0161kih novic","@id":"https:\/\/novice.si\/page\/#\/schema\/person\/96b32396deedcde3f7f776c306b4be21"},"headline":"Spodnjepolskavsko poletje praznuje 25 let","datePublished":"2025-08-01T08:31:14+00:00","mainEntityOfPage":{"@id":"https:\/\/novice.si\/page\/spodnjepolskavsko-poletje-praznuje-25-let\/"},"wordCount":188,"publisher":{"@id":"https:\/\/novice.si\/page\/#organization"},"image":{"@id":"https:\/\/novice.si\/page\/spodnjepolskavsko-poletje-praznuje-25-let\/#primaryimage"},"thumbnailUrl":"https:\/\/novice.si\/page\/wp-content\/uploads\/2025\/08\/Clip_3.jpg","keywords":["25-let","Fraj\u0161tajn","\u0160kugor","Spodnjepolskavsko poletje","veselica"],"articleSection":["Aktualno","Bistri\u0161ko"],"inLanguage":"sl-SI"},{"@type":"WebPage","@id":"https:\/\/novice.si\/page\/spodnjepolskavsko-poletje-praznuje-25-let\/","url":"https:\/\/novice.si\/page\/spodnjepolskavsko-poletje-praznuje-25-let\/","name":"Spodnjepolskavsko poletje praznuje 25 let - Novice.si","isPartOf":{"@id":"https:\/\/novice.si\/page\/#website"},"primaryImageOfPage":{"@id":"https:\/\/novice.si\/page\/spodnjepolskavsko-poletje-praznuje-25-let\/#primaryimage"},"image":{"@id":"https:\/\/novice.si\/page\/spodnjepolskavsko-poletje-praznuje-25-let\/#primaryimage"},"thumbnailUrl":"https:\/\/novice.si\/page\/wp-content\/uploads\/2025\/08\/Clip_3.jpg","datePublished":"2025-08-01T08:31:14+00:00","breadcrumb":{"@id":"https:\/\/novice.si\/page\/spodnjepolskavsko-poletje-praznuje-25-let\/#breadcrumb"},"inLanguage":"sl-SI","potentialAction":[{"@type":"ReadAction","target":["https:\/\/novice.si\/page\/spodnjepolskavsko-poletje-praznuje-25-let\/"]}]},{"@type":"ImageObject","inLanguage":"sl-SI","@id":"https:\/\/novice.si\/page\/spodnjepolskavsko-poletje-praznuje-25-let\/#primaryimage","url":"https:\/\/novice.si\/page\/wp-content\/uploads\/2025\/08\/Clip_3.jpg","contentUrl":"https:\/\/novice.si\/page\/wp-content\/uploads\/2025\/08\/Clip_3.jpg","width":1000,"height":439},{"@type":"BreadcrumbList","@id":"https:\/\/novice.si\/page\/spodnjepolskavsko-poletje-praznuje-25-let\/#breadcrumb","itemListElement":[{"@type":"ListItem","position":1,"name":"Home","item":"https:\/\/novice.si\/page\/"},{"@type":"ListItem","position":2,"name":"Spodnjepolskavsko poletje praznuje 25 let"}]},{"@type":"WebSite","@id":"https:\/\/novice.si\/page\/#website","url":"https:\/\/novice.si\/page\/","name":"Novice.si","description":"","publisher":{"@id":"https:\/\/novice.si\/page\/#organization"},"potentialAction":[{"@type":"SearchAction","target":{"@type":"EntryPoint","urlTemplate":"https:\/\/novice.si\/page\/?s={search_term_string}"},"query-input":{"@type":"PropertyValueSpecification","valueRequired":true,"valueName":"search_term_string"}}],"inLanguage":"sl-SI"},{"@type":"Organization","@id":"https:\/\/novice.si\/page\/#organization","name":"Novice.si","url":"https:\/\/novice.si\/page\/","logo":{"@type":"ImageObject","inLanguage":"sl-SI","@id":"https:\/\/novice.si\/page\/#\/schema\/logo\/image\/","url":"https:\/\/novice.si\/page\/wp-content\/uploads\/2023\/03\/novice_si.png","contentUrl":"https:\/\/novice.si\/page\/wp-content\/uploads\/2023\/03\/novice_si.png","width":576,"height":200,"caption":"Novice.si"},"image":{"@id":"https:\/\/novice.si\/page\/#\/schema\/logo\/image\/"}},{"@type":"Person","@id":"https:\/\/novice.si\/page\/#\/schema\/person\/96b32396deedcde3f7f776c306b4be21","name":"Uredni\u0161tvo Bistri\u0161kih novic","image":{"@type":"ImageObject","inLanguage":"sl-SI","@id":"https:\/\/secure.gravatar.com\/avatar\/26c56c4b10cdb3a21e86442e5f2845a4eafdd0f3605def77ec6cff4aaef32ea4?s=96&d=mm&r=g","url":"https:\/\/secure.gravatar.com\/avatar\/26c56c4b10cdb3a21e86442e5f2845a4eafdd0f3605def77ec6cff4aaef32ea4?s=96&d=mm&r=g","contentUrl":"https:\/\/secure.gravatar.com\/avatar\/26c56c4b10cdb3a21e86442e5f2845a4eafdd0f3605def77ec6cff4aaef32ea4?s=96&d=mm&r=g","caption":"Uredni\u0161tvo Bistri\u0161kih novic"},"url":"https:\/\/novice.si\/page\/author\/bojana\/"}]}},"_links":{"self":[{"href":"https:\/\/novice.si\/page\/wp-json\/wp\/v2\/posts\/190368","targetHints":{"allow":["GET"]}}],"collection":[{"href":"https:\/\/novice.si\/page\/wp-json\/wp\/v2\/posts"}],"about":[{"href":"https:\/\/novice.si\/page\/wp-json\/wp\/v2\/types\/post"}],"author":[{"embeddable":true,"href":"https:\/\/novice.si\/page\/wp-json\/wp\/v2\/users\/8"}],"replies":[{"embeddable":true,"href":"https:\/\/novice.si\/page\/wp-json\/wp\/v2\/comments?post=190368"}],"version-history":[{"count":1,"href":"https:\/\/novice.si\/page\/wp-json\/wp\/v2\/posts\/190368\/revisions"}],"predecessor-version":[{"id":190371,"href":"https:\/\/novice.si\/page\/wp-json\/wp\/v2\/posts\/190368\/revisions\/190371"}],"wp:featuredmedia":[{"embeddable":true,"href":"https:\/\/novice.si\/page\/wp-json\/wp\/v2\/media\/190370"}],"wp:attachment":[{"href":"https:\/\/novice.si\/page\/wp-json\/wp\/v2\/media?parent=190368"}],"wp:term":[{"taxonomy":"category","embeddable":true,"href":"https:\/\/novice.si\/page\/wp-json\/wp\/v2\/categories?post=190368"},{"taxonomy":"post_tag","embeddable":true,"href":"https:\/\/novice.si\/page\/wp-json\/wp\/v2\/tags?post=190368"}],"curies":[{"name":"wp","href":"https:\/\/api.w.org\/{rel}","templated":true}]}}