{"id":187327,"date":"2025-05-09T16:32:41","date_gmt":"2025-05-09T14:32:41","guid":{"rendered":"https:\/\/novice.si\/page\/?p=187327"},"modified":"2025-05-09T16:32:41","modified_gmt":"2025-05-09T14:32:41","slug":"celje-e-zbirke-so-koristne-strah-pa-je-odvec","status":"publish","type":"post","link":"https:\/\/novice.si\/page\/celje-e-zbirke-so-koristne-strah-pa-je-odvec\/","title":{"rendered":"CELJE E-zbirke so koristne, strah pa je odve\u010d"},"content":{"rendered":"<p>Z okroglo mizo o elektronskih zbirkah, ki so lahko odli\u010den pripomo\u010dek, bojazen pred njihovo uporabo pa je odve\u010d, so na celjski Fakulteti za komercialne in poslovne vede (FKPV) <img loading=\"lazy\" decoding=\"async\" class=\"wp-image-187329 alignleft\" src=\"https:\/\/novice.si\/page\/wp-content\/uploads\/2025\/05\/FKPV-OKC-3-600x296.jpg\" alt=\"\" width=\"407\" height=\"201\" srcset=\"https:\/\/novice.si\/page\/wp-content\/uploads\/2025\/05\/FKPV-OKC-3-600x296.jpg 600w, https:\/\/novice.si\/page\/wp-content\/uploads\/2025\/05\/FKPV-OKC-3-1024x505.jpg 1024w, https:\/\/novice.si\/page\/wp-content\/uploads\/2025\/05\/FKPV-OKC-3-768x379.jpg 768w, https:\/\/novice.si\/page\/wp-content\/uploads\/2025\/05\/FKPV-OKC-3-852x420.jpg 852w, https:\/\/novice.si\/page\/wp-content\/uploads\/2025\/05\/FKPV-OKC-3-696x343.jpg 696w, https:\/\/novice.si\/page\/wp-content\/uploads\/2025\/05\/FKPV-OKC-3-1068x526.jpg 1068w, https:\/\/novice.si\/page\/wp-content\/uploads\/2025\/05\/FKPV-OKC-3-324x160.jpg 324w, https:\/\/novice.si\/page\/wp-content\/uploads\/2025\/05\/FKPV-OKC-3-24x12.jpg 24w, https:\/\/novice.si\/page\/wp-content\/uploads\/2025\/05\/FKPV-OKC-3-36x18.jpg 36w, https:\/\/novice.si\/page\/wp-content\/uploads\/2025\/05\/FKPV-OKC-3-48x24.jpg 48w, https:\/\/novice.si\/page\/wp-content\/uploads\/2025\/05\/FKPV-OKC-3.jpg 1203w\" sizes=\"auto, (max-width: 407px) 100vw, 407px\" \/>zaklju\u010dili projekt, ki so ga od februarja vodili skupaj z Osrednjo knji\u017enico Celje.<\/p>\n<p>Izvajal\u00a0 se je kot del operacije Inovativni programi za kulturni in podjetni\u0161ki digitalni razvoj, za katero so pridobili 45 tiso\u010dakov evropskih sredstev.<\/p>\n<p>Raziskava, ki so jo v okviru projekta opravili \u0161tudenti, je pokazala, da je celjska knji\u017enica v zgornji \u010detrtini tistih, ki uporabnikom nudijo dostop do najve\u010d e-zbirk.<\/p>\n<p>Kot je poudaril\u00a0<strong>Sre\u010dko Ma\u010dek<\/strong>, bibliotekarski specialist celjske knji\u017enice, se vse \u0161tevil\u010dnej\u0161i uporabniki spleta vse prelahko naslanjajo na nepreverjene vire, zato bi zlasti mlade, ki so bolj dovzetni do spleta, morali nau\u010diti pravilne uporabe.<\/p>\n<p><em>Ve\u010d preberite v Celjanu.<\/em><\/p>\n<p>&nbsp;<\/p>\n<p>&nbsp;<\/p>\n<p>&nbsp;<\/p>\n","protected":false},"excerpt":{"rendered":"<p>Z okroglo mizo o elektronskih zbirkah, ki so lahko odli\u010den pripomo\u010dek, bojazen pred njihovo uporabo pa je odve\u010d, so na celjski Fakulteti za komercialne in poslovne vede (FKPV) zaklju\u010dili projekt, ki so ga od februarja vodili skupaj z Osrednjo knji\u017enico Celje. Izvajal\u00a0 se je kot del operacije Inovativni programi za kulturni in podjetni\u0161ki digitalni razvoj, [&hellip;]<\/p>\n","protected":false},"author":33,"featured_media":187328,"comment_status":"closed","ping_status":"closed","sticky":false,"template":"","format":"standard","meta":{"footnotes":""},"categories":[17],"tags":[23260,3438,6000,23261,22572],"class_list":{"0":"post-187327","1":"post","2":"type-post","3":"status-publish","4":"format-standard","5":"has-post-thumbnail","7":"category-celjsko","8":"tag-e-zbirke","9":"tag-fkpv","10":"tag-osrednja-knjiznica-celja","11":"tag-srecko-macek","12":"tag-zakljucek-projekta"},"yoast_head":"<!-- This site is optimized with the Yoast SEO plugin v27.4 - https:\/\/yoast.com\/product\/yoast-seo-wordpress\/ -->\n<title>CELJE E-zbirke so koristne, strah pa je odve\u010d - Novice.si<\/title>\n<meta name=\"robots\" content=\"index, follow, max-snippet:-1, max-image-preview:large, max-video-preview:-1\" \/>\n<link rel=\"canonical\" href=\"https:\/\/novice.si\/page\/celje-e-zbirke-so-koristne-strah-pa-je-odvec\/\" \/>\n<meta property=\"og:locale\" content=\"sl_SI\" \/>\n<meta property=\"og:type\" content=\"article\" \/>\n<meta property=\"og:title\" content=\"CELJE E-zbirke so koristne, strah pa je odve\u010d - Novice.si\" \/>\n<meta property=\"og:description\" content=\"Z okroglo mizo o elektronskih zbirkah, ki so lahko odli\u010den pripomo\u010dek, bojazen pred njihovo uporabo pa je odve\u010d, so na celjski Fakulteti za komercialne in poslovne vede (FKPV) zaklju\u010dili projekt, ki so ga od februarja vodili skupaj z Osrednjo knji\u017enico Celje. Izvajal\u00a0 se je kot del operacije Inovativni programi za kulturni in podjetni\u0161ki digitalni razvoj, [&hellip;]\" \/>\n<meta property=\"og:url\" content=\"https:\/\/novice.si\/page\/celje-e-zbirke-so-koristne-strah-pa-je-odvec\/\" \/>\n<meta property=\"og:site_name\" content=\"Novice.si\" \/>\n<meta property=\"article:published_time\" content=\"2025-05-09T14:32:41+00:00\" \/>\n<meta property=\"og:image\" content=\"https:\/\/novice.si\/page\/wp-content\/uploads\/2025\/05\/FKPV-OKC-1.jpg\" \/>\n\t<meta property=\"og:image:width\" content=\"921\" \/>\n\t<meta property=\"og:image:height\" content=\"789\" \/>\n\t<meta property=\"og:image:type\" content=\"image\/jpeg\" \/>\n<meta name=\"author\" content=\"Uredni\u0161tvo Celjana\" \/>\n<meta name=\"twitter:card\" content=\"summary_large_image\" \/>\n<meta name=\"twitter:label1\" content=\"Written by\" \/>\n\t<meta name=\"twitter:data1\" content=\"Uredni\u0161tvo Celjana\" \/>\n\t<meta name=\"twitter:label2\" content=\"Est. reading time\" \/>\n\t<meta name=\"twitter:data2\" content=\"2 minuti\" \/>\n<script type=\"application\/ld+json\" class=\"yoast-schema-graph\">{\"@context\":\"https:\\\/\\\/schema.org\",\"@graph\":[{\"@type\":\"Article\",\"@id\":\"https:\\\/\\\/novice.si\\\/page\\\/celje-e-zbirke-so-koristne-strah-pa-je-odvec\\\/#article\",\"isPartOf\":{\"@id\":\"https:\\\/\\\/novice.si\\\/page\\\/celje-e-zbirke-so-koristne-strah-pa-je-odvec\\\/\"},\"author\":{\"name\":\"Uredni\u0161tvo Celjana\",\"@id\":\"https:\\\/\\\/novice.si\\\/page\\\/#\\\/schema\\\/person\\\/57f25c9642a9541c7349c65d32032c3e\"},\"headline\":\"CELJE E-zbirke so koristne, strah pa je odve\u010d\",\"datePublished\":\"2025-05-09T14:32:41+00:00\",\"mainEntityOfPage\":{\"@id\":\"https:\\\/\\\/novice.si\\\/page\\\/celje-e-zbirke-so-koristne-strah-pa-je-odvec\\\/\"},\"wordCount\":150,\"publisher\":{\"@id\":\"https:\\\/\\\/novice.si\\\/page\\\/#organization\"},\"image\":{\"@id\":\"https:\\\/\\\/novice.si\\\/page\\\/celje-e-zbirke-so-koristne-strah-pa-je-odvec\\\/#primaryimage\"},\"thumbnailUrl\":\"https:\\\/\\\/novice.si\\\/page\\\/wp-content\\\/uploads\\\/2025\\\/05\\\/FKPV-OKC-1.jpg\",\"keywords\":[\"e-zbirke\",\"FKPV\",\"Osrednja knji\u017enica Celja\",\"Sre\u010dko Ma\u010dek\",\"zaklju\u010dek projekta\"],\"articleSection\":[\"Celjsko\"],\"inLanguage\":\"sl-SI\"},{\"@type\":\"WebPage\",\"@id\":\"https:\\\/\\\/novice.si\\\/page\\\/celje-e-zbirke-so-koristne-strah-pa-je-odvec\\\/\",\"url\":\"https:\\\/\\\/novice.si\\\/page\\\/celje-e-zbirke-so-koristne-strah-pa-je-odvec\\\/\",\"name\":\"CELJE E-zbirke so koristne, strah pa je odve\u010d - Novice.si\",\"isPartOf\":{\"@id\":\"https:\\\/\\\/novice.si\\\/page\\\/#website\"},\"primaryImageOfPage\":{\"@id\":\"https:\\\/\\\/novice.si\\\/page\\\/celje-e-zbirke-so-koristne-strah-pa-je-odvec\\\/#primaryimage\"},\"image\":{\"@id\":\"https:\\\/\\\/novice.si\\\/page\\\/celje-e-zbirke-so-koristne-strah-pa-je-odvec\\\/#primaryimage\"},\"thumbnailUrl\":\"https:\\\/\\\/novice.si\\\/page\\\/wp-content\\\/uploads\\\/2025\\\/05\\\/FKPV-OKC-1.jpg\",\"datePublished\":\"2025-05-09T14:32:41+00:00\",\"breadcrumb\":{\"@id\":\"https:\\\/\\\/novice.si\\\/page\\\/celje-e-zbirke-so-koristne-strah-pa-je-odvec\\\/#breadcrumb\"},\"inLanguage\":\"sl-SI\",\"potentialAction\":[{\"@type\":\"ReadAction\",\"target\":[\"https:\\\/\\\/novice.si\\\/page\\\/celje-e-zbirke-so-koristne-strah-pa-je-odvec\\\/\"]}]},{\"@type\":\"ImageObject\",\"inLanguage\":\"sl-SI\",\"@id\":\"https:\\\/\\\/novice.si\\\/page\\\/celje-e-zbirke-so-koristne-strah-pa-je-odvec\\\/#primaryimage\",\"url\":\"https:\\\/\\\/novice.si\\\/page\\\/wp-content\\\/uploads\\\/2025\\\/05\\\/FKPV-OKC-1.jpg\",\"contentUrl\":\"https:\\\/\\\/novice.si\\\/page\\\/wp-content\\\/uploads\\\/2025\\\/05\\\/FKPV-OKC-1.jpg\",\"width\":921,\"height\":789},{\"@type\":\"BreadcrumbList\",\"@id\":\"https:\\\/\\\/novice.si\\\/page\\\/celje-e-zbirke-so-koristne-strah-pa-je-odvec\\\/#breadcrumb\",\"itemListElement\":[{\"@type\":\"ListItem\",\"position\":1,\"name\":\"Home\",\"item\":\"https:\\\/\\\/novice.si\\\/page\\\/\"},{\"@type\":\"ListItem\",\"position\":2,\"name\":\"CELJE E-zbirke so koristne, strah pa je odve\u010d\"}]},{\"@type\":\"WebSite\",\"@id\":\"https:\\\/\\\/novice.si\\\/page\\\/#website\",\"url\":\"https:\\\/\\\/novice.si\\\/page\\\/\",\"name\":\"Novice.si\",\"description\":\"\",\"publisher\":{\"@id\":\"https:\\\/\\\/novice.si\\\/page\\\/#organization\"},\"potentialAction\":[{\"@type\":\"SearchAction\",\"target\":{\"@type\":\"EntryPoint\",\"urlTemplate\":\"https:\\\/\\\/novice.si\\\/page\\\/?s={search_term_string}\"},\"query-input\":{\"@type\":\"PropertyValueSpecification\",\"valueRequired\":true,\"valueName\":\"search_term_string\"}}],\"inLanguage\":\"sl-SI\"},{\"@type\":\"Organization\",\"@id\":\"https:\\\/\\\/novice.si\\\/page\\\/#organization\",\"name\":\"Novice.si\",\"url\":\"https:\\\/\\\/novice.si\\\/page\\\/\",\"logo\":{\"@type\":\"ImageObject\",\"inLanguage\":\"sl-SI\",\"@id\":\"https:\\\/\\\/novice.si\\\/page\\\/#\\\/schema\\\/logo\\\/image\\\/\",\"url\":\"https:\\\/\\\/novice.si\\\/page\\\/wp-content\\\/uploads\\\/2023\\\/03\\\/novice_si.png\",\"contentUrl\":\"https:\\\/\\\/novice.si\\\/page\\\/wp-content\\\/uploads\\\/2023\\\/03\\\/novice_si.png\",\"width\":576,\"height\":200,\"caption\":\"Novice.si\"},\"image\":{\"@id\":\"https:\\\/\\\/novice.si\\\/page\\\/#\\\/schema\\\/logo\\\/image\\\/\"}},{\"@type\":\"Person\",\"@id\":\"https:\\\/\\\/novice.si\\\/page\\\/#\\\/schema\\\/person\\\/57f25c9642a9541c7349c65d32032c3e\",\"name\":\"Uredni\u0161tvo Celjana\",\"image\":{\"@type\":\"ImageObject\",\"inLanguage\":\"sl-SI\",\"@id\":\"https:\\\/\\\/secure.gravatar.com\\\/avatar\\\/78e52bc4279b65f6df6345e0ef0f7b792d361361f230cf4ffecfe0afe6d5629c?s=96&d=mm&r=g\",\"url\":\"https:\\\/\\\/secure.gravatar.com\\\/avatar\\\/78e52bc4279b65f6df6345e0ef0f7b792d361361f230cf4ffecfe0afe6d5629c?s=96&d=mm&r=g\",\"contentUrl\":\"https:\\\/\\\/secure.gravatar.com\\\/avatar\\\/78e52bc4279b65f6df6345e0ef0f7b792d361361f230cf4ffecfe0afe6d5629c?s=96&d=mm&r=g\",\"caption\":\"Uredni\u0161tvo Celjana\"},\"url\":\"https:\\\/\\\/novice.si\\\/page\\\/author\\\/primoz\\\/\"}]}<\/script>\n<!-- \/ Yoast SEO plugin. -->","yoast_head_json":{"title":"CELJE E-zbirke so koristne, strah pa je odve\u010d - Novice.si","robots":{"index":"index","follow":"follow","max-snippet":"max-snippet:-1","max-image-preview":"max-image-preview:large","max-video-preview":"max-video-preview:-1"},"canonical":"https:\/\/novice.si\/page\/celje-e-zbirke-so-koristne-strah-pa-je-odvec\/","og_locale":"sl_SI","og_type":"article","og_title":"CELJE E-zbirke so koristne, strah pa je odve\u010d - Novice.si","og_description":"Z okroglo mizo o elektronskih zbirkah, ki so lahko odli\u010den pripomo\u010dek, bojazen pred njihovo uporabo pa je odve\u010d, so na celjski Fakulteti za komercialne in poslovne vede (FKPV) zaklju\u010dili projekt, ki so ga od februarja vodili skupaj z Osrednjo knji\u017enico Celje. Izvajal\u00a0 se je kot del operacije Inovativni programi za kulturni in podjetni\u0161ki digitalni razvoj, [&hellip;]","og_url":"https:\/\/novice.si\/page\/celje-e-zbirke-so-koristne-strah-pa-je-odvec\/","og_site_name":"Novice.si","article_published_time":"2025-05-09T14:32:41+00:00","og_image":[{"width":921,"height":789,"url":"https:\/\/novice.si\/page\/wp-content\/uploads\/2025\/05\/FKPV-OKC-1.jpg","type":"image\/jpeg"}],"author":"Uredni\u0161tvo Celjana","twitter_card":"summary_large_image","twitter_misc":{"Written by":"Uredni\u0161tvo Celjana","Est. reading time":"2 minuti"},"schema":{"@context":"https:\/\/schema.org","@graph":[{"@type":"Article","@id":"https:\/\/novice.si\/page\/celje-e-zbirke-so-koristne-strah-pa-je-odvec\/#article","isPartOf":{"@id":"https:\/\/novice.si\/page\/celje-e-zbirke-so-koristne-strah-pa-je-odvec\/"},"author":{"name":"Uredni\u0161tvo Celjana","@id":"https:\/\/novice.si\/page\/#\/schema\/person\/57f25c9642a9541c7349c65d32032c3e"},"headline":"CELJE E-zbirke so koristne, strah pa je odve\u010d","datePublished":"2025-05-09T14:32:41+00:00","mainEntityOfPage":{"@id":"https:\/\/novice.si\/page\/celje-e-zbirke-so-koristne-strah-pa-je-odvec\/"},"wordCount":150,"publisher":{"@id":"https:\/\/novice.si\/page\/#organization"},"image":{"@id":"https:\/\/novice.si\/page\/celje-e-zbirke-so-koristne-strah-pa-je-odvec\/#primaryimage"},"thumbnailUrl":"https:\/\/novice.si\/page\/wp-content\/uploads\/2025\/05\/FKPV-OKC-1.jpg","keywords":["e-zbirke","FKPV","Osrednja knji\u017enica Celja","Sre\u010dko Ma\u010dek","zaklju\u010dek projekta"],"articleSection":["Celjsko"],"inLanguage":"sl-SI"},{"@type":"WebPage","@id":"https:\/\/novice.si\/page\/celje-e-zbirke-so-koristne-strah-pa-je-odvec\/","url":"https:\/\/novice.si\/page\/celje-e-zbirke-so-koristne-strah-pa-je-odvec\/","name":"CELJE E-zbirke so koristne, strah pa je odve\u010d - Novice.si","isPartOf":{"@id":"https:\/\/novice.si\/page\/#website"},"primaryImageOfPage":{"@id":"https:\/\/novice.si\/page\/celje-e-zbirke-so-koristne-strah-pa-je-odvec\/#primaryimage"},"image":{"@id":"https:\/\/novice.si\/page\/celje-e-zbirke-so-koristne-strah-pa-je-odvec\/#primaryimage"},"thumbnailUrl":"https:\/\/novice.si\/page\/wp-content\/uploads\/2025\/05\/FKPV-OKC-1.jpg","datePublished":"2025-05-09T14:32:41+00:00","breadcrumb":{"@id":"https:\/\/novice.si\/page\/celje-e-zbirke-so-koristne-strah-pa-je-odvec\/#breadcrumb"},"inLanguage":"sl-SI","potentialAction":[{"@type":"ReadAction","target":["https:\/\/novice.si\/page\/celje-e-zbirke-so-koristne-strah-pa-je-odvec\/"]}]},{"@type":"ImageObject","inLanguage":"sl-SI","@id":"https:\/\/novice.si\/page\/celje-e-zbirke-so-koristne-strah-pa-je-odvec\/#primaryimage","url":"https:\/\/novice.si\/page\/wp-content\/uploads\/2025\/05\/FKPV-OKC-1.jpg","contentUrl":"https:\/\/novice.si\/page\/wp-content\/uploads\/2025\/05\/FKPV-OKC-1.jpg","width":921,"height":789},{"@type":"BreadcrumbList","@id":"https:\/\/novice.si\/page\/celje-e-zbirke-so-koristne-strah-pa-je-odvec\/#breadcrumb","itemListElement":[{"@type":"ListItem","position":1,"name":"Home","item":"https:\/\/novice.si\/page\/"},{"@type":"ListItem","position":2,"name":"CELJE E-zbirke so koristne, strah pa je odve\u010d"}]},{"@type":"WebSite","@id":"https:\/\/novice.si\/page\/#website","url":"https:\/\/novice.si\/page\/","name":"Novice.si","description":"","publisher":{"@id":"https:\/\/novice.si\/page\/#organization"},"potentialAction":[{"@type":"SearchAction","target":{"@type":"EntryPoint","urlTemplate":"https:\/\/novice.si\/page\/?s={search_term_string}"},"query-input":{"@type":"PropertyValueSpecification","valueRequired":true,"valueName":"search_term_string"}}],"inLanguage":"sl-SI"},{"@type":"Organization","@id":"https:\/\/novice.si\/page\/#organization","name":"Novice.si","url":"https:\/\/novice.si\/page\/","logo":{"@type":"ImageObject","inLanguage":"sl-SI","@id":"https:\/\/novice.si\/page\/#\/schema\/logo\/image\/","url":"https:\/\/novice.si\/page\/wp-content\/uploads\/2023\/03\/novice_si.png","contentUrl":"https:\/\/novice.si\/page\/wp-content\/uploads\/2023\/03\/novice_si.png","width":576,"height":200,"caption":"Novice.si"},"image":{"@id":"https:\/\/novice.si\/page\/#\/schema\/logo\/image\/"}},{"@type":"Person","@id":"https:\/\/novice.si\/page\/#\/schema\/person\/57f25c9642a9541c7349c65d32032c3e","name":"Uredni\u0161tvo Celjana","image":{"@type":"ImageObject","inLanguage":"sl-SI","@id":"https:\/\/secure.gravatar.com\/avatar\/78e52bc4279b65f6df6345e0ef0f7b792d361361f230cf4ffecfe0afe6d5629c?s=96&d=mm&r=g","url":"https:\/\/secure.gravatar.com\/avatar\/78e52bc4279b65f6df6345e0ef0f7b792d361361f230cf4ffecfe0afe6d5629c?s=96&d=mm&r=g","contentUrl":"https:\/\/secure.gravatar.com\/avatar\/78e52bc4279b65f6df6345e0ef0f7b792d361361f230cf4ffecfe0afe6d5629c?s=96&d=mm&r=g","caption":"Uredni\u0161tvo Celjana"},"url":"https:\/\/novice.si\/page\/author\/primoz\/"}]}},"_links":{"self":[{"href":"https:\/\/novice.si\/page\/wp-json\/wp\/v2\/posts\/187327","targetHints":{"allow":["GET"]}}],"collection":[{"href":"https:\/\/novice.si\/page\/wp-json\/wp\/v2\/posts"}],"about":[{"href":"https:\/\/novice.si\/page\/wp-json\/wp\/v2\/types\/post"}],"author":[{"embeddable":true,"href":"https:\/\/novice.si\/page\/wp-json\/wp\/v2\/users\/33"}],"replies":[{"embeddable":true,"href":"https:\/\/novice.si\/page\/wp-json\/wp\/v2\/comments?post=187327"}],"version-history":[{"count":1,"href":"https:\/\/novice.si\/page\/wp-json\/wp\/v2\/posts\/187327\/revisions"}],"predecessor-version":[{"id":187331,"href":"https:\/\/novice.si\/page\/wp-json\/wp\/v2\/posts\/187327\/revisions\/187331"}],"wp:featuredmedia":[{"embeddable":true,"href":"https:\/\/novice.si\/page\/wp-json\/wp\/v2\/media\/187328"}],"wp:attachment":[{"href":"https:\/\/novice.si\/page\/wp-json\/wp\/v2\/media?parent=187327"}],"wp:term":[{"taxonomy":"category","embeddable":true,"href":"https:\/\/novice.si\/page\/wp-json\/wp\/v2\/categories?post=187327"},{"taxonomy":"post_tag","embeddable":true,"href":"https:\/\/novice.si\/page\/wp-json\/wp\/v2\/tags?post=187327"}],"curies":[{"name":"wp","href":"https:\/\/api.w.org\/{rel}","templated":true}]}}