{"id":183797,"date":"2025-01-29T21:56:43","date_gmt":"2025-01-29T20:56:43","guid":{"rendered":"https:\/\/novice.si\/page\/?p=183797"},"modified":"2025-01-29T20:59:35","modified_gmt":"2025-01-29T19:59:35","slug":"shakespeara-na-odru-slg-celje","status":"publish","type":"post","link":"https:\/\/novice.si\/page\/shakespeara-na-odru-slg-celje\/","title":{"rendered":"Shakespeara na odru SLG Celje"},"content":{"rendered":"\r\n                <style type=\"text\/css\">\r\n                    \r\n                    #tdi_1  .td-doubleSlider-2 .td-item1 {\r\n                        background: url(https:\/\/novice.si\/page\/wp-content\/uploads\/2025\/01\/druzabna-premiera-obiskovalke-80x60.jpg) 0 0 no-repeat;\r\n                    }\r\n                    #tdi_1  .td-doubleSlider-2 .td-item2 {\r\n                        background: url(https:\/\/novice.si\/page\/wp-content\/uploads\/2025\/01\/druzabna-premiera-priklon-80x60.jpg) 0 0 no-repeat;\r\n                    }\r\n                    #tdi_1  .td-doubleSlider-2 .td-item3 {\r\n                        background: url(https:\/\/novice.si\/page\/wp-content\/uploads\/2025\/01\/druzabna-premiera-soustvarjalci-80x60.jpg) 0 0 no-repeat;\r\n                    }\r\n                <\/style>\r\n\r\n                <div id=\"tdi_1\" class=\"td-gallery td-slide-on-2-columns\">\r\n                    <div class=\"post_td_gallery\">\r\n                        <div class=\"td-gallery-slide-top\">\r\n                           <div class=\"td-gallery-title\">SLG Celje: Sen kresne no\u010di<\/div>\r\n\r\n                            <div class=\"td-gallery-controls-wrapper\">\r\n                                <div class=\"td-gallery-slide-count\"><span class=\"td-gallery-slide-item-focus\">1<\/span> od 3<\/div>\r\n                                <div class=\"td-gallery-slide-prev-next-but\">\r\n                                    <i class = \"td-icon-left doubleSliderPrevButton\"><\/i>\r\n                                    <i class = \"td-icon-right doubleSliderNextButton\"><\/i>\r\n                                <\/div>\r\n                            <\/div>\r\n                        <\/div>\r\n\r\n                        <div class = \"td-doubleSlider-1 \">\r\n                            <div class = \"td-slider\">\r\n                                \r\n                    <div class = \"td-slide-item td-item1\">\r\n                        <figure class=\"td-slide-galery-figure td-slide-popup-gallery\">\r\n                            <a class=\"slide-gallery-image-link\" href=\"https:\/\/novice.si\/page\/wp-content\/uploads\/2025\/01\/druzabna-premiera-obiskovalke.jpg\" title=\"SLG, premiera Sen kresne no\u010di\"  data-caption=\"V sanjski svet kresne no\u010di so vstopile tudi Maja Voglar, Breda Arn\u0161ek, Nata\u0161a Milahnoja in Andreja Erjavec s prijateljicami. Foto Edo Einspieler\"  data-description=\"\" data-gallery>\r\n                                <img decoding=\"async\" src=\"https:\/\/novice.si\/page\/wp-content\/uploads\/2025\/01\/druzabna-premiera-obiskovalke-630x420.jpg\" srcset=\"https:\/\/novice.si\/page\/wp-content\/uploads\/2025\/01\/druzabna-premiera-obiskovalke-630x420.jpg 630w, https:\/\/novice.si\/page\/wp-content\/uploads\/2025\/01\/druzabna-premiera-obiskovalke-600x400.jpg 600w, https:\/\/novice.si\/page\/wp-content\/uploads\/2025\/01\/druzabna-premiera-obiskovalke-1024x683.jpg 1024w, https:\/\/novice.si\/page\/wp-content\/uploads\/2025\/01\/druzabna-premiera-obiskovalke-768x512.jpg 768w, https:\/\/novice.si\/page\/wp-content\/uploads\/2025\/01\/druzabna-premiera-obiskovalke-1536x1024.jpg 1536w, https:\/\/novice.si\/page\/wp-content\/uploads\/2025\/01\/druzabna-premiera-obiskovalke-2048x1366.jpg 2048w, https:\/\/novice.si\/page\/wp-content\/uploads\/2025\/01\/druzabna-premiera-obiskovalke-696x464.jpg 696w, https:\/\/novice.si\/page\/wp-content\/uploads\/2025\/01\/druzabna-premiera-obiskovalke-1068x712.jpg 1068w, https:\/\/novice.si\/page\/wp-content\/uploads\/2025\/01\/druzabna-premiera-obiskovalke-1920x1281.jpg 1920w, https:\/\/novice.si\/page\/wp-content\/uploads\/2025\/01\/druzabna-premiera-obiskovalke-24x16.jpg 24w, https:\/\/novice.si\/page\/wp-content\/uploads\/2025\/01\/druzabna-premiera-obiskovalke-36x24.jpg 36w, https:\/\/novice.si\/page\/wp-content\/uploads\/2025\/01\/druzabna-premiera-obiskovalke-48x32.jpg 48w\" sizes=\"(max-width: 630px) 100vw, 630px\" alt=\"\">\r\n                            <\/a>\r\n                            <figcaption class = \"td-slide-caption td-gallery-slide-content\"><div class = \"td-gallery-slide-copywrite\">V sanjski svet kresne no\u010di so vstopile tudi Maja Voglar, Breda Arn\u0161ek, Nata\u0161a Milahnoja in Andreja Erjavec s prijateljicami. Foto Edo Einspieler<\/div><\/figcaption>\r\n                        <\/figure>\r\n                    <\/div>\r\n                    <div class = \"td-slide-item td-item2\">\r\n                        <figure class=\"td-slide-galery-figure td-slide-popup-gallery\">\r\n                            <a class=\"slide-gallery-image-link\" href=\"https:\/\/novice.si\/page\/wp-content\/uploads\/2025\/01\/druzabna-premiera-priklon.jpg\" title=\"SLG, premiera Sen kresne no\u010di\"  data-caption=\"Poslednji priklon nastopajo\u010dih: Manca Ogorevc, Rastko Kro\u0161l, Lucija Harum, Lovro Zafred, Ma\u0161a Gro\u0161elj, Urban Kuntari\u010d, Tanja Poto\u010dnik, Tarek Rashid, Andrej Murenc, Damjan M. Trbovc in Jo\u017eica Avbelj, k. g. Foto Edo Einspieler\"  data-description=\"\" data-gallery>\r\n                                <img decoding=\"async\" src=\"https:\/\/novice.si\/page\/wp-content\/uploads\/2025\/01\/druzabna-premiera-priklon-624x420.jpg\" srcset=\"https:\/\/novice.si\/page\/wp-content\/uploads\/2025\/01\/druzabna-premiera-priklon-624x420.jpg 624w, https:\/\/novice.si\/page\/wp-content\/uploads\/2025\/01\/druzabna-premiera-priklon-600x404.jpg 600w, https:\/\/novice.si\/page\/wp-content\/uploads\/2025\/01\/druzabna-premiera-priklon-1024x690.jpg 1024w, https:\/\/novice.si\/page\/wp-content\/uploads\/2025\/01\/druzabna-premiera-priklon-768x517.jpg 768w, https:\/\/novice.si\/page\/wp-content\/uploads\/2025\/01\/druzabna-premiera-priklon-1536x1034.jpg 1536w, https:\/\/novice.si\/page\/wp-content\/uploads\/2025\/01\/druzabna-premiera-priklon-696x469.jpg 696w, https:\/\/novice.si\/page\/wp-content\/uploads\/2025\/01\/druzabna-premiera-priklon-1068x719.jpg 1068w, https:\/\/novice.si\/page\/wp-content\/uploads\/2025\/01\/druzabna-premiera-priklon-1920x1293.jpg 1920w, https:\/\/novice.si\/page\/wp-content\/uploads\/2025\/01\/druzabna-premiera-priklon-24x16.jpg 24w, https:\/\/novice.si\/page\/wp-content\/uploads\/2025\/01\/druzabna-premiera-priklon-36x24.jpg 36w, https:\/\/novice.si\/page\/wp-content\/uploads\/2025\/01\/druzabna-premiera-priklon-48x32.jpg 48w, https:\/\/novice.si\/page\/wp-content\/uploads\/2025\/01\/druzabna-premiera-priklon.jpg 1935w\" sizes=\"(max-width: 624px) 100vw, 624px\" alt=\"\">\r\n                            <\/a>\r\n                            <figcaption class = \"td-slide-caption td-gallery-slide-content\"><div class = \"td-gallery-slide-copywrite\">Poslednji priklon nastopajo\u010dih: Manca Ogorevc, Rastko Kro\u0161l, Lucija Harum, Lovro Zafred, Ma\u0161a Gro\u0161elj, Urban Kuntari\u010d, Tanja Poto\u010dnik, Tarek Rashid, Andrej Murenc, Damjan M. Trbovc in Jo\u017eica Avbelj, k. g. Foto Edo Einspieler<\/div><\/figcaption>\r\n                        <\/figure>\r\n                    <\/div>\r\n                    <div class = \"td-slide-item td-item3\">\r\n                        <figure class=\"td-slide-galery-figure td-slide-popup-gallery\">\r\n                            <a class=\"slide-gallery-image-link\" href=\"https:\/\/novice.si\/page\/wp-content\/uploads\/2025\/01\/druzabna-premiera-soustvarjalci.jpg\" title=\"SLG, premiera Sen kresne no\u010di\"  data-caption=\"Soustvarjalci predstave Sen kresne no\u010di.  Foto Edo Einspieler\"  data-description=\"\" data-gallery>\r\n                                <img decoding=\"async\" src=\"https:\/\/novice.si\/page\/wp-content\/uploads\/2025\/01\/druzabna-premiera-soustvarjalci-630x420.jpg\" srcset=\"https:\/\/novice.si\/page\/wp-content\/uploads\/2025\/01\/druzabna-premiera-soustvarjalci-630x420.jpg 630w, https:\/\/novice.si\/page\/wp-content\/uploads\/2025\/01\/druzabna-premiera-soustvarjalci-600x400.jpg 600w, https:\/\/novice.si\/page\/wp-content\/uploads\/2025\/01\/druzabna-premiera-soustvarjalci-1024x683.jpg 1024w, https:\/\/novice.si\/page\/wp-content\/uploads\/2025\/01\/druzabna-premiera-soustvarjalci-768x512.jpg 768w, https:\/\/novice.si\/page\/wp-content\/uploads\/2025\/01\/druzabna-premiera-soustvarjalci-1536x1024.jpg 1536w, https:\/\/novice.si\/page\/wp-content\/uploads\/2025\/01\/druzabna-premiera-soustvarjalci-696x464.jpg 696w, https:\/\/novice.si\/page\/wp-content\/uploads\/2025\/01\/druzabna-premiera-soustvarjalci-1068x712.jpg 1068w, https:\/\/novice.si\/page\/wp-content\/uploads\/2025\/01\/druzabna-premiera-soustvarjalci-1920x1280.jpg 1920w, https:\/\/novice.si\/page\/wp-content\/uploads\/2025\/01\/druzabna-premiera-soustvarjalci-24x16.jpg 24w, https:\/\/novice.si\/page\/wp-content\/uploads\/2025\/01\/druzabna-premiera-soustvarjalci-36x24.jpg 36w, https:\/\/novice.si\/page\/wp-content\/uploads\/2025\/01\/druzabna-premiera-soustvarjalci-48x32.jpg 48w, https:\/\/novice.si\/page\/wp-content\/uploads\/2025\/01\/druzabna-premiera-soustvarjalci.jpg 1965w\" sizes=\"(max-width: 630px) 100vw, 630px\" alt=\"\">\r\n                            <\/a>\r\n                            <figcaption class = \"td-slide-caption td-gallery-slide-content\"><div class = \"td-gallery-slide-copywrite\">Soustvarjalci predstave Sen kresne no\u010di.  Foto Edo Einspieler<\/div><\/figcaption>\r\n                        <\/figure>\r\n                    <\/div>\r\n                            <\/div>\r\n                        <\/div>\r\n\r\n                        <div class = \"td-doubleSlider-2\">\r\n                            <div class = \"td-slider\">\r\n                                \r\n                    <div class = \"td-button td-item1\">\r\n                        <div class = \"td-border\"><\/div>\r\n                    <\/div>\r\n                    <div class = \"td-button td-item2\">\r\n                        <div class = \"td-border\"><\/div>\r\n                    <\/div>\r\n                    <div class = \"td-button td-item3\">\r\n                        <div class = \"td-border\"><\/div>\r\n                    <\/div>\r\n                            <\/div>\r\n                        <\/div>\r\n\r\n                    <\/div>\r\n\r\n                <\/div>\r\n                \n<p><em>V petek so v Slovenskem ljudskem gledali\u0161\u010du (SLG) Celje organizirali premiero znamenite komedije Williama Shakespeara Sen kresne no\u010di v re\u017eiji \u017dal\u010dana Ja\u0161e Kocelija.<\/em><\/p>\n<p>Tudi tokrat je zimzelena zgodba, polna mistike, humorja, strasti, erotike in igrivosti, navdu\u0161ila \u0161tevilne obiskovalce.<\/p>\n<p><strong>O \u010dem govori zgodba?<\/strong><\/p>\n<p>\u010ceprav komedijo Sen kresne no\u010di ve\u010dina zelo dobro pozna, pa je vsaka njena uprizoritev vsaki\u010d nekoliko druga\u010dna, zgodba pa poustvarjena skozi o\u010di re\u017eiserja in\/ali scenarista. In kak\u0161na je zgodba tokrat? \u00bbS Snom kresne no\u010di bomo dvignili vstopnico v nepredvidljiv svet lastnih nagonov. Zanima me, kaj se zgodi, ko nam je dovoljeno iztiriti in se utopiti v \u010dutnem morju seksualnih impulzov. Ko postanemo sami sebi lastni eksperiment, prepredeni z nenadzorovanimi fantazijami in animali\u010dnimi odvodi.<\/p>\n<p>Rad bi razgrnil mavrico vzpona in padca ljubezenskih zaobljub, prvih zmenkov, razvratnih metulj\u010dkov, hrepenenj, fizi\u010dne odvisnosti, seksa na tiso\u010d in eno no\u010d, pa potem ljubosumja, preganjanosti, nasilja, prevar in zabavnega dejstva, da postane \u010dlovek bik, ko ga zadane ljubezen.<\/p>\n<p>Svet resni\u010dnosti in svet sanj se za eno no\u010d zdru\u017eita. Sanje postanejo meso in nevidne sile no\u010dne \u010darovnije neusmiljeno obra\u010dunajo z zaljubljenci. Posledice iz\u017eivete kresne no\u010di so za nekatere osvobajajo\u010de, za druge uni\u010devalne. Rad bi naredil prizor, v katerem se zdru\u017eijo umrljivost, praznik, lepota, \u017ealovanje, pesem in svoboda. Ljubezen je slepa. Ljubezen je veli\u010dastna. Sen kresne no\u010di je vizija epskega spopada zanjo,\u00ab je o zgodbi povedal Koceli. (MH)<\/p>\n","protected":false},"excerpt":{"rendered":"<p>V petek so v Slovenskem ljudskem gledali\u0161\u010du (SLG) Celje organizirali premiero znamenite komedije Williama Shakespeara Sen kresne no\u010di v re\u017eiji \u017dal\u010dana Ja\u0161e Kocelija. Tudi tokrat je zimzelena zgodba, polna mistike, humorja, strasti, erotike in igrivosti, navdu\u0161ila \u0161tevilne obiskovalce. O \u010dem govori zgodba? \u010ceprav komedijo Sen kresne no\u010di ve\u010dina zelo dobro pozna, pa je vsaka njena [&hellip;]<\/p>\n","protected":false},"author":55,"featured_media":183799,"comment_status":"closed","ping_status":"closed","sticky":false,"template":"","format":"standard","meta":{"footnotes":""},"categories":[14,142,17,15],"tags":[],"class_list":{"0":"post-183797","1":"post","2":"type-post","3":"status-publish","4":"format-standard","5":"has-post-thumbnail","7":"category-aktualno","8":"category-celjan","9":"category-celjsko","10":"category-druzabno"},"yoast_head":"<!-- This site is optimized with the Yoast SEO plugin v27.4 - https:\/\/yoast.com\/product\/yoast-seo-wordpress\/ -->\n<title>Shakespeara na odru SLG Celje - Novice.si<\/title>\n<meta name=\"robots\" content=\"index, follow, max-snippet:-1, max-image-preview:large, max-video-preview:-1\" \/>\n<link rel=\"canonical\" href=\"https:\/\/novice.si\/page\/shakespeara-na-odru-slg-celje\/\" \/>\n<meta property=\"og:locale\" content=\"sl_SI\" \/>\n<meta property=\"og:type\" content=\"article\" \/>\n<meta property=\"og:title\" content=\"Shakespeara na odru SLG Celje - Novice.si\" \/>\n<meta property=\"og:description\" content=\"V petek so v Slovenskem ljudskem gledali\u0161\u010du (SLG) Celje organizirali premiero znamenite komedije Williama Shakespeara Sen kresne no\u010di v re\u017eiji \u017dal\u010dana Ja\u0161e Kocelija. Tudi tokrat je zimzelena zgodba, polna mistike, humorja, strasti, erotike in igrivosti, navdu\u0161ila \u0161tevilne obiskovalce. O \u010dem govori zgodba? \u010ceprav komedijo Sen kresne no\u010di ve\u010dina zelo dobro pozna, pa je vsaka njena [&hellip;]\" \/>\n<meta property=\"og:url\" content=\"https:\/\/novice.si\/page\/shakespeara-na-odru-slg-celje\/\" \/>\n<meta property=\"og:site_name\" content=\"Novice.si\" \/>\n<meta property=\"article:published_time\" content=\"2025-01-29T20:56:43+00:00\" \/>\n<meta property=\"og:image\" content=\"https:\/\/novice.si\/page\/wp-content\/uploads\/2025\/01\/druzabna-premiera-priklon.jpg\" \/>\n\t<meta property=\"og:image:width\" content=\"1935\" \/>\n\t<meta property=\"og:image:height\" content=\"1303\" \/>\n\t<meta property=\"og:image:type\" content=\"image\/jpeg\" \/>\n<meta name=\"author\" content=\"Uredni\u0161tvo Celjana\" \/>\n<meta name=\"twitter:card\" content=\"summary_large_image\" \/>\n<meta name=\"twitter:label1\" content=\"Written by\" \/>\n\t<meta name=\"twitter:data1\" content=\"Uredni\u0161tvo Celjana\" \/>\n\t<meta name=\"twitter:label2\" content=\"Est. reading time\" \/>\n\t<meta name=\"twitter:data2\" content=\"2 minuti\" \/>\n<script type=\"application\/ld+json\" class=\"yoast-schema-graph\">{\"@context\":\"https:\\\/\\\/schema.org\",\"@graph\":[{\"@type\":\"Article\",\"@id\":\"https:\\\/\\\/novice.si\\\/page\\\/shakespeara-na-odru-slg-celje\\\/#article\",\"isPartOf\":{\"@id\":\"https:\\\/\\\/novice.si\\\/page\\\/shakespeara-na-odru-slg-celje\\\/\"},\"author\":{\"name\":\"Uredni\u0161tvo Celjana\",\"@id\":\"https:\\\/\\\/novice.si\\\/page\\\/#\\\/schema\\\/person\\\/a49f233ef2777ec7b2e8d0662325bb48\"},\"headline\":\"Shakespeara na odru SLG Celje\",\"datePublished\":\"2025-01-29T20:56:43+00:00\",\"mainEntityOfPage\":{\"@id\":\"https:\\\/\\\/novice.si\\\/page\\\/shakespeara-na-odru-slg-celje\\\/\"},\"wordCount\":272,\"publisher\":{\"@id\":\"https:\\\/\\\/novice.si\\\/page\\\/#organization\"},\"image\":{\"@id\":\"https:\\\/\\\/novice.si\\\/page\\\/shakespeara-na-odru-slg-celje\\\/#primaryimage\"},\"thumbnailUrl\":\"https:\\\/\\\/novice.si\\\/page\\\/wp-content\\\/uploads\\\/2025\\\/01\\\/druzabna-premiera-priklon.jpg\",\"articleSection\":[\"Aktualno\",\"Celjan\",\"Celjsko\",\"Dru\u017eabno\"],\"inLanguage\":\"sl-SI\"},{\"@type\":\"WebPage\",\"@id\":\"https:\\\/\\\/novice.si\\\/page\\\/shakespeara-na-odru-slg-celje\\\/\",\"url\":\"https:\\\/\\\/novice.si\\\/page\\\/shakespeara-na-odru-slg-celje\\\/\",\"name\":\"Shakespeara na odru SLG Celje - Novice.si\",\"isPartOf\":{\"@id\":\"https:\\\/\\\/novice.si\\\/page\\\/#website\"},\"primaryImageOfPage\":{\"@id\":\"https:\\\/\\\/novice.si\\\/page\\\/shakespeara-na-odru-slg-celje\\\/#primaryimage\"},\"image\":{\"@id\":\"https:\\\/\\\/novice.si\\\/page\\\/shakespeara-na-odru-slg-celje\\\/#primaryimage\"},\"thumbnailUrl\":\"https:\\\/\\\/novice.si\\\/page\\\/wp-content\\\/uploads\\\/2025\\\/01\\\/druzabna-premiera-priklon.jpg\",\"datePublished\":\"2025-01-29T20:56:43+00:00\",\"breadcrumb\":{\"@id\":\"https:\\\/\\\/novice.si\\\/page\\\/shakespeara-na-odru-slg-celje\\\/#breadcrumb\"},\"inLanguage\":\"sl-SI\",\"potentialAction\":[{\"@type\":\"ReadAction\",\"target\":[\"https:\\\/\\\/novice.si\\\/page\\\/shakespeara-na-odru-slg-celje\\\/\"]}]},{\"@type\":\"ImageObject\",\"inLanguage\":\"sl-SI\",\"@id\":\"https:\\\/\\\/novice.si\\\/page\\\/shakespeara-na-odru-slg-celje\\\/#primaryimage\",\"url\":\"https:\\\/\\\/novice.si\\\/page\\\/wp-content\\\/uploads\\\/2025\\\/01\\\/druzabna-premiera-priklon.jpg\",\"contentUrl\":\"https:\\\/\\\/novice.si\\\/page\\\/wp-content\\\/uploads\\\/2025\\\/01\\\/druzabna-premiera-priklon.jpg\",\"width\":1935,\"height\":1303,\"caption\":\"Poslednji priklon nastopajo\u010dih: Manca Ogorevc, Rastko Kro\u0161l, Lucija Harum, Lovro Zafred, Ma\u0161a Gro\u0161elj, Urban Kuntari\u010d, Tanja Poto\u010dnik, Tarek Rashid, Andrej Murenc, Damjan M. Trbovc in Jo\u017eica Avbelj, k. g. Foto Edo Einspieler\"},{\"@type\":\"BreadcrumbList\",\"@id\":\"https:\\\/\\\/novice.si\\\/page\\\/shakespeara-na-odru-slg-celje\\\/#breadcrumb\",\"itemListElement\":[{\"@type\":\"ListItem\",\"position\":1,\"name\":\"Home\",\"item\":\"https:\\\/\\\/novice.si\\\/page\\\/\"},{\"@type\":\"ListItem\",\"position\":2,\"name\":\"Shakespeara na odru SLG Celje\"}]},{\"@type\":\"WebSite\",\"@id\":\"https:\\\/\\\/novice.si\\\/page\\\/#website\",\"url\":\"https:\\\/\\\/novice.si\\\/page\\\/\",\"name\":\"Novice.si\",\"description\":\"\",\"publisher\":{\"@id\":\"https:\\\/\\\/novice.si\\\/page\\\/#organization\"},\"potentialAction\":[{\"@type\":\"SearchAction\",\"target\":{\"@type\":\"EntryPoint\",\"urlTemplate\":\"https:\\\/\\\/novice.si\\\/page\\\/?s={search_term_string}\"},\"query-input\":{\"@type\":\"PropertyValueSpecification\",\"valueRequired\":true,\"valueName\":\"search_term_string\"}}],\"inLanguage\":\"sl-SI\"},{\"@type\":\"Organization\",\"@id\":\"https:\\\/\\\/novice.si\\\/page\\\/#organization\",\"name\":\"Novice.si\",\"url\":\"https:\\\/\\\/novice.si\\\/page\\\/\",\"logo\":{\"@type\":\"ImageObject\",\"inLanguage\":\"sl-SI\",\"@id\":\"https:\\\/\\\/novice.si\\\/page\\\/#\\\/schema\\\/logo\\\/image\\\/\",\"url\":\"https:\\\/\\\/novice.si\\\/page\\\/wp-content\\\/uploads\\\/2023\\\/03\\\/novice_si.png\",\"contentUrl\":\"https:\\\/\\\/novice.si\\\/page\\\/wp-content\\\/uploads\\\/2023\\\/03\\\/novice_si.png\",\"width\":576,\"height\":200,\"caption\":\"Novice.si\"},\"image\":{\"@id\":\"https:\\\/\\\/novice.si\\\/page\\\/#\\\/schema\\\/logo\\\/image\\\/\"}},{\"@type\":\"Person\",\"@id\":\"https:\\\/\\\/novice.si\\\/page\\\/#\\\/schema\\\/person\\\/a49f233ef2777ec7b2e8d0662325bb48\",\"name\":\"Uredni\u0161tvo Celjana\",\"image\":{\"@type\":\"ImageObject\",\"inLanguage\":\"sl-SI\",\"@id\":\"https:\\\/\\\/secure.gravatar.com\\\/avatar\\\/7f7863e616af8f92806c638dd1db3f1a238d83d1cc2ec3100afc06fbb7eb303f?s=96&d=mm&r=g\",\"url\":\"https:\\\/\\\/secure.gravatar.com\\\/avatar\\\/7f7863e616af8f92806c638dd1db3f1a238d83d1cc2ec3100afc06fbb7eb303f?s=96&d=mm&r=g\",\"contentUrl\":\"https:\\\/\\\/secure.gravatar.com\\\/avatar\\\/7f7863e616af8f92806c638dd1db3f1a238d83d1cc2ec3100afc06fbb7eb303f?s=96&d=mm&r=g\",\"caption\":\"Uredni\u0161tvo Celjana\"},\"url\":\"https:\\\/\\\/novice.si\\\/page\\\/author\\\/maja\\\/\"}]}<\/script>\n<!-- \/ Yoast SEO plugin. -->","yoast_head_json":{"title":"Shakespeara na odru SLG Celje - Novice.si","robots":{"index":"index","follow":"follow","max-snippet":"max-snippet:-1","max-image-preview":"max-image-preview:large","max-video-preview":"max-video-preview:-1"},"canonical":"https:\/\/novice.si\/page\/shakespeara-na-odru-slg-celje\/","og_locale":"sl_SI","og_type":"article","og_title":"Shakespeara na odru SLG Celje - Novice.si","og_description":"V petek so v Slovenskem ljudskem gledali\u0161\u010du (SLG) Celje organizirali premiero znamenite komedije Williama Shakespeara Sen kresne no\u010di v re\u017eiji \u017dal\u010dana Ja\u0161e Kocelija. Tudi tokrat je zimzelena zgodba, polna mistike, humorja, strasti, erotike in igrivosti, navdu\u0161ila \u0161tevilne obiskovalce. O \u010dem govori zgodba? \u010ceprav komedijo Sen kresne no\u010di ve\u010dina zelo dobro pozna, pa je vsaka njena [&hellip;]","og_url":"https:\/\/novice.si\/page\/shakespeara-na-odru-slg-celje\/","og_site_name":"Novice.si","article_published_time":"2025-01-29T20:56:43+00:00","og_image":[{"width":1935,"height":1303,"url":"https:\/\/novice.si\/page\/wp-content\/uploads\/2025\/01\/druzabna-premiera-priklon.jpg","type":"image\/jpeg"}],"author":"Uredni\u0161tvo Celjana","twitter_card":"summary_large_image","twitter_misc":{"Written by":"Uredni\u0161tvo Celjana","Est. reading time":"2 minuti"},"schema":{"@context":"https:\/\/schema.org","@graph":[{"@type":"Article","@id":"https:\/\/novice.si\/page\/shakespeara-na-odru-slg-celje\/#article","isPartOf":{"@id":"https:\/\/novice.si\/page\/shakespeara-na-odru-slg-celje\/"},"author":{"name":"Uredni\u0161tvo Celjana","@id":"https:\/\/novice.si\/page\/#\/schema\/person\/a49f233ef2777ec7b2e8d0662325bb48"},"headline":"Shakespeara na odru SLG Celje","datePublished":"2025-01-29T20:56:43+00:00","mainEntityOfPage":{"@id":"https:\/\/novice.si\/page\/shakespeara-na-odru-slg-celje\/"},"wordCount":272,"publisher":{"@id":"https:\/\/novice.si\/page\/#organization"},"image":{"@id":"https:\/\/novice.si\/page\/shakespeara-na-odru-slg-celje\/#primaryimage"},"thumbnailUrl":"https:\/\/novice.si\/page\/wp-content\/uploads\/2025\/01\/druzabna-premiera-priklon.jpg","articleSection":["Aktualno","Celjan","Celjsko","Dru\u017eabno"],"inLanguage":"sl-SI"},{"@type":"WebPage","@id":"https:\/\/novice.si\/page\/shakespeara-na-odru-slg-celje\/","url":"https:\/\/novice.si\/page\/shakespeara-na-odru-slg-celje\/","name":"Shakespeara na odru SLG Celje - Novice.si","isPartOf":{"@id":"https:\/\/novice.si\/page\/#website"},"primaryImageOfPage":{"@id":"https:\/\/novice.si\/page\/shakespeara-na-odru-slg-celje\/#primaryimage"},"image":{"@id":"https:\/\/novice.si\/page\/shakespeara-na-odru-slg-celje\/#primaryimage"},"thumbnailUrl":"https:\/\/novice.si\/page\/wp-content\/uploads\/2025\/01\/druzabna-premiera-priklon.jpg","datePublished":"2025-01-29T20:56:43+00:00","breadcrumb":{"@id":"https:\/\/novice.si\/page\/shakespeara-na-odru-slg-celje\/#breadcrumb"},"inLanguage":"sl-SI","potentialAction":[{"@type":"ReadAction","target":["https:\/\/novice.si\/page\/shakespeara-na-odru-slg-celje\/"]}]},{"@type":"ImageObject","inLanguage":"sl-SI","@id":"https:\/\/novice.si\/page\/shakespeara-na-odru-slg-celje\/#primaryimage","url":"https:\/\/novice.si\/page\/wp-content\/uploads\/2025\/01\/druzabna-premiera-priklon.jpg","contentUrl":"https:\/\/novice.si\/page\/wp-content\/uploads\/2025\/01\/druzabna-premiera-priklon.jpg","width":1935,"height":1303,"caption":"Poslednji priklon nastopajo\u010dih: Manca Ogorevc, Rastko Kro\u0161l, Lucija Harum, Lovro Zafred, Ma\u0161a Gro\u0161elj, Urban Kuntari\u010d, Tanja Poto\u010dnik, Tarek Rashid, Andrej Murenc, Damjan M. Trbovc in Jo\u017eica Avbelj, k. g. Foto Edo Einspieler"},{"@type":"BreadcrumbList","@id":"https:\/\/novice.si\/page\/shakespeara-na-odru-slg-celje\/#breadcrumb","itemListElement":[{"@type":"ListItem","position":1,"name":"Home","item":"https:\/\/novice.si\/page\/"},{"@type":"ListItem","position":2,"name":"Shakespeara na odru SLG Celje"}]},{"@type":"WebSite","@id":"https:\/\/novice.si\/page\/#website","url":"https:\/\/novice.si\/page\/","name":"Novice.si","description":"","publisher":{"@id":"https:\/\/novice.si\/page\/#organization"},"potentialAction":[{"@type":"SearchAction","target":{"@type":"EntryPoint","urlTemplate":"https:\/\/novice.si\/page\/?s={search_term_string}"},"query-input":{"@type":"PropertyValueSpecification","valueRequired":true,"valueName":"search_term_string"}}],"inLanguage":"sl-SI"},{"@type":"Organization","@id":"https:\/\/novice.si\/page\/#organization","name":"Novice.si","url":"https:\/\/novice.si\/page\/","logo":{"@type":"ImageObject","inLanguage":"sl-SI","@id":"https:\/\/novice.si\/page\/#\/schema\/logo\/image\/","url":"https:\/\/novice.si\/page\/wp-content\/uploads\/2023\/03\/novice_si.png","contentUrl":"https:\/\/novice.si\/page\/wp-content\/uploads\/2023\/03\/novice_si.png","width":576,"height":200,"caption":"Novice.si"},"image":{"@id":"https:\/\/novice.si\/page\/#\/schema\/logo\/image\/"}},{"@type":"Person","@id":"https:\/\/novice.si\/page\/#\/schema\/person\/a49f233ef2777ec7b2e8d0662325bb48","name":"Uredni\u0161tvo Celjana","image":{"@type":"ImageObject","inLanguage":"sl-SI","@id":"https:\/\/secure.gravatar.com\/avatar\/7f7863e616af8f92806c638dd1db3f1a238d83d1cc2ec3100afc06fbb7eb303f?s=96&d=mm&r=g","url":"https:\/\/secure.gravatar.com\/avatar\/7f7863e616af8f92806c638dd1db3f1a238d83d1cc2ec3100afc06fbb7eb303f?s=96&d=mm&r=g","contentUrl":"https:\/\/secure.gravatar.com\/avatar\/7f7863e616af8f92806c638dd1db3f1a238d83d1cc2ec3100afc06fbb7eb303f?s=96&d=mm&r=g","caption":"Uredni\u0161tvo Celjana"},"url":"https:\/\/novice.si\/page\/author\/maja\/"}]}},"_links":{"self":[{"href":"https:\/\/novice.si\/page\/wp-json\/wp\/v2\/posts\/183797","targetHints":{"allow":["GET"]}}],"collection":[{"href":"https:\/\/novice.si\/page\/wp-json\/wp\/v2\/posts"}],"about":[{"href":"https:\/\/novice.si\/page\/wp-json\/wp\/v2\/types\/post"}],"author":[{"embeddable":true,"href":"https:\/\/novice.si\/page\/wp-json\/wp\/v2\/users\/55"}],"replies":[{"embeddable":true,"href":"https:\/\/novice.si\/page\/wp-json\/wp\/v2\/comments?post=183797"}],"version-history":[{"count":1,"href":"https:\/\/novice.si\/page\/wp-json\/wp\/v2\/posts\/183797\/revisions"}],"predecessor-version":[{"id":183801,"href":"https:\/\/novice.si\/page\/wp-json\/wp\/v2\/posts\/183797\/revisions\/183801"}],"wp:featuredmedia":[{"embeddable":true,"href":"https:\/\/novice.si\/page\/wp-json\/wp\/v2\/media\/183799"}],"wp:attachment":[{"href":"https:\/\/novice.si\/page\/wp-json\/wp\/v2\/media?parent=183797"}],"wp:term":[{"taxonomy":"category","embeddable":true,"href":"https:\/\/novice.si\/page\/wp-json\/wp\/v2\/categories?post=183797"},{"taxonomy":"post_tag","embeddable":true,"href":"https:\/\/novice.si\/page\/wp-json\/wp\/v2\/tags?post=183797"}],"curies":[{"name":"wp","href":"https:\/\/api.w.org\/{rel}","templated":true}]}}