{"id":183265,"date":"2025-01-15T12:53:10","date_gmt":"2025-01-15T11:53:10","guid":{"rendered":"https:\/\/novice.si\/page\/?p=183265"},"modified":"2025-01-15T12:53:10","modified_gmt":"2025-01-15T11:53:10","slug":"celjski-rokometasi-trenirajo-brez-glavnega-trenerja-ki-je-na-sp","status":"publish","type":"post","link":"https:\/\/novice.si\/page\/celjski-rokometasi-trenirajo-brez-glavnega-trenerja-ki-je-na-sp\/","title":{"rendered":"Celjski rokometa\u0161i trenirajo brez glavnega trenerja, ki je na SP"},"content":{"rendered":"<p><img loading=\"lazy\" decoding=\"async\" class=\"alignnone size-medium wp-image-183266\" src=\"https:\/\/novice.si\/page\/wp-content\/uploads\/2025\/01\/rokomet-celje-priprave-foto-FB-RK-CPL-600x450.jpg\" alt=\"\" width=\"600\" height=\"450\" srcset=\"https:\/\/novice.si\/page\/wp-content\/uploads\/2025\/01\/rokomet-celje-priprave-foto-FB-RK-CPL-600x450.jpg 600w, https:\/\/novice.si\/page\/wp-content\/uploads\/2025\/01\/rokomet-celje-priprave-foto-FB-RK-CPL-1024x768.jpg 1024w, https:\/\/novice.si\/page\/wp-content\/uploads\/2025\/01\/rokomet-celje-priprave-foto-FB-RK-CPL-768x576.jpg 768w, https:\/\/novice.si\/page\/wp-content\/uploads\/2025\/01\/rokomet-celje-priprave-foto-FB-RK-CPL-560x420.jpg 560w, https:\/\/novice.si\/page\/wp-content\/uploads\/2025\/01\/rokomet-celje-priprave-foto-FB-RK-CPL-80x60.jpg 80w, https:\/\/novice.si\/page\/wp-content\/uploads\/2025\/01\/rokomet-celje-priprave-foto-FB-RK-CPL-696x522.jpg 696w, https:\/\/novice.si\/page\/wp-content\/uploads\/2025\/01\/rokomet-celje-priprave-foto-FB-RK-CPL-1068x801.jpg 1068w, https:\/\/novice.si\/page\/wp-content\/uploads\/2025\/01\/rokomet-celje-priprave-foto-FB-RK-CPL-265x198.jpg 265w, https:\/\/novice.si\/page\/wp-content\/uploads\/2025\/01\/rokomet-celje-priprave-foto-FB-RK-CPL-24x18.jpg 24w, https:\/\/novice.si\/page\/wp-content\/uploads\/2025\/01\/rokomet-celje-priprave-foto-FB-RK-CPL-36x27.jpg 36w, https:\/\/novice.si\/page\/wp-content\/uploads\/2025\/01\/rokomet-celje-priprave-foto-FB-RK-CPL-48x36.jpg 48w, https:\/\/novice.si\/page\/wp-content\/uploads\/2025\/01\/rokomet-celje-priprave-foto-FB-RK-CPL.jpg 1440w\" sizes=\"auto, (max-width: 600px) 100vw, 600px\" \/>Rokometa\u0161i Celja Pivovarne La\u0161ko so za\u010deli priprave na spomladanski del dr\u017eavnega prvenstva. Do konca rednega dela jih \u010daka \u0161e pet tekem, nato pa sedi kon\u010dnica in aprila tudi lov na 23. pokalno lovoriko. Ob odsotnosti glavnega trenerja<strong> Paula Pereire<\/strong>, ki je s portugalsko reprezentanco na svetovnem prvenstvu, je dirigentsko palico prevzel njegov pomo\u010dnik <strong>David Razgor<\/strong>. \u00bbPo mnogih letih smo na prvem januarskem treningu prakti\u010dno v popolni zasedbi. To je odli\u010dno izhodi\u0161\u010de za dobre in kakovostne priprave pred nadaljevanjem sezone,\u00ab je ob tem dejal za\u010dasni &#8216;\u0161ef stroke&#8217; v celjskem klubu. Pivovarji \u017eelijo biti v najbolj\u0161i formi aprila in maja, ko se bo odlo\u010dalo o lovorikah. Prvo trening tekmo pa bodo odigrali danes doma proti ekipi RK Dol TKI Hrastnik. (Jure Mernik)<br \/>\nFoto Facebook, RK Celje Pivovarna La\u0161ko<\/p>\n","protected":false},"excerpt":{"rendered":"<p>Rokometa\u0161i Celja Pivovarne La\u0161ko so za\u010deli priprave na spomladanski del dr\u017eavnega prvenstva. Do konca rednega dela jih \u010daka \u0161e pet tekem, nato pa sedi kon\u010dnica in aprila tudi lov na 23. pokalno lovoriko. Ob odsotnosti glavnega trenerja Paula Pereire, ki je s portugalsko reprezentanco na svetovnem prvenstvu, je dirigentsko palico prevzel njegov pomo\u010dnik David Razgor. [&hellip;]<\/p>\n","protected":false},"author":7,"featured_media":183266,"comment_status":"closed","ping_status":"closed","sticky":false,"template":"","format":"standard","meta":{"footnotes":""},"categories":[14,17,68],"tags":[5009],"class_list":{"0":"post-183265","1":"post","2":"type-post","3":"status-publish","4":"format-standard","5":"has-post-thumbnail","7":"category-aktualno","8":"category-celjsko","9":"category-sport","10":"tag-rk-celje-pivovarna-lasko"},"yoast_head":"<!-- This site is optimized with the Yoast SEO plugin v27.4 - https:\/\/yoast.com\/product\/yoast-seo-wordpress\/ -->\n<title>Celjski rokometa\u0161i trenirajo brez glavnega trenerja, ki je na SP - Novice.si<\/title>\n<meta name=\"robots\" content=\"index, follow, max-snippet:-1, max-image-preview:large, max-video-preview:-1\" \/>\n<link rel=\"canonical\" href=\"https:\/\/novice.si\/page\/celjski-rokometasi-trenirajo-brez-glavnega-trenerja-ki-je-na-sp\/\" \/>\n<meta property=\"og:locale\" content=\"sl_SI\" \/>\n<meta property=\"og:type\" content=\"article\" \/>\n<meta property=\"og:title\" content=\"Celjski rokometa\u0161i trenirajo brez glavnega trenerja, ki je na SP - Novice.si\" \/>\n<meta property=\"og:description\" content=\"Rokometa\u0161i Celja Pivovarne La\u0161ko so za\u010deli priprave na spomladanski del dr\u017eavnega prvenstva. Do konca rednega dela jih \u010daka \u0161e pet tekem, nato pa sedi kon\u010dnica in aprila tudi lov na 23. pokalno lovoriko. Ob odsotnosti glavnega trenerja Paula Pereire, ki je s portugalsko reprezentanco na svetovnem prvenstvu, je dirigentsko palico prevzel njegov pomo\u010dnik David Razgor. [&hellip;]\" \/>\n<meta property=\"og:url\" content=\"https:\/\/novice.si\/page\/celjski-rokometasi-trenirajo-brez-glavnega-trenerja-ki-je-na-sp\/\" \/>\n<meta property=\"og:site_name\" content=\"Novice.si\" \/>\n<meta property=\"article:published_time\" content=\"2025-01-15T11:53:10+00:00\" \/>\n<meta property=\"og:image\" content=\"https:\/\/novice.si\/page\/wp-content\/uploads\/2025\/01\/rokomet-celje-priprave-foto-FB-RK-CPL.jpg\" \/>\n\t<meta property=\"og:image:width\" content=\"1440\" \/>\n\t<meta property=\"og:image:height\" content=\"1080\" \/>\n\t<meta property=\"og:image:type\" content=\"image\/jpeg\" \/>\n<meta name=\"author\" content=\"Uredni\u0161tvo Novic\" \/>\n<meta name=\"twitter:card\" content=\"summary_large_image\" \/>\n<meta name=\"twitter:label1\" content=\"Written by\" \/>\n\t<meta name=\"twitter:data1\" content=\"Uredni\u0161tvo Novic\" \/>\n\t<meta name=\"twitter:label2\" content=\"Est. reading time\" \/>\n\t<meta name=\"twitter:data2\" content=\"2 minuti\" \/>\n<script type=\"application\/ld+json\" class=\"yoast-schema-graph\">{\"@context\":\"https:\\\/\\\/schema.org\",\"@graph\":[{\"@type\":\"Article\",\"@id\":\"https:\\\/\\\/novice.si\\\/page\\\/celjski-rokometasi-trenirajo-brez-glavnega-trenerja-ki-je-na-sp\\\/#article\",\"isPartOf\":{\"@id\":\"https:\\\/\\\/novice.si\\\/page\\\/celjski-rokometasi-trenirajo-brez-glavnega-trenerja-ki-je-na-sp\\\/\"},\"author\":{\"name\":\"Uredni\u0161tvo Novic\",\"@id\":\"https:\\\/\\\/novice.si\\\/page\\\/#\\\/schema\\\/person\\\/a877dbb8680d441357ce27663beb35ca\"},\"headline\":\"Celjski rokometa\u0161i trenirajo brez glavnega trenerja, ki je na SP\",\"datePublished\":\"2025-01-15T11:53:10+00:00\",\"mainEntityOfPage\":{\"@id\":\"https:\\\/\\\/novice.si\\\/page\\\/celjski-rokometasi-trenirajo-brez-glavnega-trenerja-ki-je-na-sp\\\/\"},\"wordCount\":150,\"publisher\":{\"@id\":\"https:\\\/\\\/novice.si\\\/page\\\/#organization\"},\"image\":{\"@id\":\"https:\\\/\\\/novice.si\\\/page\\\/celjski-rokometasi-trenirajo-brez-glavnega-trenerja-ki-je-na-sp\\\/#primaryimage\"},\"thumbnailUrl\":\"https:\\\/\\\/novice.si\\\/page\\\/wp-content\\\/uploads\\\/2025\\\/01\\\/rokomet-celje-priprave-foto-FB-RK-CPL.jpg\",\"keywords\":[\"RK Celje Pivovarna La\u0161ko\"],\"articleSection\":[\"Aktualno\",\"Celjsko\",\"\u0160port\"],\"inLanguage\":\"sl-SI\"},{\"@type\":\"WebPage\",\"@id\":\"https:\\\/\\\/novice.si\\\/page\\\/celjski-rokometasi-trenirajo-brez-glavnega-trenerja-ki-je-na-sp\\\/\",\"url\":\"https:\\\/\\\/novice.si\\\/page\\\/celjski-rokometasi-trenirajo-brez-glavnega-trenerja-ki-je-na-sp\\\/\",\"name\":\"Celjski rokometa\u0161i trenirajo brez glavnega trenerja, ki je na SP - Novice.si\",\"isPartOf\":{\"@id\":\"https:\\\/\\\/novice.si\\\/page\\\/#website\"},\"primaryImageOfPage\":{\"@id\":\"https:\\\/\\\/novice.si\\\/page\\\/celjski-rokometasi-trenirajo-brez-glavnega-trenerja-ki-je-na-sp\\\/#primaryimage\"},\"image\":{\"@id\":\"https:\\\/\\\/novice.si\\\/page\\\/celjski-rokometasi-trenirajo-brez-glavnega-trenerja-ki-je-na-sp\\\/#primaryimage\"},\"thumbnailUrl\":\"https:\\\/\\\/novice.si\\\/page\\\/wp-content\\\/uploads\\\/2025\\\/01\\\/rokomet-celje-priprave-foto-FB-RK-CPL.jpg\",\"datePublished\":\"2025-01-15T11:53:10+00:00\",\"breadcrumb\":{\"@id\":\"https:\\\/\\\/novice.si\\\/page\\\/celjski-rokometasi-trenirajo-brez-glavnega-trenerja-ki-je-na-sp\\\/#breadcrumb\"},\"inLanguage\":\"sl-SI\",\"potentialAction\":[{\"@type\":\"ReadAction\",\"target\":[\"https:\\\/\\\/novice.si\\\/page\\\/celjski-rokometasi-trenirajo-brez-glavnega-trenerja-ki-je-na-sp\\\/\"]}]},{\"@type\":\"ImageObject\",\"inLanguage\":\"sl-SI\",\"@id\":\"https:\\\/\\\/novice.si\\\/page\\\/celjski-rokometasi-trenirajo-brez-glavnega-trenerja-ki-je-na-sp\\\/#primaryimage\",\"url\":\"https:\\\/\\\/novice.si\\\/page\\\/wp-content\\\/uploads\\\/2025\\\/01\\\/rokomet-celje-priprave-foto-FB-RK-CPL.jpg\",\"contentUrl\":\"https:\\\/\\\/novice.si\\\/page\\\/wp-content\\\/uploads\\\/2025\\\/01\\\/rokomet-celje-priprave-foto-FB-RK-CPL.jpg\",\"width\":1440,\"height\":1080},{\"@type\":\"BreadcrumbList\",\"@id\":\"https:\\\/\\\/novice.si\\\/page\\\/celjski-rokometasi-trenirajo-brez-glavnega-trenerja-ki-je-na-sp\\\/#breadcrumb\",\"itemListElement\":[{\"@type\":\"ListItem\",\"position\":1,\"name\":\"Home\",\"item\":\"https:\\\/\\\/novice.si\\\/page\\\/\"},{\"@type\":\"ListItem\",\"position\":2,\"name\":\"Celjski rokometa\u0161i trenirajo brez glavnega trenerja, ki je na SP\"}]},{\"@type\":\"WebSite\",\"@id\":\"https:\\\/\\\/novice.si\\\/page\\\/#website\",\"url\":\"https:\\\/\\\/novice.si\\\/page\\\/\",\"name\":\"Novice.si\",\"description\":\"\",\"publisher\":{\"@id\":\"https:\\\/\\\/novice.si\\\/page\\\/#organization\"},\"potentialAction\":[{\"@type\":\"SearchAction\",\"target\":{\"@type\":\"EntryPoint\",\"urlTemplate\":\"https:\\\/\\\/novice.si\\\/page\\\/?s={search_term_string}\"},\"query-input\":{\"@type\":\"PropertyValueSpecification\",\"valueRequired\":true,\"valueName\":\"search_term_string\"}}],\"inLanguage\":\"sl-SI\"},{\"@type\":\"Organization\",\"@id\":\"https:\\\/\\\/novice.si\\\/page\\\/#organization\",\"name\":\"Novice.si\",\"url\":\"https:\\\/\\\/novice.si\\\/page\\\/\",\"logo\":{\"@type\":\"ImageObject\",\"inLanguage\":\"sl-SI\",\"@id\":\"https:\\\/\\\/novice.si\\\/page\\\/#\\\/schema\\\/logo\\\/image\\\/\",\"url\":\"https:\\\/\\\/novice.si\\\/page\\\/wp-content\\\/uploads\\\/2023\\\/03\\\/novice_si.png\",\"contentUrl\":\"https:\\\/\\\/novice.si\\\/page\\\/wp-content\\\/uploads\\\/2023\\\/03\\\/novice_si.png\",\"width\":576,\"height\":200,\"caption\":\"Novice.si\"},\"image\":{\"@id\":\"https:\\\/\\\/novice.si\\\/page\\\/#\\\/schema\\\/logo\\\/image\\\/\"}},{\"@type\":\"Person\",\"@id\":\"https:\\\/\\\/novice.si\\\/page\\\/#\\\/schema\\\/person\\\/a877dbb8680d441357ce27663beb35ca\",\"name\":\"Uredni\u0161tvo Novic\",\"image\":{\"@type\":\"ImageObject\",\"inLanguage\":\"sl-SI\",\"@id\":\"https:\\\/\\\/secure.gravatar.com\\\/avatar\\\/f19c0ae874706cc9ba19d2f6da5f74a5a5ee7674f283fed29ce0ad16a9f1893e?s=96&d=mm&r=g\",\"url\":\"https:\\\/\\\/secure.gravatar.com\\\/avatar\\\/f19c0ae874706cc9ba19d2f6da5f74a5a5ee7674f283fed29ce0ad16a9f1893e?s=96&d=mm&r=g\",\"contentUrl\":\"https:\\\/\\\/secure.gravatar.com\\\/avatar\\\/f19c0ae874706cc9ba19d2f6da5f74a5a5ee7674f283fed29ce0ad16a9f1893e?s=96&d=mm&r=g\",\"caption\":\"Uredni\u0161tvo Novic\"},\"url\":\"https:\\\/\\\/novice.si\\\/page\\\/author\\\/jure\\\/\"}]}<\/script>\n<!-- \/ Yoast SEO plugin. -->","yoast_head_json":{"title":"Celjski rokometa\u0161i trenirajo brez glavnega trenerja, ki je na SP - Novice.si","robots":{"index":"index","follow":"follow","max-snippet":"max-snippet:-1","max-image-preview":"max-image-preview:large","max-video-preview":"max-video-preview:-1"},"canonical":"https:\/\/novice.si\/page\/celjski-rokometasi-trenirajo-brez-glavnega-trenerja-ki-je-na-sp\/","og_locale":"sl_SI","og_type":"article","og_title":"Celjski rokometa\u0161i trenirajo brez glavnega trenerja, ki je na SP - Novice.si","og_description":"Rokometa\u0161i Celja Pivovarne La\u0161ko so za\u010deli priprave na spomladanski del dr\u017eavnega prvenstva. Do konca rednega dela jih \u010daka \u0161e pet tekem, nato pa sedi kon\u010dnica in aprila tudi lov na 23. pokalno lovoriko. Ob odsotnosti glavnega trenerja Paula Pereire, ki je s portugalsko reprezentanco na svetovnem prvenstvu, je dirigentsko palico prevzel njegov pomo\u010dnik David Razgor. [&hellip;]","og_url":"https:\/\/novice.si\/page\/celjski-rokometasi-trenirajo-brez-glavnega-trenerja-ki-je-na-sp\/","og_site_name":"Novice.si","article_published_time":"2025-01-15T11:53:10+00:00","og_image":[{"width":1440,"height":1080,"url":"https:\/\/novice.si\/page\/wp-content\/uploads\/2025\/01\/rokomet-celje-priprave-foto-FB-RK-CPL.jpg","type":"image\/jpeg"}],"author":"Uredni\u0161tvo Novic","twitter_card":"summary_large_image","twitter_misc":{"Written by":"Uredni\u0161tvo Novic","Est. reading time":"2 minuti"},"schema":{"@context":"https:\/\/schema.org","@graph":[{"@type":"Article","@id":"https:\/\/novice.si\/page\/celjski-rokometasi-trenirajo-brez-glavnega-trenerja-ki-je-na-sp\/#article","isPartOf":{"@id":"https:\/\/novice.si\/page\/celjski-rokometasi-trenirajo-brez-glavnega-trenerja-ki-je-na-sp\/"},"author":{"name":"Uredni\u0161tvo Novic","@id":"https:\/\/novice.si\/page\/#\/schema\/person\/a877dbb8680d441357ce27663beb35ca"},"headline":"Celjski rokometa\u0161i trenirajo brez glavnega trenerja, ki je na SP","datePublished":"2025-01-15T11:53:10+00:00","mainEntityOfPage":{"@id":"https:\/\/novice.si\/page\/celjski-rokometasi-trenirajo-brez-glavnega-trenerja-ki-je-na-sp\/"},"wordCount":150,"publisher":{"@id":"https:\/\/novice.si\/page\/#organization"},"image":{"@id":"https:\/\/novice.si\/page\/celjski-rokometasi-trenirajo-brez-glavnega-trenerja-ki-je-na-sp\/#primaryimage"},"thumbnailUrl":"https:\/\/novice.si\/page\/wp-content\/uploads\/2025\/01\/rokomet-celje-priprave-foto-FB-RK-CPL.jpg","keywords":["RK Celje Pivovarna La\u0161ko"],"articleSection":["Aktualno","Celjsko","\u0160port"],"inLanguage":"sl-SI"},{"@type":"WebPage","@id":"https:\/\/novice.si\/page\/celjski-rokometasi-trenirajo-brez-glavnega-trenerja-ki-je-na-sp\/","url":"https:\/\/novice.si\/page\/celjski-rokometasi-trenirajo-brez-glavnega-trenerja-ki-je-na-sp\/","name":"Celjski rokometa\u0161i trenirajo brez glavnega trenerja, ki je na SP - Novice.si","isPartOf":{"@id":"https:\/\/novice.si\/page\/#website"},"primaryImageOfPage":{"@id":"https:\/\/novice.si\/page\/celjski-rokometasi-trenirajo-brez-glavnega-trenerja-ki-je-na-sp\/#primaryimage"},"image":{"@id":"https:\/\/novice.si\/page\/celjski-rokometasi-trenirajo-brez-glavnega-trenerja-ki-je-na-sp\/#primaryimage"},"thumbnailUrl":"https:\/\/novice.si\/page\/wp-content\/uploads\/2025\/01\/rokomet-celje-priprave-foto-FB-RK-CPL.jpg","datePublished":"2025-01-15T11:53:10+00:00","breadcrumb":{"@id":"https:\/\/novice.si\/page\/celjski-rokometasi-trenirajo-brez-glavnega-trenerja-ki-je-na-sp\/#breadcrumb"},"inLanguage":"sl-SI","potentialAction":[{"@type":"ReadAction","target":["https:\/\/novice.si\/page\/celjski-rokometasi-trenirajo-brez-glavnega-trenerja-ki-je-na-sp\/"]}]},{"@type":"ImageObject","inLanguage":"sl-SI","@id":"https:\/\/novice.si\/page\/celjski-rokometasi-trenirajo-brez-glavnega-trenerja-ki-je-na-sp\/#primaryimage","url":"https:\/\/novice.si\/page\/wp-content\/uploads\/2025\/01\/rokomet-celje-priprave-foto-FB-RK-CPL.jpg","contentUrl":"https:\/\/novice.si\/page\/wp-content\/uploads\/2025\/01\/rokomet-celje-priprave-foto-FB-RK-CPL.jpg","width":1440,"height":1080},{"@type":"BreadcrumbList","@id":"https:\/\/novice.si\/page\/celjski-rokometasi-trenirajo-brez-glavnega-trenerja-ki-je-na-sp\/#breadcrumb","itemListElement":[{"@type":"ListItem","position":1,"name":"Home","item":"https:\/\/novice.si\/page\/"},{"@type":"ListItem","position":2,"name":"Celjski rokometa\u0161i trenirajo brez glavnega trenerja, ki je na SP"}]},{"@type":"WebSite","@id":"https:\/\/novice.si\/page\/#website","url":"https:\/\/novice.si\/page\/","name":"Novice.si","description":"","publisher":{"@id":"https:\/\/novice.si\/page\/#organization"},"potentialAction":[{"@type":"SearchAction","target":{"@type":"EntryPoint","urlTemplate":"https:\/\/novice.si\/page\/?s={search_term_string}"},"query-input":{"@type":"PropertyValueSpecification","valueRequired":true,"valueName":"search_term_string"}}],"inLanguage":"sl-SI"},{"@type":"Organization","@id":"https:\/\/novice.si\/page\/#organization","name":"Novice.si","url":"https:\/\/novice.si\/page\/","logo":{"@type":"ImageObject","inLanguage":"sl-SI","@id":"https:\/\/novice.si\/page\/#\/schema\/logo\/image\/","url":"https:\/\/novice.si\/page\/wp-content\/uploads\/2023\/03\/novice_si.png","contentUrl":"https:\/\/novice.si\/page\/wp-content\/uploads\/2023\/03\/novice_si.png","width":576,"height":200,"caption":"Novice.si"},"image":{"@id":"https:\/\/novice.si\/page\/#\/schema\/logo\/image\/"}},{"@type":"Person","@id":"https:\/\/novice.si\/page\/#\/schema\/person\/a877dbb8680d441357ce27663beb35ca","name":"Uredni\u0161tvo Novic","image":{"@type":"ImageObject","inLanguage":"sl-SI","@id":"https:\/\/secure.gravatar.com\/avatar\/f19c0ae874706cc9ba19d2f6da5f74a5a5ee7674f283fed29ce0ad16a9f1893e?s=96&d=mm&r=g","url":"https:\/\/secure.gravatar.com\/avatar\/f19c0ae874706cc9ba19d2f6da5f74a5a5ee7674f283fed29ce0ad16a9f1893e?s=96&d=mm&r=g","contentUrl":"https:\/\/secure.gravatar.com\/avatar\/f19c0ae874706cc9ba19d2f6da5f74a5a5ee7674f283fed29ce0ad16a9f1893e?s=96&d=mm&r=g","caption":"Uredni\u0161tvo Novic"},"url":"https:\/\/novice.si\/page\/author\/jure\/"}]}},"_links":{"self":[{"href":"https:\/\/novice.si\/page\/wp-json\/wp\/v2\/posts\/183265","targetHints":{"allow":["GET"]}}],"collection":[{"href":"https:\/\/novice.si\/page\/wp-json\/wp\/v2\/posts"}],"about":[{"href":"https:\/\/novice.si\/page\/wp-json\/wp\/v2\/types\/post"}],"author":[{"embeddable":true,"href":"https:\/\/novice.si\/page\/wp-json\/wp\/v2\/users\/7"}],"replies":[{"embeddable":true,"href":"https:\/\/novice.si\/page\/wp-json\/wp\/v2\/comments?post=183265"}],"version-history":[{"count":1,"href":"https:\/\/novice.si\/page\/wp-json\/wp\/v2\/posts\/183265\/revisions"}],"predecessor-version":[{"id":183267,"href":"https:\/\/novice.si\/page\/wp-json\/wp\/v2\/posts\/183265\/revisions\/183267"}],"wp:featuredmedia":[{"embeddable":true,"href":"https:\/\/novice.si\/page\/wp-json\/wp\/v2\/media\/183266"}],"wp:attachment":[{"href":"https:\/\/novice.si\/page\/wp-json\/wp\/v2\/media?parent=183265"}],"wp:term":[{"taxonomy":"category","embeddable":true,"href":"https:\/\/novice.si\/page\/wp-json\/wp\/v2\/categories?post=183265"},{"taxonomy":"post_tag","embeddable":true,"href":"https:\/\/novice.si\/page\/wp-json\/wp\/v2\/tags?post=183265"}],"curies":[{"name":"wp","href":"https:\/\/api.w.org\/{rel}","templated":true}]}}