{"id":182008,"date":"2024-12-02T19:56:40","date_gmt":"2024-12-02T18:56:40","guid":{"rendered":"https:\/\/novice.si\/page\/?p=182008"},"modified":"2024-12-02T19:56:40","modified_gmt":"2024-12-02T18:56:40","slug":"celje-fkpv-bo-izvajala-problemsko-ucenje-v-delovnem-okolju","status":"publish","type":"post","link":"https:\/\/novice.si\/page\/celje-fkpv-bo-izvajala-problemsko-ucenje-v-delovnem-okolju\/","title":{"rendered":"CELJE FKPV bo izvajala problemsko u\u010denje v delovnem okolju"},"content":{"rendered":"<p>Celjska Fakulteta za komercialne in poslovne vede (FKPV) je pridobila sredstva ministrstva za visoko \u0161olstvo za projekta Razvoj programov za podjetni\u0161ko podporno okolje in <img loading=\"lazy\" decoding=\"async\" class=\"wp-image-167020 alignleft\" src=\"https:\/\/novice.si\/page\/wp-content\/uploads\/2023\/09\/FKPV-miza-2-450x600.jpg\" alt=\"\" width=\"285\" height=\"380\" srcset=\"https:\/\/novice.si\/page\/wp-content\/uploads\/2023\/09\/FKPV-miza-2-450x600.jpg 450w, https:\/\/novice.si\/page\/wp-content\/uploads\/2023\/09\/FKPV-miza-2-768x1024.jpg 768w, https:\/\/novice.si\/page\/wp-content\/uploads\/2023\/09\/FKPV-miza-2-1152x1536.jpg 1152w, https:\/\/novice.si\/page\/wp-content\/uploads\/2023\/09\/FKPV-miza-2-696x928.jpg 696w, https:\/\/novice.si\/page\/wp-content\/uploads\/2023\/09\/FKPV-miza-2-1068x1424.jpg 1068w, https:\/\/novice.si\/page\/wp-content\/uploads\/2023\/09\/FKPV-miza-2-315x420.jpg 315w, https:\/\/novice.si\/page\/wp-content\/uploads\/2023\/09\/FKPV-miza-2-18x24.jpg 18w, https:\/\/novice.si\/page\/wp-content\/uploads\/2023\/09\/FKPV-miza-2-27x36.jpg 27w, https:\/\/novice.si\/page\/wp-content\/uploads\/2023\/09\/FKPV-miza-2-36x48.jpg 36w, https:\/\/novice.si\/page\/wp-content\/uploads\/2023\/09\/FKPV-miza-2.jpg 1536w\" sizes=\"auto, (max-width: 285px) 100vw, 285px\" \/>Evalvacija ponudbe elektronskih podatkovnih zbirk.<\/p>\n<p>Gre za nekaj manj kot 45.000 evrov, ki jih s 85 odstotki sofinancira EU. S programoma bo fakulteta v prvi vrsti pripomogla k izbolj\u0161anju podpornega okolja podjetni\u0161tva in vi\u0161ji informacijski pismenosti, \u0161tudentje pa bo omogo\u010deno pridobivanje izku\u0161enj v realnem okolju.<\/p>\n<p>Partnerja celjske fakultete sta Osrednja knji\u017enica Celje in Inkubator Savinjske regije, ki bosta za projekt zagotavljala delovne mentorje za podporo \u0161tudentom.<\/p>\n<p>FKPV bo s knji\u017enico in inkubatorjem v obliki predavanj izmenjala izku\u0161nje s podro\u010dja dela, ob koncu pa bodo pripravili okroglo mizo, kjer bodo med drugim predstavili tudi izsledke raziskav tega projekta, ki se za\u010dne januarja 2025.<\/p>\n<p>P\u0160<\/p>\n<p>&nbsp;<\/p>\n","protected":false},"excerpt":{"rendered":"<p>Celjska Fakulteta za komercialne in poslovne vede (FKPV) je pridobila sredstva ministrstva za visoko \u0161olstvo za projekta Razvoj programov za podjetni\u0161ko podporno okolje in Evalvacija ponudbe elektronskih podatkovnih zbirk. Gre za nekaj manj kot 45.000 evrov, ki jih s 85 odstotki sofinancira EU. S programoma bo fakulteta v prvi vrsti pripomogla k izbolj\u0161anju podpornega okolja [&hellip;]<\/p>\n","protected":false},"author":33,"featured_media":150226,"comment_status":"closed","ping_status":"closed","sticky":false,"template":"","format":"standard","meta":{"footnotes":""},"categories":[17],"tags":[5879,3438,22094,14178],"class_list":{"0":"post-182008","1":"post","2":"type-post","3":"status-publish","4":"format-standard","5":"has-post-thumbnail","7":"category-celjsko","8":"tag-evropska-sredstva","9":"tag-fkpv","10":"tag-inkubator-savinjska-regija","11":"tag-osrednja-knjiznica-celje"},"yoast_head":"<!-- This site is optimized with the Yoast SEO plugin v27.4 - https:\/\/yoast.com\/product\/yoast-seo-wordpress\/ -->\n<title>CELJE FKPV bo izvajala problemsko u\u010denje v delovnem okolju - Novice.si<\/title>\n<meta name=\"robots\" content=\"index, follow, max-snippet:-1, max-image-preview:large, max-video-preview:-1\" \/>\n<link rel=\"canonical\" href=\"https:\/\/novice.si\/page\/celje-fkpv-bo-izvajala-problemsko-ucenje-v-delovnem-okolju\/\" \/>\n<meta property=\"og:locale\" content=\"sl_SI\" \/>\n<meta property=\"og:type\" content=\"article\" \/>\n<meta property=\"og:title\" content=\"CELJE FKPV bo izvajala problemsko u\u010denje v delovnem okolju - Novice.si\" \/>\n<meta property=\"og:description\" content=\"Celjska Fakulteta za komercialne in poslovne vede (FKPV) je pridobila sredstva ministrstva za visoko \u0161olstvo za projekta Razvoj programov za podjetni\u0161ko podporno okolje in Evalvacija ponudbe elektronskih podatkovnih zbirk. Gre za nekaj manj kot 45.000 evrov, ki jih s 85 odstotki sofinancira EU. S programoma bo fakulteta v prvi vrsti pripomogla k izbolj\u0161anju podpornega okolja [&hellip;]\" \/>\n<meta property=\"og:url\" content=\"https:\/\/novice.si\/page\/celje-fkpv-bo-izvajala-problemsko-ucenje-v-delovnem-okolju\/\" \/>\n<meta property=\"og:site_name\" content=\"Novice.si\" \/>\n<meta property=\"article:published_time\" content=\"2024-12-02T18:56:40+00:00\" \/>\n<meta property=\"og:image\" content=\"https:\/\/novice.si\/page\/wp-content\/uploads\/2022\/05\/abitura.jpg\" \/>\n\t<meta property=\"og:image:width\" content=\"876\" \/>\n\t<meta property=\"og:image:height\" content=\"960\" \/>\n\t<meta property=\"og:image:type\" content=\"image\/jpeg\" \/>\n<meta name=\"author\" content=\"Uredni\u0161tvo Celjana\" \/>\n<meta name=\"twitter:card\" content=\"summary_large_image\" \/>\n<meta name=\"twitter:label1\" content=\"Written by\" \/>\n\t<meta name=\"twitter:data1\" content=\"Uredni\u0161tvo Celjana\" \/>\n\t<meta name=\"twitter:label2\" content=\"Est. reading time\" \/>\n\t<meta name=\"twitter:data2\" content=\"2 minuti\" \/>\n<script type=\"application\/ld+json\" class=\"yoast-schema-graph\">{\"@context\":\"https:\\\/\\\/schema.org\",\"@graph\":[{\"@type\":\"Article\",\"@id\":\"https:\\\/\\\/novice.si\\\/page\\\/celje-fkpv-bo-izvajala-problemsko-ucenje-v-delovnem-okolju\\\/#article\",\"isPartOf\":{\"@id\":\"https:\\\/\\\/novice.si\\\/page\\\/celje-fkpv-bo-izvajala-problemsko-ucenje-v-delovnem-okolju\\\/\"},\"author\":{\"name\":\"Uredni\u0161tvo Celjana\",\"@id\":\"https:\\\/\\\/novice.si\\\/page\\\/#\\\/schema\\\/person\\\/57f25c9642a9541c7349c65d32032c3e\"},\"headline\":\"CELJE FKPV bo izvajala problemsko u\u010denje v delovnem okolju\",\"datePublished\":\"2024-12-02T18:56:40+00:00\",\"mainEntityOfPage\":{\"@id\":\"https:\\\/\\\/novice.si\\\/page\\\/celje-fkpv-bo-izvajala-problemsko-ucenje-v-delovnem-okolju\\\/\"},\"wordCount\":146,\"publisher\":{\"@id\":\"https:\\\/\\\/novice.si\\\/page\\\/#organization\"},\"image\":{\"@id\":\"https:\\\/\\\/novice.si\\\/page\\\/celje-fkpv-bo-izvajala-problemsko-ucenje-v-delovnem-okolju\\\/#primaryimage\"},\"thumbnailUrl\":\"https:\\\/\\\/novice.si\\\/page\\\/wp-content\\\/uploads\\\/2022\\\/05\\\/abitura.jpg\",\"keywords\":[\"evropska sredstva\",\"FKPV\",\"Inkubator Savinjska regija\",\"Osrednja knji\u017enica Celje\"],\"articleSection\":[\"Celjsko\"],\"inLanguage\":\"sl-SI\"},{\"@type\":\"WebPage\",\"@id\":\"https:\\\/\\\/novice.si\\\/page\\\/celje-fkpv-bo-izvajala-problemsko-ucenje-v-delovnem-okolju\\\/\",\"url\":\"https:\\\/\\\/novice.si\\\/page\\\/celje-fkpv-bo-izvajala-problemsko-ucenje-v-delovnem-okolju\\\/\",\"name\":\"CELJE FKPV bo izvajala problemsko u\u010denje v delovnem okolju - Novice.si\",\"isPartOf\":{\"@id\":\"https:\\\/\\\/novice.si\\\/page\\\/#website\"},\"primaryImageOfPage\":{\"@id\":\"https:\\\/\\\/novice.si\\\/page\\\/celje-fkpv-bo-izvajala-problemsko-ucenje-v-delovnem-okolju\\\/#primaryimage\"},\"image\":{\"@id\":\"https:\\\/\\\/novice.si\\\/page\\\/celje-fkpv-bo-izvajala-problemsko-ucenje-v-delovnem-okolju\\\/#primaryimage\"},\"thumbnailUrl\":\"https:\\\/\\\/novice.si\\\/page\\\/wp-content\\\/uploads\\\/2022\\\/05\\\/abitura.jpg\",\"datePublished\":\"2024-12-02T18:56:40+00:00\",\"breadcrumb\":{\"@id\":\"https:\\\/\\\/novice.si\\\/page\\\/celje-fkpv-bo-izvajala-problemsko-ucenje-v-delovnem-okolju\\\/#breadcrumb\"},\"inLanguage\":\"sl-SI\",\"potentialAction\":[{\"@type\":\"ReadAction\",\"target\":[\"https:\\\/\\\/novice.si\\\/page\\\/celje-fkpv-bo-izvajala-problemsko-ucenje-v-delovnem-okolju\\\/\"]}]},{\"@type\":\"ImageObject\",\"inLanguage\":\"sl-SI\",\"@id\":\"https:\\\/\\\/novice.si\\\/page\\\/celje-fkpv-bo-izvajala-problemsko-ucenje-v-delovnem-okolju\\\/#primaryimage\",\"url\":\"https:\\\/\\\/novice.si\\\/page\\\/wp-content\\\/uploads\\\/2022\\\/05\\\/abitura.jpg\",\"contentUrl\":\"https:\\\/\\\/novice.si\\\/page\\\/wp-content\\\/uploads\\\/2022\\\/05\\\/abitura.jpg\",\"width\":876,\"height\":960},{\"@type\":\"BreadcrumbList\",\"@id\":\"https:\\\/\\\/novice.si\\\/page\\\/celje-fkpv-bo-izvajala-problemsko-ucenje-v-delovnem-okolju\\\/#breadcrumb\",\"itemListElement\":[{\"@type\":\"ListItem\",\"position\":1,\"name\":\"Home\",\"item\":\"https:\\\/\\\/novice.si\\\/page\\\/\"},{\"@type\":\"ListItem\",\"position\":2,\"name\":\"CELJE FKPV bo izvajala problemsko u\u010denje v delovnem okolju\"}]},{\"@type\":\"WebSite\",\"@id\":\"https:\\\/\\\/novice.si\\\/page\\\/#website\",\"url\":\"https:\\\/\\\/novice.si\\\/page\\\/\",\"name\":\"Novice.si\",\"description\":\"\",\"publisher\":{\"@id\":\"https:\\\/\\\/novice.si\\\/page\\\/#organization\"},\"potentialAction\":[{\"@type\":\"SearchAction\",\"target\":{\"@type\":\"EntryPoint\",\"urlTemplate\":\"https:\\\/\\\/novice.si\\\/page\\\/?s={search_term_string}\"},\"query-input\":{\"@type\":\"PropertyValueSpecification\",\"valueRequired\":true,\"valueName\":\"search_term_string\"}}],\"inLanguage\":\"sl-SI\"},{\"@type\":\"Organization\",\"@id\":\"https:\\\/\\\/novice.si\\\/page\\\/#organization\",\"name\":\"Novice.si\",\"url\":\"https:\\\/\\\/novice.si\\\/page\\\/\",\"logo\":{\"@type\":\"ImageObject\",\"inLanguage\":\"sl-SI\",\"@id\":\"https:\\\/\\\/novice.si\\\/page\\\/#\\\/schema\\\/logo\\\/image\\\/\",\"url\":\"https:\\\/\\\/novice.si\\\/page\\\/wp-content\\\/uploads\\\/2023\\\/03\\\/novice_si.png\",\"contentUrl\":\"https:\\\/\\\/novice.si\\\/page\\\/wp-content\\\/uploads\\\/2023\\\/03\\\/novice_si.png\",\"width\":576,\"height\":200,\"caption\":\"Novice.si\"},\"image\":{\"@id\":\"https:\\\/\\\/novice.si\\\/page\\\/#\\\/schema\\\/logo\\\/image\\\/\"}},{\"@type\":\"Person\",\"@id\":\"https:\\\/\\\/novice.si\\\/page\\\/#\\\/schema\\\/person\\\/57f25c9642a9541c7349c65d32032c3e\",\"name\":\"Uredni\u0161tvo Celjana\",\"image\":{\"@type\":\"ImageObject\",\"inLanguage\":\"sl-SI\",\"@id\":\"https:\\\/\\\/secure.gravatar.com\\\/avatar\\\/78e52bc4279b65f6df6345e0ef0f7b792d361361f230cf4ffecfe0afe6d5629c?s=96&d=mm&r=g\",\"url\":\"https:\\\/\\\/secure.gravatar.com\\\/avatar\\\/78e52bc4279b65f6df6345e0ef0f7b792d361361f230cf4ffecfe0afe6d5629c?s=96&d=mm&r=g\",\"contentUrl\":\"https:\\\/\\\/secure.gravatar.com\\\/avatar\\\/78e52bc4279b65f6df6345e0ef0f7b792d361361f230cf4ffecfe0afe6d5629c?s=96&d=mm&r=g\",\"caption\":\"Uredni\u0161tvo Celjana\"},\"url\":\"https:\\\/\\\/novice.si\\\/page\\\/author\\\/primoz\\\/\"}]}<\/script>\n<!-- \/ Yoast SEO plugin. -->","yoast_head_json":{"title":"CELJE FKPV bo izvajala problemsko u\u010denje v delovnem okolju - Novice.si","robots":{"index":"index","follow":"follow","max-snippet":"max-snippet:-1","max-image-preview":"max-image-preview:large","max-video-preview":"max-video-preview:-1"},"canonical":"https:\/\/novice.si\/page\/celje-fkpv-bo-izvajala-problemsko-ucenje-v-delovnem-okolju\/","og_locale":"sl_SI","og_type":"article","og_title":"CELJE FKPV bo izvajala problemsko u\u010denje v delovnem okolju - Novice.si","og_description":"Celjska Fakulteta za komercialne in poslovne vede (FKPV) je pridobila sredstva ministrstva za visoko \u0161olstvo za projekta Razvoj programov za podjetni\u0161ko podporno okolje in Evalvacija ponudbe elektronskih podatkovnih zbirk. Gre za nekaj manj kot 45.000 evrov, ki jih s 85 odstotki sofinancira EU. S programoma bo fakulteta v prvi vrsti pripomogla k izbolj\u0161anju podpornega okolja [&hellip;]","og_url":"https:\/\/novice.si\/page\/celje-fkpv-bo-izvajala-problemsko-ucenje-v-delovnem-okolju\/","og_site_name":"Novice.si","article_published_time":"2024-12-02T18:56:40+00:00","og_image":[{"width":876,"height":960,"url":"https:\/\/novice.si\/page\/wp-content\/uploads\/2022\/05\/abitura.jpg","type":"image\/jpeg"}],"author":"Uredni\u0161tvo Celjana","twitter_card":"summary_large_image","twitter_misc":{"Written by":"Uredni\u0161tvo Celjana","Est. reading time":"2 minuti"},"schema":{"@context":"https:\/\/schema.org","@graph":[{"@type":"Article","@id":"https:\/\/novice.si\/page\/celje-fkpv-bo-izvajala-problemsko-ucenje-v-delovnem-okolju\/#article","isPartOf":{"@id":"https:\/\/novice.si\/page\/celje-fkpv-bo-izvajala-problemsko-ucenje-v-delovnem-okolju\/"},"author":{"name":"Uredni\u0161tvo Celjana","@id":"https:\/\/novice.si\/page\/#\/schema\/person\/57f25c9642a9541c7349c65d32032c3e"},"headline":"CELJE FKPV bo izvajala problemsko u\u010denje v delovnem okolju","datePublished":"2024-12-02T18:56:40+00:00","mainEntityOfPage":{"@id":"https:\/\/novice.si\/page\/celje-fkpv-bo-izvajala-problemsko-ucenje-v-delovnem-okolju\/"},"wordCount":146,"publisher":{"@id":"https:\/\/novice.si\/page\/#organization"},"image":{"@id":"https:\/\/novice.si\/page\/celje-fkpv-bo-izvajala-problemsko-ucenje-v-delovnem-okolju\/#primaryimage"},"thumbnailUrl":"https:\/\/novice.si\/page\/wp-content\/uploads\/2022\/05\/abitura.jpg","keywords":["evropska sredstva","FKPV","Inkubator Savinjska regija","Osrednja knji\u017enica Celje"],"articleSection":["Celjsko"],"inLanguage":"sl-SI"},{"@type":"WebPage","@id":"https:\/\/novice.si\/page\/celje-fkpv-bo-izvajala-problemsko-ucenje-v-delovnem-okolju\/","url":"https:\/\/novice.si\/page\/celje-fkpv-bo-izvajala-problemsko-ucenje-v-delovnem-okolju\/","name":"CELJE FKPV bo izvajala problemsko u\u010denje v delovnem okolju - Novice.si","isPartOf":{"@id":"https:\/\/novice.si\/page\/#website"},"primaryImageOfPage":{"@id":"https:\/\/novice.si\/page\/celje-fkpv-bo-izvajala-problemsko-ucenje-v-delovnem-okolju\/#primaryimage"},"image":{"@id":"https:\/\/novice.si\/page\/celje-fkpv-bo-izvajala-problemsko-ucenje-v-delovnem-okolju\/#primaryimage"},"thumbnailUrl":"https:\/\/novice.si\/page\/wp-content\/uploads\/2022\/05\/abitura.jpg","datePublished":"2024-12-02T18:56:40+00:00","breadcrumb":{"@id":"https:\/\/novice.si\/page\/celje-fkpv-bo-izvajala-problemsko-ucenje-v-delovnem-okolju\/#breadcrumb"},"inLanguage":"sl-SI","potentialAction":[{"@type":"ReadAction","target":["https:\/\/novice.si\/page\/celje-fkpv-bo-izvajala-problemsko-ucenje-v-delovnem-okolju\/"]}]},{"@type":"ImageObject","inLanguage":"sl-SI","@id":"https:\/\/novice.si\/page\/celje-fkpv-bo-izvajala-problemsko-ucenje-v-delovnem-okolju\/#primaryimage","url":"https:\/\/novice.si\/page\/wp-content\/uploads\/2022\/05\/abitura.jpg","contentUrl":"https:\/\/novice.si\/page\/wp-content\/uploads\/2022\/05\/abitura.jpg","width":876,"height":960},{"@type":"BreadcrumbList","@id":"https:\/\/novice.si\/page\/celje-fkpv-bo-izvajala-problemsko-ucenje-v-delovnem-okolju\/#breadcrumb","itemListElement":[{"@type":"ListItem","position":1,"name":"Home","item":"https:\/\/novice.si\/page\/"},{"@type":"ListItem","position":2,"name":"CELJE FKPV bo izvajala problemsko u\u010denje v delovnem okolju"}]},{"@type":"WebSite","@id":"https:\/\/novice.si\/page\/#website","url":"https:\/\/novice.si\/page\/","name":"Novice.si","description":"","publisher":{"@id":"https:\/\/novice.si\/page\/#organization"},"potentialAction":[{"@type":"SearchAction","target":{"@type":"EntryPoint","urlTemplate":"https:\/\/novice.si\/page\/?s={search_term_string}"},"query-input":{"@type":"PropertyValueSpecification","valueRequired":true,"valueName":"search_term_string"}}],"inLanguage":"sl-SI"},{"@type":"Organization","@id":"https:\/\/novice.si\/page\/#organization","name":"Novice.si","url":"https:\/\/novice.si\/page\/","logo":{"@type":"ImageObject","inLanguage":"sl-SI","@id":"https:\/\/novice.si\/page\/#\/schema\/logo\/image\/","url":"https:\/\/novice.si\/page\/wp-content\/uploads\/2023\/03\/novice_si.png","contentUrl":"https:\/\/novice.si\/page\/wp-content\/uploads\/2023\/03\/novice_si.png","width":576,"height":200,"caption":"Novice.si"},"image":{"@id":"https:\/\/novice.si\/page\/#\/schema\/logo\/image\/"}},{"@type":"Person","@id":"https:\/\/novice.si\/page\/#\/schema\/person\/57f25c9642a9541c7349c65d32032c3e","name":"Uredni\u0161tvo Celjana","image":{"@type":"ImageObject","inLanguage":"sl-SI","@id":"https:\/\/secure.gravatar.com\/avatar\/78e52bc4279b65f6df6345e0ef0f7b792d361361f230cf4ffecfe0afe6d5629c?s=96&d=mm&r=g","url":"https:\/\/secure.gravatar.com\/avatar\/78e52bc4279b65f6df6345e0ef0f7b792d361361f230cf4ffecfe0afe6d5629c?s=96&d=mm&r=g","contentUrl":"https:\/\/secure.gravatar.com\/avatar\/78e52bc4279b65f6df6345e0ef0f7b792d361361f230cf4ffecfe0afe6d5629c?s=96&d=mm&r=g","caption":"Uredni\u0161tvo Celjana"},"url":"https:\/\/novice.si\/page\/author\/primoz\/"}]}},"_links":{"self":[{"href":"https:\/\/novice.si\/page\/wp-json\/wp\/v2\/posts\/182008","targetHints":{"allow":["GET"]}}],"collection":[{"href":"https:\/\/novice.si\/page\/wp-json\/wp\/v2\/posts"}],"about":[{"href":"https:\/\/novice.si\/page\/wp-json\/wp\/v2\/types\/post"}],"author":[{"embeddable":true,"href":"https:\/\/novice.si\/page\/wp-json\/wp\/v2\/users\/33"}],"replies":[{"embeddable":true,"href":"https:\/\/novice.si\/page\/wp-json\/wp\/v2\/comments?post=182008"}],"version-history":[{"count":1,"href":"https:\/\/novice.si\/page\/wp-json\/wp\/v2\/posts\/182008\/revisions"}],"predecessor-version":[{"id":182009,"href":"https:\/\/novice.si\/page\/wp-json\/wp\/v2\/posts\/182008\/revisions\/182009"}],"wp:featuredmedia":[{"embeddable":true,"href":"https:\/\/novice.si\/page\/wp-json\/wp\/v2\/media\/150226"}],"wp:attachment":[{"href":"https:\/\/novice.si\/page\/wp-json\/wp\/v2\/media?parent=182008"}],"wp:term":[{"taxonomy":"category","embeddable":true,"href":"https:\/\/novice.si\/page\/wp-json\/wp\/v2\/categories?post=182008"},{"taxonomy":"post_tag","embeddable":true,"href":"https:\/\/novice.si\/page\/wp-json\/wp\/v2\/tags?post=182008"}],"curies":[{"name":"wp","href":"https:\/\/api.w.org\/{rel}","templated":true}]}}