{"id":181174,"date":"2024-10-04T07:51:03","date_gmt":"2024-10-04T05:51:03","guid":{"rendered":"https:\/\/novice.si\/page\/?p=181174"},"modified":"2024-11-16T09:56:47","modified_gmt":"2024-11-16T08:56:47","slug":"alpsko-smucanje-potrdili-seznam-reprezentanc","status":"publish","type":"post","link":"https:\/\/novice.si\/page\/alpsko-smucanje-potrdili-seznam-reprezentanc\/","title":{"rendered":"Alpsko smu\u010danje: potrdili seznam reprezentanc"},"content":{"rendered":"<p><img loading=\"lazy\" decoding=\"async\" class=\"alignnone size-medium wp-image-170229\" src=\"https:\/\/novice.si\/page\/wp-content\/uploads\/2023\/12\/cater-martin-2023-22-foto-Facebook-600x428.jpg\" alt=\"\" width=\"600\" height=\"428\" srcset=\"https:\/\/novice.si\/page\/wp-content\/uploads\/2023\/12\/cater-martin-2023-22-foto-Facebook-600x428.jpg 600w, https:\/\/novice.si\/page\/wp-content\/uploads\/2023\/12\/cater-martin-2023-22-foto-Facebook-1024x730.jpg 1024w, https:\/\/novice.si\/page\/wp-content\/uploads\/2023\/12\/cater-martin-2023-22-foto-Facebook-768x548.jpg 768w, https:\/\/novice.si\/page\/wp-content\/uploads\/2023\/12\/cater-martin-2023-22-foto-Facebook-100x70.jpg 100w, https:\/\/novice.si\/page\/wp-content\/uploads\/2023\/12\/cater-martin-2023-22-foto-Facebook-696x497.jpg 696w, https:\/\/novice.si\/page\/wp-content\/uploads\/2023\/12\/cater-martin-2023-22-foto-Facebook-1068x762.jpg 1068w, https:\/\/novice.si\/page\/wp-content\/uploads\/2023\/12\/cater-martin-2023-22-foto-Facebook-589x420.jpg 589w, https:\/\/novice.si\/page\/wp-content\/uploads\/2023\/12\/cater-martin-2023-22-foto-Facebook-24x17.jpg 24w, https:\/\/novice.si\/page\/wp-content\/uploads\/2023\/12\/cater-martin-2023-22-foto-Facebook-36x26.jpg 36w, https:\/\/novice.si\/page\/wp-content\/uploads\/2023\/12\/cater-martin-2023-22-foto-Facebook-48x34.jpg 48w, https:\/\/novice.si\/page\/wp-content\/uploads\/2023\/12\/cater-martin-2023-22-foto-Facebook.jpg 1406w\" sizes=\"auto, (max-width: 600px) 100vw, 600px\" \/><br \/>\nZbor panoge za alpsko smu\u010danje Smu\u010darske zveze Slovenije je \u0161ele pred nekaj dnevi potrdil seznam reprezentanc za sezono 2024\/2025. V ekipi za svetovni pokal za hitri disciplini je \u0161e naprej tudi Celjan <strong>Martin \u010cater<\/strong>. Naloge odgovornega trenerja so zaupali <strong>Ale\u0161u Brezav\u0161\u010dku<\/strong>, njegov pomo\u010dnik je <strong>Natko Zrn\u010di\u0107 Dim<\/strong>. Med tekmovalkami za tehni\u010dni disciplini za evropski pokal, ki so kot del ekipe za svetovni pokal, pa je \u0161e ena \u010dlanica Smu\u010darskega kluba Celje <strong>Anja Oplotnik<\/strong>.<br \/>\nV ekipi za svetovni pokal za tehni\u010dni disciplini pa je Konji\u010dan <strong>Tijan Marovt<\/strong>. Za njegovo pripravo je v prvi vrsti \u0161e vedno zadol\u017een odgovorni trener za slalom <strong>Sergej Polj\u0161ak<\/strong>, medtem ko je <strong>Miha Verdnik <\/strong>odgovorni trener in vodja ekipe, v kateri je \u0161e <strong>\u017dan Kranjec<\/strong>. (Jure Mernik)<br \/>\nFoto: Facebook<\/p>\n","protected":false},"excerpt":{"rendered":"<p>Zbor panoge za alpsko smu\u010danje Smu\u010darske zveze Slovenije je \u0161ele pred nekaj dnevi potrdil seznam reprezentanc za sezono 2024\/2025. V ekipi za svetovni pokal za hitri disciplini je \u0161e naprej tudi Celjan Martin \u010cater. Naloge odgovornega trenerja so zaupali Ale\u0161u Brezav\u0161\u010dku, njegov pomo\u010dnik je Natko Zrn\u010di\u0107 Dim. Med tekmovalkami za tehni\u010dni disciplini za evropski pokal, [&hellip;]<\/p>\n","protected":false},"author":7,"featured_media":170229,"comment_status":"closed","ping_status":"closed","sticky":false,"template":"","format":"standard","meta":{"footnotes":""},"categories":[14,17,16,68],"tags":[11319,7037,8185],"class_list":{"0":"post-181174","1":"post","2":"type-post","3":"status-publish","4":"format-standard","5":"has-post-thumbnail","7":"category-aktualno","8":"category-celjsko","9":"category-konjisko","10":"category-sport","11":"tag-anja-oplotnik","12":"tag-martin-cater","13":"tag-tijan-marovt"},"yoast_head":"<!-- This site is optimized with the Yoast SEO plugin v27.4 - https:\/\/yoast.com\/product\/yoast-seo-wordpress\/ -->\n<title>Alpsko smu\u010danje: potrdili seznam reprezentanc - Novice.si<\/title>\n<meta name=\"robots\" content=\"index, follow, max-snippet:-1, max-image-preview:large, max-video-preview:-1\" \/>\n<link rel=\"canonical\" href=\"https:\/\/novice.si\/page\/alpsko-smucanje-potrdili-seznam-reprezentanc\/\" \/>\n<meta property=\"og:locale\" content=\"sl_SI\" \/>\n<meta property=\"og:type\" content=\"article\" \/>\n<meta property=\"og:title\" content=\"Alpsko smu\u010danje: potrdili seznam reprezentanc - Novice.si\" \/>\n<meta property=\"og:description\" content=\"Zbor panoge za alpsko smu\u010danje Smu\u010darske zveze Slovenije je \u0161ele pred nekaj dnevi potrdil seznam reprezentanc za sezono 2024\/2025. V ekipi za svetovni pokal za hitri disciplini je \u0161e naprej tudi Celjan Martin \u010cater. Naloge odgovornega trenerja so zaupali Ale\u0161u Brezav\u0161\u010dku, njegov pomo\u010dnik je Natko Zrn\u010di\u0107 Dim. Med tekmovalkami za tehni\u010dni disciplini za evropski pokal, [&hellip;]\" \/>\n<meta property=\"og:url\" content=\"https:\/\/novice.si\/page\/alpsko-smucanje-potrdili-seznam-reprezentanc\/\" \/>\n<meta property=\"og:site_name\" content=\"Novice.si\" \/>\n<meta property=\"article:published_time\" content=\"2024-10-04T05:51:03+00:00\" \/>\n<meta property=\"article:modified_time\" content=\"2024-11-16T08:56:47+00:00\" \/>\n<meta property=\"og:image\" content=\"https:\/\/novice.si\/page\/wp-content\/uploads\/2023\/12\/cater-martin-2023-22-foto-Facebook.jpg\" \/>\n\t<meta property=\"og:image:width\" content=\"1406\" \/>\n\t<meta property=\"og:image:height\" content=\"1003\" \/>\n\t<meta property=\"og:image:type\" content=\"image\/jpeg\" \/>\n<meta name=\"author\" content=\"Uredni\u0161tvo Novic\" \/>\n<meta name=\"twitter:card\" content=\"summary_large_image\" \/>\n<meta name=\"twitter:label1\" content=\"Written by\" \/>\n\t<meta name=\"twitter:data1\" content=\"Uredni\u0161tvo Novic\" \/>\n\t<meta name=\"twitter:label2\" content=\"Est. reading time\" \/>\n\t<meta name=\"twitter:data2\" content=\"2 minuti\" \/>\n<script type=\"application\/ld+json\" class=\"yoast-schema-graph\">{\"@context\":\"https:\\\/\\\/schema.org\",\"@graph\":[{\"@type\":\"Article\",\"@id\":\"https:\\\/\\\/novice.si\\\/page\\\/alpsko-smucanje-potrdili-seznam-reprezentanc\\\/#article\",\"isPartOf\":{\"@id\":\"https:\\\/\\\/novice.si\\\/page\\\/alpsko-smucanje-potrdili-seznam-reprezentanc\\\/\"},\"author\":{\"name\":\"Uredni\u0161tvo Novic\",\"@id\":\"https:\\\/\\\/novice.si\\\/page\\\/#\\\/schema\\\/person\\\/a877dbb8680d441357ce27663beb35ca\"},\"headline\":\"Alpsko smu\u010danje: potrdili seznam reprezentanc\",\"datePublished\":\"2024-10-04T05:51:03+00:00\",\"dateModified\":\"2024-11-16T08:56:47+00:00\",\"mainEntityOfPage\":{\"@id\":\"https:\\\/\\\/novice.si\\\/page\\\/alpsko-smucanje-potrdili-seznam-reprezentanc\\\/\"},\"wordCount\":139,\"publisher\":{\"@id\":\"https:\\\/\\\/novice.si\\\/page\\\/#organization\"},\"image\":{\"@id\":\"https:\\\/\\\/novice.si\\\/page\\\/alpsko-smucanje-potrdili-seznam-reprezentanc\\\/#primaryimage\"},\"thumbnailUrl\":\"https:\\\/\\\/novice.si\\\/page\\\/wp-content\\\/uploads\\\/2023\\\/12\\\/cater-martin-2023-22-foto-Facebook.jpg\",\"keywords\":[\"Anja Oplotnik\",\"Martin \u010cater\",\"Tijan Marovt\"],\"articleSection\":[\"Aktualno\",\"Celjsko\",\"Konji\u0161ko\",\"\u0160port\"],\"inLanguage\":\"sl-SI\"},{\"@type\":\"WebPage\",\"@id\":\"https:\\\/\\\/novice.si\\\/page\\\/alpsko-smucanje-potrdili-seznam-reprezentanc\\\/\",\"url\":\"https:\\\/\\\/novice.si\\\/page\\\/alpsko-smucanje-potrdili-seznam-reprezentanc\\\/\",\"name\":\"Alpsko smu\u010danje: potrdili seznam reprezentanc - Novice.si\",\"isPartOf\":{\"@id\":\"https:\\\/\\\/novice.si\\\/page\\\/#website\"},\"primaryImageOfPage\":{\"@id\":\"https:\\\/\\\/novice.si\\\/page\\\/alpsko-smucanje-potrdili-seznam-reprezentanc\\\/#primaryimage\"},\"image\":{\"@id\":\"https:\\\/\\\/novice.si\\\/page\\\/alpsko-smucanje-potrdili-seznam-reprezentanc\\\/#primaryimage\"},\"thumbnailUrl\":\"https:\\\/\\\/novice.si\\\/page\\\/wp-content\\\/uploads\\\/2023\\\/12\\\/cater-martin-2023-22-foto-Facebook.jpg\",\"datePublished\":\"2024-10-04T05:51:03+00:00\",\"dateModified\":\"2024-11-16T08:56:47+00:00\",\"breadcrumb\":{\"@id\":\"https:\\\/\\\/novice.si\\\/page\\\/alpsko-smucanje-potrdili-seznam-reprezentanc\\\/#breadcrumb\"},\"inLanguage\":\"sl-SI\",\"potentialAction\":[{\"@type\":\"ReadAction\",\"target\":[\"https:\\\/\\\/novice.si\\\/page\\\/alpsko-smucanje-potrdili-seznam-reprezentanc\\\/\"]}]},{\"@type\":\"ImageObject\",\"inLanguage\":\"sl-SI\",\"@id\":\"https:\\\/\\\/novice.si\\\/page\\\/alpsko-smucanje-potrdili-seznam-reprezentanc\\\/#primaryimage\",\"url\":\"https:\\\/\\\/novice.si\\\/page\\\/wp-content\\\/uploads\\\/2023\\\/12\\\/cater-martin-2023-22-foto-Facebook.jpg\",\"contentUrl\":\"https:\\\/\\\/novice.si\\\/page\\\/wp-content\\\/uploads\\\/2023\\\/12\\\/cater-martin-2023-22-foto-Facebook.jpg\",\"width\":1406,\"height\":1003},{\"@type\":\"BreadcrumbList\",\"@id\":\"https:\\\/\\\/novice.si\\\/page\\\/alpsko-smucanje-potrdili-seznam-reprezentanc\\\/#breadcrumb\",\"itemListElement\":[{\"@type\":\"ListItem\",\"position\":1,\"name\":\"Home\",\"item\":\"https:\\\/\\\/novice.si\\\/page\\\/\"},{\"@type\":\"ListItem\",\"position\":2,\"name\":\"Alpsko smu\u010danje: potrdili seznam reprezentanc\"}]},{\"@type\":\"WebSite\",\"@id\":\"https:\\\/\\\/novice.si\\\/page\\\/#website\",\"url\":\"https:\\\/\\\/novice.si\\\/page\\\/\",\"name\":\"Novice.si\",\"description\":\"\",\"publisher\":{\"@id\":\"https:\\\/\\\/novice.si\\\/page\\\/#organization\"},\"potentialAction\":[{\"@type\":\"SearchAction\",\"target\":{\"@type\":\"EntryPoint\",\"urlTemplate\":\"https:\\\/\\\/novice.si\\\/page\\\/?s={search_term_string}\"},\"query-input\":{\"@type\":\"PropertyValueSpecification\",\"valueRequired\":true,\"valueName\":\"search_term_string\"}}],\"inLanguage\":\"sl-SI\"},{\"@type\":\"Organization\",\"@id\":\"https:\\\/\\\/novice.si\\\/page\\\/#organization\",\"name\":\"Novice.si\",\"url\":\"https:\\\/\\\/novice.si\\\/page\\\/\",\"logo\":{\"@type\":\"ImageObject\",\"inLanguage\":\"sl-SI\",\"@id\":\"https:\\\/\\\/novice.si\\\/page\\\/#\\\/schema\\\/logo\\\/image\\\/\",\"url\":\"https:\\\/\\\/novice.si\\\/page\\\/wp-content\\\/uploads\\\/2023\\\/03\\\/novice_si.png\",\"contentUrl\":\"https:\\\/\\\/novice.si\\\/page\\\/wp-content\\\/uploads\\\/2023\\\/03\\\/novice_si.png\",\"width\":576,\"height\":200,\"caption\":\"Novice.si\"},\"image\":{\"@id\":\"https:\\\/\\\/novice.si\\\/page\\\/#\\\/schema\\\/logo\\\/image\\\/\"}},{\"@type\":\"Person\",\"@id\":\"https:\\\/\\\/novice.si\\\/page\\\/#\\\/schema\\\/person\\\/a877dbb8680d441357ce27663beb35ca\",\"name\":\"Uredni\u0161tvo Novic\",\"image\":{\"@type\":\"ImageObject\",\"inLanguage\":\"sl-SI\",\"@id\":\"https:\\\/\\\/secure.gravatar.com\\\/avatar\\\/f19c0ae874706cc9ba19d2f6da5f74a5a5ee7674f283fed29ce0ad16a9f1893e?s=96&d=mm&r=g\",\"url\":\"https:\\\/\\\/secure.gravatar.com\\\/avatar\\\/f19c0ae874706cc9ba19d2f6da5f74a5a5ee7674f283fed29ce0ad16a9f1893e?s=96&d=mm&r=g\",\"contentUrl\":\"https:\\\/\\\/secure.gravatar.com\\\/avatar\\\/f19c0ae874706cc9ba19d2f6da5f74a5a5ee7674f283fed29ce0ad16a9f1893e?s=96&d=mm&r=g\",\"caption\":\"Uredni\u0161tvo Novic\"},\"url\":\"https:\\\/\\\/novice.si\\\/page\\\/author\\\/jure\\\/\"}]}<\/script>\n<!-- \/ Yoast SEO plugin. -->","yoast_head_json":{"title":"Alpsko smu\u010danje: potrdili seznam reprezentanc - Novice.si","robots":{"index":"index","follow":"follow","max-snippet":"max-snippet:-1","max-image-preview":"max-image-preview:large","max-video-preview":"max-video-preview:-1"},"canonical":"https:\/\/novice.si\/page\/alpsko-smucanje-potrdili-seznam-reprezentanc\/","og_locale":"sl_SI","og_type":"article","og_title":"Alpsko smu\u010danje: potrdili seznam reprezentanc - Novice.si","og_description":"Zbor panoge za alpsko smu\u010danje Smu\u010darske zveze Slovenije je \u0161ele pred nekaj dnevi potrdil seznam reprezentanc za sezono 2024\/2025. V ekipi za svetovni pokal za hitri disciplini je \u0161e naprej tudi Celjan Martin \u010cater. Naloge odgovornega trenerja so zaupali Ale\u0161u Brezav\u0161\u010dku, njegov pomo\u010dnik je Natko Zrn\u010di\u0107 Dim. Med tekmovalkami za tehni\u010dni disciplini za evropski pokal, [&hellip;]","og_url":"https:\/\/novice.si\/page\/alpsko-smucanje-potrdili-seznam-reprezentanc\/","og_site_name":"Novice.si","article_published_time":"2024-10-04T05:51:03+00:00","article_modified_time":"2024-11-16T08:56:47+00:00","og_image":[{"width":1406,"height":1003,"url":"https:\/\/novice.si\/page\/wp-content\/uploads\/2023\/12\/cater-martin-2023-22-foto-Facebook.jpg","type":"image\/jpeg"}],"author":"Uredni\u0161tvo Novic","twitter_card":"summary_large_image","twitter_misc":{"Written by":"Uredni\u0161tvo Novic","Est. reading time":"2 minuti"},"schema":{"@context":"https:\/\/schema.org","@graph":[{"@type":"Article","@id":"https:\/\/novice.si\/page\/alpsko-smucanje-potrdili-seznam-reprezentanc\/#article","isPartOf":{"@id":"https:\/\/novice.si\/page\/alpsko-smucanje-potrdili-seznam-reprezentanc\/"},"author":{"name":"Uredni\u0161tvo Novic","@id":"https:\/\/novice.si\/page\/#\/schema\/person\/a877dbb8680d441357ce27663beb35ca"},"headline":"Alpsko smu\u010danje: potrdili seznam reprezentanc","datePublished":"2024-10-04T05:51:03+00:00","dateModified":"2024-11-16T08:56:47+00:00","mainEntityOfPage":{"@id":"https:\/\/novice.si\/page\/alpsko-smucanje-potrdili-seznam-reprezentanc\/"},"wordCount":139,"publisher":{"@id":"https:\/\/novice.si\/page\/#organization"},"image":{"@id":"https:\/\/novice.si\/page\/alpsko-smucanje-potrdili-seznam-reprezentanc\/#primaryimage"},"thumbnailUrl":"https:\/\/novice.si\/page\/wp-content\/uploads\/2023\/12\/cater-martin-2023-22-foto-Facebook.jpg","keywords":["Anja Oplotnik","Martin \u010cater","Tijan Marovt"],"articleSection":["Aktualno","Celjsko","Konji\u0161ko","\u0160port"],"inLanguage":"sl-SI"},{"@type":"WebPage","@id":"https:\/\/novice.si\/page\/alpsko-smucanje-potrdili-seznam-reprezentanc\/","url":"https:\/\/novice.si\/page\/alpsko-smucanje-potrdili-seznam-reprezentanc\/","name":"Alpsko smu\u010danje: potrdili seznam reprezentanc - Novice.si","isPartOf":{"@id":"https:\/\/novice.si\/page\/#website"},"primaryImageOfPage":{"@id":"https:\/\/novice.si\/page\/alpsko-smucanje-potrdili-seznam-reprezentanc\/#primaryimage"},"image":{"@id":"https:\/\/novice.si\/page\/alpsko-smucanje-potrdili-seznam-reprezentanc\/#primaryimage"},"thumbnailUrl":"https:\/\/novice.si\/page\/wp-content\/uploads\/2023\/12\/cater-martin-2023-22-foto-Facebook.jpg","datePublished":"2024-10-04T05:51:03+00:00","dateModified":"2024-11-16T08:56:47+00:00","breadcrumb":{"@id":"https:\/\/novice.si\/page\/alpsko-smucanje-potrdili-seznam-reprezentanc\/#breadcrumb"},"inLanguage":"sl-SI","potentialAction":[{"@type":"ReadAction","target":["https:\/\/novice.si\/page\/alpsko-smucanje-potrdili-seznam-reprezentanc\/"]}]},{"@type":"ImageObject","inLanguage":"sl-SI","@id":"https:\/\/novice.si\/page\/alpsko-smucanje-potrdili-seznam-reprezentanc\/#primaryimage","url":"https:\/\/novice.si\/page\/wp-content\/uploads\/2023\/12\/cater-martin-2023-22-foto-Facebook.jpg","contentUrl":"https:\/\/novice.si\/page\/wp-content\/uploads\/2023\/12\/cater-martin-2023-22-foto-Facebook.jpg","width":1406,"height":1003},{"@type":"BreadcrumbList","@id":"https:\/\/novice.si\/page\/alpsko-smucanje-potrdili-seznam-reprezentanc\/#breadcrumb","itemListElement":[{"@type":"ListItem","position":1,"name":"Home","item":"https:\/\/novice.si\/page\/"},{"@type":"ListItem","position":2,"name":"Alpsko smu\u010danje: potrdili seznam reprezentanc"}]},{"@type":"WebSite","@id":"https:\/\/novice.si\/page\/#website","url":"https:\/\/novice.si\/page\/","name":"Novice.si","description":"","publisher":{"@id":"https:\/\/novice.si\/page\/#organization"},"potentialAction":[{"@type":"SearchAction","target":{"@type":"EntryPoint","urlTemplate":"https:\/\/novice.si\/page\/?s={search_term_string}"},"query-input":{"@type":"PropertyValueSpecification","valueRequired":true,"valueName":"search_term_string"}}],"inLanguage":"sl-SI"},{"@type":"Organization","@id":"https:\/\/novice.si\/page\/#organization","name":"Novice.si","url":"https:\/\/novice.si\/page\/","logo":{"@type":"ImageObject","inLanguage":"sl-SI","@id":"https:\/\/novice.si\/page\/#\/schema\/logo\/image\/","url":"https:\/\/novice.si\/page\/wp-content\/uploads\/2023\/03\/novice_si.png","contentUrl":"https:\/\/novice.si\/page\/wp-content\/uploads\/2023\/03\/novice_si.png","width":576,"height":200,"caption":"Novice.si"},"image":{"@id":"https:\/\/novice.si\/page\/#\/schema\/logo\/image\/"}},{"@type":"Person","@id":"https:\/\/novice.si\/page\/#\/schema\/person\/a877dbb8680d441357ce27663beb35ca","name":"Uredni\u0161tvo Novic","image":{"@type":"ImageObject","inLanguage":"sl-SI","@id":"https:\/\/secure.gravatar.com\/avatar\/f19c0ae874706cc9ba19d2f6da5f74a5a5ee7674f283fed29ce0ad16a9f1893e?s=96&d=mm&r=g","url":"https:\/\/secure.gravatar.com\/avatar\/f19c0ae874706cc9ba19d2f6da5f74a5a5ee7674f283fed29ce0ad16a9f1893e?s=96&d=mm&r=g","contentUrl":"https:\/\/secure.gravatar.com\/avatar\/f19c0ae874706cc9ba19d2f6da5f74a5a5ee7674f283fed29ce0ad16a9f1893e?s=96&d=mm&r=g","caption":"Uredni\u0161tvo Novic"},"url":"https:\/\/novice.si\/page\/author\/jure\/"}]}},"_links":{"self":[{"href":"https:\/\/novice.si\/page\/wp-json\/wp\/v2\/posts\/181174","targetHints":{"allow":["GET"]}}],"collection":[{"href":"https:\/\/novice.si\/page\/wp-json\/wp\/v2\/posts"}],"about":[{"href":"https:\/\/novice.si\/page\/wp-json\/wp\/v2\/types\/post"}],"author":[{"embeddable":true,"href":"https:\/\/novice.si\/page\/wp-json\/wp\/v2\/users\/7"}],"replies":[{"embeddable":true,"href":"https:\/\/novice.si\/page\/wp-json\/wp\/v2\/comments?post=181174"}],"version-history":[{"count":1,"href":"https:\/\/novice.si\/page\/wp-json\/wp\/v2\/posts\/181174\/revisions"}],"predecessor-version":[{"id":181175,"href":"https:\/\/novice.si\/page\/wp-json\/wp\/v2\/posts\/181174\/revisions\/181175"}],"wp:featuredmedia":[{"embeddable":true,"href":"https:\/\/novice.si\/page\/wp-json\/wp\/v2\/media\/170229"}],"wp:attachment":[{"href":"https:\/\/novice.si\/page\/wp-json\/wp\/v2\/media?parent=181174"}],"wp:term":[{"taxonomy":"category","embeddable":true,"href":"https:\/\/novice.si\/page\/wp-json\/wp\/v2\/categories?post=181174"},{"taxonomy":"post_tag","embeddable":true,"href":"https:\/\/novice.si\/page\/wp-json\/wp\/v2\/tags?post=181174"}],"curies":[{"name":"wp","href":"https:\/\/api.w.org\/{rel}","templated":true}]}}