{"id":178249,"date":"2024-08-23T11:39:29","date_gmt":"2024-08-23T09:39:29","guid":{"rendered":"https:\/\/novice.si\/page\/?p=178249"},"modified":"2024-08-22T22:41:49","modified_gmt":"2024-08-22T20:41:49","slug":"zakaj-je-kurjenje-vrtnih-odpadkov-v-celju-prepovedano","status":"publish","type":"post","link":"https:\/\/novice.si\/page\/zakaj-je-kurjenje-vrtnih-odpadkov-v-celju-prepovedano\/","title":{"rendered":"Zakaj je kurjenje vrtnih odpadkov v Celju prepovedano?"},"content":{"rendered":"<p><img loading=\"lazy\" decoding=\"async\" class=\" wp-image-178250 alignleft\" src=\"https:\/\/novice.si\/page\/wp-content\/uploads\/2024\/08\/cz-kurjenje-v-strnjenih-naseljih-celje-1-600x400.jpg\" alt=\"\" width=\"500\" height=\"333\" srcset=\"https:\/\/novice.si\/page\/wp-content\/uploads\/2024\/08\/cz-kurjenje-v-strnjenih-naseljih-celje-1-600x400.jpg 600w, https:\/\/novice.si\/page\/wp-content\/uploads\/2024\/08\/cz-kurjenje-v-strnjenih-naseljih-celje-1-768x512.jpg 768w, https:\/\/novice.si\/page\/wp-content\/uploads\/2024\/08\/cz-kurjenje-v-strnjenih-naseljih-celje-1-630x420.jpg 630w, https:\/\/novice.si\/page\/wp-content\/uploads\/2024\/08\/cz-kurjenje-v-strnjenih-naseljih-celje-1-696x464.jpg 696w, https:\/\/novice.si\/page\/wp-content\/uploads\/2024\/08\/cz-kurjenje-v-strnjenih-naseljih-celje-1-24x16.jpg 24w, https:\/\/novice.si\/page\/wp-content\/uploads\/2024\/08\/cz-kurjenje-v-strnjenih-naseljih-celje-1-36x24.jpg 36w, https:\/\/novice.si\/page\/wp-content\/uploads\/2024\/08\/cz-kurjenje-v-strnjenih-naseljih-celje-1-48x32.jpg 48w, https:\/\/novice.si\/page\/wp-content\/uploads\/2024\/08\/cz-kurjenje-v-strnjenih-naseljih-celje-1.jpg 800w\" sizes=\"auto, (max-width: 500px) 100vw, 500px\" \/><\/p>\n<p class=\"T\"><em><b><span style=\"color: #7030a0\">Kurjenje odpadkov. <\/span><\/b><span style=\"color: #7030a0\">Po odloku Mestne ob\u010dine Celje ni dovoljeno pred svojo hi\u0161o kuriti obrezlin vej, listov in drugih vrtnih ostankov. <\/span><\/em><\/p>\n<p class=\"T\"><em><b><span style=\"color: #7030a0\">Alternative. <\/span><\/b><span style=\"color: #7030a0\">Vrtne odpadke lahko posamezniki kompostirajo na svojem vrtu, odlo\u017eijo v rjavi zabojnik za biorazgradljive odpadke ali jih brezpla\u010dno predajo v zbirnem centru.<\/span><\/em><\/p>\n<p class=\"T\">Kurjenje obrezlin vej, listov in drugih vrtnin je pogosto praksa med lastniki vrtov, saj predstavlja preprost na\u010din za odstranjevanje odpadkov. Vendar je to v strnjenih naseljih zelo mote\u010de in ni dovoljeno. V Mestni ob\u010dini Celje je pomembno upo\u0161tevati predpise in pravila, ki urejajo to dejavnost. Tak\u0161ni ukrepi pomagajo zmanj\u0161ati onesna\u017eevanje zraka, prepre\u010diti \u0161irjenje po\u017earov ter ohranjati kakovost \u017eivljenja prebivalcev.<\/p>\n<p class=\"T\"><b><span style=\"color: #4472c4\">Stroge sankcije<\/span><\/b><\/p>\n<p class=\"T\">V Celju v strnjenih naseljih hi\u0161, kot so na primer Lava, Polule, Ostro\u017eno, ni dovoljeno pred svojo hi\u0161o kuriti obrezlin vej, listov in drugih vrtnih ostankov. Tako so nam pojasnili na Mestni ob\u010dini Celje (MOC), kjer so povedali, da je to prepovedano, podrobno pa je opredeljeno v 36. \u010dlenu Odloka o na\u010dinu opravljanja obveznih lokalnih gospodarskih javnih slu\u017eb ravnanja s komunalnimi odpadki. Ta odlok imetnikom odpadkov prepoveduje se\u017eigati in odlagati odpadke v objektih ali na zemlji\u0161\u010dih, ki niso namenjeni za odstranjevanje komunalnih odpadkov, torej tudi v strnjenih naseljih.<\/p>\n<p class=\"T\">Za neupo\u0161tevanje teh prepovedi se lahko tak prekr\u0161ek kaznuje z globo, in sicer 1000 evrov v primeru za pravne osebe in \u0161e 100 evrov za odgovorno osebo pravne osebe, podjetnika posameznika ali posameznika, ki samostojno opravlja dejavnost. Za fizi\u010dne osebe je za kurjenje odpadkov predvidena kazen v vi\u0161ini 100 evrov. V konkretnem primeru, \u010da sosed kuri pred hi\u0161o in se dim vali v sosednje hi\u0161e, je za ta nadzor odgovoren Medob\u010dinski in\u0161pektorat in redarstvo Mestne ob\u010dine Celje. Ob tem na MOC dodajajo, da v primeru, ko je s se\u017eiganjem odpadkov ogro\u017eeno premo\u017eenje ali zdravje ljudi, lahko ob\u010dani pokli\u010dejo klic v sili, v primeru razgla\u0161ene velike ali zelo velike po\u017earne ogro\u017eenosti pa tudi policijo. Kam z vrtnimi odpadki, ki jih ne smemo pokuriti, pa v Celjanu.<\/p>\n","protected":false},"excerpt":{"rendered":"<p>Kurjenje odpadkov. Po odloku Mestne ob\u010dine Celje ni dovoljeno pred svojo hi\u0161o kuriti obrezlin vej, listov in drugih vrtnih ostankov. Alternative. Vrtne odpadke lahko posamezniki kompostirajo na svojem vrtu, odlo\u017eijo v rjavi zabojnik za biorazgradljive odpadke ali jih brezpla\u010dno predajo v zbirnem centru. Kurjenje obrezlin vej, listov in drugih vrtnin je pogosto praksa med lastniki [&hellip;]<\/p>\n","protected":false},"author":55,"featured_media":178250,"comment_status":"closed","ping_status":"closed","sticky":false,"template":"","format":"standard","meta":{"footnotes":""},"categories":[14,142,17],"tags":[],"class_list":{"0":"post-178249","1":"post","2":"type-post","3":"status-publish","4":"format-standard","5":"has-post-thumbnail","7":"category-aktualno","8":"category-celjan","9":"category-celjsko"},"yoast_head":"<!-- This site is optimized with the Yoast SEO plugin v27.4 - https:\/\/yoast.com\/product\/yoast-seo-wordpress\/ -->\n<title>Zakaj je kurjenje vrtnih odpadkov v Celju prepovedano? - Novice.si<\/title>\n<meta name=\"robots\" content=\"index, follow, max-snippet:-1, max-image-preview:large, max-video-preview:-1\" \/>\n<link rel=\"canonical\" href=\"https:\/\/novice.si\/page\/zakaj-je-kurjenje-vrtnih-odpadkov-v-celju-prepovedano\/\" \/>\n<meta property=\"og:locale\" content=\"sl_SI\" \/>\n<meta property=\"og:type\" content=\"article\" \/>\n<meta property=\"og:title\" content=\"Zakaj je kurjenje vrtnih odpadkov v Celju prepovedano? - Novice.si\" \/>\n<meta property=\"og:description\" content=\"Kurjenje odpadkov. Po odloku Mestne ob\u010dine Celje ni dovoljeno pred svojo hi\u0161o kuriti obrezlin vej, listov in drugih vrtnih ostankov. Alternative. Vrtne odpadke lahko posamezniki kompostirajo na svojem vrtu, odlo\u017eijo v rjavi zabojnik za biorazgradljive odpadke ali jih brezpla\u010dno predajo v zbirnem centru. Kurjenje obrezlin vej, listov in drugih vrtnin je pogosto praksa med lastniki [&hellip;]\" \/>\n<meta property=\"og:url\" content=\"https:\/\/novice.si\/page\/zakaj-je-kurjenje-vrtnih-odpadkov-v-celju-prepovedano\/\" \/>\n<meta property=\"og:site_name\" content=\"Novice.si\" \/>\n<meta property=\"article:published_time\" content=\"2024-08-23T09:39:29+00:00\" \/>\n<meta property=\"og:image\" content=\"https:\/\/novice.si\/page\/wp-content\/uploads\/2024\/08\/cz-kurjenje-v-strnjenih-naseljih-celje-1.jpg\" \/>\n\t<meta property=\"og:image:width\" content=\"800\" \/>\n\t<meta property=\"og:image:height\" content=\"533\" \/>\n\t<meta property=\"og:image:type\" content=\"image\/jpeg\" \/>\n<meta name=\"author\" content=\"Uredni\u0161tvo Celjana\" \/>\n<meta name=\"twitter:card\" content=\"summary_large_image\" \/>\n<meta name=\"twitter:label1\" content=\"Written by\" \/>\n\t<meta name=\"twitter:data1\" content=\"Uredni\u0161tvo Celjana\" \/>\n\t<meta name=\"twitter:label2\" content=\"Est. reading time\" \/>\n\t<meta name=\"twitter:data2\" content=\"3 minute\" \/>\n<script type=\"application\/ld+json\" class=\"yoast-schema-graph\">{\"@context\":\"https:\\\/\\\/schema.org\",\"@graph\":[{\"@type\":\"Article\",\"@id\":\"https:\\\/\\\/novice.si\\\/page\\\/zakaj-je-kurjenje-vrtnih-odpadkov-v-celju-prepovedano\\\/#article\",\"isPartOf\":{\"@id\":\"https:\\\/\\\/novice.si\\\/page\\\/zakaj-je-kurjenje-vrtnih-odpadkov-v-celju-prepovedano\\\/\"},\"author\":{\"name\":\"Uredni\u0161tvo Celjana\",\"@id\":\"https:\\\/\\\/novice.si\\\/page\\\/#\\\/schema\\\/person\\\/a49f233ef2777ec7b2e8d0662325bb48\"},\"headline\":\"Zakaj je kurjenje vrtnih odpadkov v Celju prepovedano?\",\"datePublished\":\"2024-08-23T09:39:29+00:00\",\"mainEntityOfPage\":{\"@id\":\"https:\\\/\\\/novice.si\\\/page\\\/zakaj-je-kurjenje-vrtnih-odpadkov-v-celju-prepovedano\\\/\"},\"wordCount\":358,\"publisher\":{\"@id\":\"https:\\\/\\\/novice.si\\\/page\\\/#organization\"},\"image\":{\"@id\":\"https:\\\/\\\/novice.si\\\/page\\\/zakaj-je-kurjenje-vrtnih-odpadkov-v-celju-prepovedano\\\/#primaryimage\"},\"thumbnailUrl\":\"https:\\\/\\\/novice.si\\\/page\\\/wp-content\\\/uploads\\\/2024\\\/08\\\/cz-kurjenje-v-strnjenih-naseljih-celje-1.jpg\",\"articleSection\":[\"Aktualno\",\"Celjan\",\"Celjsko\"],\"inLanguage\":\"sl-SI\"},{\"@type\":\"WebPage\",\"@id\":\"https:\\\/\\\/novice.si\\\/page\\\/zakaj-je-kurjenje-vrtnih-odpadkov-v-celju-prepovedano\\\/\",\"url\":\"https:\\\/\\\/novice.si\\\/page\\\/zakaj-je-kurjenje-vrtnih-odpadkov-v-celju-prepovedano\\\/\",\"name\":\"Zakaj je kurjenje vrtnih odpadkov v Celju prepovedano? - Novice.si\",\"isPartOf\":{\"@id\":\"https:\\\/\\\/novice.si\\\/page\\\/#website\"},\"primaryImageOfPage\":{\"@id\":\"https:\\\/\\\/novice.si\\\/page\\\/zakaj-je-kurjenje-vrtnih-odpadkov-v-celju-prepovedano\\\/#primaryimage\"},\"image\":{\"@id\":\"https:\\\/\\\/novice.si\\\/page\\\/zakaj-je-kurjenje-vrtnih-odpadkov-v-celju-prepovedano\\\/#primaryimage\"},\"thumbnailUrl\":\"https:\\\/\\\/novice.si\\\/page\\\/wp-content\\\/uploads\\\/2024\\\/08\\\/cz-kurjenje-v-strnjenih-naseljih-celje-1.jpg\",\"datePublished\":\"2024-08-23T09:39:29+00:00\",\"breadcrumb\":{\"@id\":\"https:\\\/\\\/novice.si\\\/page\\\/zakaj-je-kurjenje-vrtnih-odpadkov-v-celju-prepovedano\\\/#breadcrumb\"},\"inLanguage\":\"sl-SI\",\"potentialAction\":[{\"@type\":\"ReadAction\",\"target\":[\"https:\\\/\\\/novice.si\\\/page\\\/zakaj-je-kurjenje-vrtnih-odpadkov-v-celju-prepovedano\\\/\"]}]},{\"@type\":\"ImageObject\",\"inLanguage\":\"sl-SI\",\"@id\":\"https:\\\/\\\/novice.si\\\/page\\\/zakaj-je-kurjenje-vrtnih-odpadkov-v-celju-prepovedano\\\/#primaryimage\",\"url\":\"https:\\\/\\\/novice.si\\\/page\\\/wp-content\\\/uploads\\\/2024\\\/08\\\/cz-kurjenje-v-strnjenih-naseljih-celje-1.jpg\",\"contentUrl\":\"https:\\\/\\\/novice.si\\\/page\\\/wp-content\\\/uploads\\\/2024\\\/08\\\/cz-kurjenje-v-strnjenih-naseljih-celje-1.jpg\",\"width\":800,\"height\":533},{\"@type\":\"BreadcrumbList\",\"@id\":\"https:\\\/\\\/novice.si\\\/page\\\/zakaj-je-kurjenje-vrtnih-odpadkov-v-celju-prepovedano\\\/#breadcrumb\",\"itemListElement\":[{\"@type\":\"ListItem\",\"position\":1,\"name\":\"Home\",\"item\":\"https:\\\/\\\/novice.si\\\/page\\\/\"},{\"@type\":\"ListItem\",\"position\":2,\"name\":\"Zakaj je kurjenje vrtnih odpadkov v Celju prepovedano?\"}]},{\"@type\":\"WebSite\",\"@id\":\"https:\\\/\\\/novice.si\\\/page\\\/#website\",\"url\":\"https:\\\/\\\/novice.si\\\/page\\\/\",\"name\":\"Novice.si\",\"description\":\"\",\"publisher\":{\"@id\":\"https:\\\/\\\/novice.si\\\/page\\\/#organization\"},\"potentialAction\":[{\"@type\":\"SearchAction\",\"target\":{\"@type\":\"EntryPoint\",\"urlTemplate\":\"https:\\\/\\\/novice.si\\\/page\\\/?s={search_term_string}\"},\"query-input\":{\"@type\":\"PropertyValueSpecification\",\"valueRequired\":true,\"valueName\":\"search_term_string\"}}],\"inLanguage\":\"sl-SI\"},{\"@type\":\"Organization\",\"@id\":\"https:\\\/\\\/novice.si\\\/page\\\/#organization\",\"name\":\"Novice.si\",\"url\":\"https:\\\/\\\/novice.si\\\/page\\\/\",\"logo\":{\"@type\":\"ImageObject\",\"inLanguage\":\"sl-SI\",\"@id\":\"https:\\\/\\\/novice.si\\\/page\\\/#\\\/schema\\\/logo\\\/image\\\/\",\"url\":\"https:\\\/\\\/novice.si\\\/page\\\/wp-content\\\/uploads\\\/2023\\\/03\\\/novice_si.png\",\"contentUrl\":\"https:\\\/\\\/novice.si\\\/page\\\/wp-content\\\/uploads\\\/2023\\\/03\\\/novice_si.png\",\"width\":576,\"height\":200,\"caption\":\"Novice.si\"},\"image\":{\"@id\":\"https:\\\/\\\/novice.si\\\/page\\\/#\\\/schema\\\/logo\\\/image\\\/\"}},{\"@type\":\"Person\",\"@id\":\"https:\\\/\\\/novice.si\\\/page\\\/#\\\/schema\\\/person\\\/a49f233ef2777ec7b2e8d0662325bb48\",\"name\":\"Uredni\u0161tvo Celjana\",\"image\":{\"@type\":\"ImageObject\",\"inLanguage\":\"sl-SI\",\"@id\":\"https:\\\/\\\/secure.gravatar.com\\\/avatar\\\/7f7863e616af8f92806c638dd1db3f1a238d83d1cc2ec3100afc06fbb7eb303f?s=96&d=mm&r=g\",\"url\":\"https:\\\/\\\/secure.gravatar.com\\\/avatar\\\/7f7863e616af8f92806c638dd1db3f1a238d83d1cc2ec3100afc06fbb7eb303f?s=96&d=mm&r=g\",\"contentUrl\":\"https:\\\/\\\/secure.gravatar.com\\\/avatar\\\/7f7863e616af8f92806c638dd1db3f1a238d83d1cc2ec3100afc06fbb7eb303f?s=96&d=mm&r=g\",\"caption\":\"Uredni\u0161tvo Celjana\"},\"url\":\"https:\\\/\\\/novice.si\\\/page\\\/author\\\/maja\\\/\"}]}<\/script>\n<!-- \/ Yoast SEO plugin. -->","yoast_head_json":{"title":"Zakaj je kurjenje vrtnih odpadkov v Celju prepovedano? - Novice.si","robots":{"index":"index","follow":"follow","max-snippet":"max-snippet:-1","max-image-preview":"max-image-preview:large","max-video-preview":"max-video-preview:-1"},"canonical":"https:\/\/novice.si\/page\/zakaj-je-kurjenje-vrtnih-odpadkov-v-celju-prepovedano\/","og_locale":"sl_SI","og_type":"article","og_title":"Zakaj je kurjenje vrtnih odpadkov v Celju prepovedano? - Novice.si","og_description":"Kurjenje odpadkov. Po odloku Mestne ob\u010dine Celje ni dovoljeno pred svojo hi\u0161o kuriti obrezlin vej, listov in drugih vrtnih ostankov. Alternative. Vrtne odpadke lahko posamezniki kompostirajo na svojem vrtu, odlo\u017eijo v rjavi zabojnik za biorazgradljive odpadke ali jih brezpla\u010dno predajo v zbirnem centru. Kurjenje obrezlin vej, listov in drugih vrtnin je pogosto praksa med lastniki [&hellip;]","og_url":"https:\/\/novice.si\/page\/zakaj-je-kurjenje-vrtnih-odpadkov-v-celju-prepovedano\/","og_site_name":"Novice.si","article_published_time":"2024-08-23T09:39:29+00:00","og_image":[{"width":800,"height":533,"url":"https:\/\/novice.si\/page\/wp-content\/uploads\/2024\/08\/cz-kurjenje-v-strnjenih-naseljih-celje-1.jpg","type":"image\/jpeg"}],"author":"Uredni\u0161tvo Celjana","twitter_card":"summary_large_image","twitter_misc":{"Written by":"Uredni\u0161tvo Celjana","Est. reading time":"3 minute"},"schema":{"@context":"https:\/\/schema.org","@graph":[{"@type":"Article","@id":"https:\/\/novice.si\/page\/zakaj-je-kurjenje-vrtnih-odpadkov-v-celju-prepovedano\/#article","isPartOf":{"@id":"https:\/\/novice.si\/page\/zakaj-je-kurjenje-vrtnih-odpadkov-v-celju-prepovedano\/"},"author":{"name":"Uredni\u0161tvo Celjana","@id":"https:\/\/novice.si\/page\/#\/schema\/person\/a49f233ef2777ec7b2e8d0662325bb48"},"headline":"Zakaj je kurjenje vrtnih odpadkov v Celju prepovedano?","datePublished":"2024-08-23T09:39:29+00:00","mainEntityOfPage":{"@id":"https:\/\/novice.si\/page\/zakaj-je-kurjenje-vrtnih-odpadkov-v-celju-prepovedano\/"},"wordCount":358,"publisher":{"@id":"https:\/\/novice.si\/page\/#organization"},"image":{"@id":"https:\/\/novice.si\/page\/zakaj-je-kurjenje-vrtnih-odpadkov-v-celju-prepovedano\/#primaryimage"},"thumbnailUrl":"https:\/\/novice.si\/page\/wp-content\/uploads\/2024\/08\/cz-kurjenje-v-strnjenih-naseljih-celje-1.jpg","articleSection":["Aktualno","Celjan","Celjsko"],"inLanguage":"sl-SI"},{"@type":"WebPage","@id":"https:\/\/novice.si\/page\/zakaj-je-kurjenje-vrtnih-odpadkov-v-celju-prepovedano\/","url":"https:\/\/novice.si\/page\/zakaj-je-kurjenje-vrtnih-odpadkov-v-celju-prepovedano\/","name":"Zakaj je kurjenje vrtnih odpadkov v Celju prepovedano? - Novice.si","isPartOf":{"@id":"https:\/\/novice.si\/page\/#website"},"primaryImageOfPage":{"@id":"https:\/\/novice.si\/page\/zakaj-je-kurjenje-vrtnih-odpadkov-v-celju-prepovedano\/#primaryimage"},"image":{"@id":"https:\/\/novice.si\/page\/zakaj-je-kurjenje-vrtnih-odpadkov-v-celju-prepovedano\/#primaryimage"},"thumbnailUrl":"https:\/\/novice.si\/page\/wp-content\/uploads\/2024\/08\/cz-kurjenje-v-strnjenih-naseljih-celje-1.jpg","datePublished":"2024-08-23T09:39:29+00:00","breadcrumb":{"@id":"https:\/\/novice.si\/page\/zakaj-je-kurjenje-vrtnih-odpadkov-v-celju-prepovedano\/#breadcrumb"},"inLanguage":"sl-SI","potentialAction":[{"@type":"ReadAction","target":["https:\/\/novice.si\/page\/zakaj-je-kurjenje-vrtnih-odpadkov-v-celju-prepovedano\/"]}]},{"@type":"ImageObject","inLanguage":"sl-SI","@id":"https:\/\/novice.si\/page\/zakaj-je-kurjenje-vrtnih-odpadkov-v-celju-prepovedano\/#primaryimage","url":"https:\/\/novice.si\/page\/wp-content\/uploads\/2024\/08\/cz-kurjenje-v-strnjenih-naseljih-celje-1.jpg","contentUrl":"https:\/\/novice.si\/page\/wp-content\/uploads\/2024\/08\/cz-kurjenje-v-strnjenih-naseljih-celje-1.jpg","width":800,"height":533},{"@type":"BreadcrumbList","@id":"https:\/\/novice.si\/page\/zakaj-je-kurjenje-vrtnih-odpadkov-v-celju-prepovedano\/#breadcrumb","itemListElement":[{"@type":"ListItem","position":1,"name":"Home","item":"https:\/\/novice.si\/page\/"},{"@type":"ListItem","position":2,"name":"Zakaj je kurjenje vrtnih odpadkov v Celju prepovedano?"}]},{"@type":"WebSite","@id":"https:\/\/novice.si\/page\/#website","url":"https:\/\/novice.si\/page\/","name":"Novice.si","description":"","publisher":{"@id":"https:\/\/novice.si\/page\/#organization"},"potentialAction":[{"@type":"SearchAction","target":{"@type":"EntryPoint","urlTemplate":"https:\/\/novice.si\/page\/?s={search_term_string}"},"query-input":{"@type":"PropertyValueSpecification","valueRequired":true,"valueName":"search_term_string"}}],"inLanguage":"sl-SI"},{"@type":"Organization","@id":"https:\/\/novice.si\/page\/#organization","name":"Novice.si","url":"https:\/\/novice.si\/page\/","logo":{"@type":"ImageObject","inLanguage":"sl-SI","@id":"https:\/\/novice.si\/page\/#\/schema\/logo\/image\/","url":"https:\/\/novice.si\/page\/wp-content\/uploads\/2023\/03\/novice_si.png","contentUrl":"https:\/\/novice.si\/page\/wp-content\/uploads\/2023\/03\/novice_si.png","width":576,"height":200,"caption":"Novice.si"},"image":{"@id":"https:\/\/novice.si\/page\/#\/schema\/logo\/image\/"}},{"@type":"Person","@id":"https:\/\/novice.si\/page\/#\/schema\/person\/a49f233ef2777ec7b2e8d0662325bb48","name":"Uredni\u0161tvo Celjana","image":{"@type":"ImageObject","inLanguage":"sl-SI","@id":"https:\/\/secure.gravatar.com\/avatar\/7f7863e616af8f92806c638dd1db3f1a238d83d1cc2ec3100afc06fbb7eb303f?s=96&d=mm&r=g","url":"https:\/\/secure.gravatar.com\/avatar\/7f7863e616af8f92806c638dd1db3f1a238d83d1cc2ec3100afc06fbb7eb303f?s=96&d=mm&r=g","contentUrl":"https:\/\/secure.gravatar.com\/avatar\/7f7863e616af8f92806c638dd1db3f1a238d83d1cc2ec3100afc06fbb7eb303f?s=96&d=mm&r=g","caption":"Uredni\u0161tvo Celjana"},"url":"https:\/\/novice.si\/page\/author\/maja\/"}]}},"_links":{"self":[{"href":"https:\/\/novice.si\/page\/wp-json\/wp\/v2\/posts\/178249","targetHints":{"allow":["GET"]}}],"collection":[{"href":"https:\/\/novice.si\/page\/wp-json\/wp\/v2\/posts"}],"about":[{"href":"https:\/\/novice.si\/page\/wp-json\/wp\/v2\/types\/post"}],"author":[{"embeddable":true,"href":"https:\/\/novice.si\/page\/wp-json\/wp\/v2\/users\/55"}],"replies":[{"embeddable":true,"href":"https:\/\/novice.si\/page\/wp-json\/wp\/v2\/comments?post=178249"}],"version-history":[{"count":1,"href":"https:\/\/novice.si\/page\/wp-json\/wp\/v2\/posts\/178249\/revisions"}],"predecessor-version":[{"id":178251,"href":"https:\/\/novice.si\/page\/wp-json\/wp\/v2\/posts\/178249\/revisions\/178251"}],"wp:featuredmedia":[{"embeddable":true,"href":"https:\/\/novice.si\/page\/wp-json\/wp\/v2\/media\/178250"}],"wp:attachment":[{"href":"https:\/\/novice.si\/page\/wp-json\/wp\/v2\/media?parent=178249"}],"wp:term":[{"taxonomy":"category","embeddable":true,"href":"https:\/\/novice.si\/page\/wp-json\/wp\/v2\/categories?post=178249"},{"taxonomy":"post_tag","embeddable":true,"href":"https:\/\/novice.si\/page\/wp-json\/wp\/v2\/tags?post=178249"}],"curies":[{"name":"wp","href":"https:\/\/api.w.org\/{rel}","templated":true}]}}