{"id":178243,"date":"2024-08-22T22:36:49","date_gmt":"2024-08-22T20:36:49","guid":{"rendered":"https:\/\/novice.si\/page\/?p=178243"},"modified":"2024-08-22T22:36:49","modified_gmt":"2024-08-22T20:36:49","slug":"vrocinski-val-verjetno-se-en-v-avgustu","status":"publish","type":"post","link":"https:\/\/novice.si\/page\/vrocinski-val-verjetno-se-en-v-avgustu\/","title":{"rendered":"Vro\u010dinski val: Verjetno \u0161e en v avgustu"},"content":{"rendered":"<p><em><img loading=\"lazy\" decoding=\"async\" class=\" wp-image-178244 alignright\" src=\"https:\/\/novice.si\/page\/wp-content\/uploads\/2024\/08\/Izpostavljeno_Vrocinski-val1-600x399.jpg\" alt=\"\" width=\"532\" height=\"354\" srcset=\"https:\/\/novice.si\/page\/wp-content\/uploads\/2024\/08\/Izpostavljeno_Vrocinski-val1-600x399.jpg 600w, https:\/\/novice.si\/page\/wp-content\/uploads\/2024\/08\/Izpostavljeno_Vrocinski-val1-768x510.jpg 768w, https:\/\/novice.si\/page\/wp-content\/uploads\/2024\/08\/Izpostavljeno_Vrocinski-val1-632x420.jpg 632w, https:\/\/novice.si\/page\/wp-content\/uploads\/2024\/08\/Izpostavljeno_Vrocinski-val1-696x463.jpg 696w, https:\/\/novice.si\/page\/wp-content\/uploads\/2024\/08\/Izpostavljeno_Vrocinski-val1-24x16.jpg 24w, https:\/\/novice.si\/page\/wp-content\/uploads\/2024\/08\/Izpostavljeno_Vrocinski-val1-36x24.jpg 36w, https:\/\/novice.si\/page\/wp-content\/uploads\/2024\/08\/Izpostavljeno_Vrocinski-val1-48x32.jpg 48w, https:\/\/novice.si\/page\/wp-content\/uploads\/2024\/08\/Izpostavljeno_Vrocinski-val1.jpg 790w\" sizes=\"auto, (max-width: 532px) 100vw, 532px\" \/>Temperature. Pretekli teden so termometri tudi v Celju presegli 35 \u00b0C.<\/em><\/p>\n<p><em>Previdnost. Ta ni nikoli odve\u010d, tudi \u010de smo povsem zdravi.<\/em><\/p>\n<p>Napovedi vremenoslovcev so se uresni\u010dile in prej\u0161nji teden smo tako po vsej Sloveniji bele\u017eili nov vro\u010dinski val. Rahlo osve\u017eitev je na \u0160tajerskem prinesla sreda z dopoldanskimi plohami, sicer pa so bile pregrete tudi no\u010di, saj se v povpre\u010dju ni spustilo pod 19 stopinj Celzija.<\/p>\n<p>Precej se je segrelo \u017ee v ponedeljek, ko smo \u010dez dan namerili 35 stopinj Celzija, najbolj vro\u010d je bil torek, ko se je ogrelo \u0161e za stopinjo ve\u010d. Sredine plohe so prinesle rahlo osve\u017eitev, dnevni maksimum je bil tako pri 29,5 stopinje Celzija, \u017ee \u010detrtek je poskrbel za segretje ozra\u010dja na 33,3, bolj vro\u010d je bil nato petek s 34,5 stopinje Celzija.<\/p>\n<p>Prav dnevi prej\u0161njega tedna so bili v preteklosti \u017ee ve\u010dkrat izjemno vro\u010di. Dosedanji celjski rekord sega v leto 2013, ko smo 13. avgusta izmerili 39,7 stopinje Celzija.<\/p>\n<p><strong>Nov vro\u010dinski val in podalj\u0161ek poletja<\/strong><\/p>\n<p>\u00bbNov teden se za\u010denja z osve\u017eitvijo, sredi tedna pa bodo popoldanske temperature predvidoma spet okoli 30 \u00b0C,\u00ab nam je prej\u0161nji konec tedna povedal <strong>Brane Gregor\u010di\u010d<\/strong> z Agencije RS za okolje.<\/p>\n<p>\u00bbPrav mo\u017eno je, da bomo do\u010dakali \u0161e en avgustovski vro\u010dinski val med \u010detrtkom, 22. 8., in ponedeljkom, 26. 8., a predvidoma ne bo tako izrazit, kot je sedanji.\u00ab Dolgoro\u010dne napovedi niso zanesljive, a kar lahko meteorologi \u017ee zdaj predvidijo, ka\u017ee, da bomo imeli podalj\u0161ek poletja. \u00bbIzgledi za september ne obetajo kak\u0161ne izrazitej\u0161e ohladitve, prav mo\u017eno je, da se bo poletje res \u0161e kar nadaljevalo.\u00ab<\/p>\n<p><strong>Pove\u010danega \u0161tevila pacientov ni bilo<\/strong><\/p>\n<p>Iz ljubljanskega in mariborskega klini\u010dnega centra so poro\u010dali o ve\u010djem \u0161tevilu pacientov na ra\u010dun vi\u0161jih temperatur, v Ljubljani za okoli 20 odstotkov ve\u010d. Medtem v Celju ne bele\u017eijo pove\u010danega obiska pacientov. \u00bbZaradi vplivov vro\u010dega vremena pomo\u010d v bolni\u0161nici v tak\u0161nih dneh najve\u010dkrat poi\u0161\u010dejo starej\u0161i ljudje in kroni\u010dni bolniki. Starej\u0161i ljudje namre\u010d velikokrat ne \u010dutijo \u017eeje, slab\u0161a je tudi njihova sposobnost prilagajanja velikim temperaturnim spremembam, ki so za telo zelo obremenjujo\u010de. Pri kroni\u010dnih bolnikih pa v tak\u0161nih temperaturnih obremenitvah pride do poslab\u0161anja osnovnih bolezni,\u00ab nam je pojasnila <strong>Danijela Gori\u0161ek<\/strong>, predstavnica za odnose z javnostmi v Splo\u0161ni bolni\u0161nici Celje (SBC).<\/p>\n<p>Ve\u010d o tem za koga je vro\u010dina \u0161e nevarna in kako si pomagati, pa v aktualni \u0161tevilki \u010dasopisa Celjan.<\/p>\n","protected":false},"excerpt":{"rendered":"<p>Temperature. Pretekli teden so termometri tudi v Celju presegli 35 \u00b0C. Previdnost. Ta ni nikoli odve\u010d, tudi \u010de smo povsem zdravi. Napovedi vremenoslovcev so se uresni\u010dile in prej\u0161nji teden smo tako po vsej Sloveniji bele\u017eili nov vro\u010dinski val. Rahlo osve\u017eitev je na \u0160tajerskem prinesla sreda z dopoldanskimi plohami, sicer pa so bile pregrete tudi no\u010di, [&hellip;]<\/p>\n","protected":false},"author":55,"featured_media":178244,"comment_status":"closed","ping_status":"closed","sticky":false,"template":"","format":"standard","meta":{"footnotes":""},"categories":[14,142,17],"tags":[],"class_list":{"0":"post-178243","1":"post","2":"type-post","3":"status-publish","4":"format-standard","5":"has-post-thumbnail","7":"category-aktualno","8":"category-celjan","9":"category-celjsko"},"yoast_head":"<!-- This site is optimized with the Yoast SEO plugin v27.4 - https:\/\/yoast.com\/product\/yoast-seo-wordpress\/ -->\n<title>Vro\u010dinski val: Verjetno \u0161e en v avgustu - Novice.si<\/title>\n<meta name=\"robots\" content=\"index, follow, max-snippet:-1, max-image-preview:large, max-video-preview:-1\" \/>\n<link rel=\"canonical\" href=\"https:\/\/novice.si\/page\/vrocinski-val-verjetno-se-en-v-avgustu\/\" \/>\n<meta property=\"og:locale\" content=\"sl_SI\" \/>\n<meta property=\"og:type\" content=\"article\" \/>\n<meta property=\"og:title\" content=\"Vro\u010dinski val: Verjetno \u0161e en v avgustu - Novice.si\" \/>\n<meta property=\"og:description\" content=\"Temperature. Pretekli teden so termometri tudi v Celju presegli 35 \u00b0C. Previdnost. Ta ni nikoli odve\u010d, tudi \u010de smo povsem zdravi. Napovedi vremenoslovcev so se uresni\u010dile in prej\u0161nji teden smo tako po vsej Sloveniji bele\u017eili nov vro\u010dinski val. Rahlo osve\u017eitev je na \u0160tajerskem prinesla sreda z dopoldanskimi plohami, sicer pa so bile pregrete tudi no\u010di, [&hellip;]\" \/>\n<meta property=\"og:url\" content=\"https:\/\/novice.si\/page\/vrocinski-val-verjetno-se-en-v-avgustu\/\" \/>\n<meta property=\"og:site_name\" content=\"Novice.si\" \/>\n<meta property=\"article:published_time\" content=\"2024-08-22T20:36:49+00:00\" \/>\n<meta property=\"og:image\" content=\"https:\/\/novice.si\/page\/wp-content\/uploads\/2024\/08\/Izpostavljeno_Vrocinski-val1.jpg\" \/>\n\t<meta property=\"og:image:width\" content=\"790\" \/>\n\t<meta property=\"og:image:height\" content=\"525\" \/>\n\t<meta property=\"og:image:type\" content=\"image\/jpeg\" \/>\n<meta name=\"author\" content=\"Uredni\u0161tvo Celjana\" \/>\n<meta name=\"twitter:card\" content=\"summary_large_image\" \/>\n<meta name=\"twitter:label1\" content=\"Written by\" \/>\n\t<meta name=\"twitter:data1\" content=\"Uredni\u0161tvo Celjana\" \/>\n\t<meta name=\"twitter:label2\" content=\"Est. reading time\" \/>\n\t<meta name=\"twitter:data2\" content=\"3 minute\" \/>\n<script type=\"application\/ld+json\" class=\"yoast-schema-graph\">{\"@context\":\"https:\\\/\\\/schema.org\",\"@graph\":[{\"@type\":\"Article\",\"@id\":\"https:\\\/\\\/novice.si\\\/page\\\/vrocinski-val-verjetno-se-en-v-avgustu\\\/#article\",\"isPartOf\":{\"@id\":\"https:\\\/\\\/novice.si\\\/page\\\/vrocinski-val-verjetno-se-en-v-avgustu\\\/\"},\"author\":{\"name\":\"Uredni\u0161tvo Celjana\",\"@id\":\"https:\\\/\\\/novice.si\\\/page\\\/#\\\/schema\\\/person\\\/a49f233ef2777ec7b2e8d0662325bb48\"},\"headline\":\"Vro\u010dinski val: Verjetno \u0161e en v avgustu\",\"datePublished\":\"2024-08-22T20:36:49+00:00\",\"mainEntityOfPage\":{\"@id\":\"https:\\\/\\\/novice.si\\\/page\\\/vrocinski-val-verjetno-se-en-v-avgustu\\\/\"},\"wordCount\":421,\"publisher\":{\"@id\":\"https:\\\/\\\/novice.si\\\/page\\\/#organization\"},\"image\":{\"@id\":\"https:\\\/\\\/novice.si\\\/page\\\/vrocinski-val-verjetno-se-en-v-avgustu\\\/#primaryimage\"},\"thumbnailUrl\":\"https:\\\/\\\/novice.si\\\/page\\\/wp-content\\\/uploads\\\/2024\\\/08\\\/Izpostavljeno_Vrocinski-val1.jpg\",\"articleSection\":[\"Aktualno\",\"Celjan\",\"Celjsko\"],\"inLanguage\":\"sl-SI\"},{\"@type\":\"WebPage\",\"@id\":\"https:\\\/\\\/novice.si\\\/page\\\/vrocinski-val-verjetno-se-en-v-avgustu\\\/\",\"url\":\"https:\\\/\\\/novice.si\\\/page\\\/vrocinski-val-verjetno-se-en-v-avgustu\\\/\",\"name\":\"Vro\u010dinski val: Verjetno \u0161e en v avgustu - Novice.si\",\"isPartOf\":{\"@id\":\"https:\\\/\\\/novice.si\\\/page\\\/#website\"},\"primaryImageOfPage\":{\"@id\":\"https:\\\/\\\/novice.si\\\/page\\\/vrocinski-val-verjetno-se-en-v-avgustu\\\/#primaryimage\"},\"image\":{\"@id\":\"https:\\\/\\\/novice.si\\\/page\\\/vrocinski-val-verjetno-se-en-v-avgustu\\\/#primaryimage\"},\"thumbnailUrl\":\"https:\\\/\\\/novice.si\\\/page\\\/wp-content\\\/uploads\\\/2024\\\/08\\\/Izpostavljeno_Vrocinski-val1.jpg\",\"datePublished\":\"2024-08-22T20:36:49+00:00\",\"breadcrumb\":{\"@id\":\"https:\\\/\\\/novice.si\\\/page\\\/vrocinski-val-verjetno-se-en-v-avgustu\\\/#breadcrumb\"},\"inLanguage\":\"sl-SI\",\"potentialAction\":[{\"@type\":\"ReadAction\",\"target\":[\"https:\\\/\\\/novice.si\\\/page\\\/vrocinski-val-verjetno-se-en-v-avgustu\\\/\"]}]},{\"@type\":\"ImageObject\",\"inLanguage\":\"sl-SI\",\"@id\":\"https:\\\/\\\/novice.si\\\/page\\\/vrocinski-val-verjetno-se-en-v-avgustu\\\/#primaryimage\",\"url\":\"https:\\\/\\\/novice.si\\\/page\\\/wp-content\\\/uploads\\\/2024\\\/08\\\/Izpostavljeno_Vrocinski-val1.jpg\",\"contentUrl\":\"https:\\\/\\\/novice.si\\\/page\\\/wp-content\\\/uploads\\\/2024\\\/08\\\/Izpostavljeno_Vrocinski-val1.jpg\",\"width\":790,\"height\":525},{\"@type\":\"BreadcrumbList\",\"@id\":\"https:\\\/\\\/novice.si\\\/page\\\/vrocinski-val-verjetno-se-en-v-avgustu\\\/#breadcrumb\",\"itemListElement\":[{\"@type\":\"ListItem\",\"position\":1,\"name\":\"Home\",\"item\":\"https:\\\/\\\/novice.si\\\/page\\\/\"},{\"@type\":\"ListItem\",\"position\":2,\"name\":\"Vro\u010dinski val: Verjetno \u0161e en v avgustu\"}]},{\"@type\":\"WebSite\",\"@id\":\"https:\\\/\\\/novice.si\\\/page\\\/#website\",\"url\":\"https:\\\/\\\/novice.si\\\/page\\\/\",\"name\":\"Novice.si\",\"description\":\"\",\"publisher\":{\"@id\":\"https:\\\/\\\/novice.si\\\/page\\\/#organization\"},\"potentialAction\":[{\"@type\":\"SearchAction\",\"target\":{\"@type\":\"EntryPoint\",\"urlTemplate\":\"https:\\\/\\\/novice.si\\\/page\\\/?s={search_term_string}\"},\"query-input\":{\"@type\":\"PropertyValueSpecification\",\"valueRequired\":true,\"valueName\":\"search_term_string\"}}],\"inLanguage\":\"sl-SI\"},{\"@type\":\"Organization\",\"@id\":\"https:\\\/\\\/novice.si\\\/page\\\/#organization\",\"name\":\"Novice.si\",\"url\":\"https:\\\/\\\/novice.si\\\/page\\\/\",\"logo\":{\"@type\":\"ImageObject\",\"inLanguage\":\"sl-SI\",\"@id\":\"https:\\\/\\\/novice.si\\\/page\\\/#\\\/schema\\\/logo\\\/image\\\/\",\"url\":\"https:\\\/\\\/novice.si\\\/page\\\/wp-content\\\/uploads\\\/2023\\\/03\\\/novice_si.png\",\"contentUrl\":\"https:\\\/\\\/novice.si\\\/page\\\/wp-content\\\/uploads\\\/2023\\\/03\\\/novice_si.png\",\"width\":576,\"height\":200,\"caption\":\"Novice.si\"},\"image\":{\"@id\":\"https:\\\/\\\/novice.si\\\/page\\\/#\\\/schema\\\/logo\\\/image\\\/\"}},{\"@type\":\"Person\",\"@id\":\"https:\\\/\\\/novice.si\\\/page\\\/#\\\/schema\\\/person\\\/a49f233ef2777ec7b2e8d0662325bb48\",\"name\":\"Uredni\u0161tvo Celjana\",\"image\":{\"@type\":\"ImageObject\",\"inLanguage\":\"sl-SI\",\"@id\":\"https:\\\/\\\/secure.gravatar.com\\\/avatar\\\/7f7863e616af8f92806c638dd1db3f1a238d83d1cc2ec3100afc06fbb7eb303f?s=96&d=mm&r=g\",\"url\":\"https:\\\/\\\/secure.gravatar.com\\\/avatar\\\/7f7863e616af8f92806c638dd1db3f1a238d83d1cc2ec3100afc06fbb7eb303f?s=96&d=mm&r=g\",\"contentUrl\":\"https:\\\/\\\/secure.gravatar.com\\\/avatar\\\/7f7863e616af8f92806c638dd1db3f1a238d83d1cc2ec3100afc06fbb7eb303f?s=96&d=mm&r=g\",\"caption\":\"Uredni\u0161tvo Celjana\"},\"url\":\"https:\\\/\\\/novice.si\\\/page\\\/author\\\/maja\\\/\"}]}<\/script>\n<!-- \/ Yoast SEO plugin. -->","yoast_head_json":{"title":"Vro\u010dinski val: Verjetno \u0161e en v avgustu - Novice.si","robots":{"index":"index","follow":"follow","max-snippet":"max-snippet:-1","max-image-preview":"max-image-preview:large","max-video-preview":"max-video-preview:-1"},"canonical":"https:\/\/novice.si\/page\/vrocinski-val-verjetno-se-en-v-avgustu\/","og_locale":"sl_SI","og_type":"article","og_title":"Vro\u010dinski val: Verjetno \u0161e en v avgustu - Novice.si","og_description":"Temperature. Pretekli teden so termometri tudi v Celju presegli 35 \u00b0C. Previdnost. Ta ni nikoli odve\u010d, tudi \u010de smo povsem zdravi. Napovedi vremenoslovcev so se uresni\u010dile in prej\u0161nji teden smo tako po vsej Sloveniji bele\u017eili nov vro\u010dinski val. Rahlo osve\u017eitev je na \u0160tajerskem prinesla sreda z dopoldanskimi plohami, sicer pa so bile pregrete tudi no\u010di, [&hellip;]","og_url":"https:\/\/novice.si\/page\/vrocinski-val-verjetno-se-en-v-avgustu\/","og_site_name":"Novice.si","article_published_time":"2024-08-22T20:36:49+00:00","og_image":[{"width":790,"height":525,"url":"https:\/\/novice.si\/page\/wp-content\/uploads\/2024\/08\/Izpostavljeno_Vrocinski-val1.jpg","type":"image\/jpeg"}],"author":"Uredni\u0161tvo Celjana","twitter_card":"summary_large_image","twitter_misc":{"Written by":"Uredni\u0161tvo Celjana","Est. reading time":"3 minute"},"schema":{"@context":"https:\/\/schema.org","@graph":[{"@type":"Article","@id":"https:\/\/novice.si\/page\/vrocinski-val-verjetno-se-en-v-avgustu\/#article","isPartOf":{"@id":"https:\/\/novice.si\/page\/vrocinski-val-verjetno-se-en-v-avgustu\/"},"author":{"name":"Uredni\u0161tvo Celjana","@id":"https:\/\/novice.si\/page\/#\/schema\/person\/a49f233ef2777ec7b2e8d0662325bb48"},"headline":"Vro\u010dinski val: Verjetno \u0161e en v avgustu","datePublished":"2024-08-22T20:36:49+00:00","mainEntityOfPage":{"@id":"https:\/\/novice.si\/page\/vrocinski-val-verjetno-se-en-v-avgustu\/"},"wordCount":421,"publisher":{"@id":"https:\/\/novice.si\/page\/#organization"},"image":{"@id":"https:\/\/novice.si\/page\/vrocinski-val-verjetno-se-en-v-avgustu\/#primaryimage"},"thumbnailUrl":"https:\/\/novice.si\/page\/wp-content\/uploads\/2024\/08\/Izpostavljeno_Vrocinski-val1.jpg","articleSection":["Aktualno","Celjan","Celjsko"],"inLanguage":"sl-SI"},{"@type":"WebPage","@id":"https:\/\/novice.si\/page\/vrocinski-val-verjetno-se-en-v-avgustu\/","url":"https:\/\/novice.si\/page\/vrocinski-val-verjetno-se-en-v-avgustu\/","name":"Vro\u010dinski val: Verjetno \u0161e en v avgustu - Novice.si","isPartOf":{"@id":"https:\/\/novice.si\/page\/#website"},"primaryImageOfPage":{"@id":"https:\/\/novice.si\/page\/vrocinski-val-verjetno-se-en-v-avgustu\/#primaryimage"},"image":{"@id":"https:\/\/novice.si\/page\/vrocinski-val-verjetno-se-en-v-avgustu\/#primaryimage"},"thumbnailUrl":"https:\/\/novice.si\/page\/wp-content\/uploads\/2024\/08\/Izpostavljeno_Vrocinski-val1.jpg","datePublished":"2024-08-22T20:36:49+00:00","breadcrumb":{"@id":"https:\/\/novice.si\/page\/vrocinski-val-verjetno-se-en-v-avgustu\/#breadcrumb"},"inLanguage":"sl-SI","potentialAction":[{"@type":"ReadAction","target":["https:\/\/novice.si\/page\/vrocinski-val-verjetno-se-en-v-avgustu\/"]}]},{"@type":"ImageObject","inLanguage":"sl-SI","@id":"https:\/\/novice.si\/page\/vrocinski-val-verjetno-se-en-v-avgustu\/#primaryimage","url":"https:\/\/novice.si\/page\/wp-content\/uploads\/2024\/08\/Izpostavljeno_Vrocinski-val1.jpg","contentUrl":"https:\/\/novice.si\/page\/wp-content\/uploads\/2024\/08\/Izpostavljeno_Vrocinski-val1.jpg","width":790,"height":525},{"@type":"BreadcrumbList","@id":"https:\/\/novice.si\/page\/vrocinski-val-verjetno-se-en-v-avgustu\/#breadcrumb","itemListElement":[{"@type":"ListItem","position":1,"name":"Home","item":"https:\/\/novice.si\/page\/"},{"@type":"ListItem","position":2,"name":"Vro\u010dinski val: Verjetno \u0161e en v avgustu"}]},{"@type":"WebSite","@id":"https:\/\/novice.si\/page\/#website","url":"https:\/\/novice.si\/page\/","name":"Novice.si","description":"","publisher":{"@id":"https:\/\/novice.si\/page\/#organization"},"potentialAction":[{"@type":"SearchAction","target":{"@type":"EntryPoint","urlTemplate":"https:\/\/novice.si\/page\/?s={search_term_string}"},"query-input":{"@type":"PropertyValueSpecification","valueRequired":true,"valueName":"search_term_string"}}],"inLanguage":"sl-SI"},{"@type":"Organization","@id":"https:\/\/novice.si\/page\/#organization","name":"Novice.si","url":"https:\/\/novice.si\/page\/","logo":{"@type":"ImageObject","inLanguage":"sl-SI","@id":"https:\/\/novice.si\/page\/#\/schema\/logo\/image\/","url":"https:\/\/novice.si\/page\/wp-content\/uploads\/2023\/03\/novice_si.png","contentUrl":"https:\/\/novice.si\/page\/wp-content\/uploads\/2023\/03\/novice_si.png","width":576,"height":200,"caption":"Novice.si"},"image":{"@id":"https:\/\/novice.si\/page\/#\/schema\/logo\/image\/"}},{"@type":"Person","@id":"https:\/\/novice.si\/page\/#\/schema\/person\/a49f233ef2777ec7b2e8d0662325bb48","name":"Uredni\u0161tvo Celjana","image":{"@type":"ImageObject","inLanguage":"sl-SI","@id":"https:\/\/secure.gravatar.com\/avatar\/7f7863e616af8f92806c638dd1db3f1a238d83d1cc2ec3100afc06fbb7eb303f?s=96&d=mm&r=g","url":"https:\/\/secure.gravatar.com\/avatar\/7f7863e616af8f92806c638dd1db3f1a238d83d1cc2ec3100afc06fbb7eb303f?s=96&d=mm&r=g","contentUrl":"https:\/\/secure.gravatar.com\/avatar\/7f7863e616af8f92806c638dd1db3f1a238d83d1cc2ec3100afc06fbb7eb303f?s=96&d=mm&r=g","caption":"Uredni\u0161tvo Celjana"},"url":"https:\/\/novice.si\/page\/author\/maja\/"}]}},"_links":{"self":[{"href":"https:\/\/novice.si\/page\/wp-json\/wp\/v2\/posts\/178243","targetHints":{"allow":["GET"]}}],"collection":[{"href":"https:\/\/novice.si\/page\/wp-json\/wp\/v2\/posts"}],"about":[{"href":"https:\/\/novice.si\/page\/wp-json\/wp\/v2\/types\/post"}],"author":[{"embeddable":true,"href":"https:\/\/novice.si\/page\/wp-json\/wp\/v2\/users\/55"}],"replies":[{"embeddable":true,"href":"https:\/\/novice.si\/page\/wp-json\/wp\/v2\/comments?post=178243"}],"version-history":[{"count":1,"href":"https:\/\/novice.si\/page\/wp-json\/wp\/v2\/posts\/178243\/revisions"}],"predecessor-version":[{"id":178245,"href":"https:\/\/novice.si\/page\/wp-json\/wp\/v2\/posts\/178243\/revisions\/178245"}],"wp:featuredmedia":[{"embeddable":true,"href":"https:\/\/novice.si\/page\/wp-json\/wp\/v2\/media\/178244"}],"wp:attachment":[{"href":"https:\/\/novice.si\/page\/wp-json\/wp\/v2\/media?parent=178243"}],"wp:term":[{"taxonomy":"category","embeddable":true,"href":"https:\/\/novice.si\/page\/wp-json\/wp\/v2\/categories?post=178243"},{"taxonomy":"post_tag","embeddable":true,"href":"https:\/\/novice.si\/page\/wp-json\/wp\/v2\/tags?post=178243"}],"curies":[{"name":"wp","href":"https:\/\/api.w.org\/{rel}","templated":true}]}}