{"id":178004,"date":"2024-08-13T15:06:23","date_gmt":"2024-08-13T13:06:23","guid":{"rendered":"https:\/\/novice.si\/page\/?p=178004"},"modified":"2024-08-13T15:06:23","modified_gmt":"2024-08-13T13:06:23","slug":"regija-se-teden-dni-nadzora-nad-zelezniskimi-prehodi","status":"publish","type":"post","link":"https:\/\/novice.si\/page\/regija-se-teden-dni-nadzora-nad-zelezniskimi-prehodi\/","title":{"rendered":"REGIJA \u0160e teden dni nadzora nad \u017eelezni\u0161kimi prehodi"},"content":{"rendered":"<p>\u0160e naslednji teden dni bodo na najbolj kriti\u010dnih \u017eelezni\u0161kih prehodih in mestih izvajali preventivni nadzor nad nepravilnim pre\u010dkanjem proge.<\/p>\n<p><img loading=\"lazy\" decoding=\"async\" class=\"wp-image-165583 alignleft\" src=\"https:\/\/novice.si\/page\/wp-content\/uploads\/2023\/08\/Opoka-zelezniski-prehod-1-600x450.jpg\" alt=\"\" width=\"364\" height=\"273\" srcset=\"https:\/\/novice.si\/page\/wp-content\/uploads\/2023\/08\/Opoka-zelezniski-prehod-1-600x450.jpg 600w, https:\/\/novice.si\/page\/wp-content\/uploads\/2023\/08\/Opoka-zelezniski-prehod-1-1024x768.jpg 1024w, https:\/\/novice.si\/page\/wp-content\/uploads\/2023\/08\/Opoka-zelezniski-prehod-1-768x576.jpg 768w, https:\/\/novice.si\/page\/wp-content\/uploads\/2023\/08\/Opoka-zelezniski-prehod-1-1536x1152.jpg 1536w, https:\/\/novice.si\/page\/wp-content\/uploads\/2023\/08\/Opoka-zelezniski-prehod-1-2048x1536.jpg 2048w, https:\/\/novice.si\/page\/wp-content\/uploads\/2023\/08\/Opoka-zelezniski-prehod-1-80x60.jpg 80w, https:\/\/novice.si\/page\/wp-content\/uploads\/2023\/08\/Opoka-zelezniski-prehod-1-265x198.jpg 265w, https:\/\/novice.si\/page\/wp-content\/uploads\/2023\/08\/Opoka-zelezniski-prehod-1-696x522.jpg 696w, https:\/\/novice.si\/page\/wp-content\/uploads\/2023\/08\/Opoka-zelezniski-prehod-1-1068x801.jpg 1068w, https:\/\/novice.si\/page\/wp-content\/uploads\/2023\/08\/Opoka-zelezniski-prehod-1-560x420.jpg 560w, https:\/\/novice.si\/page\/wp-content\/uploads\/2023\/08\/Opoka-zelezniski-prehod-1-24x18.jpg 24w, https:\/\/novice.si\/page\/wp-content\/uploads\/2023\/08\/Opoka-zelezniski-prehod-1-36x27.jpg 36w, https:\/\/novice.si\/page\/wp-content\/uploads\/2023\/08\/Opoka-zelezniski-prehod-1-48x36.jpg 48w\" sizes=\"auto, (max-width: 364px) 100vw, 364px\" \/>Slovenske \u017eeleznice ga izvajajo v sodelovanju s policijo ter in\u0161pektoratom za \u017eelezni\u0161ki promet. Njegov namen je zmanj\u0161ati \u0161tevilo nesre\u010d in pove\u010danje varnosti. Iz razli\u010dnih razlogov (nesre\u010de, neprevidnost, samomor) na slovenskih tirih vsako leto izgubi \u017eivljenje okoli dvajset ljudi.<\/p>\n<p>Globa za nedovoljeno pre\u010dkanje proge zna\u0161a 400 evrov.<\/p>\n<p>V Celju kriti\u010dnih prehodov \u017eelezni\u0161ke proge ni, na Celjskem pa je ve\u010d manj\u0161ih, ki \u0161e veljajo za nevarne.<\/p>\n<p>P\u0160<\/p>\n<p>&nbsp;<\/p>\n","protected":false},"excerpt":{"rendered":"<p>\u0160e naslednji teden dni bodo na najbolj kriti\u010dnih \u017eelezni\u0161kih prehodih in mestih izvajali preventivni nadzor nad nepravilnim pre\u010dkanjem proge. Slovenske \u017eeleznice ga izvajajo v sodelovanju s policijo ter in\u0161pektoratom za \u017eelezni\u0161ki promet. Njegov namen je zmanj\u0161ati \u0161tevilo nesre\u010d in pove\u010danje varnosti. Iz razli\u010dnih razlogov (nesre\u010de, neprevidnost, samomor) na slovenskih tirih vsako leto izgubi \u017eivljenje okoli [&hellip;]<\/p>\n","protected":false},"author":33,"featured_media":178005,"comment_status":"closed","ping_status":"closed","sticky":false,"template":"","format":"standard","meta":{"footnotes":""},"categories":[17,29],"tags":[3528,21254,4284,2019,7666],"class_list":{"0":"post-178004","1":"post","2":"type-post","3":"status-publish","4":"format-standard","5":"has-post-thumbnail","7":"category-celjsko","8":"category-kronika","9":"tag-agencija-za-varnost-prometa","10":"tag-nadzor-nevarnih-tock","11":"tag-preventivna-akcija","12":"tag-slovenske-zeleznice","13":"tag-zelezniski-prehodi"},"yoast_head":"<!-- This site is optimized with the Yoast SEO plugin v27.4 - https:\/\/yoast.com\/product\/yoast-seo-wordpress\/ -->\n<title>REGIJA \u0160e teden dni nadzora nad \u017eelezni\u0161kimi prehodi - Novice.si<\/title>\n<meta name=\"robots\" content=\"index, follow, max-snippet:-1, max-image-preview:large, max-video-preview:-1\" \/>\n<link rel=\"canonical\" href=\"https:\/\/novice.si\/page\/regija-se-teden-dni-nadzora-nad-zelezniskimi-prehodi\/\" \/>\n<meta property=\"og:locale\" content=\"sl_SI\" \/>\n<meta property=\"og:type\" content=\"article\" \/>\n<meta property=\"og:title\" content=\"REGIJA \u0160e teden dni nadzora nad \u017eelezni\u0161kimi prehodi - Novice.si\" \/>\n<meta property=\"og:description\" content=\"\u0160e naslednji teden dni bodo na najbolj kriti\u010dnih \u017eelezni\u0161kih prehodih in mestih izvajali preventivni nadzor nad nepravilnim pre\u010dkanjem proge. Slovenske \u017eeleznice ga izvajajo v sodelovanju s policijo ter in\u0161pektoratom za \u017eelezni\u0161ki promet. Njegov namen je zmanj\u0161ati \u0161tevilo nesre\u010d in pove\u010danje varnosti. Iz razli\u010dnih razlogov (nesre\u010de, neprevidnost, samomor) na slovenskih tirih vsako leto izgubi \u017eivljenje okoli [&hellip;]\" \/>\n<meta property=\"og:url\" content=\"https:\/\/novice.si\/page\/regija-se-teden-dni-nadzora-nad-zelezniskimi-prehodi\/\" \/>\n<meta property=\"og:site_name\" content=\"Novice.si\" \/>\n<meta property=\"article:published_time\" content=\"2024-08-13T13:06:23+00:00\" \/>\n<meta property=\"og:image\" content=\"https:\/\/novice.si\/page\/wp-content\/uploads\/2024\/08\/prehod-2-scaled.jpg\" \/>\n\t<meta property=\"og:image:width\" content=\"2560\" \/>\n\t<meta property=\"og:image:height\" content=\"1920\" \/>\n\t<meta property=\"og:image:type\" content=\"image\/jpeg\" \/>\n<meta name=\"author\" content=\"Uredni\u0161tvo Celjana\" \/>\n<meta name=\"twitter:card\" content=\"summary_large_image\" \/>\n<meta name=\"twitter:label1\" content=\"Written by\" \/>\n\t<meta name=\"twitter:data1\" content=\"Uredni\u0161tvo Celjana\" \/>\n\t<meta name=\"twitter:label2\" content=\"Est. reading time\" \/>\n\t<meta name=\"twitter:data2\" content=\"1 minuta\" \/>\n<script type=\"application\/ld+json\" class=\"yoast-schema-graph\">{\"@context\":\"https:\\\/\\\/schema.org\",\"@graph\":[{\"@type\":\"Article\",\"@id\":\"https:\\\/\\\/novice.si\\\/page\\\/regija-se-teden-dni-nadzora-nad-zelezniskimi-prehodi\\\/#article\",\"isPartOf\":{\"@id\":\"https:\\\/\\\/novice.si\\\/page\\\/regija-se-teden-dni-nadzora-nad-zelezniskimi-prehodi\\\/\"},\"author\":{\"name\":\"Uredni\u0161tvo Celjana\",\"@id\":\"https:\\\/\\\/novice.si\\\/page\\\/#\\\/schema\\\/person\\\/57f25c9642a9541c7349c65d32032c3e\"},\"headline\":\"REGIJA \u0160e teden dni nadzora nad \u017eelezni\u0161kimi prehodi\",\"datePublished\":\"2024-08-13T13:06:23+00:00\",\"mainEntityOfPage\":{\"@id\":\"https:\\\/\\\/novice.si\\\/page\\\/regija-se-teden-dni-nadzora-nad-zelezniskimi-prehodi\\\/\"},\"wordCount\":107,\"publisher\":{\"@id\":\"https:\\\/\\\/novice.si\\\/page\\\/#organization\"},\"image\":{\"@id\":\"https:\\\/\\\/novice.si\\\/page\\\/regija-se-teden-dni-nadzora-nad-zelezniskimi-prehodi\\\/#primaryimage\"},\"thumbnailUrl\":\"https:\\\/\\\/novice.si\\\/page\\\/wp-content\\\/uploads\\\/2024\\\/08\\\/prehod-2-scaled.jpg\",\"keywords\":[\"Agencija za varnost prometa\",\"nadzor nevarnih to\u010dk\",\"preventivna akcija\",\"Slovenske \u017eeleznice\",\"\u017eelezni\u0161ki prehodi\"],\"articleSection\":[\"Celjsko\",\"Kronika\"],\"inLanguage\":\"sl-SI\"},{\"@type\":\"WebPage\",\"@id\":\"https:\\\/\\\/novice.si\\\/page\\\/regija-se-teden-dni-nadzora-nad-zelezniskimi-prehodi\\\/\",\"url\":\"https:\\\/\\\/novice.si\\\/page\\\/regija-se-teden-dni-nadzora-nad-zelezniskimi-prehodi\\\/\",\"name\":\"REGIJA \u0160e teden dni nadzora nad \u017eelezni\u0161kimi prehodi - Novice.si\",\"isPartOf\":{\"@id\":\"https:\\\/\\\/novice.si\\\/page\\\/#website\"},\"primaryImageOfPage\":{\"@id\":\"https:\\\/\\\/novice.si\\\/page\\\/regija-se-teden-dni-nadzora-nad-zelezniskimi-prehodi\\\/#primaryimage\"},\"image\":{\"@id\":\"https:\\\/\\\/novice.si\\\/page\\\/regija-se-teden-dni-nadzora-nad-zelezniskimi-prehodi\\\/#primaryimage\"},\"thumbnailUrl\":\"https:\\\/\\\/novice.si\\\/page\\\/wp-content\\\/uploads\\\/2024\\\/08\\\/prehod-2-scaled.jpg\",\"datePublished\":\"2024-08-13T13:06:23+00:00\",\"breadcrumb\":{\"@id\":\"https:\\\/\\\/novice.si\\\/page\\\/regija-se-teden-dni-nadzora-nad-zelezniskimi-prehodi\\\/#breadcrumb\"},\"inLanguage\":\"sl-SI\",\"potentialAction\":[{\"@type\":\"ReadAction\",\"target\":[\"https:\\\/\\\/novice.si\\\/page\\\/regija-se-teden-dni-nadzora-nad-zelezniskimi-prehodi\\\/\"]}]},{\"@type\":\"ImageObject\",\"inLanguage\":\"sl-SI\",\"@id\":\"https:\\\/\\\/novice.si\\\/page\\\/regija-se-teden-dni-nadzora-nad-zelezniskimi-prehodi\\\/#primaryimage\",\"url\":\"https:\\\/\\\/novice.si\\\/page\\\/wp-content\\\/uploads\\\/2024\\\/08\\\/prehod-2-scaled.jpg\",\"contentUrl\":\"https:\\\/\\\/novice.si\\\/page\\\/wp-content\\\/uploads\\\/2024\\\/08\\\/prehod-2-scaled.jpg\",\"width\":2560,\"height\":1920},{\"@type\":\"BreadcrumbList\",\"@id\":\"https:\\\/\\\/novice.si\\\/page\\\/regija-se-teden-dni-nadzora-nad-zelezniskimi-prehodi\\\/#breadcrumb\",\"itemListElement\":[{\"@type\":\"ListItem\",\"position\":1,\"name\":\"Home\",\"item\":\"https:\\\/\\\/novice.si\\\/page\\\/\"},{\"@type\":\"ListItem\",\"position\":2,\"name\":\"REGIJA \u0160e teden dni nadzora nad \u017eelezni\u0161kimi prehodi\"}]},{\"@type\":\"WebSite\",\"@id\":\"https:\\\/\\\/novice.si\\\/page\\\/#website\",\"url\":\"https:\\\/\\\/novice.si\\\/page\\\/\",\"name\":\"Novice.si\",\"description\":\"\",\"publisher\":{\"@id\":\"https:\\\/\\\/novice.si\\\/page\\\/#organization\"},\"potentialAction\":[{\"@type\":\"SearchAction\",\"target\":{\"@type\":\"EntryPoint\",\"urlTemplate\":\"https:\\\/\\\/novice.si\\\/page\\\/?s={search_term_string}\"},\"query-input\":{\"@type\":\"PropertyValueSpecification\",\"valueRequired\":true,\"valueName\":\"search_term_string\"}}],\"inLanguage\":\"sl-SI\"},{\"@type\":\"Organization\",\"@id\":\"https:\\\/\\\/novice.si\\\/page\\\/#organization\",\"name\":\"Novice.si\",\"url\":\"https:\\\/\\\/novice.si\\\/page\\\/\",\"logo\":{\"@type\":\"ImageObject\",\"inLanguage\":\"sl-SI\",\"@id\":\"https:\\\/\\\/novice.si\\\/page\\\/#\\\/schema\\\/logo\\\/image\\\/\",\"url\":\"https:\\\/\\\/novice.si\\\/page\\\/wp-content\\\/uploads\\\/2023\\\/03\\\/novice_si.png\",\"contentUrl\":\"https:\\\/\\\/novice.si\\\/page\\\/wp-content\\\/uploads\\\/2023\\\/03\\\/novice_si.png\",\"width\":576,\"height\":200,\"caption\":\"Novice.si\"},\"image\":{\"@id\":\"https:\\\/\\\/novice.si\\\/page\\\/#\\\/schema\\\/logo\\\/image\\\/\"}},{\"@type\":\"Person\",\"@id\":\"https:\\\/\\\/novice.si\\\/page\\\/#\\\/schema\\\/person\\\/57f25c9642a9541c7349c65d32032c3e\",\"name\":\"Uredni\u0161tvo Celjana\",\"image\":{\"@type\":\"ImageObject\",\"inLanguage\":\"sl-SI\",\"@id\":\"https:\\\/\\\/secure.gravatar.com\\\/avatar\\\/78e52bc4279b65f6df6345e0ef0f7b792d361361f230cf4ffecfe0afe6d5629c?s=96&d=mm&r=g\",\"url\":\"https:\\\/\\\/secure.gravatar.com\\\/avatar\\\/78e52bc4279b65f6df6345e0ef0f7b792d361361f230cf4ffecfe0afe6d5629c?s=96&d=mm&r=g\",\"contentUrl\":\"https:\\\/\\\/secure.gravatar.com\\\/avatar\\\/78e52bc4279b65f6df6345e0ef0f7b792d361361f230cf4ffecfe0afe6d5629c?s=96&d=mm&r=g\",\"caption\":\"Uredni\u0161tvo Celjana\"},\"url\":\"https:\\\/\\\/novice.si\\\/page\\\/author\\\/primoz\\\/\"}]}<\/script>\n<!-- \/ Yoast SEO plugin. -->","yoast_head_json":{"title":"REGIJA \u0160e teden dni nadzora nad \u017eelezni\u0161kimi prehodi - Novice.si","robots":{"index":"index","follow":"follow","max-snippet":"max-snippet:-1","max-image-preview":"max-image-preview:large","max-video-preview":"max-video-preview:-1"},"canonical":"https:\/\/novice.si\/page\/regija-se-teden-dni-nadzora-nad-zelezniskimi-prehodi\/","og_locale":"sl_SI","og_type":"article","og_title":"REGIJA \u0160e teden dni nadzora nad \u017eelezni\u0161kimi prehodi - Novice.si","og_description":"\u0160e naslednji teden dni bodo na najbolj kriti\u010dnih \u017eelezni\u0161kih prehodih in mestih izvajali preventivni nadzor nad nepravilnim pre\u010dkanjem proge. Slovenske \u017eeleznice ga izvajajo v sodelovanju s policijo ter in\u0161pektoratom za \u017eelezni\u0161ki promet. Njegov namen je zmanj\u0161ati \u0161tevilo nesre\u010d in pove\u010danje varnosti. Iz razli\u010dnih razlogov (nesre\u010de, neprevidnost, samomor) na slovenskih tirih vsako leto izgubi \u017eivljenje okoli [&hellip;]","og_url":"https:\/\/novice.si\/page\/regija-se-teden-dni-nadzora-nad-zelezniskimi-prehodi\/","og_site_name":"Novice.si","article_published_time":"2024-08-13T13:06:23+00:00","og_image":[{"width":2560,"height":1920,"url":"https:\/\/novice.si\/page\/wp-content\/uploads\/2024\/08\/prehod-2-scaled.jpg","type":"image\/jpeg"}],"author":"Uredni\u0161tvo Celjana","twitter_card":"summary_large_image","twitter_misc":{"Written by":"Uredni\u0161tvo Celjana","Est. reading time":"1 minuta"},"schema":{"@context":"https:\/\/schema.org","@graph":[{"@type":"Article","@id":"https:\/\/novice.si\/page\/regija-se-teden-dni-nadzora-nad-zelezniskimi-prehodi\/#article","isPartOf":{"@id":"https:\/\/novice.si\/page\/regija-se-teden-dni-nadzora-nad-zelezniskimi-prehodi\/"},"author":{"name":"Uredni\u0161tvo Celjana","@id":"https:\/\/novice.si\/page\/#\/schema\/person\/57f25c9642a9541c7349c65d32032c3e"},"headline":"REGIJA \u0160e teden dni nadzora nad \u017eelezni\u0161kimi prehodi","datePublished":"2024-08-13T13:06:23+00:00","mainEntityOfPage":{"@id":"https:\/\/novice.si\/page\/regija-se-teden-dni-nadzora-nad-zelezniskimi-prehodi\/"},"wordCount":107,"publisher":{"@id":"https:\/\/novice.si\/page\/#organization"},"image":{"@id":"https:\/\/novice.si\/page\/regija-se-teden-dni-nadzora-nad-zelezniskimi-prehodi\/#primaryimage"},"thumbnailUrl":"https:\/\/novice.si\/page\/wp-content\/uploads\/2024\/08\/prehod-2-scaled.jpg","keywords":["Agencija za varnost prometa","nadzor nevarnih to\u010dk","preventivna akcija","Slovenske \u017eeleznice","\u017eelezni\u0161ki prehodi"],"articleSection":["Celjsko","Kronika"],"inLanguage":"sl-SI"},{"@type":"WebPage","@id":"https:\/\/novice.si\/page\/regija-se-teden-dni-nadzora-nad-zelezniskimi-prehodi\/","url":"https:\/\/novice.si\/page\/regija-se-teden-dni-nadzora-nad-zelezniskimi-prehodi\/","name":"REGIJA \u0160e teden dni nadzora nad \u017eelezni\u0161kimi prehodi - Novice.si","isPartOf":{"@id":"https:\/\/novice.si\/page\/#website"},"primaryImageOfPage":{"@id":"https:\/\/novice.si\/page\/regija-se-teden-dni-nadzora-nad-zelezniskimi-prehodi\/#primaryimage"},"image":{"@id":"https:\/\/novice.si\/page\/regija-se-teden-dni-nadzora-nad-zelezniskimi-prehodi\/#primaryimage"},"thumbnailUrl":"https:\/\/novice.si\/page\/wp-content\/uploads\/2024\/08\/prehod-2-scaled.jpg","datePublished":"2024-08-13T13:06:23+00:00","breadcrumb":{"@id":"https:\/\/novice.si\/page\/regija-se-teden-dni-nadzora-nad-zelezniskimi-prehodi\/#breadcrumb"},"inLanguage":"sl-SI","potentialAction":[{"@type":"ReadAction","target":["https:\/\/novice.si\/page\/regija-se-teden-dni-nadzora-nad-zelezniskimi-prehodi\/"]}]},{"@type":"ImageObject","inLanguage":"sl-SI","@id":"https:\/\/novice.si\/page\/regija-se-teden-dni-nadzora-nad-zelezniskimi-prehodi\/#primaryimage","url":"https:\/\/novice.si\/page\/wp-content\/uploads\/2024\/08\/prehod-2-scaled.jpg","contentUrl":"https:\/\/novice.si\/page\/wp-content\/uploads\/2024\/08\/prehod-2-scaled.jpg","width":2560,"height":1920},{"@type":"BreadcrumbList","@id":"https:\/\/novice.si\/page\/regija-se-teden-dni-nadzora-nad-zelezniskimi-prehodi\/#breadcrumb","itemListElement":[{"@type":"ListItem","position":1,"name":"Home","item":"https:\/\/novice.si\/page\/"},{"@type":"ListItem","position":2,"name":"REGIJA \u0160e teden dni nadzora nad \u017eelezni\u0161kimi prehodi"}]},{"@type":"WebSite","@id":"https:\/\/novice.si\/page\/#website","url":"https:\/\/novice.si\/page\/","name":"Novice.si","description":"","publisher":{"@id":"https:\/\/novice.si\/page\/#organization"},"potentialAction":[{"@type":"SearchAction","target":{"@type":"EntryPoint","urlTemplate":"https:\/\/novice.si\/page\/?s={search_term_string}"},"query-input":{"@type":"PropertyValueSpecification","valueRequired":true,"valueName":"search_term_string"}}],"inLanguage":"sl-SI"},{"@type":"Organization","@id":"https:\/\/novice.si\/page\/#organization","name":"Novice.si","url":"https:\/\/novice.si\/page\/","logo":{"@type":"ImageObject","inLanguage":"sl-SI","@id":"https:\/\/novice.si\/page\/#\/schema\/logo\/image\/","url":"https:\/\/novice.si\/page\/wp-content\/uploads\/2023\/03\/novice_si.png","contentUrl":"https:\/\/novice.si\/page\/wp-content\/uploads\/2023\/03\/novice_si.png","width":576,"height":200,"caption":"Novice.si"},"image":{"@id":"https:\/\/novice.si\/page\/#\/schema\/logo\/image\/"}},{"@type":"Person","@id":"https:\/\/novice.si\/page\/#\/schema\/person\/57f25c9642a9541c7349c65d32032c3e","name":"Uredni\u0161tvo Celjana","image":{"@type":"ImageObject","inLanguage":"sl-SI","@id":"https:\/\/secure.gravatar.com\/avatar\/78e52bc4279b65f6df6345e0ef0f7b792d361361f230cf4ffecfe0afe6d5629c?s=96&d=mm&r=g","url":"https:\/\/secure.gravatar.com\/avatar\/78e52bc4279b65f6df6345e0ef0f7b792d361361f230cf4ffecfe0afe6d5629c?s=96&d=mm&r=g","contentUrl":"https:\/\/secure.gravatar.com\/avatar\/78e52bc4279b65f6df6345e0ef0f7b792d361361f230cf4ffecfe0afe6d5629c?s=96&d=mm&r=g","caption":"Uredni\u0161tvo Celjana"},"url":"https:\/\/novice.si\/page\/author\/primoz\/"}]}},"_links":{"self":[{"href":"https:\/\/novice.si\/page\/wp-json\/wp\/v2\/posts\/178004","targetHints":{"allow":["GET"]}}],"collection":[{"href":"https:\/\/novice.si\/page\/wp-json\/wp\/v2\/posts"}],"about":[{"href":"https:\/\/novice.si\/page\/wp-json\/wp\/v2\/types\/post"}],"author":[{"embeddable":true,"href":"https:\/\/novice.si\/page\/wp-json\/wp\/v2\/users\/33"}],"replies":[{"embeddable":true,"href":"https:\/\/novice.si\/page\/wp-json\/wp\/v2\/comments?post=178004"}],"version-history":[{"count":1,"href":"https:\/\/novice.si\/page\/wp-json\/wp\/v2\/posts\/178004\/revisions"}],"predecessor-version":[{"id":178006,"href":"https:\/\/novice.si\/page\/wp-json\/wp\/v2\/posts\/178004\/revisions\/178006"}],"wp:featuredmedia":[{"embeddable":true,"href":"https:\/\/novice.si\/page\/wp-json\/wp\/v2\/media\/178005"}],"wp:attachment":[{"href":"https:\/\/novice.si\/page\/wp-json\/wp\/v2\/media?parent=178004"}],"wp:term":[{"taxonomy":"category","embeddable":true,"href":"https:\/\/novice.si\/page\/wp-json\/wp\/v2\/categories?post=178004"},{"taxonomy":"post_tag","embeddable":true,"href":"https:\/\/novice.si\/page\/wp-json\/wp\/v2\/tags?post=178004"}],"curies":[{"name":"wp","href":"https:\/\/api.w.org\/{rel}","templated":true}]}}