{"id":177977,"date":"2024-08-13T12:39:38","date_gmt":"2024-08-13T10:39:38","guid":{"rendered":"https:\/\/novice.si\/page\/?p=177977"},"modified":"2024-08-13T12:39:38","modified_gmt":"2024-08-13T10:39:38","slug":"celje-obnova-mostov-pri-topru-in-na-polulah-prihodnje-leto","status":"publish","type":"post","link":"https:\/\/novice.si\/page\/celje-obnova-mostov-pri-topru-in-na-polulah-prihodnje-leto\/","title":{"rendered":"CELJE Obnova mostov pri Topru in na Polulah prihodnje leto"},"content":{"rendered":"<p>Dobro leto dni po lanskih poplavah in neurju je v Celju ostalo odprtih \u0161e nekaj projektov.<\/p>\n<p><img loading=\"lazy\" decoding=\"async\" class=\"wp-image-166127 alignleft\" src=\"https:\/\/novice.si\/page\/wp-content\/uploads\/2023\/08\/most-polule-600x338.jpg\" alt=\"\" width=\"369\" height=\"208\" srcset=\"https:\/\/novice.si\/page\/wp-content\/uploads\/2023\/08\/most-polule-600x338.jpg 600w, https:\/\/novice.si\/page\/wp-content\/uploads\/2023\/08\/most-polule-1024x577.jpg 1024w, https:\/\/novice.si\/page\/wp-content\/uploads\/2023\/08\/most-polule-768x432.jpg 768w, https:\/\/novice.si\/page\/wp-content\/uploads\/2023\/08\/most-polule-1536x865.jpg 1536w, https:\/\/novice.si\/page\/wp-content\/uploads\/2023\/08\/most-polule-2048x1153.jpg 2048w, https:\/\/novice.si\/page\/wp-content\/uploads\/2023\/08\/most-polule-696x392.jpg 696w, https:\/\/novice.si\/page\/wp-content\/uploads\/2023\/08\/most-polule-1068x601.jpg 1068w, https:\/\/novice.si\/page\/wp-content\/uploads\/2023\/08\/most-polule-746x420.jpg 746w, https:\/\/novice.si\/page\/wp-content\/uploads\/2023\/08\/most-polule-24x14.jpg 24w, https:\/\/novice.si\/page\/wp-content\/uploads\/2023\/08\/most-polule-36x20.jpg 36w, https:\/\/novice.si\/page\/wp-content\/uploads\/2023\/08\/most-polule-48x27.jpg 48w\" sizes=\"auto, (max-width: 369px) 100vw, 369px\" \/>Sanacije, ki so jih izvedli doslej, so ve\u010dinoma pokrili z dr\u017eavnimi intervencijskimi sredstvi v vi\u0161ini 40 odstotkov ocenjene \u0161kode.<\/p>\n<p>Najve\u010d dela je ostalo na plazi\u0161\u010dih, tudi mostova \u010dez Voglajno pri Topru in \u010dez Savinjo na Polulah (na sliki) bosta na vrsto pri\u0161la \u0161ele naslednje leto. Obnovo bodo financirali iz Na\u010drta za okrevanje in odpornost.<\/p>\n<p>Preselitve bodo po ugotovitvah Slu\u017ebe vlade za obnovo po poplavah potrebne iz osem stanovanjskih in enega ve\u010dstanovanjskega objekta<\/p>\n<p><em>Ve\u010d preberite v Celjanu.<\/em><\/p>\n<p>P\u0160<\/p>\n","protected":false},"excerpt":{"rendered":"<p>Dobro leto dni po lanskih poplavah in neurju je v Celju ostalo odprtih \u0161e nekaj projektov. Sanacije, ki so jih izvedli doslej, so ve\u010dinoma pokrili z dr\u017eavnimi intervencijskimi sredstvi v vi\u0161ini 40 odstotkov ocenjene \u0161kode. Najve\u010d dela je ostalo na plazi\u0161\u010dih, tudi mostova \u010dez Voglajno pri Topru in \u010dez Savinjo na Polulah (na sliki) bosta [&hellip;]<\/p>\n","protected":false},"author":33,"featured_media":177978,"comment_status":"closed","ping_status":"closed","sticky":false,"template":"","format":"standard","meta":{"footnotes":""},"categories":[17],"tags":[21250,21249,604,21248,4457],"class_list":{"0":"post-177977","1":"post","2":"type-post","3":"status-publish","4":"format-standard","5":"has-post-thumbnail","7":"category-celjsko","8":"tag-most-polule-savinja","9":"tag-most-toper-voglajna","10":"tag-plazovi","11":"tag-poplave-celje","12":"tag-sanacija"},"yoast_head":"<!-- This site is optimized with the Yoast SEO plugin v27.4 - https:\/\/yoast.com\/product\/yoast-seo-wordpress\/ -->\n<title>CELJE Obnova mostov pri Topru in na Polulah prihodnje leto - Novice.si<\/title>\n<meta name=\"robots\" content=\"index, follow, max-snippet:-1, max-image-preview:large, max-video-preview:-1\" \/>\n<link rel=\"canonical\" href=\"https:\/\/novice.si\/page\/celje-obnova-mostov-pri-topru-in-na-polulah-prihodnje-leto\/\" \/>\n<meta property=\"og:locale\" content=\"sl_SI\" \/>\n<meta property=\"og:type\" content=\"article\" \/>\n<meta property=\"og:title\" content=\"CELJE Obnova mostov pri Topru in na Polulah prihodnje leto - Novice.si\" \/>\n<meta property=\"og:description\" content=\"Dobro leto dni po lanskih poplavah in neurju je v Celju ostalo odprtih \u0161e nekaj projektov. Sanacije, ki so jih izvedli doslej, so ve\u010dinoma pokrili z dr\u017eavnimi intervencijskimi sredstvi v vi\u0161ini 40 odstotkov ocenjene \u0161kode. Najve\u010d dela je ostalo na plazi\u0161\u010dih, tudi mostova \u010dez Voglajno pri Topru in \u010dez Savinjo na Polulah (na sliki) bosta [&hellip;]\" \/>\n<meta property=\"og:url\" content=\"https:\/\/novice.si\/page\/celje-obnova-mostov-pri-topru-in-na-polulah-prihodnje-leto\/\" \/>\n<meta property=\"og:site_name\" content=\"Novice.si\" \/>\n<meta property=\"article:published_time\" content=\"2024-08-13T10:39:38+00:00\" \/>\n<meta property=\"og:image\" content=\"https:\/\/novice.si\/page\/wp-content\/uploads\/2024\/08\/Loznica-poplave-scaled.jpg\" \/>\n\t<meta property=\"og:image:width\" content=\"2560\" \/>\n\t<meta property=\"og:image:height\" content=\"1920\" \/>\n\t<meta property=\"og:image:type\" content=\"image\/jpeg\" \/>\n<meta name=\"author\" content=\"Uredni\u0161tvo Celjana\" \/>\n<meta name=\"twitter:card\" content=\"summary_large_image\" \/>\n<meta name=\"twitter:label1\" content=\"Written by\" \/>\n\t<meta name=\"twitter:data1\" content=\"Uredni\u0161tvo Celjana\" \/>\n\t<meta name=\"twitter:label2\" content=\"Est. reading time\" \/>\n\t<meta name=\"twitter:data2\" content=\"1 minuta\" \/>\n<script type=\"application\/ld+json\" class=\"yoast-schema-graph\">{\"@context\":\"https:\\\/\\\/schema.org\",\"@graph\":[{\"@type\":\"Article\",\"@id\":\"https:\\\/\\\/novice.si\\\/page\\\/celje-obnova-mostov-pri-topru-in-na-polulah-prihodnje-leto\\\/#article\",\"isPartOf\":{\"@id\":\"https:\\\/\\\/novice.si\\\/page\\\/celje-obnova-mostov-pri-topru-in-na-polulah-prihodnje-leto\\\/\"},\"author\":{\"name\":\"Uredni\u0161tvo Celjana\",\"@id\":\"https:\\\/\\\/novice.si\\\/page\\\/#\\\/schema\\\/person\\\/57f25c9642a9541c7349c65d32032c3e\"},\"headline\":\"CELJE Obnova mostov pri Topru in na Polulah prihodnje leto\",\"datePublished\":\"2024-08-13T10:39:38+00:00\",\"mainEntityOfPage\":{\"@id\":\"https:\\\/\\\/novice.si\\\/page\\\/celje-obnova-mostov-pri-topru-in-na-polulah-prihodnje-leto\\\/\"},\"wordCount\":110,\"publisher\":{\"@id\":\"https:\\\/\\\/novice.si\\\/page\\\/#organization\"},\"image\":{\"@id\":\"https:\\\/\\\/novice.si\\\/page\\\/celje-obnova-mostov-pri-topru-in-na-polulah-prihodnje-leto\\\/#primaryimage\"},\"thumbnailUrl\":\"https:\\\/\\\/novice.si\\\/page\\\/wp-content\\\/uploads\\\/2024\\\/08\\\/Loznica-poplave-scaled.jpg\",\"keywords\":[\"Most Polule Savinja\",\"most Toper Voglajna\",\"plazovi\",\"poplave Celje\",\"sanacija\"],\"articleSection\":[\"Celjsko\"],\"inLanguage\":\"sl-SI\"},{\"@type\":\"WebPage\",\"@id\":\"https:\\\/\\\/novice.si\\\/page\\\/celje-obnova-mostov-pri-topru-in-na-polulah-prihodnje-leto\\\/\",\"url\":\"https:\\\/\\\/novice.si\\\/page\\\/celje-obnova-mostov-pri-topru-in-na-polulah-prihodnje-leto\\\/\",\"name\":\"CELJE Obnova mostov pri Topru in na Polulah prihodnje leto - Novice.si\",\"isPartOf\":{\"@id\":\"https:\\\/\\\/novice.si\\\/page\\\/#website\"},\"primaryImageOfPage\":{\"@id\":\"https:\\\/\\\/novice.si\\\/page\\\/celje-obnova-mostov-pri-topru-in-na-polulah-prihodnje-leto\\\/#primaryimage\"},\"image\":{\"@id\":\"https:\\\/\\\/novice.si\\\/page\\\/celje-obnova-mostov-pri-topru-in-na-polulah-prihodnje-leto\\\/#primaryimage\"},\"thumbnailUrl\":\"https:\\\/\\\/novice.si\\\/page\\\/wp-content\\\/uploads\\\/2024\\\/08\\\/Loznica-poplave-scaled.jpg\",\"datePublished\":\"2024-08-13T10:39:38+00:00\",\"breadcrumb\":{\"@id\":\"https:\\\/\\\/novice.si\\\/page\\\/celje-obnova-mostov-pri-topru-in-na-polulah-prihodnje-leto\\\/#breadcrumb\"},\"inLanguage\":\"sl-SI\",\"potentialAction\":[{\"@type\":\"ReadAction\",\"target\":[\"https:\\\/\\\/novice.si\\\/page\\\/celje-obnova-mostov-pri-topru-in-na-polulah-prihodnje-leto\\\/\"]}]},{\"@type\":\"ImageObject\",\"inLanguage\":\"sl-SI\",\"@id\":\"https:\\\/\\\/novice.si\\\/page\\\/celje-obnova-mostov-pri-topru-in-na-polulah-prihodnje-leto\\\/#primaryimage\",\"url\":\"https:\\\/\\\/novice.si\\\/page\\\/wp-content\\\/uploads\\\/2024\\\/08\\\/Loznica-poplave-scaled.jpg\",\"contentUrl\":\"https:\\\/\\\/novice.si\\\/page\\\/wp-content\\\/uploads\\\/2024\\\/08\\\/Loznica-poplave-scaled.jpg\",\"width\":2560,\"height\":1920},{\"@type\":\"BreadcrumbList\",\"@id\":\"https:\\\/\\\/novice.si\\\/page\\\/celje-obnova-mostov-pri-topru-in-na-polulah-prihodnje-leto\\\/#breadcrumb\",\"itemListElement\":[{\"@type\":\"ListItem\",\"position\":1,\"name\":\"Home\",\"item\":\"https:\\\/\\\/novice.si\\\/page\\\/\"},{\"@type\":\"ListItem\",\"position\":2,\"name\":\"CELJE Obnova mostov pri Topru in na Polulah prihodnje leto\"}]},{\"@type\":\"WebSite\",\"@id\":\"https:\\\/\\\/novice.si\\\/page\\\/#website\",\"url\":\"https:\\\/\\\/novice.si\\\/page\\\/\",\"name\":\"Novice.si\",\"description\":\"\",\"publisher\":{\"@id\":\"https:\\\/\\\/novice.si\\\/page\\\/#organization\"},\"potentialAction\":[{\"@type\":\"SearchAction\",\"target\":{\"@type\":\"EntryPoint\",\"urlTemplate\":\"https:\\\/\\\/novice.si\\\/page\\\/?s={search_term_string}\"},\"query-input\":{\"@type\":\"PropertyValueSpecification\",\"valueRequired\":true,\"valueName\":\"search_term_string\"}}],\"inLanguage\":\"sl-SI\"},{\"@type\":\"Organization\",\"@id\":\"https:\\\/\\\/novice.si\\\/page\\\/#organization\",\"name\":\"Novice.si\",\"url\":\"https:\\\/\\\/novice.si\\\/page\\\/\",\"logo\":{\"@type\":\"ImageObject\",\"inLanguage\":\"sl-SI\",\"@id\":\"https:\\\/\\\/novice.si\\\/page\\\/#\\\/schema\\\/logo\\\/image\\\/\",\"url\":\"https:\\\/\\\/novice.si\\\/page\\\/wp-content\\\/uploads\\\/2023\\\/03\\\/novice_si.png\",\"contentUrl\":\"https:\\\/\\\/novice.si\\\/page\\\/wp-content\\\/uploads\\\/2023\\\/03\\\/novice_si.png\",\"width\":576,\"height\":200,\"caption\":\"Novice.si\"},\"image\":{\"@id\":\"https:\\\/\\\/novice.si\\\/page\\\/#\\\/schema\\\/logo\\\/image\\\/\"}},{\"@type\":\"Person\",\"@id\":\"https:\\\/\\\/novice.si\\\/page\\\/#\\\/schema\\\/person\\\/57f25c9642a9541c7349c65d32032c3e\",\"name\":\"Uredni\u0161tvo Celjana\",\"image\":{\"@type\":\"ImageObject\",\"inLanguage\":\"sl-SI\",\"@id\":\"https:\\\/\\\/secure.gravatar.com\\\/avatar\\\/78e52bc4279b65f6df6345e0ef0f7b792d361361f230cf4ffecfe0afe6d5629c?s=96&d=mm&r=g\",\"url\":\"https:\\\/\\\/secure.gravatar.com\\\/avatar\\\/78e52bc4279b65f6df6345e0ef0f7b792d361361f230cf4ffecfe0afe6d5629c?s=96&d=mm&r=g\",\"contentUrl\":\"https:\\\/\\\/secure.gravatar.com\\\/avatar\\\/78e52bc4279b65f6df6345e0ef0f7b792d361361f230cf4ffecfe0afe6d5629c?s=96&d=mm&r=g\",\"caption\":\"Uredni\u0161tvo Celjana\"},\"url\":\"https:\\\/\\\/novice.si\\\/page\\\/author\\\/primoz\\\/\"}]}<\/script>\n<!-- \/ Yoast SEO plugin. -->","yoast_head_json":{"title":"CELJE Obnova mostov pri Topru in na Polulah prihodnje leto - Novice.si","robots":{"index":"index","follow":"follow","max-snippet":"max-snippet:-1","max-image-preview":"max-image-preview:large","max-video-preview":"max-video-preview:-1"},"canonical":"https:\/\/novice.si\/page\/celje-obnova-mostov-pri-topru-in-na-polulah-prihodnje-leto\/","og_locale":"sl_SI","og_type":"article","og_title":"CELJE Obnova mostov pri Topru in na Polulah prihodnje leto - Novice.si","og_description":"Dobro leto dni po lanskih poplavah in neurju je v Celju ostalo odprtih \u0161e nekaj projektov. Sanacije, ki so jih izvedli doslej, so ve\u010dinoma pokrili z dr\u017eavnimi intervencijskimi sredstvi v vi\u0161ini 40 odstotkov ocenjene \u0161kode. Najve\u010d dela je ostalo na plazi\u0161\u010dih, tudi mostova \u010dez Voglajno pri Topru in \u010dez Savinjo na Polulah (na sliki) bosta [&hellip;]","og_url":"https:\/\/novice.si\/page\/celje-obnova-mostov-pri-topru-in-na-polulah-prihodnje-leto\/","og_site_name":"Novice.si","article_published_time":"2024-08-13T10:39:38+00:00","og_image":[{"width":2560,"height":1920,"url":"https:\/\/novice.si\/page\/wp-content\/uploads\/2024\/08\/Loznica-poplave-scaled.jpg","type":"image\/jpeg"}],"author":"Uredni\u0161tvo Celjana","twitter_card":"summary_large_image","twitter_misc":{"Written by":"Uredni\u0161tvo Celjana","Est. reading time":"1 minuta"},"schema":{"@context":"https:\/\/schema.org","@graph":[{"@type":"Article","@id":"https:\/\/novice.si\/page\/celje-obnova-mostov-pri-topru-in-na-polulah-prihodnje-leto\/#article","isPartOf":{"@id":"https:\/\/novice.si\/page\/celje-obnova-mostov-pri-topru-in-na-polulah-prihodnje-leto\/"},"author":{"name":"Uredni\u0161tvo Celjana","@id":"https:\/\/novice.si\/page\/#\/schema\/person\/57f25c9642a9541c7349c65d32032c3e"},"headline":"CELJE Obnova mostov pri Topru in na Polulah prihodnje leto","datePublished":"2024-08-13T10:39:38+00:00","mainEntityOfPage":{"@id":"https:\/\/novice.si\/page\/celje-obnova-mostov-pri-topru-in-na-polulah-prihodnje-leto\/"},"wordCount":110,"publisher":{"@id":"https:\/\/novice.si\/page\/#organization"},"image":{"@id":"https:\/\/novice.si\/page\/celje-obnova-mostov-pri-topru-in-na-polulah-prihodnje-leto\/#primaryimage"},"thumbnailUrl":"https:\/\/novice.si\/page\/wp-content\/uploads\/2024\/08\/Loznica-poplave-scaled.jpg","keywords":["Most Polule Savinja","most Toper Voglajna","plazovi","poplave Celje","sanacija"],"articleSection":["Celjsko"],"inLanguage":"sl-SI"},{"@type":"WebPage","@id":"https:\/\/novice.si\/page\/celje-obnova-mostov-pri-topru-in-na-polulah-prihodnje-leto\/","url":"https:\/\/novice.si\/page\/celje-obnova-mostov-pri-topru-in-na-polulah-prihodnje-leto\/","name":"CELJE Obnova mostov pri Topru in na Polulah prihodnje leto - Novice.si","isPartOf":{"@id":"https:\/\/novice.si\/page\/#website"},"primaryImageOfPage":{"@id":"https:\/\/novice.si\/page\/celje-obnova-mostov-pri-topru-in-na-polulah-prihodnje-leto\/#primaryimage"},"image":{"@id":"https:\/\/novice.si\/page\/celje-obnova-mostov-pri-topru-in-na-polulah-prihodnje-leto\/#primaryimage"},"thumbnailUrl":"https:\/\/novice.si\/page\/wp-content\/uploads\/2024\/08\/Loznica-poplave-scaled.jpg","datePublished":"2024-08-13T10:39:38+00:00","breadcrumb":{"@id":"https:\/\/novice.si\/page\/celje-obnova-mostov-pri-topru-in-na-polulah-prihodnje-leto\/#breadcrumb"},"inLanguage":"sl-SI","potentialAction":[{"@type":"ReadAction","target":["https:\/\/novice.si\/page\/celje-obnova-mostov-pri-topru-in-na-polulah-prihodnje-leto\/"]}]},{"@type":"ImageObject","inLanguage":"sl-SI","@id":"https:\/\/novice.si\/page\/celje-obnova-mostov-pri-topru-in-na-polulah-prihodnje-leto\/#primaryimage","url":"https:\/\/novice.si\/page\/wp-content\/uploads\/2024\/08\/Loznica-poplave-scaled.jpg","contentUrl":"https:\/\/novice.si\/page\/wp-content\/uploads\/2024\/08\/Loznica-poplave-scaled.jpg","width":2560,"height":1920},{"@type":"BreadcrumbList","@id":"https:\/\/novice.si\/page\/celje-obnova-mostov-pri-topru-in-na-polulah-prihodnje-leto\/#breadcrumb","itemListElement":[{"@type":"ListItem","position":1,"name":"Home","item":"https:\/\/novice.si\/page\/"},{"@type":"ListItem","position":2,"name":"CELJE Obnova mostov pri Topru in na Polulah prihodnje leto"}]},{"@type":"WebSite","@id":"https:\/\/novice.si\/page\/#website","url":"https:\/\/novice.si\/page\/","name":"Novice.si","description":"","publisher":{"@id":"https:\/\/novice.si\/page\/#organization"},"potentialAction":[{"@type":"SearchAction","target":{"@type":"EntryPoint","urlTemplate":"https:\/\/novice.si\/page\/?s={search_term_string}"},"query-input":{"@type":"PropertyValueSpecification","valueRequired":true,"valueName":"search_term_string"}}],"inLanguage":"sl-SI"},{"@type":"Organization","@id":"https:\/\/novice.si\/page\/#organization","name":"Novice.si","url":"https:\/\/novice.si\/page\/","logo":{"@type":"ImageObject","inLanguage":"sl-SI","@id":"https:\/\/novice.si\/page\/#\/schema\/logo\/image\/","url":"https:\/\/novice.si\/page\/wp-content\/uploads\/2023\/03\/novice_si.png","contentUrl":"https:\/\/novice.si\/page\/wp-content\/uploads\/2023\/03\/novice_si.png","width":576,"height":200,"caption":"Novice.si"},"image":{"@id":"https:\/\/novice.si\/page\/#\/schema\/logo\/image\/"}},{"@type":"Person","@id":"https:\/\/novice.si\/page\/#\/schema\/person\/57f25c9642a9541c7349c65d32032c3e","name":"Uredni\u0161tvo Celjana","image":{"@type":"ImageObject","inLanguage":"sl-SI","@id":"https:\/\/secure.gravatar.com\/avatar\/78e52bc4279b65f6df6345e0ef0f7b792d361361f230cf4ffecfe0afe6d5629c?s=96&d=mm&r=g","url":"https:\/\/secure.gravatar.com\/avatar\/78e52bc4279b65f6df6345e0ef0f7b792d361361f230cf4ffecfe0afe6d5629c?s=96&d=mm&r=g","contentUrl":"https:\/\/secure.gravatar.com\/avatar\/78e52bc4279b65f6df6345e0ef0f7b792d361361f230cf4ffecfe0afe6d5629c?s=96&d=mm&r=g","caption":"Uredni\u0161tvo Celjana"},"url":"https:\/\/novice.si\/page\/author\/primoz\/"}]}},"_links":{"self":[{"href":"https:\/\/novice.si\/page\/wp-json\/wp\/v2\/posts\/177977","targetHints":{"allow":["GET"]}}],"collection":[{"href":"https:\/\/novice.si\/page\/wp-json\/wp\/v2\/posts"}],"about":[{"href":"https:\/\/novice.si\/page\/wp-json\/wp\/v2\/types\/post"}],"author":[{"embeddable":true,"href":"https:\/\/novice.si\/page\/wp-json\/wp\/v2\/users\/33"}],"replies":[{"embeddable":true,"href":"https:\/\/novice.si\/page\/wp-json\/wp\/v2\/comments?post=177977"}],"version-history":[{"count":1,"href":"https:\/\/novice.si\/page\/wp-json\/wp\/v2\/posts\/177977\/revisions"}],"predecessor-version":[{"id":177979,"href":"https:\/\/novice.si\/page\/wp-json\/wp\/v2\/posts\/177977\/revisions\/177979"}],"wp:featuredmedia":[{"embeddable":true,"href":"https:\/\/novice.si\/page\/wp-json\/wp\/v2\/media\/177978"}],"wp:attachment":[{"href":"https:\/\/novice.si\/page\/wp-json\/wp\/v2\/media?parent=177977"}],"wp:term":[{"taxonomy":"category","embeddable":true,"href":"https:\/\/novice.si\/page\/wp-json\/wp\/v2\/categories?post=177977"},{"taxonomy":"post_tag","embeddable":true,"href":"https:\/\/novice.si\/page\/wp-json\/wp\/v2\/tags?post=177977"}],"curies":[{"name":"wp","href":"https:\/\/api.w.org\/{rel}","templated":true}]}}