{"id":177675,"date":"2024-08-02T08:41:05","date_gmt":"2024-08-02T06:41:05","guid":{"rendered":"https:\/\/novice.si\/page\/?p=177675"},"modified":"2024-08-02T08:41:05","modified_gmt":"2024-08-02T06:41:05","slug":"slatinski-gimnazijec-brest-lenarcic-osvojil-zlato-medaljo-na-lingvisticni-olimpijadi-v-braziliji","status":"publish","type":"post","link":"https:\/\/novice.si\/page\/slatinski-gimnazijec-brest-lenarcic-osvojil-zlato-medaljo-na-lingvisticni-olimpijadi-v-braziliji\/","title":{"rendered":"Slatinski gimnazijec Brest Lenar\u010di\u010d osvojil zlato medaljo na lingvisti\u010dni olimpijadi v Braziliji"},"content":{"rendered":"<p><strong>Brest Lenar\u010di\u010d, dijak \u0160C Roga\u0161ka Slatina, je osvojil zlato medaljo na lingvisti\u010dni olimpijadi v Braziliji.<\/strong><\/p>\n<p><img loading=\"lazy\" decoding=\"async\" class=\"wp-image-177676 alignleft\" src=\"https:\/\/novice.si\/page\/wp-content\/uploads\/2024\/08\/IOL-2024-600x450.jpg\" alt=\"\" width=\"457\" height=\"343\" srcset=\"https:\/\/novice.si\/page\/wp-content\/uploads\/2024\/08\/IOL-2024-600x450.jpg 600w, https:\/\/novice.si\/page\/wp-content\/uploads\/2024\/08\/IOL-2024-768x576.jpg 768w, https:\/\/novice.si\/page\/wp-content\/uploads\/2024\/08\/IOL-2024-560x420.jpg 560w, https:\/\/novice.si\/page\/wp-content\/uploads\/2024\/08\/IOL-2024-80x60.jpg 80w, https:\/\/novice.si\/page\/wp-content\/uploads\/2024\/08\/IOL-2024-696x522.jpg 696w, https:\/\/novice.si\/page\/wp-content\/uploads\/2024\/08\/IOL-2024-265x198.jpg 265w, https:\/\/novice.si\/page\/wp-content\/uploads\/2024\/08\/IOL-2024-24x18.jpg 24w, https:\/\/novice.si\/page\/wp-content\/uploads\/2024\/08\/IOL-2024-36x27.jpg 36w, https:\/\/novice.si\/page\/wp-content\/uploads\/2024\/08\/IOL-2024-48x36.jpg 48w, https:\/\/novice.si\/page\/wp-content\/uploads\/2024\/08\/IOL-2024.jpg 960w\" sizes=\"auto, (max-width: 457px) 100vw, 457px\" \/>V Braziliji se je zaklju\u010dila leto\u0161nja 21. Mednarodna lingvisti\u010dna olimpijada. V konkurenci 212 tekmovalcev iz 39 dr\u017eav je \u010dlan slovenske ekipe Brest Lenar\u010di\u010d, dijak rpograma gimnazija na \u0160C Roga\u0161ka Slatina, osvojil zlato medaljo. Odkar Slovenija sodeluje na mednarodni lingvisti\u010dni olimpijadi, je to prvo zlato za Slovenijo, so sporo\u010dili iz Zveze za tehni\u010dno kulturo Slovenije.<br \/>\nOlimpijada je med 23. in 31. julijem potekala na Univerzi v Brasilii, v njej pa je sodelovala ekipa dveh slovenskih dijakinj in dveh dijakov. Pod okriljem Zveze za tehni\u010dno kulturo Slovenije so Slovenijo poleg Lenar\u010di\u010da iz \u0160olskega centra Roga\u0161ka Slatina zastopali \u0161e dijakinji Nives Go\u0161njak iz \u0160olskega centra Velenje, Patricia Kir\u00e1ly iz Gimnazije Be\u017eigrad ter dijak Bruno \u017di\u017emund iz Zavoda sv. Fran\u010di\u0161ka Sale\u0161kega, Gimnazije \u017delimlje.<br \/>\nLenar\u010di\u010d si je v konkurenci 212 tekmovalcev in tekmovalk iz 39 dr\u017eav priboril zlato medaljo in nagrado za eno najbolj\u0161o re\u0161itev naloge. Kir\u00e1ly si je s svojim znanjem priborila srebrno medaljo, na ekipni tekmi pa celotna ekipa bron.<br \/>\nTekmovanje je najprej potekalo individualno, kjer so tekmovalci \u0161est ur re\u0161evali lingvisti\u010dne naloge. En dan pa je bil rezerviran tudi za ekipno tekmo, kjer so ekipe lingvisti\u010dne naloge re\u0161evale \u0161tiri ure, so \u0161e sporo\u010dili iz zveze.<br \/>\n(Vir: ZOTKS)<\/p>\n","protected":false},"excerpt":{"rendered":"<p>Brest Lenar\u010di\u010d, dijak \u0160C Roga\u0161ka Slatina, je osvojil zlato medaljo na lingvisti\u010dni olimpijadi v Braziliji. V Braziliji se je zaklju\u010dila leto\u0161nja 21. Mednarodna lingvisti\u010dna olimpijada. V konkurenci 212 tekmovalcev iz 39 dr\u017eav je \u010dlan slovenske ekipe Brest Lenar\u010di\u010d, dijak rpograma gimnazija na \u0160C Roga\u0161ka Slatina, osvojil zlato medaljo. Odkar Slovenija sodeluje na mednarodni lingvisti\u010dni olimpijadi, [&hellip;]<\/p>\n","protected":false},"author":59,"featured_media":177676,"comment_status":"closed","ping_status":"closed","sticky":false,"template":"","format":"standard","meta":{"footnotes":""},"categories":[14,868,15,16,141,3108],"tags":[],"class_list":{"0":"post-177675","1":"post","2":"type-post","3":"status-publish","4":"format-standard","5":"has-post-thumbnail","7":"category-aktualno","8":"category-casopisi","9":"category-druzabno","10":"category-konjisko","11":"category-novice","12":"category-radio-rogla"},"yoast_head":"<!-- This site is optimized with the Yoast SEO plugin v27.4 - https:\/\/yoast.com\/product\/yoast-seo-wordpress\/ -->\n<title>Slatinski gimnazijec Brest Lenar\u010di\u010d osvojil zlato medaljo na lingvisti\u010dni olimpijadi v Braziliji - Novice.si<\/title>\n<meta name=\"robots\" content=\"index, follow, max-snippet:-1, max-image-preview:large, max-video-preview:-1\" \/>\n<link rel=\"canonical\" href=\"https:\/\/novice.si\/page\/slatinski-gimnazijec-brest-lenarcic-osvojil-zlato-medaljo-na-lingvisticni-olimpijadi-v-braziliji\/\" \/>\n<meta property=\"og:locale\" content=\"sl_SI\" \/>\n<meta property=\"og:type\" content=\"article\" \/>\n<meta property=\"og:title\" content=\"Slatinski gimnazijec Brest Lenar\u010di\u010d osvojil zlato medaljo na lingvisti\u010dni olimpijadi v Braziliji - Novice.si\" \/>\n<meta property=\"og:description\" content=\"Brest Lenar\u010di\u010d, dijak \u0160C Roga\u0161ka Slatina, je osvojil zlato medaljo na lingvisti\u010dni olimpijadi v Braziliji. V Braziliji se je zaklju\u010dila leto\u0161nja 21. Mednarodna lingvisti\u010dna olimpijada. V konkurenci 212 tekmovalcev iz 39 dr\u017eav je \u010dlan slovenske ekipe Brest Lenar\u010di\u010d, dijak rpograma gimnazija na \u0160C Roga\u0161ka Slatina, osvojil zlato medaljo. Odkar Slovenija sodeluje na mednarodni lingvisti\u010dni olimpijadi, [&hellip;]\" \/>\n<meta property=\"og:url\" content=\"https:\/\/novice.si\/page\/slatinski-gimnazijec-brest-lenarcic-osvojil-zlato-medaljo-na-lingvisticni-olimpijadi-v-braziliji\/\" \/>\n<meta property=\"og:site_name\" content=\"Novice.si\" \/>\n<meta property=\"article:published_time\" content=\"2024-08-02T06:41:05+00:00\" \/>\n<meta property=\"og:image\" content=\"https:\/\/novice.si\/page\/wp-content\/uploads\/2024\/08\/IOL-2024.jpg\" \/>\n\t<meta property=\"og:image:width\" content=\"960\" \/>\n\t<meta property=\"og:image:height\" content=\"720\" \/>\n\t<meta property=\"og:image:type\" content=\"image\/jpeg\" \/>\n<meta name=\"author\" content=\"nina\" \/>\n<meta name=\"twitter:card\" content=\"summary_large_image\" \/>\n<meta name=\"twitter:label1\" content=\"Written by\" \/>\n\t<meta name=\"twitter:data1\" content=\"nina\" \/>\n\t<meta name=\"twitter:label2\" content=\"Est. reading time\" \/>\n\t<meta name=\"twitter:data2\" content=\"2 minuti\" \/>\n<script type=\"application\/ld+json\" class=\"yoast-schema-graph\">{\"@context\":\"https:\\\/\\\/schema.org\",\"@graph\":[{\"@type\":\"Article\",\"@id\":\"https:\\\/\\\/novice.si\\\/page\\\/slatinski-gimnazijec-brest-lenarcic-osvojil-zlato-medaljo-na-lingvisticni-olimpijadi-v-braziliji\\\/#article\",\"isPartOf\":{\"@id\":\"https:\\\/\\\/novice.si\\\/page\\\/slatinski-gimnazijec-brest-lenarcic-osvojil-zlato-medaljo-na-lingvisticni-olimpijadi-v-braziliji\\\/\"},\"author\":{\"name\":\"nina\",\"@id\":\"https:\\\/\\\/novice.si\\\/page\\\/#\\\/schema\\\/person\\\/7b4569809238f87a68ad4dba41c0dd9a\"},\"headline\":\"Slatinski gimnazijec Brest Lenar\u010di\u010d osvojil zlato medaljo na lingvisti\u010dni olimpijadi v Braziliji\",\"datePublished\":\"2024-08-02T06:41:05+00:00\",\"mainEntityOfPage\":{\"@id\":\"https:\\\/\\\/novice.si\\\/page\\\/slatinski-gimnazijec-brest-lenarcic-osvojil-zlato-medaljo-na-lingvisticni-olimpijadi-v-braziliji\\\/\"},\"wordCount\":250,\"publisher\":{\"@id\":\"https:\\\/\\\/novice.si\\\/page\\\/#organization\"},\"image\":{\"@id\":\"https:\\\/\\\/novice.si\\\/page\\\/slatinski-gimnazijec-brest-lenarcic-osvojil-zlato-medaljo-na-lingvisticni-olimpijadi-v-braziliji\\\/#primaryimage\"},\"thumbnailUrl\":\"https:\\\/\\\/novice.si\\\/page\\\/wp-content\\\/uploads\\\/2024\\\/08\\\/IOL-2024.jpg\",\"articleSection\":[\"Aktualno\",\"\u010casopisi\",\"Dru\u017eabno\",\"Konji\u0161ko\",\"Novice\",\"Radio Rogla\"],\"inLanguage\":\"sl-SI\"},{\"@type\":\"WebPage\",\"@id\":\"https:\\\/\\\/novice.si\\\/page\\\/slatinski-gimnazijec-brest-lenarcic-osvojil-zlato-medaljo-na-lingvisticni-olimpijadi-v-braziliji\\\/\",\"url\":\"https:\\\/\\\/novice.si\\\/page\\\/slatinski-gimnazijec-brest-lenarcic-osvojil-zlato-medaljo-na-lingvisticni-olimpijadi-v-braziliji\\\/\",\"name\":\"Slatinski gimnazijec Brest Lenar\u010di\u010d osvojil zlato medaljo na lingvisti\u010dni olimpijadi v Braziliji - Novice.si\",\"isPartOf\":{\"@id\":\"https:\\\/\\\/novice.si\\\/page\\\/#website\"},\"primaryImageOfPage\":{\"@id\":\"https:\\\/\\\/novice.si\\\/page\\\/slatinski-gimnazijec-brest-lenarcic-osvojil-zlato-medaljo-na-lingvisticni-olimpijadi-v-braziliji\\\/#primaryimage\"},\"image\":{\"@id\":\"https:\\\/\\\/novice.si\\\/page\\\/slatinski-gimnazijec-brest-lenarcic-osvojil-zlato-medaljo-na-lingvisticni-olimpijadi-v-braziliji\\\/#primaryimage\"},\"thumbnailUrl\":\"https:\\\/\\\/novice.si\\\/page\\\/wp-content\\\/uploads\\\/2024\\\/08\\\/IOL-2024.jpg\",\"datePublished\":\"2024-08-02T06:41:05+00:00\",\"breadcrumb\":{\"@id\":\"https:\\\/\\\/novice.si\\\/page\\\/slatinski-gimnazijec-brest-lenarcic-osvojil-zlato-medaljo-na-lingvisticni-olimpijadi-v-braziliji\\\/#breadcrumb\"},\"inLanguage\":\"sl-SI\",\"potentialAction\":[{\"@type\":\"ReadAction\",\"target\":[\"https:\\\/\\\/novice.si\\\/page\\\/slatinski-gimnazijec-brest-lenarcic-osvojil-zlato-medaljo-na-lingvisticni-olimpijadi-v-braziliji\\\/\"]}]},{\"@type\":\"ImageObject\",\"inLanguage\":\"sl-SI\",\"@id\":\"https:\\\/\\\/novice.si\\\/page\\\/slatinski-gimnazijec-brest-lenarcic-osvojil-zlato-medaljo-na-lingvisticni-olimpijadi-v-braziliji\\\/#primaryimage\",\"url\":\"https:\\\/\\\/novice.si\\\/page\\\/wp-content\\\/uploads\\\/2024\\\/08\\\/IOL-2024.jpg\",\"contentUrl\":\"https:\\\/\\\/novice.si\\\/page\\\/wp-content\\\/uploads\\\/2024\\\/08\\\/IOL-2024.jpg\",\"width\":960,\"height\":720},{\"@type\":\"BreadcrumbList\",\"@id\":\"https:\\\/\\\/novice.si\\\/page\\\/slatinski-gimnazijec-brest-lenarcic-osvojil-zlato-medaljo-na-lingvisticni-olimpijadi-v-braziliji\\\/#breadcrumb\",\"itemListElement\":[{\"@type\":\"ListItem\",\"position\":1,\"name\":\"Home\",\"item\":\"https:\\\/\\\/novice.si\\\/page\\\/\"},{\"@type\":\"ListItem\",\"position\":2,\"name\":\"Slatinski gimnazijec Brest Lenar\u010di\u010d osvojil zlato medaljo na lingvisti\u010dni olimpijadi v Braziliji\"}]},{\"@type\":\"WebSite\",\"@id\":\"https:\\\/\\\/novice.si\\\/page\\\/#website\",\"url\":\"https:\\\/\\\/novice.si\\\/page\\\/\",\"name\":\"Novice.si\",\"description\":\"\",\"publisher\":{\"@id\":\"https:\\\/\\\/novice.si\\\/page\\\/#organization\"},\"potentialAction\":[{\"@type\":\"SearchAction\",\"target\":{\"@type\":\"EntryPoint\",\"urlTemplate\":\"https:\\\/\\\/novice.si\\\/page\\\/?s={search_term_string}\"},\"query-input\":{\"@type\":\"PropertyValueSpecification\",\"valueRequired\":true,\"valueName\":\"search_term_string\"}}],\"inLanguage\":\"sl-SI\"},{\"@type\":\"Organization\",\"@id\":\"https:\\\/\\\/novice.si\\\/page\\\/#organization\",\"name\":\"Novice.si\",\"url\":\"https:\\\/\\\/novice.si\\\/page\\\/\",\"logo\":{\"@type\":\"ImageObject\",\"inLanguage\":\"sl-SI\",\"@id\":\"https:\\\/\\\/novice.si\\\/page\\\/#\\\/schema\\\/logo\\\/image\\\/\",\"url\":\"https:\\\/\\\/novice.si\\\/page\\\/wp-content\\\/uploads\\\/2023\\\/03\\\/novice_si.png\",\"contentUrl\":\"https:\\\/\\\/novice.si\\\/page\\\/wp-content\\\/uploads\\\/2023\\\/03\\\/novice_si.png\",\"width\":576,\"height\":200,\"caption\":\"Novice.si\"},\"image\":{\"@id\":\"https:\\\/\\\/novice.si\\\/page\\\/#\\\/schema\\\/logo\\\/image\\\/\"}},{\"@type\":\"Person\",\"@id\":\"https:\\\/\\\/novice.si\\\/page\\\/#\\\/schema\\\/person\\\/7b4569809238f87a68ad4dba41c0dd9a\",\"name\":\"nina\",\"image\":{\"@type\":\"ImageObject\",\"inLanguage\":\"sl-SI\",\"@id\":\"https:\\\/\\\/secure.gravatar.com\\\/avatar\\\/ddf219f8f564ed2b1038d6210d1b182b26589d2f40b719dedaa40b424657a284?s=96&d=mm&r=g\",\"url\":\"https:\\\/\\\/secure.gravatar.com\\\/avatar\\\/ddf219f8f564ed2b1038d6210d1b182b26589d2f40b719dedaa40b424657a284?s=96&d=mm&r=g\",\"contentUrl\":\"https:\\\/\\\/secure.gravatar.com\\\/avatar\\\/ddf219f8f564ed2b1038d6210d1b182b26589d2f40b719dedaa40b424657a284?s=96&d=mm&r=g\",\"caption\":\"nina\"},\"url\":\"https:\\\/\\\/novice.si\\\/page\\\/author\\\/nina\\\/\"}]}<\/script>\n<!-- \/ Yoast SEO plugin. -->","yoast_head_json":{"title":"Slatinski gimnazijec Brest Lenar\u010di\u010d osvojil zlato medaljo na lingvisti\u010dni olimpijadi v Braziliji - Novice.si","robots":{"index":"index","follow":"follow","max-snippet":"max-snippet:-1","max-image-preview":"max-image-preview:large","max-video-preview":"max-video-preview:-1"},"canonical":"https:\/\/novice.si\/page\/slatinski-gimnazijec-brest-lenarcic-osvojil-zlato-medaljo-na-lingvisticni-olimpijadi-v-braziliji\/","og_locale":"sl_SI","og_type":"article","og_title":"Slatinski gimnazijec Brest Lenar\u010di\u010d osvojil zlato medaljo na lingvisti\u010dni olimpijadi v Braziliji - Novice.si","og_description":"Brest Lenar\u010di\u010d, dijak \u0160C Roga\u0161ka Slatina, je osvojil zlato medaljo na lingvisti\u010dni olimpijadi v Braziliji. V Braziliji se je zaklju\u010dila leto\u0161nja 21. Mednarodna lingvisti\u010dna olimpijada. V konkurenci 212 tekmovalcev iz 39 dr\u017eav je \u010dlan slovenske ekipe Brest Lenar\u010di\u010d, dijak rpograma gimnazija na \u0160C Roga\u0161ka Slatina, osvojil zlato medaljo. Odkar Slovenija sodeluje na mednarodni lingvisti\u010dni olimpijadi, [&hellip;]","og_url":"https:\/\/novice.si\/page\/slatinski-gimnazijec-brest-lenarcic-osvojil-zlato-medaljo-na-lingvisticni-olimpijadi-v-braziliji\/","og_site_name":"Novice.si","article_published_time":"2024-08-02T06:41:05+00:00","og_image":[{"width":960,"height":720,"url":"https:\/\/novice.si\/page\/wp-content\/uploads\/2024\/08\/IOL-2024.jpg","type":"image\/jpeg"}],"author":"nina","twitter_card":"summary_large_image","twitter_misc":{"Written by":"nina","Est. reading time":"2 minuti"},"schema":{"@context":"https:\/\/schema.org","@graph":[{"@type":"Article","@id":"https:\/\/novice.si\/page\/slatinski-gimnazijec-brest-lenarcic-osvojil-zlato-medaljo-na-lingvisticni-olimpijadi-v-braziliji\/#article","isPartOf":{"@id":"https:\/\/novice.si\/page\/slatinski-gimnazijec-brest-lenarcic-osvojil-zlato-medaljo-na-lingvisticni-olimpijadi-v-braziliji\/"},"author":{"name":"nina","@id":"https:\/\/novice.si\/page\/#\/schema\/person\/7b4569809238f87a68ad4dba41c0dd9a"},"headline":"Slatinski gimnazijec Brest Lenar\u010di\u010d osvojil zlato medaljo na lingvisti\u010dni olimpijadi v Braziliji","datePublished":"2024-08-02T06:41:05+00:00","mainEntityOfPage":{"@id":"https:\/\/novice.si\/page\/slatinski-gimnazijec-brest-lenarcic-osvojil-zlato-medaljo-na-lingvisticni-olimpijadi-v-braziliji\/"},"wordCount":250,"publisher":{"@id":"https:\/\/novice.si\/page\/#organization"},"image":{"@id":"https:\/\/novice.si\/page\/slatinski-gimnazijec-brest-lenarcic-osvojil-zlato-medaljo-na-lingvisticni-olimpijadi-v-braziliji\/#primaryimage"},"thumbnailUrl":"https:\/\/novice.si\/page\/wp-content\/uploads\/2024\/08\/IOL-2024.jpg","articleSection":["Aktualno","\u010casopisi","Dru\u017eabno","Konji\u0161ko","Novice","Radio Rogla"],"inLanguage":"sl-SI"},{"@type":"WebPage","@id":"https:\/\/novice.si\/page\/slatinski-gimnazijec-brest-lenarcic-osvojil-zlato-medaljo-na-lingvisticni-olimpijadi-v-braziliji\/","url":"https:\/\/novice.si\/page\/slatinski-gimnazijec-brest-lenarcic-osvojil-zlato-medaljo-na-lingvisticni-olimpijadi-v-braziliji\/","name":"Slatinski gimnazijec Brest Lenar\u010di\u010d osvojil zlato medaljo na lingvisti\u010dni olimpijadi v Braziliji - Novice.si","isPartOf":{"@id":"https:\/\/novice.si\/page\/#website"},"primaryImageOfPage":{"@id":"https:\/\/novice.si\/page\/slatinski-gimnazijec-brest-lenarcic-osvojil-zlato-medaljo-na-lingvisticni-olimpijadi-v-braziliji\/#primaryimage"},"image":{"@id":"https:\/\/novice.si\/page\/slatinski-gimnazijec-brest-lenarcic-osvojil-zlato-medaljo-na-lingvisticni-olimpijadi-v-braziliji\/#primaryimage"},"thumbnailUrl":"https:\/\/novice.si\/page\/wp-content\/uploads\/2024\/08\/IOL-2024.jpg","datePublished":"2024-08-02T06:41:05+00:00","breadcrumb":{"@id":"https:\/\/novice.si\/page\/slatinski-gimnazijec-brest-lenarcic-osvojil-zlato-medaljo-na-lingvisticni-olimpijadi-v-braziliji\/#breadcrumb"},"inLanguage":"sl-SI","potentialAction":[{"@type":"ReadAction","target":["https:\/\/novice.si\/page\/slatinski-gimnazijec-brest-lenarcic-osvojil-zlato-medaljo-na-lingvisticni-olimpijadi-v-braziliji\/"]}]},{"@type":"ImageObject","inLanguage":"sl-SI","@id":"https:\/\/novice.si\/page\/slatinski-gimnazijec-brest-lenarcic-osvojil-zlato-medaljo-na-lingvisticni-olimpijadi-v-braziliji\/#primaryimage","url":"https:\/\/novice.si\/page\/wp-content\/uploads\/2024\/08\/IOL-2024.jpg","contentUrl":"https:\/\/novice.si\/page\/wp-content\/uploads\/2024\/08\/IOL-2024.jpg","width":960,"height":720},{"@type":"BreadcrumbList","@id":"https:\/\/novice.si\/page\/slatinski-gimnazijec-brest-lenarcic-osvojil-zlato-medaljo-na-lingvisticni-olimpijadi-v-braziliji\/#breadcrumb","itemListElement":[{"@type":"ListItem","position":1,"name":"Home","item":"https:\/\/novice.si\/page\/"},{"@type":"ListItem","position":2,"name":"Slatinski gimnazijec Brest Lenar\u010di\u010d osvojil zlato medaljo na lingvisti\u010dni olimpijadi v Braziliji"}]},{"@type":"WebSite","@id":"https:\/\/novice.si\/page\/#website","url":"https:\/\/novice.si\/page\/","name":"Novice.si","description":"","publisher":{"@id":"https:\/\/novice.si\/page\/#organization"},"potentialAction":[{"@type":"SearchAction","target":{"@type":"EntryPoint","urlTemplate":"https:\/\/novice.si\/page\/?s={search_term_string}"},"query-input":{"@type":"PropertyValueSpecification","valueRequired":true,"valueName":"search_term_string"}}],"inLanguage":"sl-SI"},{"@type":"Organization","@id":"https:\/\/novice.si\/page\/#organization","name":"Novice.si","url":"https:\/\/novice.si\/page\/","logo":{"@type":"ImageObject","inLanguage":"sl-SI","@id":"https:\/\/novice.si\/page\/#\/schema\/logo\/image\/","url":"https:\/\/novice.si\/page\/wp-content\/uploads\/2023\/03\/novice_si.png","contentUrl":"https:\/\/novice.si\/page\/wp-content\/uploads\/2023\/03\/novice_si.png","width":576,"height":200,"caption":"Novice.si"},"image":{"@id":"https:\/\/novice.si\/page\/#\/schema\/logo\/image\/"}},{"@type":"Person","@id":"https:\/\/novice.si\/page\/#\/schema\/person\/7b4569809238f87a68ad4dba41c0dd9a","name":"nina","image":{"@type":"ImageObject","inLanguage":"sl-SI","@id":"https:\/\/secure.gravatar.com\/avatar\/ddf219f8f564ed2b1038d6210d1b182b26589d2f40b719dedaa40b424657a284?s=96&d=mm&r=g","url":"https:\/\/secure.gravatar.com\/avatar\/ddf219f8f564ed2b1038d6210d1b182b26589d2f40b719dedaa40b424657a284?s=96&d=mm&r=g","contentUrl":"https:\/\/secure.gravatar.com\/avatar\/ddf219f8f564ed2b1038d6210d1b182b26589d2f40b719dedaa40b424657a284?s=96&d=mm&r=g","caption":"nina"},"url":"https:\/\/novice.si\/page\/author\/nina\/"}]}},"_links":{"self":[{"href":"https:\/\/novice.si\/page\/wp-json\/wp\/v2\/posts\/177675","targetHints":{"allow":["GET"]}}],"collection":[{"href":"https:\/\/novice.si\/page\/wp-json\/wp\/v2\/posts"}],"about":[{"href":"https:\/\/novice.si\/page\/wp-json\/wp\/v2\/types\/post"}],"author":[{"embeddable":true,"href":"https:\/\/novice.si\/page\/wp-json\/wp\/v2\/users\/59"}],"replies":[{"embeddable":true,"href":"https:\/\/novice.si\/page\/wp-json\/wp\/v2\/comments?post=177675"}],"version-history":[{"count":1,"href":"https:\/\/novice.si\/page\/wp-json\/wp\/v2\/posts\/177675\/revisions"}],"predecessor-version":[{"id":177677,"href":"https:\/\/novice.si\/page\/wp-json\/wp\/v2\/posts\/177675\/revisions\/177677"}],"wp:featuredmedia":[{"embeddable":true,"href":"https:\/\/novice.si\/page\/wp-json\/wp\/v2\/media\/177676"}],"wp:attachment":[{"href":"https:\/\/novice.si\/page\/wp-json\/wp\/v2\/media?parent=177675"}],"wp:term":[{"taxonomy":"category","embeddable":true,"href":"https:\/\/novice.si\/page\/wp-json\/wp\/v2\/categories?post=177675"},{"taxonomy":"post_tag","embeddable":true,"href":"https:\/\/novice.si\/page\/wp-json\/wp\/v2\/tags?post=177675"}],"curies":[{"name":"wp","href":"https:\/\/api.w.org\/{rel}","templated":true}]}}