{"id":177247,"date":"2024-07-18T14:57:33","date_gmt":"2024-07-18T12:57:33","guid":{"rendered":"https:\/\/novice.si\/page\/?p=177247"},"modified":"2024-07-18T14:57:33","modified_gmt":"2024-07-18T12:57:33","slug":"celje-petmesecna-izguba-bolnisnice-23-mio-evrov","status":"publish","type":"post","link":"https:\/\/novice.si\/page\/celje-petmesecna-izguba-bolnisnice-23-mio-evrov\/","title":{"rendered":"CELJE Petmese\u010dna izguba bolni\u0161nice 2,3 mio evrov"},"content":{"rendered":"<p>Izguba Splo\u0161ne bolni\u0161nice Celje je do konca maja dosegla 2,3 milijone evrov, kar je pribli\u017eno tri in pol odstotka celotnih prihodkov.<\/p>\n<p><img loading=\"lazy\" decoding=\"async\" class=\"wp-image-176968 alignleft\" src=\"https:\/\/novice.si\/page\/wp-content\/uploads\/2024\/07\/SBC-hodnik-2-600x450.jpg\" alt=\"\" width=\"287\" height=\"215\" srcset=\"https:\/\/novice.si\/page\/wp-content\/uploads\/2024\/07\/SBC-hodnik-2-600x450.jpg 600w, https:\/\/novice.si\/page\/wp-content\/uploads\/2024\/07\/SBC-hodnik-2-1024x768.jpg 1024w, https:\/\/novice.si\/page\/wp-content\/uploads\/2024\/07\/SBC-hodnik-2-768x576.jpg 768w, https:\/\/novice.si\/page\/wp-content\/uploads\/2024\/07\/SBC-hodnik-2-1536x1152.jpg 1536w, https:\/\/novice.si\/page\/wp-content\/uploads\/2024\/07\/SBC-hodnik-2-2048x1536.jpg 2048w, https:\/\/novice.si\/page\/wp-content\/uploads\/2024\/07\/SBC-hodnik-2-560x420.jpg 560w, https:\/\/novice.si\/page\/wp-content\/uploads\/2024\/07\/SBC-hodnik-2-80x60.jpg 80w, https:\/\/novice.si\/page\/wp-content\/uploads\/2024\/07\/SBC-hodnik-2-696x522.jpg 696w, https:\/\/novice.si\/page\/wp-content\/uploads\/2024\/07\/SBC-hodnik-2-1068x801.jpg 1068w, https:\/\/novice.si\/page\/wp-content\/uploads\/2024\/07\/SBC-hodnik-2-1920x1440.jpg 1920w, https:\/\/novice.si\/page\/wp-content\/uploads\/2024\/07\/SBC-hodnik-2-265x198.jpg 265w, https:\/\/novice.si\/page\/wp-content\/uploads\/2024\/07\/SBC-hodnik-2-24x18.jpg 24w, https:\/\/novice.si\/page\/wp-content\/uploads\/2024\/07\/SBC-hodnik-2-36x27.jpg 36w, https:\/\/novice.si\/page\/wp-content\/uploads\/2024\/07\/SBC-hodnik-2-48x36.jpg 48w\" sizes=\"auto, (max-width: 287px) 100vw, 287px\" \/>Vzroke za negativno poslovanje, s katerimi so ta teden seznanili tudi svet zavoda, vidijo v zdravni\u0161ki stavki in umiku soglasij zdravnikov za nadurno delo.<\/p>\n<p>Polo\u017eaj se po\u010dasi izbolj\u0161uje, meni direktor bolni\u0161nice dr. Dragan Kova\u010di\u010d.\u00bbIzra\u010dunali smo, da je to v prvih \u0161tirih mesecih prineslo 1,45 milijonov evrov izpada dohodka, kar gre skoraj v celoti na ra\u010dun soglasij zdravnikov. U\u010dinek pa po\u010dasi popu\u0161\u010da, saj je \u0161tevilo zdravnikov, ki so jih umaknili, padlo na 55 od skupno 373 zdravnikov. Stanje se po\u010dasi normalizira\u00ab, pomirja direktor SBC.<\/p>\n<p>P\u0160<\/p>\n","protected":false},"excerpt":{"rendered":"<p>Izguba Splo\u0161ne bolni\u0161nice Celje je do konca maja dosegla 2,3 milijone evrov, kar je pribli\u017eno tri in pol odstotka celotnih prihodkov. Vzroke za negativno poslovanje, s katerimi so ta teden seznanili tudi svet zavoda, vidijo v zdravni\u0161ki stavki in umiku soglasij zdravnikov za nadurno delo. Polo\u017eaj se po\u010dasi izbolj\u0161uje, meni direktor bolni\u0161nice dr. Dragan Kova\u010di\u010d.\u00bbIzra\u010dunali [&hellip;]<\/p>\n","protected":false},"author":33,"featured_media":173822,"comment_status":"closed","ping_status":"closed","sticky":false,"template":"","format":"standard","meta":{"footnotes":""},"categories":[17],"tags":[10747,14406,21101,3733,21100],"class_list":{"0":"post-177247","1":"post","2":"type-post","3":"status-publish","4":"format-standard","5":"has-post-thumbnail","7":"category-celjsko","8":"tag-dragan-kovacic","9":"tag-izguba-bolnisnice","10":"tag-normalizacija-stanja","11":"tag-sbc","12":"tag-soglasja-zdravnikov"},"yoast_head":"<!-- This site is optimized with the Yoast SEO plugin v27.4 - https:\/\/yoast.com\/product\/yoast-seo-wordpress\/ -->\n<title>CELJE Petmese\u010dna izguba bolni\u0161nice 2,3 mio evrov - Novice.si<\/title>\n<meta name=\"robots\" content=\"index, follow, max-snippet:-1, max-image-preview:large, max-video-preview:-1\" \/>\n<link rel=\"canonical\" href=\"https:\/\/novice.si\/page\/celje-petmesecna-izguba-bolnisnice-23-mio-evrov\/\" \/>\n<meta property=\"og:locale\" content=\"sl_SI\" \/>\n<meta property=\"og:type\" content=\"article\" \/>\n<meta property=\"og:title\" content=\"CELJE Petmese\u010dna izguba bolni\u0161nice 2,3 mio evrov - Novice.si\" \/>\n<meta property=\"og:description\" content=\"Izguba Splo\u0161ne bolni\u0161nice Celje je do konca maja dosegla 2,3 milijone evrov, kar je pribli\u017eno tri in pol odstotka celotnih prihodkov. Vzroke za negativno poslovanje, s katerimi so ta teden seznanili tudi svet zavoda, vidijo v zdravni\u0161ki stavki in umiku soglasij zdravnikov za nadurno delo. Polo\u017eaj se po\u010dasi izbolj\u0161uje, meni direktor bolni\u0161nice dr. Dragan Kova\u010di\u010d.\u00bbIzra\u010dunali [&hellip;]\" \/>\n<meta property=\"og:url\" content=\"https:\/\/novice.si\/page\/celje-petmesecna-izguba-bolnisnice-23-mio-evrov\/\" \/>\n<meta property=\"og:site_name\" content=\"Novice.si\" \/>\n<meta property=\"article:published_time\" content=\"2024-07-18T12:57:33+00:00\" \/>\n<meta property=\"og:image\" content=\"https:\/\/novice.si\/page\/wp-content\/uploads\/2024\/04\/SBC-objekt-4-scaled.jpg\" \/>\n\t<meta property=\"og:image:width\" content=\"2560\" \/>\n\t<meta property=\"og:image:height\" content=\"1920\" \/>\n\t<meta property=\"og:image:type\" content=\"image\/jpeg\" \/>\n<meta name=\"author\" content=\"Uredni\u0161tvo Celjana\" \/>\n<meta name=\"twitter:card\" content=\"summary_large_image\" \/>\n<meta name=\"twitter:label1\" content=\"Written by\" \/>\n\t<meta name=\"twitter:data1\" content=\"Uredni\u0161tvo Celjana\" \/>\n\t<meta name=\"twitter:label2\" content=\"Est. reading time\" \/>\n\t<meta name=\"twitter:data2\" content=\"1 minuta\" \/>\n<script type=\"application\/ld+json\" class=\"yoast-schema-graph\">{\"@context\":\"https:\\\/\\\/schema.org\",\"@graph\":[{\"@type\":\"Article\",\"@id\":\"https:\\\/\\\/novice.si\\\/page\\\/celje-petmesecna-izguba-bolnisnice-23-mio-evrov\\\/#article\",\"isPartOf\":{\"@id\":\"https:\\\/\\\/novice.si\\\/page\\\/celje-petmesecna-izguba-bolnisnice-23-mio-evrov\\\/\"},\"author\":{\"name\":\"Uredni\u0161tvo Celjana\",\"@id\":\"https:\\\/\\\/novice.si\\\/page\\\/#\\\/schema\\\/person\\\/57f25c9642a9541c7349c65d32032c3e\"},\"headline\":\"CELJE Petmese\u010dna izguba bolni\u0161nice 2,3 mio evrov\",\"datePublished\":\"2024-07-18T12:57:33+00:00\",\"mainEntityOfPage\":{\"@id\":\"https:\\\/\\\/novice.si\\\/page\\\/celje-petmesecna-izguba-bolnisnice-23-mio-evrov\\\/\"},\"wordCount\":125,\"publisher\":{\"@id\":\"https:\\\/\\\/novice.si\\\/page\\\/#organization\"},\"image\":{\"@id\":\"https:\\\/\\\/novice.si\\\/page\\\/celje-petmesecna-izguba-bolnisnice-23-mio-evrov\\\/#primaryimage\"},\"thumbnailUrl\":\"https:\\\/\\\/novice.si\\\/page\\\/wp-content\\\/uploads\\\/2024\\\/04\\\/SBC-objekt-4-scaled.jpg\",\"keywords\":[\"dragan kova\u010di\u0107\",\"izguba bolni\u0161nice\",\"normalizacija stanja\",\"SBC\",\"soglasja zdravnikov\"],\"articleSection\":[\"Celjsko\"],\"inLanguage\":\"sl-SI\"},{\"@type\":\"WebPage\",\"@id\":\"https:\\\/\\\/novice.si\\\/page\\\/celje-petmesecna-izguba-bolnisnice-23-mio-evrov\\\/\",\"url\":\"https:\\\/\\\/novice.si\\\/page\\\/celje-petmesecna-izguba-bolnisnice-23-mio-evrov\\\/\",\"name\":\"CELJE Petmese\u010dna izguba bolni\u0161nice 2,3 mio evrov - Novice.si\",\"isPartOf\":{\"@id\":\"https:\\\/\\\/novice.si\\\/page\\\/#website\"},\"primaryImageOfPage\":{\"@id\":\"https:\\\/\\\/novice.si\\\/page\\\/celje-petmesecna-izguba-bolnisnice-23-mio-evrov\\\/#primaryimage\"},\"image\":{\"@id\":\"https:\\\/\\\/novice.si\\\/page\\\/celje-petmesecna-izguba-bolnisnice-23-mio-evrov\\\/#primaryimage\"},\"thumbnailUrl\":\"https:\\\/\\\/novice.si\\\/page\\\/wp-content\\\/uploads\\\/2024\\\/04\\\/SBC-objekt-4-scaled.jpg\",\"datePublished\":\"2024-07-18T12:57:33+00:00\",\"breadcrumb\":{\"@id\":\"https:\\\/\\\/novice.si\\\/page\\\/celje-petmesecna-izguba-bolnisnice-23-mio-evrov\\\/#breadcrumb\"},\"inLanguage\":\"sl-SI\",\"potentialAction\":[{\"@type\":\"ReadAction\",\"target\":[\"https:\\\/\\\/novice.si\\\/page\\\/celje-petmesecna-izguba-bolnisnice-23-mio-evrov\\\/\"]}]},{\"@type\":\"ImageObject\",\"inLanguage\":\"sl-SI\",\"@id\":\"https:\\\/\\\/novice.si\\\/page\\\/celje-petmesecna-izguba-bolnisnice-23-mio-evrov\\\/#primaryimage\",\"url\":\"https:\\\/\\\/novice.si\\\/page\\\/wp-content\\\/uploads\\\/2024\\\/04\\\/SBC-objekt-4-scaled.jpg\",\"contentUrl\":\"https:\\\/\\\/novice.si\\\/page\\\/wp-content\\\/uploads\\\/2024\\\/04\\\/SBC-objekt-4-scaled.jpg\",\"width\":2560,\"height\":1920},{\"@type\":\"BreadcrumbList\",\"@id\":\"https:\\\/\\\/novice.si\\\/page\\\/celje-petmesecna-izguba-bolnisnice-23-mio-evrov\\\/#breadcrumb\",\"itemListElement\":[{\"@type\":\"ListItem\",\"position\":1,\"name\":\"Home\",\"item\":\"https:\\\/\\\/novice.si\\\/page\\\/\"},{\"@type\":\"ListItem\",\"position\":2,\"name\":\"CELJE Petmese\u010dna izguba bolni\u0161nice 2,3 mio evrov\"}]},{\"@type\":\"WebSite\",\"@id\":\"https:\\\/\\\/novice.si\\\/page\\\/#website\",\"url\":\"https:\\\/\\\/novice.si\\\/page\\\/\",\"name\":\"Novice.si\",\"description\":\"\",\"publisher\":{\"@id\":\"https:\\\/\\\/novice.si\\\/page\\\/#organization\"},\"potentialAction\":[{\"@type\":\"SearchAction\",\"target\":{\"@type\":\"EntryPoint\",\"urlTemplate\":\"https:\\\/\\\/novice.si\\\/page\\\/?s={search_term_string}\"},\"query-input\":{\"@type\":\"PropertyValueSpecification\",\"valueRequired\":true,\"valueName\":\"search_term_string\"}}],\"inLanguage\":\"sl-SI\"},{\"@type\":\"Organization\",\"@id\":\"https:\\\/\\\/novice.si\\\/page\\\/#organization\",\"name\":\"Novice.si\",\"url\":\"https:\\\/\\\/novice.si\\\/page\\\/\",\"logo\":{\"@type\":\"ImageObject\",\"inLanguage\":\"sl-SI\",\"@id\":\"https:\\\/\\\/novice.si\\\/page\\\/#\\\/schema\\\/logo\\\/image\\\/\",\"url\":\"https:\\\/\\\/novice.si\\\/page\\\/wp-content\\\/uploads\\\/2023\\\/03\\\/novice_si.png\",\"contentUrl\":\"https:\\\/\\\/novice.si\\\/page\\\/wp-content\\\/uploads\\\/2023\\\/03\\\/novice_si.png\",\"width\":576,\"height\":200,\"caption\":\"Novice.si\"},\"image\":{\"@id\":\"https:\\\/\\\/novice.si\\\/page\\\/#\\\/schema\\\/logo\\\/image\\\/\"}},{\"@type\":\"Person\",\"@id\":\"https:\\\/\\\/novice.si\\\/page\\\/#\\\/schema\\\/person\\\/57f25c9642a9541c7349c65d32032c3e\",\"name\":\"Uredni\u0161tvo Celjana\",\"image\":{\"@type\":\"ImageObject\",\"inLanguage\":\"sl-SI\",\"@id\":\"https:\\\/\\\/secure.gravatar.com\\\/avatar\\\/78e52bc4279b65f6df6345e0ef0f7b792d361361f230cf4ffecfe0afe6d5629c?s=96&d=mm&r=g\",\"url\":\"https:\\\/\\\/secure.gravatar.com\\\/avatar\\\/78e52bc4279b65f6df6345e0ef0f7b792d361361f230cf4ffecfe0afe6d5629c?s=96&d=mm&r=g\",\"contentUrl\":\"https:\\\/\\\/secure.gravatar.com\\\/avatar\\\/78e52bc4279b65f6df6345e0ef0f7b792d361361f230cf4ffecfe0afe6d5629c?s=96&d=mm&r=g\",\"caption\":\"Uredni\u0161tvo Celjana\"},\"url\":\"https:\\\/\\\/novice.si\\\/page\\\/author\\\/primoz\\\/\"}]}<\/script>\n<!-- \/ Yoast SEO plugin. -->","yoast_head_json":{"title":"CELJE Petmese\u010dna izguba bolni\u0161nice 2,3 mio evrov - Novice.si","robots":{"index":"index","follow":"follow","max-snippet":"max-snippet:-1","max-image-preview":"max-image-preview:large","max-video-preview":"max-video-preview:-1"},"canonical":"https:\/\/novice.si\/page\/celje-petmesecna-izguba-bolnisnice-23-mio-evrov\/","og_locale":"sl_SI","og_type":"article","og_title":"CELJE Petmese\u010dna izguba bolni\u0161nice 2,3 mio evrov - Novice.si","og_description":"Izguba Splo\u0161ne bolni\u0161nice Celje je do konca maja dosegla 2,3 milijone evrov, kar je pribli\u017eno tri in pol odstotka celotnih prihodkov. Vzroke za negativno poslovanje, s katerimi so ta teden seznanili tudi svet zavoda, vidijo v zdravni\u0161ki stavki in umiku soglasij zdravnikov za nadurno delo. Polo\u017eaj se po\u010dasi izbolj\u0161uje, meni direktor bolni\u0161nice dr. Dragan Kova\u010di\u010d.\u00bbIzra\u010dunali [&hellip;]","og_url":"https:\/\/novice.si\/page\/celje-petmesecna-izguba-bolnisnice-23-mio-evrov\/","og_site_name":"Novice.si","article_published_time":"2024-07-18T12:57:33+00:00","og_image":[{"width":2560,"height":1920,"url":"https:\/\/novice.si\/page\/wp-content\/uploads\/2024\/04\/SBC-objekt-4-scaled.jpg","type":"image\/jpeg"}],"author":"Uredni\u0161tvo Celjana","twitter_card":"summary_large_image","twitter_misc":{"Written by":"Uredni\u0161tvo Celjana","Est. reading time":"1 minuta"},"schema":{"@context":"https:\/\/schema.org","@graph":[{"@type":"Article","@id":"https:\/\/novice.si\/page\/celje-petmesecna-izguba-bolnisnice-23-mio-evrov\/#article","isPartOf":{"@id":"https:\/\/novice.si\/page\/celje-petmesecna-izguba-bolnisnice-23-mio-evrov\/"},"author":{"name":"Uredni\u0161tvo Celjana","@id":"https:\/\/novice.si\/page\/#\/schema\/person\/57f25c9642a9541c7349c65d32032c3e"},"headline":"CELJE Petmese\u010dna izguba bolni\u0161nice 2,3 mio evrov","datePublished":"2024-07-18T12:57:33+00:00","mainEntityOfPage":{"@id":"https:\/\/novice.si\/page\/celje-petmesecna-izguba-bolnisnice-23-mio-evrov\/"},"wordCount":125,"publisher":{"@id":"https:\/\/novice.si\/page\/#organization"},"image":{"@id":"https:\/\/novice.si\/page\/celje-petmesecna-izguba-bolnisnice-23-mio-evrov\/#primaryimage"},"thumbnailUrl":"https:\/\/novice.si\/page\/wp-content\/uploads\/2024\/04\/SBC-objekt-4-scaled.jpg","keywords":["dragan kova\u010di\u0107","izguba bolni\u0161nice","normalizacija stanja","SBC","soglasja zdravnikov"],"articleSection":["Celjsko"],"inLanguage":"sl-SI"},{"@type":"WebPage","@id":"https:\/\/novice.si\/page\/celje-petmesecna-izguba-bolnisnice-23-mio-evrov\/","url":"https:\/\/novice.si\/page\/celje-petmesecna-izguba-bolnisnice-23-mio-evrov\/","name":"CELJE Petmese\u010dna izguba bolni\u0161nice 2,3 mio evrov - Novice.si","isPartOf":{"@id":"https:\/\/novice.si\/page\/#website"},"primaryImageOfPage":{"@id":"https:\/\/novice.si\/page\/celje-petmesecna-izguba-bolnisnice-23-mio-evrov\/#primaryimage"},"image":{"@id":"https:\/\/novice.si\/page\/celje-petmesecna-izguba-bolnisnice-23-mio-evrov\/#primaryimage"},"thumbnailUrl":"https:\/\/novice.si\/page\/wp-content\/uploads\/2024\/04\/SBC-objekt-4-scaled.jpg","datePublished":"2024-07-18T12:57:33+00:00","breadcrumb":{"@id":"https:\/\/novice.si\/page\/celje-petmesecna-izguba-bolnisnice-23-mio-evrov\/#breadcrumb"},"inLanguage":"sl-SI","potentialAction":[{"@type":"ReadAction","target":["https:\/\/novice.si\/page\/celje-petmesecna-izguba-bolnisnice-23-mio-evrov\/"]}]},{"@type":"ImageObject","inLanguage":"sl-SI","@id":"https:\/\/novice.si\/page\/celje-petmesecna-izguba-bolnisnice-23-mio-evrov\/#primaryimage","url":"https:\/\/novice.si\/page\/wp-content\/uploads\/2024\/04\/SBC-objekt-4-scaled.jpg","contentUrl":"https:\/\/novice.si\/page\/wp-content\/uploads\/2024\/04\/SBC-objekt-4-scaled.jpg","width":2560,"height":1920},{"@type":"BreadcrumbList","@id":"https:\/\/novice.si\/page\/celje-petmesecna-izguba-bolnisnice-23-mio-evrov\/#breadcrumb","itemListElement":[{"@type":"ListItem","position":1,"name":"Home","item":"https:\/\/novice.si\/page\/"},{"@type":"ListItem","position":2,"name":"CELJE Petmese\u010dna izguba bolni\u0161nice 2,3 mio evrov"}]},{"@type":"WebSite","@id":"https:\/\/novice.si\/page\/#website","url":"https:\/\/novice.si\/page\/","name":"Novice.si","description":"","publisher":{"@id":"https:\/\/novice.si\/page\/#organization"},"potentialAction":[{"@type":"SearchAction","target":{"@type":"EntryPoint","urlTemplate":"https:\/\/novice.si\/page\/?s={search_term_string}"},"query-input":{"@type":"PropertyValueSpecification","valueRequired":true,"valueName":"search_term_string"}}],"inLanguage":"sl-SI"},{"@type":"Organization","@id":"https:\/\/novice.si\/page\/#organization","name":"Novice.si","url":"https:\/\/novice.si\/page\/","logo":{"@type":"ImageObject","inLanguage":"sl-SI","@id":"https:\/\/novice.si\/page\/#\/schema\/logo\/image\/","url":"https:\/\/novice.si\/page\/wp-content\/uploads\/2023\/03\/novice_si.png","contentUrl":"https:\/\/novice.si\/page\/wp-content\/uploads\/2023\/03\/novice_si.png","width":576,"height":200,"caption":"Novice.si"},"image":{"@id":"https:\/\/novice.si\/page\/#\/schema\/logo\/image\/"}},{"@type":"Person","@id":"https:\/\/novice.si\/page\/#\/schema\/person\/57f25c9642a9541c7349c65d32032c3e","name":"Uredni\u0161tvo Celjana","image":{"@type":"ImageObject","inLanguage":"sl-SI","@id":"https:\/\/secure.gravatar.com\/avatar\/78e52bc4279b65f6df6345e0ef0f7b792d361361f230cf4ffecfe0afe6d5629c?s=96&d=mm&r=g","url":"https:\/\/secure.gravatar.com\/avatar\/78e52bc4279b65f6df6345e0ef0f7b792d361361f230cf4ffecfe0afe6d5629c?s=96&d=mm&r=g","contentUrl":"https:\/\/secure.gravatar.com\/avatar\/78e52bc4279b65f6df6345e0ef0f7b792d361361f230cf4ffecfe0afe6d5629c?s=96&d=mm&r=g","caption":"Uredni\u0161tvo Celjana"},"url":"https:\/\/novice.si\/page\/author\/primoz\/"}]}},"_links":{"self":[{"href":"https:\/\/novice.si\/page\/wp-json\/wp\/v2\/posts\/177247","targetHints":{"allow":["GET"]}}],"collection":[{"href":"https:\/\/novice.si\/page\/wp-json\/wp\/v2\/posts"}],"about":[{"href":"https:\/\/novice.si\/page\/wp-json\/wp\/v2\/types\/post"}],"author":[{"embeddable":true,"href":"https:\/\/novice.si\/page\/wp-json\/wp\/v2\/users\/33"}],"replies":[{"embeddable":true,"href":"https:\/\/novice.si\/page\/wp-json\/wp\/v2\/comments?post=177247"}],"version-history":[{"count":1,"href":"https:\/\/novice.si\/page\/wp-json\/wp\/v2\/posts\/177247\/revisions"}],"predecessor-version":[{"id":177248,"href":"https:\/\/novice.si\/page\/wp-json\/wp\/v2\/posts\/177247\/revisions\/177248"}],"wp:featuredmedia":[{"embeddable":true,"href":"https:\/\/novice.si\/page\/wp-json\/wp\/v2\/media\/173822"}],"wp:attachment":[{"href":"https:\/\/novice.si\/page\/wp-json\/wp\/v2\/media?parent=177247"}],"wp:term":[{"taxonomy":"category","embeddable":true,"href":"https:\/\/novice.si\/page\/wp-json\/wp\/v2\/categories?post=177247"},{"taxonomy":"post_tag","embeddable":true,"href":"https:\/\/novice.si\/page\/wp-json\/wp\/v2\/tags?post=177247"}],"curies":[{"name":"wp","href":"https:\/\/api.w.org\/{rel}","templated":true}]}}