{"id":177014,"date":"2024-07-10T22:34:10","date_gmt":"2024-07-10T20:34:10","guid":{"rendered":"https:\/\/novice.si\/page\/?p=177014"},"modified":"2024-07-11T08:39:02","modified_gmt":"2024-07-11T06:39:02","slug":"celjani-evropsko-pot-zaceli-s-petardo-v-estoniji","status":"publish","type":"post","link":"https:\/\/novice.si\/page\/celjani-evropsko-pot-zaceli-s-petardo-v-estoniji\/","title":{"rendered":"Celjani evropsko pot za\u010deli s &#8216;petardo&#8217; v Estoniji"},"content":{"rendered":"<p><img loading=\"lazy\" decoding=\"async\" class=\"alignnone size-medium wp-image-177015\" src=\"https:\/\/novice.si\/page\/wp-content\/uploads\/2024\/07\/nogomet-celje-foto-FB-NK-Celje-600x446.jpg\" alt=\"\" width=\"600\" height=\"446\" srcset=\"https:\/\/novice.si\/page\/wp-content\/uploads\/2024\/07\/nogomet-celje-foto-FB-NK-Celje-600x446.jpg 600w, https:\/\/novice.si\/page\/wp-content\/uploads\/2024\/07\/nogomet-celje-foto-FB-NK-Celje-1024x760.jpg 1024w, https:\/\/novice.si\/page\/wp-content\/uploads\/2024\/07\/nogomet-celje-foto-FB-NK-Celje-768x570.jpg 768w, https:\/\/novice.si\/page\/wp-content\/uploads\/2024\/07\/nogomet-celje-foto-FB-NK-Celje-566x420.jpg 566w, https:\/\/novice.si\/page\/wp-content\/uploads\/2024\/07\/nogomet-celje-foto-FB-NK-Celje-80x60.jpg 80w, https:\/\/novice.si\/page\/wp-content\/uploads\/2024\/07\/nogomet-celje-foto-FB-NK-Celje-485x360.jpg 485w, https:\/\/novice.si\/page\/wp-content\/uploads\/2024\/07\/nogomet-celje-foto-FB-NK-Celje-696x517.jpg 696w, https:\/\/novice.si\/page\/wp-content\/uploads\/2024\/07\/nogomet-celje-foto-FB-NK-Celje-265x198.jpg 265w, https:\/\/novice.si\/page\/wp-content\/uploads\/2024\/07\/nogomet-celje-foto-FB-NK-Celje-24x18.jpg 24w, https:\/\/novice.si\/page\/wp-content\/uploads\/2024\/07\/nogomet-celje-foto-FB-NK-Celje-36x27.jpg 36w, https:\/\/novice.si\/page\/wp-content\/uploads\/2024\/07\/nogomet-celje-foto-FB-NK-Celje-48x36.jpg 48w, https:\/\/novice.si\/page\/wp-content\/uploads\/2024\/07\/nogomet-celje-foto-FB-NK-Celje.jpg 1068w\" sizes=\"auto, (max-width: 600px) 100vw, 600px\" \/>Nogometa\u0161i Celja so odli\u010dno za\u010deli evropsko pot. Na prvi tekmi 1. predkroga za ligo prvakov so v Estoniji Floro Tallinn premagali z 0:5 (strelci: <strong>Aljo\u0161a Matko, Damjan Vukli\u0161evi\u0107, Mark Zabukovnik, Rolando Aarons, Tamar Svetlin<\/strong>). Aktualni slovenski prvaki so si s tem priigrali veliko prednost pred povratnim obra\u010dunom, ki bo v torek v Celju. Z eno nogo in pol so tako v 2. predkrogu, v katerem se naj bi pomerili z bolj\u0161im iz dvoboja med Slovanom iz Bratislave in makedonsko Strugo. (Jure Mernik)<br \/>\nFoto: NK Celje<\/p>\n","protected":false},"excerpt":{"rendered":"<p>Nogometa\u0161i Celja so odli\u010dno za\u010deli evropsko pot. Na prvi tekmi 1. predkroga za ligo prvakov so v Estoniji Floro Tallinn premagali z 0:5 (strelci: Aljo\u0161a Matko, Damjan Vukli\u0161evi\u0107, Mark Zabukovnik, Rolando Aarons, Tamar Svetlin). Aktualni slovenski prvaki so si s tem priigrali veliko prednost pred povratnim obra\u010dunom, ki bo v torek v Celju. Z eno [&hellip;]<\/p>\n","protected":false},"author":7,"featured_media":177015,"comment_status":"closed","ping_status":"closed","sticky":false,"template":"","format":"standard","meta":{"footnotes":""},"categories":[14,17,68],"tags":[373,1504],"class_list":{"0":"post-177014","1":"post","2":"type-post","3":"status-publish","4":"format-standard","5":"has-post-thumbnail","7":"category-aktualno","8":"category-celjsko","9":"category-sport","10":"tag-liga-prvakov","11":"tag-nk-celje"},"yoast_head":"<!-- This site is optimized with the Yoast SEO plugin v27.4 - https:\/\/yoast.com\/product\/yoast-seo-wordpress\/ -->\n<title>Celjani evropsko pot za\u010deli s &#039;petardo&#039; v Estoniji - Novice.si<\/title>\n<meta name=\"robots\" content=\"index, follow, max-snippet:-1, max-image-preview:large, max-video-preview:-1\" \/>\n<link rel=\"canonical\" href=\"https:\/\/novice.si\/page\/celjani-evropsko-pot-zaceli-s-petardo-v-estoniji\/\" \/>\n<meta property=\"og:locale\" content=\"sl_SI\" \/>\n<meta property=\"og:type\" content=\"article\" \/>\n<meta property=\"og:title\" content=\"Celjani evropsko pot za\u010deli s &#039;petardo&#039; v Estoniji - Novice.si\" \/>\n<meta property=\"og:description\" content=\"Nogometa\u0161i Celja so odli\u010dno za\u010deli evropsko pot. Na prvi tekmi 1. predkroga za ligo prvakov so v Estoniji Floro Tallinn premagali z 0:5 (strelci: Aljo\u0161a Matko, Damjan Vukli\u0161evi\u0107, Mark Zabukovnik, Rolando Aarons, Tamar Svetlin). Aktualni slovenski prvaki so si s tem priigrali veliko prednost pred povratnim obra\u010dunom, ki bo v torek v Celju. Z eno [&hellip;]\" \/>\n<meta property=\"og:url\" content=\"https:\/\/novice.si\/page\/celjani-evropsko-pot-zaceli-s-petardo-v-estoniji\/\" \/>\n<meta property=\"og:site_name\" content=\"Novice.si\" \/>\n<meta property=\"article:published_time\" content=\"2024-07-10T20:34:10+00:00\" \/>\n<meta property=\"article:modified_time\" content=\"2024-07-11T06:39:02+00:00\" \/>\n<meta property=\"og:image\" content=\"https:\/\/novice.si\/page\/wp-content\/uploads\/2024\/07\/nogomet-celje-foto-FB-NK-Celje.jpg\" \/>\n\t<meta property=\"og:image:width\" content=\"1068\" \/>\n\t<meta property=\"og:image:height\" content=\"793\" \/>\n\t<meta property=\"og:image:type\" content=\"image\/jpeg\" \/>\n<meta name=\"author\" content=\"Uredni\u0161tvo Novic\" \/>\n<meta name=\"twitter:card\" content=\"summary_large_image\" \/>\n<meta name=\"twitter:label1\" content=\"Written by\" \/>\n\t<meta name=\"twitter:data1\" content=\"Uredni\u0161tvo Novic\" \/>\n\t<meta name=\"twitter:label2\" content=\"Est. reading time\" \/>\n\t<meta name=\"twitter:data2\" content=\"1 minuta\" \/>\n<script type=\"application\/ld+json\" class=\"yoast-schema-graph\">{\"@context\":\"https:\\\/\\\/schema.org\",\"@graph\":[{\"@type\":\"Article\",\"@id\":\"https:\\\/\\\/novice.si\\\/page\\\/celjani-evropsko-pot-zaceli-s-petardo-v-estoniji\\\/#article\",\"isPartOf\":{\"@id\":\"https:\\\/\\\/novice.si\\\/page\\\/celjani-evropsko-pot-zaceli-s-petardo-v-estoniji\\\/\"},\"author\":{\"name\":\"Uredni\u0161tvo Novic\",\"@id\":\"https:\\\/\\\/novice.si\\\/page\\\/#\\\/schema\\\/person\\\/a877dbb8680d441357ce27663beb35ca\"},\"headline\":\"Celjani evropsko pot za\u010deli s &#8216;petardo&#8217; v Estoniji\",\"datePublished\":\"2024-07-10T20:34:10+00:00\",\"dateModified\":\"2024-07-11T06:39:02+00:00\",\"mainEntityOfPage\":{\"@id\":\"https:\\\/\\\/novice.si\\\/page\\\/celjani-evropsko-pot-zaceli-s-petardo-v-estoniji\\\/\"},\"wordCount\":98,\"publisher\":{\"@id\":\"https:\\\/\\\/novice.si\\\/page\\\/#organization\"},\"image\":{\"@id\":\"https:\\\/\\\/novice.si\\\/page\\\/celjani-evropsko-pot-zaceli-s-petardo-v-estoniji\\\/#primaryimage\"},\"thumbnailUrl\":\"https:\\\/\\\/novice.si\\\/page\\\/wp-content\\\/uploads\\\/2024\\\/07\\\/nogomet-celje-foto-FB-NK-Celje.jpg\",\"keywords\":[\"Liga prvakov\",\"Nk Celje\"],\"articleSection\":[\"Aktualno\",\"Celjsko\",\"\u0160port\"],\"inLanguage\":\"sl-SI\"},{\"@type\":\"WebPage\",\"@id\":\"https:\\\/\\\/novice.si\\\/page\\\/celjani-evropsko-pot-zaceli-s-petardo-v-estoniji\\\/\",\"url\":\"https:\\\/\\\/novice.si\\\/page\\\/celjani-evropsko-pot-zaceli-s-petardo-v-estoniji\\\/\",\"name\":\"Celjani evropsko pot za\u010deli s 'petardo' v Estoniji - Novice.si\",\"isPartOf\":{\"@id\":\"https:\\\/\\\/novice.si\\\/page\\\/#website\"},\"primaryImageOfPage\":{\"@id\":\"https:\\\/\\\/novice.si\\\/page\\\/celjani-evropsko-pot-zaceli-s-petardo-v-estoniji\\\/#primaryimage\"},\"image\":{\"@id\":\"https:\\\/\\\/novice.si\\\/page\\\/celjani-evropsko-pot-zaceli-s-petardo-v-estoniji\\\/#primaryimage\"},\"thumbnailUrl\":\"https:\\\/\\\/novice.si\\\/page\\\/wp-content\\\/uploads\\\/2024\\\/07\\\/nogomet-celje-foto-FB-NK-Celje.jpg\",\"datePublished\":\"2024-07-10T20:34:10+00:00\",\"dateModified\":\"2024-07-11T06:39:02+00:00\",\"breadcrumb\":{\"@id\":\"https:\\\/\\\/novice.si\\\/page\\\/celjani-evropsko-pot-zaceli-s-petardo-v-estoniji\\\/#breadcrumb\"},\"inLanguage\":\"sl-SI\",\"potentialAction\":[{\"@type\":\"ReadAction\",\"target\":[\"https:\\\/\\\/novice.si\\\/page\\\/celjani-evropsko-pot-zaceli-s-petardo-v-estoniji\\\/\"]}]},{\"@type\":\"ImageObject\",\"inLanguage\":\"sl-SI\",\"@id\":\"https:\\\/\\\/novice.si\\\/page\\\/celjani-evropsko-pot-zaceli-s-petardo-v-estoniji\\\/#primaryimage\",\"url\":\"https:\\\/\\\/novice.si\\\/page\\\/wp-content\\\/uploads\\\/2024\\\/07\\\/nogomet-celje-foto-FB-NK-Celje.jpg\",\"contentUrl\":\"https:\\\/\\\/novice.si\\\/page\\\/wp-content\\\/uploads\\\/2024\\\/07\\\/nogomet-celje-foto-FB-NK-Celje.jpg\",\"width\":1068,\"height\":793},{\"@type\":\"BreadcrumbList\",\"@id\":\"https:\\\/\\\/novice.si\\\/page\\\/celjani-evropsko-pot-zaceli-s-petardo-v-estoniji\\\/#breadcrumb\",\"itemListElement\":[{\"@type\":\"ListItem\",\"position\":1,\"name\":\"Home\",\"item\":\"https:\\\/\\\/novice.si\\\/page\\\/\"},{\"@type\":\"ListItem\",\"position\":2,\"name\":\"Celjani evropsko pot za\u010deli s &#8216;petardo&#8217; v Estoniji\"}]},{\"@type\":\"WebSite\",\"@id\":\"https:\\\/\\\/novice.si\\\/page\\\/#website\",\"url\":\"https:\\\/\\\/novice.si\\\/page\\\/\",\"name\":\"Novice.si\",\"description\":\"\",\"publisher\":{\"@id\":\"https:\\\/\\\/novice.si\\\/page\\\/#organization\"},\"potentialAction\":[{\"@type\":\"SearchAction\",\"target\":{\"@type\":\"EntryPoint\",\"urlTemplate\":\"https:\\\/\\\/novice.si\\\/page\\\/?s={search_term_string}\"},\"query-input\":{\"@type\":\"PropertyValueSpecification\",\"valueRequired\":true,\"valueName\":\"search_term_string\"}}],\"inLanguage\":\"sl-SI\"},{\"@type\":\"Organization\",\"@id\":\"https:\\\/\\\/novice.si\\\/page\\\/#organization\",\"name\":\"Novice.si\",\"url\":\"https:\\\/\\\/novice.si\\\/page\\\/\",\"logo\":{\"@type\":\"ImageObject\",\"inLanguage\":\"sl-SI\",\"@id\":\"https:\\\/\\\/novice.si\\\/page\\\/#\\\/schema\\\/logo\\\/image\\\/\",\"url\":\"https:\\\/\\\/novice.si\\\/page\\\/wp-content\\\/uploads\\\/2023\\\/03\\\/novice_si.png\",\"contentUrl\":\"https:\\\/\\\/novice.si\\\/page\\\/wp-content\\\/uploads\\\/2023\\\/03\\\/novice_si.png\",\"width\":576,\"height\":200,\"caption\":\"Novice.si\"},\"image\":{\"@id\":\"https:\\\/\\\/novice.si\\\/page\\\/#\\\/schema\\\/logo\\\/image\\\/\"}},{\"@type\":\"Person\",\"@id\":\"https:\\\/\\\/novice.si\\\/page\\\/#\\\/schema\\\/person\\\/a877dbb8680d441357ce27663beb35ca\",\"name\":\"Uredni\u0161tvo Novic\",\"image\":{\"@type\":\"ImageObject\",\"inLanguage\":\"sl-SI\",\"@id\":\"https:\\\/\\\/secure.gravatar.com\\\/avatar\\\/f19c0ae874706cc9ba19d2f6da5f74a5a5ee7674f283fed29ce0ad16a9f1893e?s=96&d=mm&r=g\",\"url\":\"https:\\\/\\\/secure.gravatar.com\\\/avatar\\\/f19c0ae874706cc9ba19d2f6da5f74a5a5ee7674f283fed29ce0ad16a9f1893e?s=96&d=mm&r=g\",\"contentUrl\":\"https:\\\/\\\/secure.gravatar.com\\\/avatar\\\/f19c0ae874706cc9ba19d2f6da5f74a5a5ee7674f283fed29ce0ad16a9f1893e?s=96&d=mm&r=g\",\"caption\":\"Uredni\u0161tvo Novic\"},\"url\":\"https:\\\/\\\/novice.si\\\/page\\\/author\\\/jure\\\/\"}]}<\/script>\n<!-- \/ Yoast SEO plugin. -->","yoast_head_json":{"title":"Celjani evropsko pot za\u010deli s 'petardo' v Estoniji - Novice.si","robots":{"index":"index","follow":"follow","max-snippet":"max-snippet:-1","max-image-preview":"max-image-preview:large","max-video-preview":"max-video-preview:-1"},"canonical":"https:\/\/novice.si\/page\/celjani-evropsko-pot-zaceli-s-petardo-v-estoniji\/","og_locale":"sl_SI","og_type":"article","og_title":"Celjani evropsko pot za\u010deli s 'petardo' v Estoniji - Novice.si","og_description":"Nogometa\u0161i Celja so odli\u010dno za\u010deli evropsko pot. Na prvi tekmi 1. predkroga za ligo prvakov so v Estoniji Floro Tallinn premagali z 0:5 (strelci: Aljo\u0161a Matko, Damjan Vukli\u0161evi\u0107, Mark Zabukovnik, Rolando Aarons, Tamar Svetlin). Aktualni slovenski prvaki so si s tem priigrali veliko prednost pred povratnim obra\u010dunom, ki bo v torek v Celju. Z eno [&hellip;]","og_url":"https:\/\/novice.si\/page\/celjani-evropsko-pot-zaceli-s-petardo-v-estoniji\/","og_site_name":"Novice.si","article_published_time":"2024-07-10T20:34:10+00:00","article_modified_time":"2024-07-11T06:39:02+00:00","og_image":[{"width":1068,"height":793,"url":"https:\/\/novice.si\/page\/wp-content\/uploads\/2024\/07\/nogomet-celje-foto-FB-NK-Celje.jpg","type":"image\/jpeg"}],"author":"Uredni\u0161tvo Novic","twitter_card":"summary_large_image","twitter_misc":{"Written by":"Uredni\u0161tvo Novic","Est. reading time":"1 minuta"},"schema":{"@context":"https:\/\/schema.org","@graph":[{"@type":"Article","@id":"https:\/\/novice.si\/page\/celjani-evropsko-pot-zaceli-s-petardo-v-estoniji\/#article","isPartOf":{"@id":"https:\/\/novice.si\/page\/celjani-evropsko-pot-zaceli-s-petardo-v-estoniji\/"},"author":{"name":"Uredni\u0161tvo Novic","@id":"https:\/\/novice.si\/page\/#\/schema\/person\/a877dbb8680d441357ce27663beb35ca"},"headline":"Celjani evropsko pot za\u010deli s &#8216;petardo&#8217; v Estoniji","datePublished":"2024-07-10T20:34:10+00:00","dateModified":"2024-07-11T06:39:02+00:00","mainEntityOfPage":{"@id":"https:\/\/novice.si\/page\/celjani-evropsko-pot-zaceli-s-petardo-v-estoniji\/"},"wordCount":98,"publisher":{"@id":"https:\/\/novice.si\/page\/#organization"},"image":{"@id":"https:\/\/novice.si\/page\/celjani-evropsko-pot-zaceli-s-petardo-v-estoniji\/#primaryimage"},"thumbnailUrl":"https:\/\/novice.si\/page\/wp-content\/uploads\/2024\/07\/nogomet-celje-foto-FB-NK-Celje.jpg","keywords":["Liga prvakov","Nk Celje"],"articleSection":["Aktualno","Celjsko","\u0160port"],"inLanguage":"sl-SI"},{"@type":"WebPage","@id":"https:\/\/novice.si\/page\/celjani-evropsko-pot-zaceli-s-petardo-v-estoniji\/","url":"https:\/\/novice.si\/page\/celjani-evropsko-pot-zaceli-s-petardo-v-estoniji\/","name":"Celjani evropsko pot za\u010deli s 'petardo' v Estoniji - Novice.si","isPartOf":{"@id":"https:\/\/novice.si\/page\/#website"},"primaryImageOfPage":{"@id":"https:\/\/novice.si\/page\/celjani-evropsko-pot-zaceli-s-petardo-v-estoniji\/#primaryimage"},"image":{"@id":"https:\/\/novice.si\/page\/celjani-evropsko-pot-zaceli-s-petardo-v-estoniji\/#primaryimage"},"thumbnailUrl":"https:\/\/novice.si\/page\/wp-content\/uploads\/2024\/07\/nogomet-celje-foto-FB-NK-Celje.jpg","datePublished":"2024-07-10T20:34:10+00:00","dateModified":"2024-07-11T06:39:02+00:00","breadcrumb":{"@id":"https:\/\/novice.si\/page\/celjani-evropsko-pot-zaceli-s-petardo-v-estoniji\/#breadcrumb"},"inLanguage":"sl-SI","potentialAction":[{"@type":"ReadAction","target":["https:\/\/novice.si\/page\/celjani-evropsko-pot-zaceli-s-petardo-v-estoniji\/"]}]},{"@type":"ImageObject","inLanguage":"sl-SI","@id":"https:\/\/novice.si\/page\/celjani-evropsko-pot-zaceli-s-petardo-v-estoniji\/#primaryimage","url":"https:\/\/novice.si\/page\/wp-content\/uploads\/2024\/07\/nogomet-celje-foto-FB-NK-Celje.jpg","contentUrl":"https:\/\/novice.si\/page\/wp-content\/uploads\/2024\/07\/nogomet-celje-foto-FB-NK-Celje.jpg","width":1068,"height":793},{"@type":"BreadcrumbList","@id":"https:\/\/novice.si\/page\/celjani-evropsko-pot-zaceli-s-petardo-v-estoniji\/#breadcrumb","itemListElement":[{"@type":"ListItem","position":1,"name":"Home","item":"https:\/\/novice.si\/page\/"},{"@type":"ListItem","position":2,"name":"Celjani evropsko pot za\u010deli s &#8216;petardo&#8217; v Estoniji"}]},{"@type":"WebSite","@id":"https:\/\/novice.si\/page\/#website","url":"https:\/\/novice.si\/page\/","name":"Novice.si","description":"","publisher":{"@id":"https:\/\/novice.si\/page\/#organization"},"potentialAction":[{"@type":"SearchAction","target":{"@type":"EntryPoint","urlTemplate":"https:\/\/novice.si\/page\/?s={search_term_string}"},"query-input":{"@type":"PropertyValueSpecification","valueRequired":true,"valueName":"search_term_string"}}],"inLanguage":"sl-SI"},{"@type":"Organization","@id":"https:\/\/novice.si\/page\/#organization","name":"Novice.si","url":"https:\/\/novice.si\/page\/","logo":{"@type":"ImageObject","inLanguage":"sl-SI","@id":"https:\/\/novice.si\/page\/#\/schema\/logo\/image\/","url":"https:\/\/novice.si\/page\/wp-content\/uploads\/2023\/03\/novice_si.png","contentUrl":"https:\/\/novice.si\/page\/wp-content\/uploads\/2023\/03\/novice_si.png","width":576,"height":200,"caption":"Novice.si"},"image":{"@id":"https:\/\/novice.si\/page\/#\/schema\/logo\/image\/"}},{"@type":"Person","@id":"https:\/\/novice.si\/page\/#\/schema\/person\/a877dbb8680d441357ce27663beb35ca","name":"Uredni\u0161tvo Novic","image":{"@type":"ImageObject","inLanguage":"sl-SI","@id":"https:\/\/secure.gravatar.com\/avatar\/f19c0ae874706cc9ba19d2f6da5f74a5a5ee7674f283fed29ce0ad16a9f1893e?s=96&d=mm&r=g","url":"https:\/\/secure.gravatar.com\/avatar\/f19c0ae874706cc9ba19d2f6da5f74a5a5ee7674f283fed29ce0ad16a9f1893e?s=96&d=mm&r=g","contentUrl":"https:\/\/secure.gravatar.com\/avatar\/f19c0ae874706cc9ba19d2f6da5f74a5a5ee7674f283fed29ce0ad16a9f1893e?s=96&d=mm&r=g","caption":"Uredni\u0161tvo Novic"},"url":"https:\/\/novice.si\/page\/author\/jure\/"}]}},"_links":{"self":[{"href":"https:\/\/novice.si\/page\/wp-json\/wp\/v2\/posts\/177014","targetHints":{"allow":["GET"]}}],"collection":[{"href":"https:\/\/novice.si\/page\/wp-json\/wp\/v2\/posts"}],"about":[{"href":"https:\/\/novice.si\/page\/wp-json\/wp\/v2\/types\/post"}],"author":[{"embeddable":true,"href":"https:\/\/novice.si\/page\/wp-json\/wp\/v2\/users\/7"}],"replies":[{"embeddable":true,"href":"https:\/\/novice.si\/page\/wp-json\/wp\/v2\/comments?post=177014"}],"version-history":[{"count":1,"href":"https:\/\/novice.si\/page\/wp-json\/wp\/v2\/posts\/177014\/revisions"}],"predecessor-version":[{"id":177016,"href":"https:\/\/novice.si\/page\/wp-json\/wp\/v2\/posts\/177014\/revisions\/177016"}],"wp:featuredmedia":[{"embeddable":true,"href":"https:\/\/novice.si\/page\/wp-json\/wp\/v2\/media\/177015"}],"wp:attachment":[{"href":"https:\/\/novice.si\/page\/wp-json\/wp\/v2\/media?parent=177014"}],"wp:term":[{"taxonomy":"category","embeddable":true,"href":"https:\/\/novice.si\/page\/wp-json\/wp\/v2\/categories?post=177014"},{"taxonomy":"post_tag","embeddable":true,"href":"https:\/\/novice.si\/page\/wp-json\/wp\/v2\/tags?post=177014"}],"curies":[{"name":"wp","href":"https:\/\/api.w.org\/{rel}","templated":true}]}}