{"id":176970,"date":"2024-07-10T07:26:46","date_gmt":"2024-07-10T05:26:46","guid":{"rendered":"https:\/\/novice.si\/page\/?p=176970"},"modified":"2024-07-10T07:26:46","modified_gmt":"2024-07-10T05:26:46","slug":"celje-zapletlo-se-je-tudi-pri-trenti","status":"publish","type":"post","link":"https:\/\/novice.si\/page\/celje-zapletlo-se-je-tudi-pri-trenti\/","title":{"rendered":"CELJE Zapletlo se je tudi pri Trenti"},"content":{"rendered":"<p>Niti dve leti po predvidenem za\u010detku \u0161e ni stekla glavna obravnava v zadevi Trenta, kjer so <img loading=\"lazy\" decoding=\"async\" class=\"wp-image-176971 alignleft\" src=\"https:\/\/novice.si\/page\/wp-content\/uploads\/2024\/07\/gantar-in-kastelic-foto-mojca-marot-600x495.jpg\" alt=\"\" width=\"304\" height=\"251\" srcset=\"https:\/\/novice.si\/page\/wp-content\/uploads\/2024\/07\/gantar-in-kastelic-foto-mojca-marot-600x495.jpg 600w, https:\/\/novice.si\/page\/wp-content\/uploads\/2024\/07\/gantar-in-kastelic-foto-mojca-marot-1024x845.jpg 1024w, https:\/\/novice.si\/page\/wp-content\/uploads\/2024\/07\/gantar-in-kastelic-foto-mojca-marot-768x634.jpg 768w, https:\/\/novice.si\/page\/wp-content\/uploads\/2024\/07\/gantar-in-kastelic-foto-mojca-marot-509x420.jpg 509w, https:\/\/novice.si\/page\/wp-content\/uploads\/2024\/07\/gantar-in-kastelic-foto-mojca-marot-696x574.jpg 696w, https:\/\/novice.si\/page\/wp-content\/uploads\/2024\/07\/gantar-in-kastelic-foto-mojca-marot-1068x881.jpg 1068w, https:\/\/novice.si\/page\/wp-content\/uploads\/2024\/07\/gantar-in-kastelic-foto-mojca-marot-24x20.jpg 24w, https:\/\/novice.si\/page\/wp-content\/uploads\/2024\/07\/gantar-in-kastelic-foto-mojca-marot-36x30.jpg 36w, https:\/\/novice.si\/page\/wp-content\/uploads\/2024\/07\/gantar-in-kastelic-foto-mojca-marot-48x40.jpg 48w, https:\/\/novice.si\/page\/wp-content\/uploads\/2024\/07\/gantar-in-kastelic-foto-mojca-marot.jpg 1310w\" sizes=\"auto, (max-width: 304px) 100vw, 304px\" \/>se pod obto\u017ebo o spornem kup\u010dkanju z zemlji\u0161\u010di na za\u0161\u010ditenem obmo\u010dju nacionalnega parka zna\u0161li prvak SDS <strong>Janez Jan\u0161a<\/strong>, ob njem pa \u0161e nekdanji direktor Energogradenj <strong>Klemen Gantar<\/strong> (na sliki levo) in nekdanji predsednik uprave Imosa <strong>Branko Kastelic<\/strong>.<\/p>\n<p>Obramba je v\u010deraj namre\u010d zahtevala izlo\u010ditev predsednice celjskega sodi\u0161\u010da, potem ko ta ni pristala na razre\u0161itev domnevno nezakonito sestavljenega malega kazenskega senata. Oba porotnika naj bi namre\u010d v preteklosti bila aktivna na levem politi\u010dnem polu, obramba pa se prav tako ni strinjala, da proces vodi sodnica Cvetka Posilovi\u010d, potem ko sta se iz postopka izlo\u010dila dva njena predhodnika.<\/p>\n<p>O zapletu bodo odlo\u010dali na vrhovnem sodi\u0161\u010du, primer pa zastara \u010dez pribli\u017eno leto dni.<\/p>\n<p>P\u0160<\/p>\n<p>&nbsp;<\/p>\n","protected":false},"excerpt":{"rendered":"<p>Niti dve leti po predvidenem za\u010detku \u0161e ni stekla glavna obravnava v zadevi Trenta, kjer so se pod obto\u017ebo o spornem kup\u010dkanju z zemlji\u0161\u010di na za\u0161\u010ditenem obmo\u010dju nacionalnega parka zna\u0161li prvak SDS Janez Jan\u0161a, ob njem pa \u0161e nekdanji direktor Energogradenj Klemen Gantar (na sliki levo) in nekdanji predsednik uprave Imosa Branko Kastelic. Obramba je [&hellip;]<\/p>\n","protected":false},"author":33,"featured_media":163377,"comment_status":"closed","ping_status":"closed","sticky":false,"template":"","format":"standard","meta":{"footnotes":""},"categories":[14,17,29],"tags":[21004,10838,21006,14327,21005,14752],"class_list":{"0":"post-176970","1":"post","2":"type-post","3":"status-publish","4":"format-standard","5":"has-post-thumbnail","7":"category-aktualno","8":"category-celjsko","9":"category-kronika","10":"tag-branko-kastelic","11":"tag-cvetka-posilovic","12":"tag-izlocitev-predsednice-sodisca","13":"tag-janez-janda","14":"tag-klemen-gantar","15":"tag-trenta"},"yoast_head":"<!-- This site is optimized with the Yoast SEO plugin v27.4 - https:\/\/yoast.com\/product\/yoast-seo-wordpress\/ -->\n<title>CELJE Zapletlo se je tudi pri Trenti - Novice.si<\/title>\n<meta name=\"robots\" content=\"index, follow, max-snippet:-1, max-image-preview:large, max-video-preview:-1\" \/>\n<link rel=\"canonical\" href=\"https:\/\/novice.si\/page\/celje-zapletlo-se-je-tudi-pri-trenti\/\" \/>\n<meta property=\"og:locale\" content=\"sl_SI\" \/>\n<meta property=\"og:type\" content=\"article\" \/>\n<meta property=\"og:title\" content=\"CELJE Zapletlo se je tudi pri Trenti - Novice.si\" \/>\n<meta property=\"og:description\" content=\"Niti dve leti po predvidenem za\u010detku \u0161e ni stekla glavna obravnava v zadevi Trenta, kjer so se pod obto\u017ebo o spornem kup\u010dkanju z zemlji\u0161\u010di na za\u0161\u010ditenem obmo\u010dju nacionalnega parka zna\u0161li prvak SDS Janez Jan\u0161a, ob njem pa \u0161e nekdanji direktor Energogradenj Klemen Gantar (na sliki levo) in nekdanji predsednik uprave Imosa Branko Kastelic. Obramba je [&hellip;]\" \/>\n<meta property=\"og:url\" content=\"https:\/\/novice.si\/page\/celje-zapletlo-se-je-tudi-pri-trenti\/\" \/>\n<meta property=\"og:site_name\" content=\"Novice.si\" \/>\n<meta property=\"article:published_time\" content=\"2024-07-10T05:26:46+00:00\" \/>\n<meta property=\"og:image\" content=\"https:\/\/novice.si\/page\/wp-content\/uploads\/2023\/05\/Jansa-31maj23-1-scaled.jpg\" \/>\n\t<meta property=\"og:image:width\" content=\"2560\" \/>\n\t<meta property=\"og:image:height\" content=\"1352\" \/>\n\t<meta property=\"og:image:type\" content=\"image\/jpeg\" \/>\n<meta name=\"author\" content=\"Uredni\u0161tvo Celjana\" \/>\n<meta name=\"twitter:card\" content=\"summary_large_image\" \/>\n<meta name=\"twitter:label1\" content=\"Written by\" \/>\n\t<meta name=\"twitter:data1\" content=\"Uredni\u0161tvo Celjana\" \/>\n\t<meta name=\"twitter:label2\" content=\"Est. reading time\" \/>\n\t<meta name=\"twitter:data2\" content=\"2 minuti\" \/>\n<script type=\"application\/ld+json\" class=\"yoast-schema-graph\">{\"@context\":\"https:\\\/\\\/schema.org\",\"@graph\":[{\"@type\":\"Article\",\"@id\":\"https:\\\/\\\/novice.si\\\/page\\\/celje-zapletlo-se-je-tudi-pri-trenti\\\/#article\",\"isPartOf\":{\"@id\":\"https:\\\/\\\/novice.si\\\/page\\\/celje-zapletlo-se-je-tudi-pri-trenti\\\/\"},\"author\":{\"name\":\"Uredni\u0161tvo Celjana\",\"@id\":\"https:\\\/\\\/novice.si\\\/page\\\/#\\\/schema\\\/person\\\/57f25c9642a9541c7349c65d32032c3e\"},\"headline\":\"CELJE Zapletlo se je tudi pri Trenti\",\"datePublished\":\"2024-07-10T05:26:46+00:00\",\"mainEntityOfPage\":{\"@id\":\"https:\\\/\\\/novice.si\\\/page\\\/celje-zapletlo-se-je-tudi-pri-trenti\\\/\"},\"wordCount\":151,\"publisher\":{\"@id\":\"https:\\\/\\\/novice.si\\\/page\\\/#organization\"},\"image\":{\"@id\":\"https:\\\/\\\/novice.si\\\/page\\\/celje-zapletlo-se-je-tudi-pri-trenti\\\/#primaryimage\"},\"thumbnailUrl\":\"https:\\\/\\\/novice.si\\\/page\\\/wp-content\\\/uploads\\\/2023\\\/05\\\/Jansa-31maj23-1-scaled.jpg\",\"keywords\":[\"Branko Kastelic\",\"Cvetka Posilovi\u010d\",\"izlo\u010ditev predsednice sodi\u0161\u010da\",\"Janez Jan\u0111a\",\"Klemen Gantar\",\"Trenta\"],\"articleSection\":[\"Aktualno\",\"Celjsko\",\"Kronika\"],\"inLanguage\":\"sl-SI\"},{\"@type\":\"WebPage\",\"@id\":\"https:\\\/\\\/novice.si\\\/page\\\/celje-zapletlo-se-je-tudi-pri-trenti\\\/\",\"url\":\"https:\\\/\\\/novice.si\\\/page\\\/celje-zapletlo-se-je-tudi-pri-trenti\\\/\",\"name\":\"CELJE Zapletlo se je tudi pri Trenti - Novice.si\",\"isPartOf\":{\"@id\":\"https:\\\/\\\/novice.si\\\/page\\\/#website\"},\"primaryImageOfPage\":{\"@id\":\"https:\\\/\\\/novice.si\\\/page\\\/celje-zapletlo-se-je-tudi-pri-trenti\\\/#primaryimage\"},\"image\":{\"@id\":\"https:\\\/\\\/novice.si\\\/page\\\/celje-zapletlo-se-je-tudi-pri-trenti\\\/#primaryimage\"},\"thumbnailUrl\":\"https:\\\/\\\/novice.si\\\/page\\\/wp-content\\\/uploads\\\/2023\\\/05\\\/Jansa-31maj23-1-scaled.jpg\",\"datePublished\":\"2024-07-10T05:26:46+00:00\",\"breadcrumb\":{\"@id\":\"https:\\\/\\\/novice.si\\\/page\\\/celje-zapletlo-se-je-tudi-pri-trenti\\\/#breadcrumb\"},\"inLanguage\":\"sl-SI\",\"potentialAction\":[{\"@type\":\"ReadAction\",\"target\":[\"https:\\\/\\\/novice.si\\\/page\\\/celje-zapletlo-se-je-tudi-pri-trenti\\\/\"]}]},{\"@type\":\"ImageObject\",\"inLanguage\":\"sl-SI\",\"@id\":\"https:\\\/\\\/novice.si\\\/page\\\/celje-zapletlo-se-je-tudi-pri-trenti\\\/#primaryimage\",\"url\":\"https:\\\/\\\/novice.si\\\/page\\\/wp-content\\\/uploads\\\/2023\\\/05\\\/Jansa-31maj23-1-scaled.jpg\",\"contentUrl\":\"https:\\\/\\\/novice.si\\\/page\\\/wp-content\\\/uploads\\\/2023\\\/05\\\/Jansa-31maj23-1-scaled.jpg\",\"width\":2560,\"height\":1352},{\"@type\":\"BreadcrumbList\",\"@id\":\"https:\\\/\\\/novice.si\\\/page\\\/celje-zapletlo-se-je-tudi-pri-trenti\\\/#breadcrumb\",\"itemListElement\":[{\"@type\":\"ListItem\",\"position\":1,\"name\":\"Home\",\"item\":\"https:\\\/\\\/novice.si\\\/page\\\/\"},{\"@type\":\"ListItem\",\"position\":2,\"name\":\"CELJE Zapletlo se je tudi pri Trenti\"}]},{\"@type\":\"WebSite\",\"@id\":\"https:\\\/\\\/novice.si\\\/page\\\/#website\",\"url\":\"https:\\\/\\\/novice.si\\\/page\\\/\",\"name\":\"Novice.si\",\"description\":\"\",\"publisher\":{\"@id\":\"https:\\\/\\\/novice.si\\\/page\\\/#organization\"},\"potentialAction\":[{\"@type\":\"SearchAction\",\"target\":{\"@type\":\"EntryPoint\",\"urlTemplate\":\"https:\\\/\\\/novice.si\\\/page\\\/?s={search_term_string}\"},\"query-input\":{\"@type\":\"PropertyValueSpecification\",\"valueRequired\":true,\"valueName\":\"search_term_string\"}}],\"inLanguage\":\"sl-SI\"},{\"@type\":\"Organization\",\"@id\":\"https:\\\/\\\/novice.si\\\/page\\\/#organization\",\"name\":\"Novice.si\",\"url\":\"https:\\\/\\\/novice.si\\\/page\\\/\",\"logo\":{\"@type\":\"ImageObject\",\"inLanguage\":\"sl-SI\",\"@id\":\"https:\\\/\\\/novice.si\\\/page\\\/#\\\/schema\\\/logo\\\/image\\\/\",\"url\":\"https:\\\/\\\/novice.si\\\/page\\\/wp-content\\\/uploads\\\/2023\\\/03\\\/novice_si.png\",\"contentUrl\":\"https:\\\/\\\/novice.si\\\/page\\\/wp-content\\\/uploads\\\/2023\\\/03\\\/novice_si.png\",\"width\":576,\"height\":200,\"caption\":\"Novice.si\"},\"image\":{\"@id\":\"https:\\\/\\\/novice.si\\\/page\\\/#\\\/schema\\\/logo\\\/image\\\/\"}},{\"@type\":\"Person\",\"@id\":\"https:\\\/\\\/novice.si\\\/page\\\/#\\\/schema\\\/person\\\/57f25c9642a9541c7349c65d32032c3e\",\"name\":\"Uredni\u0161tvo Celjana\",\"image\":{\"@type\":\"ImageObject\",\"inLanguage\":\"sl-SI\",\"@id\":\"https:\\\/\\\/secure.gravatar.com\\\/avatar\\\/78e52bc4279b65f6df6345e0ef0f7b792d361361f230cf4ffecfe0afe6d5629c?s=96&d=mm&r=g\",\"url\":\"https:\\\/\\\/secure.gravatar.com\\\/avatar\\\/78e52bc4279b65f6df6345e0ef0f7b792d361361f230cf4ffecfe0afe6d5629c?s=96&d=mm&r=g\",\"contentUrl\":\"https:\\\/\\\/secure.gravatar.com\\\/avatar\\\/78e52bc4279b65f6df6345e0ef0f7b792d361361f230cf4ffecfe0afe6d5629c?s=96&d=mm&r=g\",\"caption\":\"Uredni\u0161tvo Celjana\"},\"url\":\"https:\\\/\\\/novice.si\\\/page\\\/author\\\/primoz\\\/\"}]}<\/script>\n<!-- \/ Yoast SEO plugin. -->","yoast_head_json":{"title":"CELJE Zapletlo se je tudi pri Trenti - Novice.si","robots":{"index":"index","follow":"follow","max-snippet":"max-snippet:-1","max-image-preview":"max-image-preview:large","max-video-preview":"max-video-preview:-1"},"canonical":"https:\/\/novice.si\/page\/celje-zapletlo-se-je-tudi-pri-trenti\/","og_locale":"sl_SI","og_type":"article","og_title":"CELJE Zapletlo se je tudi pri Trenti - Novice.si","og_description":"Niti dve leti po predvidenem za\u010detku \u0161e ni stekla glavna obravnava v zadevi Trenta, kjer so se pod obto\u017ebo o spornem kup\u010dkanju z zemlji\u0161\u010di na za\u0161\u010ditenem obmo\u010dju nacionalnega parka zna\u0161li prvak SDS Janez Jan\u0161a, ob njem pa \u0161e nekdanji direktor Energogradenj Klemen Gantar (na sliki levo) in nekdanji predsednik uprave Imosa Branko Kastelic. Obramba je [&hellip;]","og_url":"https:\/\/novice.si\/page\/celje-zapletlo-se-je-tudi-pri-trenti\/","og_site_name":"Novice.si","article_published_time":"2024-07-10T05:26:46+00:00","og_image":[{"width":2560,"height":1352,"url":"https:\/\/novice.si\/page\/wp-content\/uploads\/2023\/05\/Jansa-31maj23-1-scaled.jpg","type":"image\/jpeg"}],"author":"Uredni\u0161tvo Celjana","twitter_card":"summary_large_image","twitter_misc":{"Written by":"Uredni\u0161tvo Celjana","Est. reading time":"2 minuti"},"schema":{"@context":"https:\/\/schema.org","@graph":[{"@type":"Article","@id":"https:\/\/novice.si\/page\/celje-zapletlo-se-je-tudi-pri-trenti\/#article","isPartOf":{"@id":"https:\/\/novice.si\/page\/celje-zapletlo-se-je-tudi-pri-trenti\/"},"author":{"name":"Uredni\u0161tvo Celjana","@id":"https:\/\/novice.si\/page\/#\/schema\/person\/57f25c9642a9541c7349c65d32032c3e"},"headline":"CELJE Zapletlo se je tudi pri Trenti","datePublished":"2024-07-10T05:26:46+00:00","mainEntityOfPage":{"@id":"https:\/\/novice.si\/page\/celje-zapletlo-se-je-tudi-pri-trenti\/"},"wordCount":151,"publisher":{"@id":"https:\/\/novice.si\/page\/#organization"},"image":{"@id":"https:\/\/novice.si\/page\/celje-zapletlo-se-je-tudi-pri-trenti\/#primaryimage"},"thumbnailUrl":"https:\/\/novice.si\/page\/wp-content\/uploads\/2023\/05\/Jansa-31maj23-1-scaled.jpg","keywords":["Branko Kastelic","Cvetka Posilovi\u010d","izlo\u010ditev predsednice sodi\u0161\u010da","Janez Jan\u0111a","Klemen Gantar","Trenta"],"articleSection":["Aktualno","Celjsko","Kronika"],"inLanguage":"sl-SI"},{"@type":"WebPage","@id":"https:\/\/novice.si\/page\/celje-zapletlo-se-je-tudi-pri-trenti\/","url":"https:\/\/novice.si\/page\/celje-zapletlo-se-je-tudi-pri-trenti\/","name":"CELJE Zapletlo se je tudi pri Trenti - Novice.si","isPartOf":{"@id":"https:\/\/novice.si\/page\/#website"},"primaryImageOfPage":{"@id":"https:\/\/novice.si\/page\/celje-zapletlo-se-je-tudi-pri-trenti\/#primaryimage"},"image":{"@id":"https:\/\/novice.si\/page\/celje-zapletlo-se-je-tudi-pri-trenti\/#primaryimage"},"thumbnailUrl":"https:\/\/novice.si\/page\/wp-content\/uploads\/2023\/05\/Jansa-31maj23-1-scaled.jpg","datePublished":"2024-07-10T05:26:46+00:00","breadcrumb":{"@id":"https:\/\/novice.si\/page\/celje-zapletlo-se-je-tudi-pri-trenti\/#breadcrumb"},"inLanguage":"sl-SI","potentialAction":[{"@type":"ReadAction","target":["https:\/\/novice.si\/page\/celje-zapletlo-se-je-tudi-pri-trenti\/"]}]},{"@type":"ImageObject","inLanguage":"sl-SI","@id":"https:\/\/novice.si\/page\/celje-zapletlo-se-je-tudi-pri-trenti\/#primaryimage","url":"https:\/\/novice.si\/page\/wp-content\/uploads\/2023\/05\/Jansa-31maj23-1-scaled.jpg","contentUrl":"https:\/\/novice.si\/page\/wp-content\/uploads\/2023\/05\/Jansa-31maj23-1-scaled.jpg","width":2560,"height":1352},{"@type":"BreadcrumbList","@id":"https:\/\/novice.si\/page\/celje-zapletlo-se-je-tudi-pri-trenti\/#breadcrumb","itemListElement":[{"@type":"ListItem","position":1,"name":"Home","item":"https:\/\/novice.si\/page\/"},{"@type":"ListItem","position":2,"name":"CELJE Zapletlo se je tudi pri Trenti"}]},{"@type":"WebSite","@id":"https:\/\/novice.si\/page\/#website","url":"https:\/\/novice.si\/page\/","name":"Novice.si","description":"","publisher":{"@id":"https:\/\/novice.si\/page\/#organization"},"potentialAction":[{"@type":"SearchAction","target":{"@type":"EntryPoint","urlTemplate":"https:\/\/novice.si\/page\/?s={search_term_string}"},"query-input":{"@type":"PropertyValueSpecification","valueRequired":true,"valueName":"search_term_string"}}],"inLanguage":"sl-SI"},{"@type":"Organization","@id":"https:\/\/novice.si\/page\/#organization","name":"Novice.si","url":"https:\/\/novice.si\/page\/","logo":{"@type":"ImageObject","inLanguage":"sl-SI","@id":"https:\/\/novice.si\/page\/#\/schema\/logo\/image\/","url":"https:\/\/novice.si\/page\/wp-content\/uploads\/2023\/03\/novice_si.png","contentUrl":"https:\/\/novice.si\/page\/wp-content\/uploads\/2023\/03\/novice_si.png","width":576,"height":200,"caption":"Novice.si"},"image":{"@id":"https:\/\/novice.si\/page\/#\/schema\/logo\/image\/"}},{"@type":"Person","@id":"https:\/\/novice.si\/page\/#\/schema\/person\/57f25c9642a9541c7349c65d32032c3e","name":"Uredni\u0161tvo Celjana","image":{"@type":"ImageObject","inLanguage":"sl-SI","@id":"https:\/\/secure.gravatar.com\/avatar\/78e52bc4279b65f6df6345e0ef0f7b792d361361f230cf4ffecfe0afe6d5629c?s=96&d=mm&r=g","url":"https:\/\/secure.gravatar.com\/avatar\/78e52bc4279b65f6df6345e0ef0f7b792d361361f230cf4ffecfe0afe6d5629c?s=96&d=mm&r=g","contentUrl":"https:\/\/secure.gravatar.com\/avatar\/78e52bc4279b65f6df6345e0ef0f7b792d361361f230cf4ffecfe0afe6d5629c?s=96&d=mm&r=g","caption":"Uredni\u0161tvo Celjana"},"url":"https:\/\/novice.si\/page\/author\/primoz\/"}]}},"_links":{"self":[{"href":"https:\/\/novice.si\/page\/wp-json\/wp\/v2\/posts\/176970","targetHints":{"allow":["GET"]}}],"collection":[{"href":"https:\/\/novice.si\/page\/wp-json\/wp\/v2\/posts"}],"about":[{"href":"https:\/\/novice.si\/page\/wp-json\/wp\/v2\/types\/post"}],"author":[{"embeddable":true,"href":"https:\/\/novice.si\/page\/wp-json\/wp\/v2\/users\/33"}],"replies":[{"embeddable":true,"href":"https:\/\/novice.si\/page\/wp-json\/wp\/v2\/comments?post=176970"}],"version-history":[{"count":1,"href":"https:\/\/novice.si\/page\/wp-json\/wp\/v2\/posts\/176970\/revisions"}],"predecessor-version":[{"id":176972,"href":"https:\/\/novice.si\/page\/wp-json\/wp\/v2\/posts\/176970\/revisions\/176972"}],"wp:featuredmedia":[{"embeddable":true,"href":"https:\/\/novice.si\/page\/wp-json\/wp\/v2\/media\/163377"}],"wp:attachment":[{"href":"https:\/\/novice.si\/page\/wp-json\/wp\/v2\/media?parent=176970"}],"wp:term":[{"taxonomy":"category","embeddable":true,"href":"https:\/\/novice.si\/page\/wp-json\/wp\/v2\/categories?post=176970"},{"taxonomy":"post_tag","embeddable":true,"href":"https:\/\/novice.si\/page\/wp-json\/wp\/v2\/tags?post=176970"}],"curies":[{"name":"wp","href":"https:\/\/api.w.org\/{rel}","templated":true}]}}