{"id":176237,"date":"2024-06-20T08:18:22","date_gmt":"2024-06-20T06:18:22","guid":{"rendered":"https:\/\/novice.si\/page\/?p=176237"},"modified":"2024-06-20T08:18:22","modified_gmt":"2024-06-20T06:18:22","slug":"vojnik-12-konferenca-znanstvenikov-in-gospodarstvenikov","status":"publish","type":"post","link":"https:\/\/novice.si\/page\/vojnik-12-konferenca-znanstvenikov-in-gospodarstvenikov\/","title":{"rendered":"VOJNIK 12. Konferenca znanstvenikov in gospodarstvenikov"},"content":{"rendered":"<p>Danes in jutri bo v prostorih Razvojnega in\u0161tituta dr. Petra Novaka v Vojniku 12. Konferenca <img loading=\"lazy\" decoding=\"async\" class=\"wp-image-176238 alignleft\" src=\"https:\/\/novice.si\/page\/wp-content\/uploads\/2024\/06\/Nov-razvojni-center-MIK-Institut-dr.-Petra-Novaka-in-tovarna-prezracevalnih-naprav-MIKrovent-bodo-scasoma-omogocili-100-novih-d-600x450.jpg\" alt=\"\" width=\"393\" height=\"295\" srcset=\"https:\/\/novice.si\/page\/wp-content\/uploads\/2024\/06\/Nov-razvojni-center-MIK-Institut-dr.-Petra-Novaka-in-tovarna-prezracevalnih-naprav-MIKrovent-bodo-scasoma-omogocili-100-novih-d-600x450.jpg 600w, https:\/\/novice.si\/page\/wp-content\/uploads\/2024\/06\/Nov-razvojni-center-MIK-Institut-dr.-Petra-Novaka-in-tovarna-prezracevalnih-naprav-MIKrovent-bodo-scasoma-omogocili-100-novih-d-1024x768.jpg 1024w, https:\/\/novice.si\/page\/wp-content\/uploads\/2024\/06\/Nov-razvojni-center-MIK-Institut-dr.-Petra-Novaka-in-tovarna-prezracevalnih-naprav-MIKrovent-bodo-scasoma-omogocili-100-novih-d-768x576.jpg 768w, https:\/\/novice.si\/page\/wp-content\/uploads\/2024\/06\/Nov-razvojni-center-MIK-Institut-dr.-Petra-Novaka-in-tovarna-prezracevalnih-naprav-MIKrovent-bodo-scasoma-omogocili-100-novih-d-1536x1152.jpg 1536w, https:\/\/novice.si\/page\/wp-content\/uploads\/2024\/06\/Nov-razvojni-center-MIK-Institut-dr.-Petra-Novaka-in-tovarna-prezracevalnih-naprav-MIKrovent-bodo-scasoma-omogocili-100-novih-d-560x420.jpg 560w, https:\/\/novice.si\/page\/wp-content\/uploads\/2024\/06\/Nov-razvojni-center-MIK-Institut-dr.-Petra-Novaka-in-tovarna-prezracevalnih-naprav-MIKrovent-bodo-scasoma-omogocili-100-novih-d-80x60.jpg 80w, https:\/\/novice.si\/page\/wp-content\/uploads\/2024\/06\/Nov-razvojni-center-MIK-Institut-dr.-Petra-Novaka-in-tovarna-prezracevalnih-naprav-MIKrovent-bodo-scasoma-omogocili-100-novih-d-696x522.jpg 696w, https:\/\/novice.si\/page\/wp-content\/uploads\/2024\/06\/Nov-razvojni-center-MIK-Institut-dr.-Petra-Novaka-in-tovarna-prezracevalnih-naprav-MIKrovent-bodo-scasoma-omogocili-100-novih-d-1068x801.jpg 1068w, https:\/\/novice.si\/page\/wp-content\/uploads\/2024\/06\/Nov-razvojni-center-MIK-Institut-dr.-Petra-Novaka-in-tovarna-prezracevalnih-naprav-MIKrovent-bodo-scasoma-omogocili-100-novih-d-265x198.jpg 265w, https:\/\/novice.si\/page\/wp-content\/uploads\/2024\/06\/Nov-razvojni-center-MIK-Institut-dr.-Petra-Novaka-in-tovarna-prezracevalnih-naprav-MIKrovent-bodo-scasoma-omogocili-100-novih-d-24x18.jpg 24w, https:\/\/novice.si\/page\/wp-content\/uploads\/2024\/06\/Nov-razvojni-center-MIK-Institut-dr.-Petra-Novaka-in-tovarna-prezracevalnih-naprav-MIKrovent-bodo-scasoma-omogocili-100-novih-d-36x27.jpg 36w, https:\/\/novice.si\/page\/wp-content\/uploads\/2024\/06\/Nov-razvojni-center-MIK-Institut-dr.-Petra-Novaka-in-tovarna-prezracevalnih-naprav-MIKrovent-bodo-scasoma-omogocili-100-novih-d-48x36.jpg 48w, https:\/\/novice.si\/page\/wp-content\/uploads\/2024\/06\/Nov-razvojni-center-MIK-Institut-dr.-Petra-Novaka-in-tovarna-prezracevalnih-naprav-MIKrovent-bodo-scasoma-omogocili-100-novih-d.jpg 1672w\" sizes=\"auto, (max-width: 393px) 100vw, 393px\" \/>slovenskih znanstvenikov in gospodarstvenikov.<\/p>\n<p>Ta bo pod \u010dastnim pokroviteljstvom predsednice dr\u017eave dr. <strong>Nata\u0161e Pirc Musar<\/strong>, na njej pa pri\u010dakujejo tudi \u0161iroko mednarodno udele\u017ebo.<\/p>\n<p>Sodelujo\u010di bodo razpravljali o bolj\u0161i kakovosti bivanja, spodbujanju poslovnega razvoja, sodelovanju znanosti in gospodarstva ter implementaciji znanja in dobrih praks iz tujine.<\/p>\n<p>Med nastopajo\u010dimi na konferenci so poleg univerzitetnih profesorjev razli\u010dnih podro\u010dij tudi <strong>Franci Pliber\u0161ek<\/strong>, direktor MIK Celje, ter predstavniki podjetij LEGO, Dewesoft in Cosylab. Udele\u017eenci konference si bodo v nadaljevanju ogledali tudi prostore razvojnega centra in in\u0161tituta.<\/p>\n<p>P\u0160<\/p>\n","protected":false},"excerpt":{"rendered":"<p>Danes in jutri bo v prostorih Razvojnega in\u0161tituta dr. Petra Novaka v Vojniku 12. Konferenca slovenskih znanstvenikov in gospodarstvenikov. Ta bo pod \u010dastnim pokroviteljstvom predsednice dr\u017eave dr. Nata\u0161e Pirc Musar, na njej pa pri\u010dakujejo tudi \u0161iroko mednarodno udele\u017ebo. Sodelujo\u010di bodo razpravljali o bolj\u0161i kakovosti bivanja, spodbujanju poslovnega razvoja, sodelovanju znanosti in gospodarstva ter implementaciji znanja [&hellip;]<\/p>\n","protected":false},"author":33,"featured_media":160265,"comment_status":"closed","ping_status":"closed","sticky":false,"template":"","format":"standard","meta":{"footnotes":""},"categories":[17],"tags":[13606,20862,2822,20861,13605,7347,1209],"class_list":{"0":"post-176237","1":"post","2":"type-post","3":"status-publish","4":"format-standard","5":"has-post-thumbnail","7":"category-celjsko","8":"tag-franci-plibersek","9":"tag-implementacija-dobrih-prakks","10":"tag-kakovost-bivanja","11":"tag-konferenca-znanstvenikov-in-gospodartstvenikov","12":"tag-mik","13":"tag-natasa-pirc-musar","14":"tag-vojnik"},"yoast_head":"<!-- This site is optimized with the Yoast SEO plugin v27.4 - https:\/\/yoast.com\/product\/yoast-seo-wordpress\/ -->\n<title>VOJNIK 12. Konferenca znanstvenikov in gospodarstvenikov - Novice.si<\/title>\n<meta name=\"robots\" content=\"index, follow, max-snippet:-1, max-image-preview:large, max-video-preview:-1\" \/>\n<link rel=\"canonical\" href=\"https:\/\/novice.si\/page\/vojnik-12-konferenca-znanstvenikov-in-gospodarstvenikov\/\" \/>\n<meta property=\"og:locale\" content=\"sl_SI\" \/>\n<meta property=\"og:type\" content=\"article\" \/>\n<meta property=\"og:title\" content=\"VOJNIK 12. Konferenca znanstvenikov in gospodarstvenikov - Novice.si\" \/>\n<meta property=\"og:description\" content=\"Danes in jutri bo v prostorih Razvojnega in\u0161tituta dr. Petra Novaka v Vojniku 12. Konferenca slovenskih znanstvenikov in gospodarstvenikov. Ta bo pod \u010dastnim pokroviteljstvom predsednice dr\u017eave dr. Nata\u0161e Pirc Musar, na njej pa pri\u010dakujejo tudi \u0161iroko mednarodno udele\u017ebo. Sodelujo\u010di bodo razpravljali o bolj\u0161i kakovosti bivanja, spodbujanju poslovnega razvoja, sodelovanju znanosti in gospodarstva ter implementaciji znanja [&hellip;]\" \/>\n<meta property=\"og:url\" content=\"https:\/\/novice.si\/page\/vojnik-12-konferenca-znanstvenikov-in-gospodarstvenikov\/\" \/>\n<meta property=\"og:site_name\" content=\"Novice.si\" \/>\n<meta property=\"article:published_time\" content=\"2024-06-20T06:18:22+00:00\" \/>\n<meta property=\"og:image\" content=\"https:\/\/novice.si\/page\/wp-content\/uploads\/2023\/02\/razvojni-center-MIK-3-scaled.jpg\" \/>\n\t<meta property=\"og:image:width\" content=\"2560\" \/>\n\t<meta property=\"og:image:height\" content=\"1920\" \/>\n\t<meta property=\"og:image:type\" content=\"image\/jpeg\" \/>\n<meta name=\"author\" content=\"Uredni\u0161tvo Celjana\" \/>\n<meta name=\"twitter:card\" content=\"summary_large_image\" \/>\n<meta name=\"twitter:label1\" content=\"Written by\" \/>\n\t<meta name=\"twitter:data1\" content=\"Uredni\u0161tvo Celjana\" \/>\n\t<meta name=\"twitter:label2\" content=\"Est. reading time\" \/>\n\t<meta name=\"twitter:data2\" content=\"1 minuta\" \/>\n<script type=\"application\/ld+json\" class=\"yoast-schema-graph\">{\"@context\":\"https:\\\/\\\/schema.org\",\"@graph\":[{\"@type\":\"Article\",\"@id\":\"https:\\\/\\\/novice.si\\\/page\\\/vojnik-12-konferenca-znanstvenikov-in-gospodarstvenikov\\\/#article\",\"isPartOf\":{\"@id\":\"https:\\\/\\\/novice.si\\\/page\\\/vojnik-12-konferenca-znanstvenikov-in-gospodarstvenikov\\\/\"},\"author\":{\"name\":\"Uredni\u0161tvo Celjana\",\"@id\":\"https:\\\/\\\/novice.si\\\/page\\\/#\\\/schema\\\/person\\\/57f25c9642a9541c7349c65d32032c3e\"},\"headline\":\"VOJNIK 12. Konferenca znanstvenikov in gospodarstvenikov\",\"datePublished\":\"2024-06-20T06:18:22+00:00\",\"mainEntityOfPage\":{\"@id\":\"https:\\\/\\\/novice.si\\\/page\\\/vojnik-12-konferenca-znanstvenikov-in-gospodarstvenikov\\\/\"},\"wordCount\":114,\"publisher\":{\"@id\":\"https:\\\/\\\/novice.si\\\/page\\\/#organization\"},\"image\":{\"@id\":\"https:\\\/\\\/novice.si\\\/page\\\/vojnik-12-konferenca-znanstvenikov-in-gospodarstvenikov\\\/#primaryimage\"},\"thumbnailUrl\":\"https:\\\/\\\/novice.si\\\/page\\\/wp-content\\\/uploads\\\/2023\\\/02\\\/razvojni-center-MIK-3-scaled.jpg\",\"keywords\":[\"Franci Pliber\u0161ek\",\"implementacija dobrih prakks\",\"kakovost bivanja\",\"konferenca znanstvenikov in gospodartstvenikov\",\"MIK\",\"Nata\u0161a Pirc Musar\",\"Vojnik\"],\"articleSection\":[\"Celjsko\"],\"inLanguage\":\"sl-SI\"},{\"@type\":\"WebPage\",\"@id\":\"https:\\\/\\\/novice.si\\\/page\\\/vojnik-12-konferenca-znanstvenikov-in-gospodarstvenikov\\\/\",\"url\":\"https:\\\/\\\/novice.si\\\/page\\\/vojnik-12-konferenca-znanstvenikov-in-gospodarstvenikov\\\/\",\"name\":\"VOJNIK 12. Konferenca znanstvenikov in gospodarstvenikov - Novice.si\",\"isPartOf\":{\"@id\":\"https:\\\/\\\/novice.si\\\/page\\\/#website\"},\"primaryImageOfPage\":{\"@id\":\"https:\\\/\\\/novice.si\\\/page\\\/vojnik-12-konferenca-znanstvenikov-in-gospodarstvenikov\\\/#primaryimage\"},\"image\":{\"@id\":\"https:\\\/\\\/novice.si\\\/page\\\/vojnik-12-konferenca-znanstvenikov-in-gospodarstvenikov\\\/#primaryimage\"},\"thumbnailUrl\":\"https:\\\/\\\/novice.si\\\/page\\\/wp-content\\\/uploads\\\/2023\\\/02\\\/razvojni-center-MIK-3-scaled.jpg\",\"datePublished\":\"2024-06-20T06:18:22+00:00\",\"breadcrumb\":{\"@id\":\"https:\\\/\\\/novice.si\\\/page\\\/vojnik-12-konferenca-znanstvenikov-in-gospodarstvenikov\\\/#breadcrumb\"},\"inLanguage\":\"sl-SI\",\"potentialAction\":[{\"@type\":\"ReadAction\",\"target\":[\"https:\\\/\\\/novice.si\\\/page\\\/vojnik-12-konferenca-znanstvenikov-in-gospodarstvenikov\\\/\"]}]},{\"@type\":\"ImageObject\",\"inLanguage\":\"sl-SI\",\"@id\":\"https:\\\/\\\/novice.si\\\/page\\\/vojnik-12-konferenca-znanstvenikov-in-gospodarstvenikov\\\/#primaryimage\",\"url\":\"https:\\\/\\\/novice.si\\\/page\\\/wp-content\\\/uploads\\\/2023\\\/02\\\/razvojni-center-MIK-3-scaled.jpg\",\"contentUrl\":\"https:\\\/\\\/novice.si\\\/page\\\/wp-content\\\/uploads\\\/2023\\\/02\\\/razvojni-center-MIK-3-scaled.jpg\",\"width\":2560,\"height\":1920},{\"@type\":\"BreadcrumbList\",\"@id\":\"https:\\\/\\\/novice.si\\\/page\\\/vojnik-12-konferenca-znanstvenikov-in-gospodarstvenikov\\\/#breadcrumb\",\"itemListElement\":[{\"@type\":\"ListItem\",\"position\":1,\"name\":\"Home\",\"item\":\"https:\\\/\\\/novice.si\\\/page\\\/\"},{\"@type\":\"ListItem\",\"position\":2,\"name\":\"VOJNIK 12. Konferenca znanstvenikov in gospodarstvenikov\"}]},{\"@type\":\"WebSite\",\"@id\":\"https:\\\/\\\/novice.si\\\/page\\\/#website\",\"url\":\"https:\\\/\\\/novice.si\\\/page\\\/\",\"name\":\"Novice.si\",\"description\":\"\",\"publisher\":{\"@id\":\"https:\\\/\\\/novice.si\\\/page\\\/#organization\"},\"potentialAction\":[{\"@type\":\"SearchAction\",\"target\":{\"@type\":\"EntryPoint\",\"urlTemplate\":\"https:\\\/\\\/novice.si\\\/page\\\/?s={search_term_string}\"},\"query-input\":{\"@type\":\"PropertyValueSpecification\",\"valueRequired\":true,\"valueName\":\"search_term_string\"}}],\"inLanguage\":\"sl-SI\"},{\"@type\":\"Organization\",\"@id\":\"https:\\\/\\\/novice.si\\\/page\\\/#organization\",\"name\":\"Novice.si\",\"url\":\"https:\\\/\\\/novice.si\\\/page\\\/\",\"logo\":{\"@type\":\"ImageObject\",\"inLanguage\":\"sl-SI\",\"@id\":\"https:\\\/\\\/novice.si\\\/page\\\/#\\\/schema\\\/logo\\\/image\\\/\",\"url\":\"https:\\\/\\\/novice.si\\\/page\\\/wp-content\\\/uploads\\\/2023\\\/03\\\/novice_si.png\",\"contentUrl\":\"https:\\\/\\\/novice.si\\\/page\\\/wp-content\\\/uploads\\\/2023\\\/03\\\/novice_si.png\",\"width\":576,\"height\":200,\"caption\":\"Novice.si\"},\"image\":{\"@id\":\"https:\\\/\\\/novice.si\\\/page\\\/#\\\/schema\\\/logo\\\/image\\\/\"}},{\"@type\":\"Person\",\"@id\":\"https:\\\/\\\/novice.si\\\/page\\\/#\\\/schema\\\/person\\\/57f25c9642a9541c7349c65d32032c3e\",\"name\":\"Uredni\u0161tvo Celjana\",\"image\":{\"@type\":\"ImageObject\",\"inLanguage\":\"sl-SI\",\"@id\":\"https:\\\/\\\/secure.gravatar.com\\\/avatar\\\/78e52bc4279b65f6df6345e0ef0f7b792d361361f230cf4ffecfe0afe6d5629c?s=96&d=mm&r=g\",\"url\":\"https:\\\/\\\/secure.gravatar.com\\\/avatar\\\/78e52bc4279b65f6df6345e0ef0f7b792d361361f230cf4ffecfe0afe6d5629c?s=96&d=mm&r=g\",\"contentUrl\":\"https:\\\/\\\/secure.gravatar.com\\\/avatar\\\/78e52bc4279b65f6df6345e0ef0f7b792d361361f230cf4ffecfe0afe6d5629c?s=96&d=mm&r=g\",\"caption\":\"Uredni\u0161tvo Celjana\"},\"url\":\"https:\\\/\\\/novice.si\\\/page\\\/author\\\/primoz\\\/\"}]}<\/script>\n<!-- \/ Yoast SEO plugin. -->","yoast_head_json":{"title":"VOJNIK 12. Konferenca znanstvenikov in gospodarstvenikov - Novice.si","robots":{"index":"index","follow":"follow","max-snippet":"max-snippet:-1","max-image-preview":"max-image-preview:large","max-video-preview":"max-video-preview:-1"},"canonical":"https:\/\/novice.si\/page\/vojnik-12-konferenca-znanstvenikov-in-gospodarstvenikov\/","og_locale":"sl_SI","og_type":"article","og_title":"VOJNIK 12. Konferenca znanstvenikov in gospodarstvenikov - Novice.si","og_description":"Danes in jutri bo v prostorih Razvojnega in\u0161tituta dr. Petra Novaka v Vojniku 12. Konferenca slovenskih znanstvenikov in gospodarstvenikov. Ta bo pod \u010dastnim pokroviteljstvom predsednice dr\u017eave dr. Nata\u0161e Pirc Musar, na njej pa pri\u010dakujejo tudi \u0161iroko mednarodno udele\u017ebo. Sodelujo\u010di bodo razpravljali o bolj\u0161i kakovosti bivanja, spodbujanju poslovnega razvoja, sodelovanju znanosti in gospodarstva ter implementaciji znanja [&hellip;]","og_url":"https:\/\/novice.si\/page\/vojnik-12-konferenca-znanstvenikov-in-gospodarstvenikov\/","og_site_name":"Novice.si","article_published_time":"2024-06-20T06:18:22+00:00","og_image":[{"width":2560,"height":1920,"url":"https:\/\/novice.si\/page\/wp-content\/uploads\/2023\/02\/razvojni-center-MIK-3-scaled.jpg","type":"image\/jpeg"}],"author":"Uredni\u0161tvo Celjana","twitter_card":"summary_large_image","twitter_misc":{"Written by":"Uredni\u0161tvo Celjana","Est. reading time":"1 minuta"},"schema":{"@context":"https:\/\/schema.org","@graph":[{"@type":"Article","@id":"https:\/\/novice.si\/page\/vojnik-12-konferenca-znanstvenikov-in-gospodarstvenikov\/#article","isPartOf":{"@id":"https:\/\/novice.si\/page\/vojnik-12-konferenca-znanstvenikov-in-gospodarstvenikov\/"},"author":{"name":"Uredni\u0161tvo Celjana","@id":"https:\/\/novice.si\/page\/#\/schema\/person\/57f25c9642a9541c7349c65d32032c3e"},"headline":"VOJNIK 12. Konferenca znanstvenikov in gospodarstvenikov","datePublished":"2024-06-20T06:18:22+00:00","mainEntityOfPage":{"@id":"https:\/\/novice.si\/page\/vojnik-12-konferenca-znanstvenikov-in-gospodarstvenikov\/"},"wordCount":114,"publisher":{"@id":"https:\/\/novice.si\/page\/#organization"},"image":{"@id":"https:\/\/novice.si\/page\/vojnik-12-konferenca-znanstvenikov-in-gospodarstvenikov\/#primaryimage"},"thumbnailUrl":"https:\/\/novice.si\/page\/wp-content\/uploads\/2023\/02\/razvojni-center-MIK-3-scaled.jpg","keywords":["Franci Pliber\u0161ek","implementacija dobrih prakks","kakovost bivanja","konferenca znanstvenikov in gospodartstvenikov","MIK","Nata\u0161a Pirc Musar","Vojnik"],"articleSection":["Celjsko"],"inLanguage":"sl-SI"},{"@type":"WebPage","@id":"https:\/\/novice.si\/page\/vojnik-12-konferenca-znanstvenikov-in-gospodarstvenikov\/","url":"https:\/\/novice.si\/page\/vojnik-12-konferenca-znanstvenikov-in-gospodarstvenikov\/","name":"VOJNIK 12. Konferenca znanstvenikov in gospodarstvenikov - Novice.si","isPartOf":{"@id":"https:\/\/novice.si\/page\/#website"},"primaryImageOfPage":{"@id":"https:\/\/novice.si\/page\/vojnik-12-konferenca-znanstvenikov-in-gospodarstvenikov\/#primaryimage"},"image":{"@id":"https:\/\/novice.si\/page\/vojnik-12-konferenca-znanstvenikov-in-gospodarstvenikov\/#primaryimage"},"thumbnailUrl":"https:\/\/novice.si\/page\/wp-content\/uploads\/2023\/02\/razvojni-center-MIK-3-scaled.jpg","datePublished":"2024-06-20T06:18:22+00:00","breadcrumb":{"@id":"https:\/\/novice.si\/page\/vojnik-12-konferenca-znanstvenikov-in-gospodarstvenikov\/#breadcrumb"},"inLanguage":"sl-SI","potentialAction":[{"@type":"ReadAction","target":["https:\/\/novice.si\/page\/vojnik-12-konferenca-znanstvenikov-in-gospodarstvenikov\/"]}]},{"@type":"ImageObject","inLanguage":"sl-SI","@id":"https:\/\/novice.si\/page\/vojnik-12-konferenca-znanstvenikov-in-gospodarstvenikov\/#primaryimage","url":"https:\/\/novice.si\/page\/wp-content\/uploads\/2023\/02\/razvojni-center-MIK-3-scaled.jpg","contentUrl":"https:\/\/novice.si\/page\/wp-content\/uploads\/2023\/02\/razvojni-center-MIK-3-scaled.jpg","width":2560,"height":1920},{"@type":"BreadcrumbList","@id":"https:\/\/novice.si\/page\/vojnik-12-konferenca-znanstvenikov-in-gospodarstvenikov\/#breadcrumb","itemListElement":[{"@type":"ListItem","position":1,"name":"Home","item":"https:\/\/novice.si\/page\/"},{"@type":"ListItem","position":2,"name":"VOJNIK 12. Konferenca znanstvenikov in gospodarstvenikov"}]},{"@type":"WebSite","@id":"https:\/\/novice.si\/page\/#website","url":"https:\/\/novice.si\/page\/","name":"Novice.si","description":"","publisher":{"@id":"https:\/\/novice.si\/page\/#organization"},"potentialAction":[{"@type":"SearchAction","target":{"@type":"EntryPoint","urlTemplate":"https:\/\/novice.si\/page\/?s={search_term_string}"},"query-input":{"@type":"PropertyValueSpecification","valueRequired":true,"valueName":"search_term_string"}}],"inLanguage":"sl-SI"},{"@type":"Organization","@id":"https:\/\/novice.si\/page\/#organization","name":"Novice.si","url":"https:\/\/novice.si\/page\/","logo":{"@type":"ImageObject","inLanguage":"sl-SI","@id":"https:\/\/novice.si\/page\/#\/schema\/logo\/image\/","url":"https:\/\/novice.si\/page\/wp-content\/uploads\/2023\/03\/novice_si.png","contentUrl":"https:\/\/novice.si\/page\/wp-content\/uploads\/2023\/03\/novice_si.png","width":576,"height":200,"caption":"Novice.si"},"image":{"@id":"https:\/\/novice.si\/page\/#\/schema\/logo\/image\/"}},{"@type":"Person","@id":"https:\/\/novice.si\/page\/#\/schema\/person\/57f25c9642a9541c7349c65d32032c3e","name":"Uredni\u0161tvo Celjana","image":{"@type":"ImageObject","inLanguage":"sl-SI","@id":"https:\/\/secure.gravatar.com\/avatar\/78e52bc4279b65f6df6345e0ef0f7b792d361361f230cf4ffecfe0afe6d5629c?s=96&d=mm&r=g","url":"https:\/\/secure.gravatar.com\/avatar\/78e52bc4279b65f6df6345e0ef0f7b792d361361f230cf4ffecfe0afe6d5629c?s=96&d=mm&r=g","contentUrl":"https:\/\/secure.gravatar.com\/avatar\/78e52bc4279b65f6df6345e0ef0f7b792d361361f230cf4ffecfe0afe6d5629c?s=96&d=mm&r=g","caption":"Uredni\u0161tvo Celjana"},"url":"https:\/\/novice.si\/page\/author\/primoz\/"}]}},"_links":{"self":[{"href":"https:\/\/novice.si\/page\/wp-json\/wp\/v2\/posts\/176237","targetHints":{"allow":["GET"]}}],"collection":[{"href":"https:\/\/novice.si\/page\/wp-json\/wp\/v2\/posts"}],"about":[{"href":"https:\/\/novice.si\/page\/wp-json\/wp\/v2\/types\/post"}],"author":[{"embeddable":true,"href":"https:\/\/novice.si\/page\/wp-json\/wp\/v2\/users\/33"}],"replies":[{"embeddable":true,"href":"https:\/\/novice.si\/page\/wp-json\/wp\/v2\/comments?post=176237"}],"version-history":[{"count":1,"href":"https:\/\/novice.si\/page\/wp-json\/wp\/v2\/posts\/176237\/revisions"}],"predecessor-version":[{"id":176239,"href":"https:\/\/novice.si\/page\/wp-json\/wp\/v2\/posts\/176237\/revisions\/176239"}],"wp:featuredmedia":[{"embeddable":true,"href":"https:\/\/novice.si\/page\/wp-json\/wp\/v2\/media\/160265"}],"wp:attachment":[{"href":"https:\/\/novice.si\/page\/wp-json\/wp\/v2\/media?parent=176237"}],"wp:term":[{"taxonomy":"category","embeddable":true,"href":"https:\/\/novice.si\/page\/wp-json\/wp\/v2\/categories?post=176237"},{"taxonomy":"post_tag","embeddable":true,"href":"https:\/\/novice.si\/page\/wp-json\/wp\/v2\/tags?post=176237"}],"curies":[{"name":"wp","href":"https:\/\/api.w.org\/{rel}","templated":true}]}}