{"id":175892,"date":"2024-06-13T18:02:20","date_gmt":"2024-06-13T16:02:20","guid":{"rendered":"https:\/\/novice.si\/page\/?p=175892"},"modified":"2024-06-13T18:02:57","modified_gmt":"2024-06-13T16:02:57","slug":"kolesarska-dirka-po-sloveniji-ob-zakljucku-2-etape-v-rogaski-slatini-zmaga-nemcu-luka-mezgec-tretji","status":"publish","type":"post","link":"https:\/\/novice.si\/page\/kolesarska-dirka-po-sloveniji-ob-zakljucku-2-etape-v-rogaski-slatini-zmaga-nemcu-luka-mezgec-tretji\/","title":{"rendered":"Kolesarska dirka po Sloveniji: Ob zaklju\u010dku 2. etape v Roga\u0161ki Slatini zmaga Nemcu, Luka Mezgec tretji"},"content":{"rendered":"<p><strong>Kljub druga\u010dni napovedi je tudi drugo etapo kolesarske \u017ee 31. Dirke po Sloveniji, odlo\u010dil mno\u017ei\u010dni sprint na cilju v Roga\u0161ki Slatini. Najhitrej\u0161i je bil Nemec Phil Bauhaus<\/strong><span data-contrast=\"auto\"><strong> (Bahrain Victorios), ki je v Roga\u0161ki Slatini slavil \u017ee pred tremi leti in je novi vodilni na dirki.<\/strong><\/span><\/p>\n<p><span data-contrast=\"auto\"><img loading=\"lazy\" decoding=\"async\" class=\" wp-image-175893 alignleft\" src=\"https:\/\/novice.si\/page\/wp-content\/uploads\/2024\/06\/kolesarstvo-1-12-600x451.jpg\" alt=\"\" width=\"253\" height=\"190\" srcset=\"https:\/\/novice.si\/page\/wp-content\/uploads\/2024\/06\/kolesarstvo-1-12-600x451.jpg 600w, https:\/\/novice.si\/page\/wp-content\/uploads\/2024\/06\/kolesarstvo-1-12-1024x770.jpg 1024w, https:\/\/novice.si\/page\/wp-content\/uploads\/2024\/06\/kolesarstvo-1-12-768x577.jpg 768w, https:\/\/novice.si\/page\/wp-content\/uploads\/2024\/06\/kolesarstvo-1-12-1536x1155.jpg 1536w, https:\/\/novice.si\/page\/wp-content\/uploads\/2024\/06\/kolesarstvo-1-12-2048x1540.jpg 2048w, https:\/\/novice.si\/page\/wp-content\/uploads\/2024\/06\/kolesarstvo-1-12-559x420.jpg 559w, https:\/\/novice.si\/page\/wp-content\/uploads\/2024\/06\/kolesarstvo-1-12-80x60.jpg 80w, https:\/\/novice.si\/page\/wp-content\/uploads\/2024\/06\/kolesarstvo-1-12-696x523.jpg 696w, https:\/\/novice.si\/page\/wp-content\/uploads\/2024\/06\/kolesarstvo-1-12-1068x803.jpg 1068w, https:\/\/novice.si\/page\/wp-content\/uploads\/2024\/06\/kolesarstvo-1-12-1920x1443.jpg 1920w, https:\/\/novice.si\/page\/wp-content\/uploads\/2024\/06\/kolesarstvo-1-12-265x198.jpg 265w, https:\/\/novice.si\/page\/wp-content\/uploads\/2024\/06\/kolesarstvo-1-12-24x18.jpg 24w, https:\/\/novice.si\/page\/wp-content\/uploads\/2024\/06\/kolesarstvo-1-12-36x27.jpg 36w, https:\/\/novice.si\/page\/wp-content\/uploads\/2024\/06\/kolesarstvo-1-12-48x36.jpg 48w\" sizes=\"auto, (max-width: 253px) 100vw, 253px\" \/><\/span><\/p>\n<p><span data-contrast=\"auto\">Etapa od \u017dalca do Roga\u0161ke Slatine je bila izredno razgibana, saj skoraj ni bilo kilometra ceste, ki bi bil ravninski, kolesarji so se ves \u010das vozili malo gor, malo dol. Na vzponu in nato spustu iz Celjske ko\u010de so sicer pobegnili \u0161tirje kolesarji, a jih je glavnina ujela, je pa zaostala naslednja skupina, v kateri je bil tudi zmagovalec prve etape Dylan Gronevegen. Med etapo<img loading=\"lazy\" decoding=\"async\" class=\" wp-image-175894 alignright\" src=\"https:\/\/novice.si\/page\/wp-content\/uploads\/2024\/06\/kolesarstvo-2-600x401.jpg\" alt=\"\" width=\"285\" height=\"191\" srcset=\"https:\/\/novice.si\/page\/wp-content\/uploads\/2024\/06\/kolesarstvo-2-600x401.jpg 600w, https:\/\/novice.si\/page\/wp-content\/uploads\/2024\/06\/kolesarstvo-2-1024x684.jpg 1024w, https:\/\/novice.si\/page\/wp-content\/uploads\/2024\/06\/kolesarstvo-2-768x513.jpg 768w, https:\/\/novice.si\/page\/wp-content\/uploads\/2024\/06\/kolesarstvo-2-1536x1026.jpg 1536w, https:\/\/novice.si\/page\/wp-content\/uploads\/2024\/06\/kolesarstvo-2-2048x1368.jpg 2048w, https:\/\/novice.si\/page\/wp-content\/uploads\/2024\/06\/kolesarstvo-2-629x420.jpg 629w, https:\/\/novice.si\/page\/wp-content\/uploads\/2024\/06\/kolesarstvo-2-696x465.jpg 696w, https:\/\/novice.si\/page\/wp-content\/uploads\/2024\/06\/kolesarstvo-2-1068x713.jpg 1068w, https:\/\/novice.si\/page\/wp-content\/uploads\/2024\/06\/kolesarstvo-2-1920x1282.jpg 1920w, https:\/\/novice.si\/page\/wp-content\/uploads\/2024\/06\/kolesarstvo-2-24x16.jpg 24w, https:\/\/novice.si\/page\/wp-content\/uploads\/2024\/06\/kolesarstvo-2-36x24.jpg 36w, https:\/\/novice.si\/page\/wp-content\/uploads\/2024\/06\/kolesarstvo-2-48x32.jpg 48w\" sizes=\"auto, (max-width: 285px) 100vw, 285px\" \/> je bilo tudi kar nekaj padcev, k sre\u010di brez huj\u0161ih posledic in vo\u017enje po travi ob trasi. V sprintu pri \u017eelezni\u0161ki postaji v Roga\u0161ki Slatini je tako velika skupina odlo\u010dala o zmagovalcu in tudi nosilcu zelene majice. Za las je zmagal Bauhaus, drugi je bil Italijan Alberto Dainese (Tudor PCT), tretji pa na\u0161 kolesar Luka Mezgec, ki mu ni bilo potrebno skrbeti za Gronevegna, saj je zaostal. Povsod ob progi je bilo veliko gledalcev, najve\u010d seveda na cilju v Roga\u0161ki Slatini, kjer je bil letos cilj \u017ee sedmi\u010d. (J. S.)\u00a0<\/span><\/p>\n\r\n                <style type=\"text\/css\">\r\n                    \r\n                    #tdi_1  .td-doubleSlider-2 .td-item1 {\r\n                        background: url(https:\/\/novice.si\/page\/wp-content\/uploads\/2024\/06\/kolesarstvo-1-12-80x60.jpg) 0 0 no-repeat;\r\n                    }\r\n                    #tdi_1  .td-doubleSlider-2 .td-item2 {\r\n                        background: url(https:\/\/novice.si\/page\/wp-content\/uploads\/2024\/06\/kolesarstvo-2-80x60.jpg) 0 0 no-repeat;\r\n                    }\r\n                <\/style>\r\n\r\n                <div id=\"tdi_1\" class=\"td-gallery td-slide-on-2-columns\">\r\n                    <div class=\"post_td_gallery\">\r\n                        <div class=\"td-gallery-slide-top\">\r\n                           <div class=\"td-gallery-title\"><\/div>\r\n\r\n                            <div class=\"td-gallery-controls-wrapper\">\r\n                                <div class=\"td-gallery-slide-count\"><span class=\"td-gallery-slide-item-focus\">1<\/span> od 2<\/div>\r\n                                <div class=\"td-gallery-slide-prev-next-but\">\r\n                                    <i class = \"td-icon-left doubleSliderPrevButton\"><\/i>\r\n                                    <i class = \"td-icon-right doubleSliderNextButton\"><\/i>\r\n                                <\/div>\r\n                            <\/div>\r\n                        <\/div>\r\n\r\n                        <div class = \"td-doubleSlider-1 \">\r\n                            <div class = \"td-slider\">\r\n                                \r\n                    <div class = \"td-slide-item td-item1\">\r\n                        <figure class=\"td-slide-galery-figure td-slide-popup-gallery\">\r\n                            <a class=\"slide-gallery-image-link\" href=\"https:\/\/novice.si\/page\/wp-content\/uploads\/2024\/06\/kolesarstvo-1-12-scaled.jpg\" title=\"kolesarstvo 1 (1)2\"  data-caption=\"\"  data-description=\"\" data-gallery>\r\n                                <img decoding=\"async\" src=\"https:\/\/novice.si\/page\/wp-content\/uploads\/2024\/06\/kolesarstvo-1-12-559x420.jpg\" srcset=\"https:\/\/novice.si\/page\/wp-content\/uploads\/2024\/06\/kolesarstvo-1-12-559x420.jpg 559w, https:\/\/novice.si\/page\/wp-content\/uploads\/2024\/06\/kolesarstvo-1-12-600x451.jpg 600w, https:\/\/novice.si\/page\/wp-content\/uploads\/2024\/06\/kolesarstvo-1-12-1024x770.jpg 1024w, https:\/\/novice.si\/page\/wp-content\/uploads\/2024\/06\/kolesarstvo-1-12-768x577.jpg 768w, https:\/\/novice.si\/page\/wp-content\/uploads\/2024\/06\/kolesarstvo-1-12-1536x1155.jpg 1536w, https:\/\/novice.si\/page\/wp-content\/uploads\/2024\/06\/kolesarstvo-1-12-2048x1540.jpg 2048w, https:\/\/novice.si\/page\/wp-content\/uploads\/2024\/06\/kolesarstvo-1-12-80x60.jpg 80w, https:\/\/novice.si\/page\/wp-content\/uploads\/2024\/06\/kolesarstvo-1-12-696x523.jpg 696w, https:\/\/novice.si\/page\/wp-content\/uploads\/2024\/06\/kolesarstvo-1-12-1068x803.jpg 1068w, https:\/\/novice.si\/page\/wp-content\/uploads\/2024\/06\/kolesarstvo-1-12-1920x1443.jpg 1920w, https:\/\/novice.si\/page\/wp-content\/uploads\/2024\/06\/kolesarstvo-1-12-265x198.jpg 265w, https:\/\/novice.si\/page\/wp-content\/uploads\/2024\/06\/kolesarstvo-1-12-24x18.jpg 24w, https:\/\/novice.si\/page\/wp-content\/uploads\/2024\/06\/kolesarstvo-1-12-36x27.jpg 36w, https:\/\/novice.si\/page\/wp-content\/uploads\/2024\/06\/kolesarstvo-1-12-48x36.jpg 48w\" sizes=\"(max-width: 559px) 100vw, 559px\" alt=\"\">\r\n                            <\/a>\r\n                            \r\n                        <\/figure>\r\n                    <\/div>\r\n                    <div class = \"td-slide-item td-item2\">\r\n                        <figure class=\"td-slide-galery-figure td-slide-popup-gallery\">\r\n                            <a class=\"slide-gallery-image-link\" href=\"https:\/\/novice.si\/page\/wp-content\/uploads\/2024\/06\/kolesarstvo-2-scaled.jpg\" title=\"kolesarstvo 2\"  data-caption=\"\"  data-description=\"\" data-gallery>\r\n                                <img decoding=\"async\" src=\"https:\/\/novice.si\/page\/wp-content\/uploads\/2024\/06\/kolesarstvo-2-629x420.jpg\" srcset=\"https:\/\/novice.si\/page\/wp-content\/uploads\/2024\/06\/kolesarstvo-2-629x420.jpg 629w, https:\/\/novice.si\/page\/wp-content\/uploads\/2024\/06\/kolesarstvo-2-600x401.jpg 600w, https:\/\/novice.si\/page\/wp-content\/uploads\/2024\/06\/kolesarstvo-2-1024x684.jpg 1024w, https:\/\/novice.si\/page\/wp-content\/uploads\/2024\/06\/kolesarstvo-2-768x513.jpg 768w, https:\/\/novice.si\/page\/wp-content\/uploads\/2024\/06\/kolesarstvo-2-1536x1026.jpg 1536w, https:\/\/novice.si\/page\/wp-content\/uploads\/2024\/06\/kolesarstvo-2-2048x1368.jpg 2048w, https:\/\/novice.si\/page\/wp-content\/uploads\/2024\/06\/kolesarstvo-2-696x465.jpg 696w, https:\/\/novice.si\/page\/wp-content\/uploads\/2024\/06\/kolesarstvo-2-1068x713.jpg 1068w, https:\/\/novice.si\/page\/wp-content\/uploads\/2024\/06\/kolesarstvo-2-1920x1282.jpg 1920w, https:\/\/novice.si\/page\/wp-content\/uploads\/2024\/06\/kolesarstvo-2-24x16.jpg 24w, https:\/\/novice.si\/page\/wp-content\/uploads\/2024\/06\/kolesarstvo-2-36x24.jpg 36w, https:\/\/novice.si\/page\/wp-content\/uploads\/2024\/06\/kolesarstvo-2-48x32.jpg 48w\" sizes=\"(max-width: 629px) 100vw, 629px\" alt=\"\">\r\n                            <\/a>\r\n                            \r\n                        <\/figure>\r\n                    <\/div>\r\n                            <\/div>\r\n                        <\/div>\r\n\r\n                        <div class = \"td-doubleSlider-2\">\r\n                            <div class = \"td-slider\">\r\n                                \r\n                    <div class = \"td-button td-item1\">\r\n                        <div class = \"td-border\"><\/div>\r\n                    <\/div>\r\n                    <div class = \"td-button td-item2\">\r\n                        <div class = \"td-border\"><\/div>\r\n                    <\/div>\r\n                            <\/div>\r\n                        <\/div>\r\n\r\n                    <\/div>\r\n\r\n                <\/div>\r\n                \n","protected":false},"excerpt":{"rendered":"<p>Kljub druga\u010dni napovedi je tudi drugo etapo kolesarske \u017ee 31. Dirke po Sloveniji, odlo\u010dil mno\u017ei\u010dni sprint na cilju v Roga\u0161ki Slatini. Najhitrej\u0161i je bil Nemec Phil Bauhaus (Bahrain Victorios), ki je v Roga\u0161ki Slatini slavil \u017ee pred tremi leti in je novi vodilni na dirki. Etapa od \u017dalca do Roga\u0161ke Slatine je bila izredno razgibana, [&hellip;]<\/p>\n","protected":false},"author":12,"featured_media":175893,"comment_status":"closed","ping_status":"closed","sticky":false,"template":"","format":"standard","meta":{"footnotes":""},"categories":[14,38,68],"tags":[20783,9611,10870,95],"class_list":{"0":"post-175892","1":"post","2":"type-post","3":"status-publish","4":"format-standard","5":"has-post-thumbnail","7":"category-aktualno","8":"category-kozjansko","9":"category-sport","10":"tag-2-etapa-dirke-po-sloveniji","11":"tag-cilj","12":"tag-kolesarstvo","13":"tag-rogaska-slatina"},"yoast_head":"<!-- This site is optimized with the Yoast SEO plugin v27.4 - https:\/\/yoast.com\/product\/yoast-seo-wordpress\/ -->\n<title>Kolesarska dirka po Sloveniji: Ob zaklju\u010dku 2. etape v Roga\u0161ki Slatini zmaga Nemcu, Luka Mezgec tretji - Novice.si<\/title>\n<meta name=\"robots\" content=\"index, follow, max-snippet:-1, max-image-preview:large, max-video-preview:-1\" \/>\n<link rel=\"canonical\" href=\"https:\/\/novice.si\/page\/kolesarska-dirka-po-sloveniji-ob-zakljucku-2-etape-v-rogaski-slatini-zmaga-nemcu-luka-mezgec-tretji\/\" \/>\n<meta property=\"og:locale\" content=\"sl_SI\" \/>\n<meta property=\"og:type\" content=\"article\" \/>\n<meta property=\"og:title\" content=\"Kolesarska dirka po Sloveniji: Ob zaklju\u010dku 2. etape v Roga\u0161ki Slatini zmaga Nemcu, Luka Mezgec tretji - Novice.si\" \/>\n<meta property=\"og:description\" content=\"Kljub druga\u010dni napovedi je tudi drugo etapo kolesarske \u017ee 31. Dirke po Sloveniji, odlo\u010dil mno\u017ei\u010dni sprint na cilju v Roga\u0161ki Slatini. Najhitrej\u0161i je bil Nemec Phil Bauhaus (Bahrain Victorios), ki je v Roga\u0161ki Slatini slavil \u017ee pred tremi leti in je novi vodilni na dirki. Etapa od \u017dalca do Roga\u0161ke Slatine je bila izredno razgibana, [&hellip;]\" \/>\n<meta property=\"og:url\" content=\"https:\/\/novice.si\/page\/kolesarska-dirka-po-sloveniji-ob-zakljucku-2-etape-v-rogaski-slatini-zmaga-nemcu-luka-mezgec-tretji\/\" \/>\n<meta property=\"og:site_name\" content=\"Novice.si\" \/>\n<meta property=\"article:published_time\" content=\"2024-06-13T16:02:20+00:00\" \/>\n<meta property=\"article:modified_time\" content=\"2024-06-13T16:02:57+00:00\" \/>\n<meta property=\"og:image\" content=\"https:\/\/novice.si\/page\/wp-content\/uploads\/2024\/06\/kolesarstvo-1-12-scaled.jpg\" \/>\n\t<meta property=\"og:image:width\" content=\"2560\" \/>\n\t<meta property=\"og:image:height\" content=\"1925\" \/>\n\t<meta property=\"og:image:type\" content=\"image\/jpeg\" \/>\n<meta name=\"author\" content=\"Uredni\u0161tvo Celjana\" \/>\n<meta name=\"twitter:card\" content=\"summary_large_image\" \/>\n<meta name=\"twitter:label1\" content=\"Written by\" \/>\n\t<meta name=\"twitter:data1\" content=\"Uredni\u0161tvo Celjana\" \/>\n\t<meta name=\"twitter:label2\" content=\"Est. reading time\" \/>\n\t<meta name=\"twitter:data2\" content=\"2 minuti\" \/>\n<script type=\"application\/ld+json\" class=\"yoast-schema-graph\">{\"@context\":\"https:\\\/\\\/schema.org\",\"@graph\":[{\"@type\":\"Article\",\"@id\":\"https:\\\/\\\/novice.si\\\/page\\\/kolesarska-dirka-po-sloveniji-ob-zakljucku-2-etape-v-rogaski-slatini-zmaga-nemcu-luka-mezgec-tretji\\\/#article\",\"isPartOf\":{\"@id\":\"https:\\\/\\\/novice.si\\\/page\\\/kolesarska-dirka-po-sloveniji-ob-zakljucku-2-etape-v-rogaski-slatini-zmaga-nemcu-luka-mezgec-tretji\\\/\"},\"author\":{\"name\":\"Uredni\u0161tvo Celjana\",\"@id\":\"https:\\\/\\\/novice.si\\\/page\\\/#\\\/schema\\\/person\\\/51903923b50fefb075bc1cd24fe4d065\"},\"headline\":\"Kolesarska dirka po Sloveniji: Ob zaklju\u010dku 2. etape v Roga\u0161ki Slatini zmaga Nemcu, Luka Mezgec tretji\",\"datePublished\":\"2024-06-13T16:02:20+00:00\",\"dateModified\":\"2024-06-13T16:02:57+00:00\",\"mainEntityOfPage\":{\"@id\":\"https:\\\/\\\/novice.si\\\/page\\\/kolesarska-dirka-po-sloveniji-ob-zakljucku-2-etape-v-rogaski-slatini-zmaga-nemcu-luka-mezgec-tretji\\\/\"},\"wordCount\":239,\"publisher\":{\"@id\":\"https:\\\/\\\/novice.si\\\/page\\\/#organization\"},\"image\":{\"@id\":\"https:\\\/\\\/novice.si\\\/page\\\/kolesarska-dirka-po-sloveniji-ob-zakljucku-2-etape-v-rogaski-slatini-zmaga-nemcu-luka-mezgec-tretji\\\/#primaryimage\"},\"thumbnailUrl\":\"https:\\\/\\\/novice.si\\\/page\\\/wp-content\\\/uploads\\\/2024\\\/06\\\/kolesarstvo-1-12-scaled.jpg\",\"keywords\":[\"2. etapa dirke po Sloveniji\",\"cilj\",\"kolesarstvo\",\"Roga\u0161ka Slatina\"],\"articleSection\":[\"Aktualno\",\"Kozjansko\",\"\u0160port\"],\"inLanguage\":\"sl-SI\"},{\"@type\":\"WebPage\",\"@id\":\"https:\\\/\\\/novice.si\\\/page\\\/kolesarska-dirka-po-sloveniji-ob-zakljucku-2-etape-v-rogaski-slatini-zmaga-nemcu-luka-mezgec-tretji\\\/\",\"url\":\"https:\\\/\\\/novice.si\\\/page\\\/kolesarska-dirka-po-sloveniji-ob-zakljucku-2-etape-v-rogaski-slatini-zmaga-nemcu-luka-mezgec-tretji\\\/\",\"name\":\"Kolesarska dirka po Sloveniji: Ob zaklju\u010dku 2. etape v Roga\u0161ki Slatini zmaga Nemcu, Luka Mezgec tretji - Novice.si\",\"isPartOf\":{\"@id\":\"https:\\\/\\\/novice.si\\\/page\\\/#website\"},\"primaryImageOfPage\":{\"@id\":\"https:\\\/\\\/novice.si\\\/page\\\/kolesarska-dirka-po-sloveniji-ob-zakljucku-2-etape-v-rogaski-slatini-zmaga-nemcu-luka-mezgec-tretji\\\/#primaryimage\"},\"image\":{\"@id\":\"https:\\\/\\\/novice.si\\\/page\\\/kolesarska-dirka-po-sloveniji-ob-zakljucku-2-etape-v-rogaski-slatini-zmaga-nemcu-luka-mezgec-tretji\\\/#primaryimage\"},\"thumbnailUrl\":\"https:\\\/\\\/novice.si\\\/page\\\/wp-content\\\/uploads\\\/2024\\\/06\\\/kolesarstvo-1-12-scaled.jpg\",\"datePublished\":\"2024-06-13T16:02:20+00:00\",\"dateModified\":\"2024-06-13T16:02:57+00:00\",\"breadcrumb\":{\"@id\":\"https:\\\/\\\/novice.si\\\/page\\\/kolesarska-dirka-po-sloveniji-ob-zakljucku-2-etape-v-rogaski-slatini-zmaga-nemcu-luka-mezgec-tretji\\\/#breadcrumb\"},\"inLanguage\":\"sl-SI\",\"potentialAction\":[{\"@type\":\"ReadAction\",\"target\":[\"https:\\\/\\\/novice.si\\\/page\\\/kolesarska-dirka-po-sloveniji-ob-zakljucku-2-etape-v-rogaski-slatini-zmaga-nemcu-luka-mezgec-tretji\\\/\"]}]},{\"@type\":\"ImageObject\",\"inLanguage\":\"sl-SI\",\"@id\":\"https:\\\/\\\/novice.si\\\/page\\\/kolesarska-dirka-po-sloveniji-ob-zakljucku-2-etape-v-rogaski-slatini-zmaga-nemcu-luka-mezgec-tretji\\\/#primaryimage\",\"url\":\"https:\\\/\\\/novice.si\\\/page\\\/wp-content\\\/uploads\\\/2024\\\/06\\\/kolesarstvo-1-12-scaled.jpg\",\"contentUrl\":\"https:\\\/\\\/novice.si\\\/page\\\/wp-content\\\/uploads\\\/2024\\\/06\\\/kolesarstvo-1-12-scaled.jpg\",\"width\":2560,\"height\":1925},{\"@type\":\"BreadcrumbList\",\"@id\":\"https:\\\/\\\/novice.si\\\/page\\\/kolesarska-dirka-po-sloveniji-ob-zakljucku-2-etape-v-rogaski-slatini-zmaga-nemcu-luka-mezgec-tretji\\\/#breadcrumb\",\"itemListElement\":[{\"@type\":\"ListItem\",\"position\":1,\"name\":\"Home\",\"item\":\"https:\\\/\\\/novice.si\\\/page\\\/\"},{\"@type\":\"ListItem\",\"position\":2,\"name\":\"Kolesarska dirka po Sloveniji: Ob zaklju\u010dku 2. etape v Roga\u0161ki Slatini zmaga Nemcu, Luka Mezgec tretji\"}]},{\"@type\":\"WebSite\",\"@id\":\"https:\\\/\\\/novice.si\\\/page\\\/#website\",\"url\":\"https:\\\/\\\/novice.si\\\/page\\\/\",\"name\":\"Novice.si\",\"description\":\"\",\"publisher\":{\"@id\":\"https:\\\/\\\/novice.si\\\/page\\\/#organization\"},\"potentialAction\":[{\"@type\":\"SearchAction\",\"target\":{\"@type\":\"EntryPoint\",\"urlTemplate\":\"https:\\\/\\\/novice.si\\\/page\\\/?s={search_term_string}\"},\"query-input\":{\"@type\":\"PropertyValueSpecification\",\"valueRequired\":true,\"valueName\":\"search_term_string\"}}],\"inLanguage\":\"sl-SI\"},{\"@type\":\"Organization\",\"@id\":\"https:\\\/\\\/novice.si\\\/page\\\/#organization\",\"name\":\"Novice.si\",\"url\":\"https:\\\/\\\/novice.si\\\/page\\\/\",\"logo\":{\"@type\":\"ImageObject\",\"inLanguage\":\"sl-SI\",\"@id\":\"https:\\\/\\\/novice.si\\\/page\\\/#\\\/schema\\\/logo\\\/image\\\/\",\"url\":\"https:\\\/\\\/novice.si\\\/page\\\/wp-content\\\/uploads\\\/2023\\\/03\\\/novice_si.png\",\"contentUrl\":\"https:\\\/\\\/novice.si\\\/page\\\/wp-content\\\/uploads\\\/2023\\\/03\\\/novice_si.png\",\"width\":576,\"height\":200,\"caption\":\"Novice.si\"},\"image\":{\"@id\":\"https:\\\/\\\/novice.si\\\/page\\\/#\\\/schema\\\/logo\\\/image\\\/\"}},{\"@type\":\"Person\",\"@id\":\"https:\\\/\\\/novice.si\\\/page\\\/#\\\/schema\\\/person\\\/51903923b50fefb075bc1cd24fe4d065\",\"name\":\"Uredni\u0161tvo Celjana\",\"image\":{\"@type\":\"ImageObject\",\"inLanguage\":\"sl-SI\",\"@id\":\"https:\\\/\\\/secure.gravatar.com\\\/avatar\\\/b516f102aa90b53619e09722b8ea56721c99bfcb4f1035f9b333d99f52330226?s=96&d=mm&r=g\",\"url\":\"https:\\\/\\\/secure.gravatar.com\\\/avatar\\\/b516f102aa90b53619e09722b8ea56721c99bfcb4f1035f9b333d99f52330226?s=96&d=mm&r=g\",\"contentUrl\":\"https:\\\/\\\/secure.gravatar.com\\\/avatar\\\/b516f102aa90b53619e09722b8ea56721c99bfcb4f1035f9b333d99f52330226?s=96&d=mm&r=g\",\"caption\":\"Uredni\u0161tvo Celjana\"},\"url\":\"https:\\\/\\\/novice.si\\\/page\\\/author\\\/nejc\\\/\"}]}<\/script>\n<!-- \/ Yoast SEO plugin. -->","yoast_head_json":{"title":"Kolesarska dirka po Sloveniji: Ob zaklju\u010dku 2. etape v Roga\u0161ki Slatini zmaga Nemcu, Luka Mezgec tretji - Novice.si","robots":{"index":"index","follow":"follow","max-snippet":"max-snippet:-1","max-image-preview":"max-image-preview:large","max-video-preview":"max-video-preview:-1"},"canonical":"https:\/\/novice.si\/page\/kolesarska-dirka-po-sloveniji-ob-zakljucku-2-etape-v-rogaski-slatini-zmaga-nemcu-luka-mezgec-tretji\/","og_locale":"sl_SI","og_type":"article","og_title":"Kolesarska dirka po Sloveniji: Ob zaklju\u010dku 2. etape v Roga\u0161ki Slatini zmaga Nemcu, Luka Mezgec tretji - Novice.si","og_description":"Kljub druga\u010dni napovedi je tudi drugo etapo kolesarske \u017ee 31. Dirke po Sloveniji, odlo\u010dil mno\u017ei\u010dni sprint na cilju v Roga\u0161ki Slatini. Najhitrej\u0161i je bil Nemec Phil Bauhaus (Bahrain Victorios), ki je v Roga\u0161ki Slatini slavil \u017ee pred tremi leti in je novi vodilni na dirki. Etapa od \u017dalca do Roga\u0161ke Slatine je bila izredno razgibana, [&hellip;]","og_url":"https:\/\/novice.si\/page\/kolesarska-dirka-po-sloveniji-ob-zakljucku-2-etape-v-rogaski-slatini-zmaga-nemcu-luka-mezgec-tretji\/","og_site_name":"Novice.si","article_published_time":"2024-06-13T16:02:20+00:00","article_modified_time":"2024-06-13T16:02:57+00:00","og_image":[{"width":2560,"height":1925,"url":"https:\/\/novice.si\/page\/wp-content\/uploads\/2024\/06\/kolesarstvo-1-12-scaled.jpg","type":"image\/jpeg"}],"author":"Uredni\u0161tvo Celjana","twitter_card":"summary_large_image","twitter_misc":{"Written by":"Uredni\u0161tvo Celjana","Est. reading time":"2 minuti"},"schema":{"@context":"https:\/\/schema.org","@graph":[{"@type":"Article","@id":"https:\/\/novice.si\/page\/kolesarska-dirka-po-sloveniji-ob-zakljucku-2-etape-v-rogaski-slatini-zmaga-nemcu-luka-mezgec-tretji\/#article","isPartOf":{"@id":"https:\/\/novice.si\/page\/kolesarska-dirka-po-sloveniji-ob-zakljucku-2-etape-v-rogaski-slatini-zmaga-nemcu-luka-mezgec-tretji\/"},"author":{"name":"Uredni\u0161tvo Celjana","@id":"https:\/\/novice.si\/page\/#\/schema\/person\/51903923b50fefb075bc1cd24fe4d065"},"headline":"Kolesarska dirka po Sloveniji: Ob zaklju\u010dku 2. etape v Roga\u0161ki Slatini zmaga Nemcu, Luka Mezgec tretji","datePublished":"2024-06-13T16:02:20+00:00","dateModified":"2024-06-13T16:02:57+00:00","mainEntityOfPage":{"@id":"https:\/\/novice.si\/page\/kolesarska-dirka-po-sloveniji-ob-zakljucku-2-etape-v-rogaski-slatini-zmaga-nemcu-luka-mezgec-tretji\/"},"wordCount":239,"publisher":{"@id":"https:\/\/novice.si\/page\/#organization"},"image":{"@id":"https:\/\/novice.si\/page\/kolesarska-dirka-po-sloveniji-ob-zakljucku-2-etape-v-rogaski-slatini-zmaga-nemcu-luka-mezgec-tretji\/#primaryimage"},"thumbnailUrl":"https:\/\/novice.si\/page\/wp-content\/uploads\/2024\/06\/kolesarstvo-1-12-scaled.jpg","keywords":["2. etapa dirke po Sloveniji","cilj","kolesarstvo","Roga\u0161ka Slatina"],"articleSection":["Aktualno","Kozjansko","\u0160port"],"inLanguage":"sl-SI"},{"@type":"WebPage","@id":"https:\/\/novice.si\/page\/kolesarska-dirka-po-sloveniji-ob-zakljucku-2-etape-v-rogaski-slatini-zmaga-nemcu-luka-mezgec-tretji\/","url":"https:\/\/novice.si\/page\/kolesarska-dirka-po-sloveniji-ob-zakljucku-2-etape-v-rogaski-slatini-zmaga-nemcu-luka-mezgec-tretji\/","name":"Kolesarska dirka po Sloveniji: Ob zaklju\u010dku 2. etape v Roga\u0161ki Slatini zmaga Nemcu, Luka Mezgec tretji - Novice.si","isPartOf":{"@id":"https:\/\/novice.si\/page\/#website"},"primaryImageOfPage":{"@id":"https:\/\/novice.si\/page\/kolesarska-dirka-po-sloveniji-ob-zakljucku-2-etape-v-rogaski-slatini-zmaga-nemcu-luka-mezgec-tretji\/#primaryimage"},"image":{"@id":"https:\/\/novice.si\/page\/kolesarska-dirka-po-sloveniji-ob-zakljucku-2-etape-v-rogaski-slatini-zmaga-nemcu-luka-mezgec-tretji\/#primaryimage"},"thumbnailUrl":"https:\/\/novice.si\/page\/wp-content\/uploads\/2024\/06\/kolesarstvo-1-12-scaled.jpg","datePublished":"2024-06-13T16:02:20+00:00","dateModified":"2024-06-13T16:02:57+00:00","breadcrumb":{"@id":"https:\/\/novice.si\/page\/kolesarska-dirka-po-sloveniji-ob-zakljucku-2-etape-v-rogaski-slatini-zmaga-nemcu-luka-mezgec-tretji\/#breadcrumb"},"inLanguage":"sl-SI","potentialAction":[{"@type":"ReadAction","target":["https:\/\/novice.si\/page\/kolesarska-dirka-po-sloveniji-ob-zakljucku-2-etape-v-rogaski-slatini-zmaga-nemcu-luka-mezgec-tretji\/"]}]},{"@type":"ImageObject","inLanguage":"sl-SI","@id":"https:\/\/novice.si\/page\/kolesarska-dirka-po-sloveniji-ob-zakljucku-2-etape-v-rogaski-slatini-zmaga-nemcu-luka-mezgec-tretji\/#primaryimage","url":"https:\/\/novice.si\/page\/wp-content\/uploads\/2024\/06\/kolesarstvo-1-12-scaled.jpg","contentUrl":"https:\/\/novice.si\/page\/wp-content\/uploads\/2024\/06\/kolesarstvo-1-12-scaled.jpg","width":2560,"height":1925},{"@type":"BreadcrumbList","@id":"https:\/\/novice.si\/page\/kolesarska-dirka-po-sloveniji-ob-zakljucku-2-etape-v-rogaski-slatini-zmaga-nemcu-luka-mezgec-tretji\/#breadcrumb","itemListElement":[{"@type":"ListItem","position":1,"name":"Home","item":"https:\/\/novice.si\/page\/"},{"@type":"ListItem","position":2,"name":"Kolesarska dirka po Sloveniji: Ob zaklju\u010dku 2. etape v Roga\u0161ki Slatini zmaga Nemcu, Luka Mezgec tretji"}]},{"@type":"WebSite","@id":"https:\/\/novice.si\/page\/#website","url":"https:\/\/novice.si\/page\/","name":"Novice.si","description":"","publisher":{"@id":"https:\/\/novice.si\/page\/#organization"},"potentialAction":[{"@type":"SearchAction","target":{"@type":"EntryPoint","urlTemplate":"https:\/\/novice.si\/page\/?s={search_term_string}"},"query-input":{"@type":"PropertyValueSpecification","valueRequired":true,"valueName":"search_term_string"}}],"inLanguage":"sl-SI"},{"@type":"Organization","@id":"https:\/\/novice.si\/page\/#organization","name":"Novice.si","url":"https:\/\/novice.si\/page\/","logo":{"@type":"ImageObject","inLanguage":"sl-SI","@id":"https:\/\/novice.si\/page\/#\/schema\/logo\/image\/","url":"https:\/\/novice.si\/page\/wp-content\/uploads\/2023\/03\/novice_si.png","contentUrl":"https:\/\/novice.si\/page\/wp-content\/uploads\/2023\/03\/novice_si.png","width":576,"height":200,"caption":"Novice.si"},"image":{"@id":"https:\/\/novice.si\/page\/#\/schema\/logo\/image\/"}},{"@type":"Person","@id":"https:\/\/novice.si\/page\/#\/schema\/person\/51903923b50fefb075bc1cd24fe4d065","name":"Uredni\u0161tvo Celjana","image":{"@type":"ImageObject","inLanguage":"sl-SI","@id":"https:\/\/secure.gravatar.com\/avatar\/b516f102aa90b53619e09722b8ea56721c99bfcb4f1035f9b333d99f52330226?s=96&d=mm&r=g","url":"https:\/\/secure.gravatar.com\/avatar\/b516f102aa90b53619e09722b8ea56721c99bfcb4f1035f9b333d99f52330226?s=96&d=mm&r=g","contentUrl":"https:\/\/secure.gravatar.com\/avatar\/b516f102aa90b53619e09722b8ea56721c99bfcb4f1035f9b333d99f52330226?s=96&d=mm&r=g","caption":"Uredni\u0161tvo Celjana"},"url":"https:\/\/novice.si\/page\/author\/nejc\/"}]}},"_links":{"self":[{"href":"https:\/\/novice.si\/page\/wp-json\/wp\/v2\/posts\/175892","targetHints":{"allow":["GET"]}}],"collection":[{"href":"https:\/\/novice.si\/page\/wp-json\/wp\/v2\/posts"}],"about":[{"href":"https:\/\/novice.si\/page\/wp-json\/wp\/v2\/types\/post"}],"author":[{"embeddable":true,"href":"https:\/\/novice.si\/page\/wp-json\/wp\/v2\/users\/12"}],"replies":[{"embeddable":true,"href":"https:\/\/novice.si\/page\/wp-json\/wp\/v2\/comments?post=175892"}],"version-history":[{"count":2,"href":"https:\/\/novice.si\/page\/wp-json\/wp\/v2\/posts\/175892\/revisions"}],"predecessor-version":[{"id":175896,"href":"https:\/\/novice.si\/page\/wp-json\/wp\/v2\/posts\/175892\/revisions\/175896"}],"wp:featuredmedia":[{"embeddable":true,"href":"https:\/\/novice.si\/page\/wp-json\/wp\/v2\/media\/175893"}],"wp:attachment":[{"href":"https:\/\/novice.si\/page\/wp-json\/wp\/v2\/media?parent=175892"}],"wp:term":[{"taxonomy":"category","embeddable":true,"href":"https:\/\/novice.si\/page\/wp-json\/wp\/v2\/categories?post=175892"},{"taxonomy":"post_tag","embeddable":true,"href":"https:\/\/novice.si\/page\/wp-json\/wp\/v2\/tags?post=175892"}],"curies":[{"name":"wp","href":"https:\/\/api.w.org\/{rel}","templated":true}]}}