{"id":175725,"date":"2024-06-10T05:00:28","date_gmt":"2024-06-10T03:00:28","guid":{"rendered":"https:\/\/novice.si\/page\/?p=175725"},"modified":"2024-06-10T05:54:19","modified_gmt":"2024-06-10T03:54:19","slug":"skupen-koncert-citrarjev-in-pihalcev","status":"publish","type":"post","link":"https:\/\/novice.si\/page\/skupen-koncert-citrarjev-in-pihalcev\/","title":{"rendered":"Skupen koncert citrarjev in pihalcev"},"content":{"rendered":"<p><img loading=\"lazy\" decoding=\"async\" src=\"https:\/\/novice.si\/page\/wp-content\/uploads\/2024\/06\/uho-citre-in-pihala-1221-foto-gs-celje-1024x685.jpg\" alt=\"\" width=\"396\" height=\"166\" class=\"alignleft size-large wp-image-175720\" \/>V dvorani Narodnega doma sta se na skupnem koncertu predstavila Citrarski orkester Glasbene \u0161ole Celje pod vodstvom dirigentke Irene An\u017ei\u010d in Mali pihalni orkester pod vodstvom dirigenta Aljo\u0161e Jurko\u0161ka. Ve\u010der je otvoril Citrarski orkester, ki je obiskovalce popeljal v svet ne\u017enih, a hkrati energi\u010dnih melodij, oder pa je nato zasedel Mali pihalni orkester, ki je obiskovalce navdu\u0161il s \u0161irokim razponom repertoarja, ta obsegal vse od klasi\u010dnih skladb do modernih pop priredb. Foto: G\u0160 Celje.<\/p>\n","protected":false},"excerpt":{"rendered":"<p>V dvorani Narodnega doma sta se na skupnem koncertu predstavila Citrarski orkester Glasbene \u0161ole Celje pod vodstvom dirigentke Irene An\u017ei\u010d in Mali pihalni orkester pod vodstvom dirigenta Aljo\u0161e Jurko\u0161ka. Ve\u010der je otvoril Citrarski orkester, ki je obiskovalce popeljal v svet ne\u017enih, a hkrati energi\u010dnih melodij, oder pa je nato zasedel Mali pihalni orkester, ki je [&hellip;]<\/p>\n","protected":false},"author":10,"featured_media":175720,"comment_status":"closed","ping_status":"closed","sticky":false,"template":"","format":"standard","meta":{"footnotes":""},"categories":[14,142,17,15],"tags":[18284,20746,2801,17560,20747,18282],"class_list":{"0":"post-175725","1":"post","2":"type-post","3":"status-publish","4":"format-standard","5":"has-post-thumbnail","7":"category-aktualno","8":"category-celjan","9":"category-celjsko","10":"category-druzabno","11":"tag-aljosa-jurkosek","12":"tag-citrarski-orkester","13":"tag-glasbena-sola-celje","14":"tag-gs-celje","15":"tag-irena-anzic","16":"tag-mali-pihalni-orkester"},"yoast_head":"<!-- This site is optimized with the Yoast SEO plugin v27.4 - https:\/\/yoast.com\/product\/yoast-seo-wordpress\/ -->\n<title>Skupen koncert citrarjev in pihalcev - Novice.si<\/title>\n<meta name=\"robots\" content=\"index, follow, max-snippet:-1, max-image-preview:large, max-video-preview:-1\" \/>\n<link rel=\"canonical\" href=\"https:\/\/novice.si\/page\/skupen-koncert-citrarjev-in-pihalcev\/\" \/>\n<meta property=\"og:locale\" content=\"sl_SI\" \/>\n<meta property=\"og:type\" content=\"article\" \/>\n<meta property=\"og:title\" content=\"Skupen koncert citrarjev in pihalcev - Novice.si\" \/>\n<meta property=\"og:description\" content=\"V dvorani Narodnega doma sta se na skupnem koncertu predstavila Citrarski orkester Glasbene \u0161ole Celje pod vodstvom dirigentke Irene An\u017ei\u010d in Mali pihalni orkester pod vodstvom dirigenta Aljo\u0161e Jurko\u0161ka. Ve\u010der je otvoril Citrarski orkester, ki je obiskovalce popeljal v svet ne\u017enih, a hkrati energi\u010dnih melodij, oder pa je nato zasedel Mali pihalni orkester, ki je [&hellip;]\" \/>\n<meta property=\"og:url\" content=\"https:\/\/novice.si\/page\/skupen-koncert-citrarjev-in-pihalcev\/\" \/>\n<meta property=\"og:site_name\" content=\"Novice.si\" \/>\n<meta property=\"article:published_time\" content=\"2024-06-10T03:00:28+00:00\" \/>\n<meta property=\"article:modified_time\" content=\"2024-06-10T03:54:19+00:00\" \/>\n<meta property=\"og:image\" content=\"https:\/\/novice.si\/page\/wp-content\/uploads\/2024\/06\/uho-citre-in-pihala-1221-foto-gs-celje.jpg\" \/>\n\t<meta property=\"og:image:width\" content=\"1999\" \/>\n\t<meta property=\"og:image:height\" content=\"1338\" \/>\n\t<meta property=\"og:image:type\" content=\"image\/jpeg\" \/>\n<meta name=\"author\" content=\"Iztok Krajnc\" \/>\n<meta name=\"twitter:card\" content=\"summary_large_image\" \/>\n<meta name=\"twitter:label1\" content=\"Written by\" \/>\n\t<meta name=\"twitter:data1\" content=\"Iztok Krajnc\" \/>\n\t<meta name=\"twitter:label2\" content=\"Est. reading time\" \/>\n\t<meta name=\"twitter:data2\" content=\"1 minuta\" \/>\n<script type=\"application\/ld+json\" class=\"yoast-schema-graph\">{\"@context\":\"https:\\\/\\\/schema.org\",\"@graph\":[{\"@type\":\"Article\",\"@id\":\"https:\\\/\\\/novice.si\\\/page\\\/skupen-koncert-citrarjev-in-pihalcev\\\/#article\",\"isPartOf\":{\"@id\":\"https:\\\/\\\/novice.si\\\/page\\\/skupen-koncert-citrarjev-in-pihalcev\\\/\"},\"author\":{\"name\":\"Iztok Krajnc\",\"@id\":\"https:\\\/\\\/novice.si\\\/page\\\/#\\\/schema\\\/person\\\/92fda8564875f655675c886e4df22216\"},\"headline\":\"Skupen koncert citrarjev in pihalcev\",\"datePublished\":\"2024-06-10T03:00:28+00:00\",\"dateModified\":\"2024-06-10T03:54:19+00:00\",\"mainEntityOfPage\":{\"@id\":\"https:\\\/\\\/novice.si\\\/page\\\/skupen-koncert-citrarjev-in-pihalcev\\\/\"},\"wordCount\":87,\"publisher\":{\"@id\":\"https:\\\/\\\/novice.si\\\/page\\\/#organization\"},\"image\":{\"@id\":\"https:\\\/\\\/novice.si\\\/page\\\/skupen-koncert-citrarjev-in-pihalcev\\\/#primaryimage\"},\"thumbnailUrl\":\"https:\\\/\\\/novice.si\\\/page\\\/wp-content\\\/uploads\\\/2024\\\/06\\\/uho-citre-in-pihala-1221-foto-gs-celje.jpg\",\"keywords\":[\"Aljo\u0161a Jurko\u0161ek\",\"citrarski orkester\",\"glasbena sola celje\",\"G\u0160 celje\",\"irena an\u017ei\u010d\",\"mali pihalni orkester\"],\"articleSection\":[\"Aktualno\",\"Celjan\",\"Celjsko\",\"Dru\u017eabno\"],\"inLanguage\":\"sl-SI\"},{\"@type\":\"WebPage\",\"@id\":\"https:\\\/\\\/novice.si\\\/page\\\/skupen-koncert-citrarjev-in-pihalcev\\\/\",\"url\":\"https:\\\/\\\/novice.si\\\/page\\\/skupen-koncert-citrarjev-in-pihalcev\\\/\",\"name\":\"Skupen koncert citrarjev in pihalcev - Novice.si\",\"isPartOf\":{\"@id\":\"https:\\\/\\\/novice.si\\\/page\\\/#website\"},\"primaryImageOfPage\":{\"@id\":\"https:\\\/\\\/novice.si\\\/page\\\/skupen-koncert-citrarjev-in-pihalcev\\\/#primaryimage\"},\"image\":{\"@id\":\"https:\\\/\\\/novice.si\\\/page\\\/skupen-koncert-citrarjev-in-pihalcev\\\/#primaryimage\"},\"thumbnailUrl\":\"https:\\\/\\\/novice.si\\\/page\\\/wp-content\\\/uploads\\\/2024\\\/06\\\/uho-citre-in-pihala-1221-foto-gs-celje.jpg\",\"datePublished\":\"2024-06-10T03:00:28+00:00\",\"dateModified\":\"2024-06-10T03:54:19+00:00\",\"breadcrumb\":{\"@id\":\"https:\\\/\\\/novice.si\\\/page\\\/skupen-koncert-citrarjev-in-pihalcev\\\/#breadcrumb\"},\"inLanguage\":\"sl-SI\",\"potentialAction\":[{\"@type\":\"ReadAction\",\"target\":[\"https:\\\/\\\/novice.si\\\/page\\\/skupen-koncert-citrarjev-in-pihalcev\\\/\"]}]},{\"@type\":\"ImageObject\",\"inLanguage\":\"sl-SI\",\"@id\":\"https:\\\/\\\/novice.si\\\/page\\\/skupen-koncert-citrarjev-in-pihalcev\\\/#primaryimage\",\"url\":\"https:\\\/\\\/novice.si\\\/page\\\/wp-content\\\/uploads\\\/2024\\\/06\\\/uho-citre-in-pihala-1221-foto-gs-celje.jpg\",\"contentUrl\":\"https:\\\/\\\/novice.si\\\/page\\\/wp-content\\\/uploads\\\/2024\\\/06\\\/uho-citre-in-pihala-1221-foto-gs-celje.jpg\",\"width\":1999,\"height\":1338},{\"@type\":\"BreadcrumbList\",\"@id\":\"https:\\\/\\\/novice.si\\\/page\\\/skupen-koncert-citrarjev-in-pihalcev\\\/#breadcrumb\",\"itemListElement\":[{\"@type\":\"ListItem\",\"position\":1,\"name\":\"Home\",\"item\":\"https:\\\/\\\/novice.si\\\/page\\\/\"},{\"@type\":\"ListItem\",\"position\":2,\"name\":\"Skupen koncert citrarjev in pihalcev\"}]},{\"@type\":\"WebSite\",\"@id\":\"https:\\\/\\\/novice.si\\\/page\\\/#website\",\"url\":\"https:\\\/\\\/novice.si\\\/page\\\/\",\"name\":\"Novice.si\",\"description\":\"\",\"publisher\":{\"@id\":\"https:\\\/\\\/novice.si\\\/page\\\/#organization\"},\"potentialAction\":[{\"@type\":\"SearchAction\",\"target\":{\"@type\":\"EntryPoint\",\"urlTemplate\":\"https:\\\/\\\/novice.si\\\/page\\\/?s={search_term_string}\"},\"query-input\":{\"@type\":\"PropertyValueSpecification\",\"valueRequired\":true,\"valueName\":\"search_term_string\"}}],\"inLanguage\":\"sl-SI\"},{\"@type\":\"Organization\",\"@id\":\"https:\\\/\\\/novice.si\\\/page\\\/#organization\",\"name\":\"Novice.si\",\"url\":\"https:\\\/\\\/novice.si\\\/page\\\/\",\"logo\":{\"@type\":\"ImageObject\",\"inLanguage\":\"sl-SI\",\"@id\":\"https:\\\/\\\/novice.si\\\/page\\\/#\\\/schema\\\/logo\\\/image\\\/\",\"url\":\"https:\\\/\\\/novice.si\\\/page\\\/wp-content\\\/uploads\\\/2023\\\/03\\\/novice_si.png\",\"contentUrl\":\"https:\\\/\\\/novice.si\\\/page\\\/wp-content\\\/uploads\\\/2023\\\/03\\\/novice_si.png\",\"width\":576,\"height\":200,\"caption\":\"Novice.si\"},\"image\":{\"@id\":\"https:\\\/\\\/novice.si\\\/page\\\/#\\\/schema\\\/logo\\\/image\\\/\"}},{\"@type\":\"Person\",\"@id\":\"https:\\\/\\\/novice.si\\\/page\\\/#\\\/schema\\\/person\\\/92fda8564875f655675c886e4df22216\",\"name\":\"Iztok Krajnc\",\"image\":{\"@type\":\"ImageObject\",\"inLanguage\":\"sl-SI\",\"@id\":\"https:\\\/\\\/secure.gravatar.com\\\/avatar\\\/2790ff125f883a5a9cb934a574322d28ea850f8f4494d77b487c1950e0096015?s=96&d=mm&r=g\",\"url\":\"https:\\\/\\\/secure.gravatar.com\\\/avatar\\\/2790ff125f883a5a9cb934a574322d28ea850f8f4494d77b487c1950e0096015?s=96&d=mm&r=g\",\"contentUrl\":\"https:\\\/\\\/secure.gravatar.com\\\/avatar\\\/2790ff125f883a5a9cb934a574322d28ea850f8f4494d77b487c1950e0096015?s=96&d=mm&r=g\",\"caption\":\"Iztok Krajnc\"},\"url\":\"https:\\\/\\\/novice.si\\\/page\\\/author\\\/iztok\\\/\"}]}<\/script>\n<!-- \/ Yoast SEO plugin. -->","yoast_head_json":{"title":"Skupen koncert citrarjev in pihalcev - Novice.si","robots":{"index":"index","follow":"follow","max-snippet":"max-snippet:-1","max-image-preview":"max-image-preview:large","max-video-preview":"max-video-preview:-1"},"canonical":"https:\/\/novice.si\/page\/skupen-koncert-citrarjev-in-pihalcev\/","og_locale":"sl_SI","og_type":"article","og_title":"Skupen koncert citrarjev in pihalcev - Novice.si","og_description":"V dvorani Narodnega doma sta se na skupnem koncertu predstavila Citrarski orkester Glasbene \u0161ole Celje pod vodstvom dirigentke Irene An\u017ei\u010d in Mali pihalni orkester pod vodstvom dirigenta Aljo\u0161e Jurko\u0161ka. Ve\u010der je otvoril Citrarski orkester, ki je obiskovalce popeljal v svet ne\u017enih, a hkrati energi\u010dnih melodij, oder pa je nato zasedel Mali pihalni orkester, ki je [&hellip;]","og_url":"https:\/\/novice.si\/page\/skupen-koncert-citrarjev-in-pihalcev\/","og_site_name":"Novice.si","article_published_time":"2024-06-10T03:00:28+00:00","article_modified_time":"2024-06-10T03:54:19+00:00","og_image":[{"width":1999,"height":1338,"url":"https:\/\/novice.si\/page\/wp-content\/uploads\/2024\/06\/uho-citre-in-pihala-1221-foto-gs-celje.jpg","type":"image\/jpeg"}],"author":"Iztok Krajnc","twitter_card":"summary_large_image","twitter_misc":{"Written by":"Iztok Krajnc","Est. reading time":"1 minuta"},"schema":{"@context":"https:\/\/schema.org","@graph":[{"@type":"Article","@id":"https:\/\/novice.si\/page\/skupen-koncert-citrarjev-in-pihalcev\/#article","isPartOf":{"@id":"https:\/\/novice.si\/page\/skupen-koncert-citrarjev-in-pihalcev\/"},"author":{"name":"Iztok Krajnc","@id":"https:\/\/novice.si\/page\/#\/schema\/person\/92fda8564875f655675c886e4df22216"},"headline":"Skupen koncert citrarjev in pihalcev","datePublished":"2024-06-10T03:00:28+00:00","dateModified":"2024-06-10T03:54:19+00:00","mainEntityOfPage":{"@id":"https:\/\/novice.si\/page\/skupen-koncert-citrarjev-in-pihalcev\/"},"wordCount":87,"publisher":{"@id":"https:\/\/novice.si\/page\/#organization"},"image":{"@id":"https:\/\/novice.si\/page\/skupen-koncert-citrarjev-in-pihalcev\/#primaryimage"},"thumbnailUrl":"https:\/\/novice.si\/page\/wp-content\/uploads\/2024\/06\/uho-citre-in-pihala-1221-foto-gs-celje.jpg","keywords":["Aljo\u0161a Jurko\u0161ek","citrarski orkester","glasbena sola celje","G\u0160 celje","irena an\u017ei\u010d","mali pihalni orkester"],"articleSection":["Aktualno","Celjan","Celjsko","Dru\u017eabno"],"inLanguage":"sl-SI"},{"@type":"WebPage","@id":"https:\/\/novice.si\/page\/skupen-koncert-citrarjev-in-pihalcev\/","url":"https:\/\/novice.si\/page\/skupen-koncert-citrarjev-in-pihalcev\/","name":"Skupen koncert citrarjev in pihalcev - Novice.si","isPartOf":{"@id":"https:\/\/novice.si\/page\/#website"},"primaryImageOfPage":{"@id":"https:\/\/novice.si\/page\/skupen-koncert-citrarjev-in-pihalcev\/#primaryimage"},"image":{"@id":"https:\/\/novice.si\/page\/skupen-koncert-citrarjev-in-pihalcev\/#primaryimage"},"thumbnailUrl":"https:\/\/novice.si\/page\/wp-content\/uploads\/2024\/06\/uho-citre-in-pihala-1221-foto-gs-celje.jpg","datePublished":"2024-06-10T03:00:28+00:00","dateModified":"2024-06-10T03:54:19+00:00","breadcrumb":{"@id":"https:\/\/novice.si\/page\/skupen-koncert-citrarjev-in-pihalcev\/#breadcrumb"},"inLanguage":"sl-SI","potentialAction":[{"@type":"ReadAction","target":["https:\/\/novice.si\/page\/skupen-koncert-citrarjev-in-pihalcev\/"]}]},{"@type":"ImageObject","inLanguage":"sl-SI","@id":"https:\/\/novice.si\/page\/skupen-koncert-citrarjev-in-pihalcev\/#primaryimage","url":"https:\/\/novice.si\/page\/wp-content\/uploads\/2024\/06\/uho-citre-in-pihala-1221-foto-gs-celje.jpg","contentUrl":"https:\/\/novice.si\/page\/wp-content\/uploads\/2024\/06\/uho-citre-in-pihala-1221-foto-gs-celje.jpg","width":1999,"height":1338},{"@type":"BreadcrumbList","@id":"https:\/\/novice.si\/page\/skupen-koncert-citrarjev-in-pihalcev\/#breadcrumb","itemListElement":[{"@type":"ListItem","position":1,"name":"Home","item":"https:\/\/novice.si\/page\/"},{"@type":"ListItem","position":2,"name":"Skupen koncert citrarjev in pihalcev"}]},{"@type":"WebSite","@id":"https:\/\/novice.si\/page\/#website","url":"https:\/\/novice.si\/page\/","name":"Novice.si","description":"","publisher":{"@id":"https:\/\/novice.si\/page\/#organization"},"potentialAction":[{"@type":"SearchAction","target":{"@type":"EntryPoint","urlTemplate":"https:\/\/novice.si\/page\/?s={search_term_string}"},"query-input":{"@type":"PropertyValueSpecification","valueRequired":true,"valueName":"search_term_string"}}],"inLanguage":"sl-SI"},{"@type":"Organization","@id":"https:\/\/novice.si\/page\/#organization","name":"Novice.si","url":"https:\/\/novice.si\/page\/","logo":{"@type":"ImageObject","inLanguage":"sl-SI","@id":"https:\/\/novice.si\/page\/#\/schema\/logo\/image\/","url":"https:\/\/novice.si\/page\/wp-content\/uploads\/2023\/03\/novice_si.png","contentUrl":"https:\/\/novice.si\/page\/wp-content\/uploads\/2023\/03\/novice_si.png","width":576,"height":200,"caption":"Novice.si"},"image":{"@id":"https:\/\/novice.si\/page\/#\/schema\/logo\/image\/"}},{"@type":"Person","@id":"https:\/\/novice.si\/page\/#\/schema\/person\/92fda8564875f655675c886e4df22216","name":"Iztok Krajnc","image":{"@type":"ImageObject","inLanguage":"sl-SI","@id":"https:\/\/secure.gravatar.com\/avatar\/2790ff125f883a5a9cb934a574322d28ea850f8f4494d77b487c1950e0096015?s=96&d=mm&r=g","url":"https:\/\/secure.gravatar.com\/avatar\/2790ff125f883a5a9cb934a574322d28ea850f8f4494d77b487c1950e0096015?s=96&d=mm&r=g","contentUrl":"https:\/\/secure.gravatar.com\/avatar\/2790ff125f883a5a9cb934a574322d28ea850f8f4494d77b487c1950e0096015?s=96&d=mm&r=g","caption":"Iztok Krajnc"},"url":"https:\/\/novice.si\/page\/author\/iztok\/"}]}},"_links":{"self":[{"href":"https:\/\/novice.si\/page\/wp-json\/wp\/v2\/posts\/175725","targetHints":{"allow":["GET"]}}],"collection":[{"href":"https:\/\/novice.si\/page\/wp-json\/wp\/v2\/posts"}],"about":[{"href":"https:\/\/novice.si\/page\/wp-json\/wp\/v2\/types\/post"}],"author":[{"embeddable":true,"href":"https:\/\/novice.si\/page\/wp-json\/wp\/v2\/users\/10"}],"replies":[{"embeddable":true,"href":"https:\/\/novice.si\/page\/wp-json\/wp\/v2\/comments?post=175725"}],"version-history":[{"count":1,"href":"https:\/\/novice.si\/page\/wp-json\/wp\/v2\/posts\/175725\/revisions"}],"predecessor-version":[{"id":175726,"href":"https:\/\/novice.si\/page\/wp-json\/wp\/v2\/posts\/175725\/revisions\/175726"}],"wp:featuredmedia":[{"embeddable":true,"href":"https:\/\/novice.si\/page\/wp-json\/wp\/v2\/media\/175720"}],"wp:attachment":[{"href":"https:\/\/novice.si\/page\/wp-json\/wp\/v2\/media?parent=175725"}],"wp:term":[{"taxonomy":"category","embeddable":true,"href":"https:\/\/novice.si\/page\/wp-json\/wp\/v2\/categories?post=175725"},{"taxonomy":"post_tag","embeddable":true,"href":"https:\/\/novice.si\/page\/wp-json\/wp\/v2\/tags?post=175725"}],"curies":[{"name":"wp","href":"https:\/\/api.w.org\/{rel}","templated":true}]}}