{"id":174929,"date":"2024-05-20T07:34:55","date_gmt":"2024-05-20T05:34:55","guid":{"rendered":"https:\/\/novice.si\/page\/?p=174929"},"modified":"2024-05-19T19:45:17","modified_gmt":"2024-05-19T17:45:17","slug":"knjiga-tedna-celjske-mohorjeve-zivijo-adijo-na-lazi-te-vedno-dobijo","status":"publish","type":"post","link":"https:\/\/novice.si\/page\/knjiga-tedna-celjske-mohorjeve-zivijo-adijo-na-lazi-te-vedno-dobijo\/","title":{"rendered":"Knjiga tedna Celjske Mohorjeve: \u017dIVIJO, ADIJO, NA LA\u017dI TE VEDNO DOBIJO*"},"content":{"rendered":"<p style=\"text-align: right\"><img loading=\"lazy\" decoding=\"async\" class=\"wp-image-174930 alignleft\" src=\"https:\/\/novice.si\/page\/wp-content\/uploads\/2024\/05\/splet-zivijo-adijo-600x401.jpg\" alt=\"\" width=\"340\" height=\"227\" srcset=\"https:\/\/novice.si\/page\/wp-content\/uploads\/2024\/05\/splet-zivijo-adijo-600x401.jpg 600w, https:\/\/novice.si\/page\/wp-content\/uploads\/2024\/05\/splet-zivijo-adijo-768x513.jpg 768w, https:\/\/novice.si\/page\/wp-content\/uploads\/2024\/05\/splet-zivijo-adijo-629x420.jpg 629w, https:\/\/novice.si\/page\/wp-content\/uploads\/2024\/05\/splet-zivijo-adijo-696x465.jpg 696w, https:\/\/novice.si\/page\/wp-content\/uploads\/2024\/05\/splet-zivijo-adijo-24x16.jpg 24w, https:\/\/novice.si\/page\/wp-content\/uploads\/2024\/05\/splet-zivijo-adijo-36x24.jpg 36w, https:\/\/novice.si\/page\/wp-content\/uploads\/2024\/05\/splet-zivijo-adijo-48x32.jpg 48w, https:\/\/novice.si\/page\/wp-content\/uploads\/2024\/05\/splet-zivijo-adijo.jpg 800w\" sizes=\"auto, (max-width: 340px) 100vw, 340px\" \/><strong>* oglasno sporo\u010dilo<\/strong><\/p>\n<p>La\u017e ima kratke noge<\/p>\n<p>Lovro ustvarja izmi\u0161ljije, se izra\u017ea po svoje, napihuje zgodbe, olep\u0161uje resnico. Tako vsaj pravi. Mamica in o\u010dka ga svarita, naj neha lagati. \u010ce bo kar naprej lagal, ga nih\u010de ve\u010d ne bo jemal resno.<\/p>\n<p>Slikanice \u017divijo, adijo, na la\u017ei te vedno dobijo, Srame\u017eljivi Sta\u0161 in govorni nastop, Lara Kosmulja, mala klepetulja in Dobi\u0161, kar dobi\u0161, pa brez trmarjenja! s pravlji\u010dnimi liki postavljajo ogledalo na\u0161im najmanj\u0161im. Na izviren na\u010din vabijo k pogovoru o izzivih, s katerimi se sre\u010dujejo mali nadobudne\u017ei, in ponujajo ogrodje za dobre odnose v dru\u017eini, \u0161oli, dru\u017ebi. Navihano-pou\u010dno, vsestransko dobrodo\u0161lo branje!<\/p>\n<p>Knjiga je prejela znak kakovosti ZLATA HRU\u0160KA.<\/p>\n<p>Celjska Mohorjeva dru\u017eba vam \u017eeli prijetno branje!<\/p>\n<p style=\"text-align: right\"><strong>* oglasno sporo\u010dilo<\/strong><\/p>\n<p>Naro\u010dnik oglasa: Celjska Mohorjeva dru\u017eba<\/p>\n","protected":false},"excerpt":{"rendered":"<p>* oglasno sporo\u010dilo La\u017e ima kratke noge Lovro ustvarja izmi\u0161ljije, se izra\u017ea po svoje, napihuje zgodbe, olep\u0161uje resnico. Tako vsaj pravi. Mamica in o\u010dka ga svarita, naj neha lagati. \u010ce bo kar naprej lagal, ga nih\u010de ve\u010d ne bo jemal resno. Slikanice \u017divijo, adijo, na la\u017ei te vedno dobijo, Srame\u017eljivi Sta\u0161 in govorni nastop, Lara [&hellip;]<\/p>\n","protected":false},"author":14,"featured_media":174930,"comment_status":"closed","ping_status":"closed","sticky":false,"template":"","format":"standard","meta":{"footnotes":""},"categories":[2544],"tags":[2593,20556,4843,20557,20555],"class_list":{"0":"post-174929","1":"post","2":"type-post","3":"status-publish","4":"format-standard","5":"has-post-thumbnail","7":"category-oglasna-sporocila","8":"tag-celjska-mohorjeva","9":"tag-laz-ima-kratke-noge","10":"tag-mohorjeva-druzba","11":"tag-slikanica-laz","12":"tag-zivijo-adijo"},"yoast_head":"<!-- This site is optimized with the Yoast SEO plugin v27.4 - https:\/\/yoast.com\/product\/yoast-seo-wordpress\/ -->\n<title>Knjiga tedna Celjske Mohorjeve: \u017dIVIJO, ADIJO, NA LA\u017dI TE VEDNO DOBIJO* - Novice.si<\/title>\n<meta name=\"robots\" content=\"index, follow, max-snippet:-1, max-image-preview:large, max-video-preview:-1\" \/>\n<link rel=\"canonical\" href=\"https:\/\/novice.si\/page\/knjiga-tedna-celjske-mohorjeve-zivijo-adijo-na-lazi-te-vedno-dobijo\/\" \/>\n<meta property=\"og:locale\" content=\"sl_SI\" \/>\n<meta property=\"og:type\" content=\"article\" \/>\n<meta property=\"og:title\" content=\"Knjiga tedna Celjske Mohorjeve: \u017dIVIJO, ADIJO, NA LA\u017dI TE VEDNO DOBIJO* - Novice.si\" \/>\n<meta property=\"og:description\" content=\"* oglasno sporo\u010dilo La\u017e ima kratke noge Lovro ustvarja izmi\u0161ljije, se izra\u017ea po svoje, napihuje zgodbe, olep\u0161uje resnico. Tako vsaj pravi. Mamica in o\u010dka ga svarita, naj neha lagati. \u010ce bo kar naprej lagal, ga nih\u010de ve\u010d ne bo jemal resno. Slikanice \u017divijo, adijo, na la\u017ei te vedno dobijo, Srame\u017eljivi Sta\u0161 in govorni nastop, Lara [&hellip;]\" \/>\n<meta property=\"og:url\" content=\"https:\/\/novice.si\/page\/knjiga-tedna-celjske-mohorjeve-zivijo-adijo-na-lazi-te-vedno-dobijo\/\" \/>\n<meta property=\"og:site_name\" content=\"Novice.si\" \/>\n<meta property=\"article:published_time\" content=\"2024-05-20T05:34:55+00:00\" \/>\n<meta property=\"og:image\" content=\"https:\/\/novice.si\/page\/wp-content\/uploads\/2024\/05\/splet-zivijo-adijo.jpg\" \/>\n\t<meta property=\"og:image:width\" content=\"800\" \/>\n\t<meta property=\"og:image:height\" content=\"534\" \/>\n\t<meta property=\"og:image:type\" content=\"image\/jpeg\" \/>\n<meta name=\"author\" content=\"Uredni\u0161tvo Celjana\" \/>\n<meta name=\"twitter:card\" content=\"summary_large_image\" \/>\n<meta name=\"twitter:label1\" content=\"Written by\" \/>\n\t<meta name=\"twitter:data1\" content=\"Uredni\u0161tvo Celjana\" \/>\n\t<meta name=\"twitter:label2\" content=\"Est. reading time\" \/>\n\t<meta name=\"twitter:data2\" content=\"2 minuti\" \/>\n<script type=\"application\/ld+json\" class=\"yoast-schema-graph\">{\"@context\":\"https:\\\/\\\/schema.org\",\"@graph\":[{\"@type\":\"Article\",\"@id\":\"https:\\\/\\\/novice.si\\\/page\\\/knjiga-tedna-celjske-mohorjeve-zivijo-adijo-na-lazi-te-vedno-dobijo\\\/#article\",\"isPartOf\":{\"@id\":\"https:\\\/\\\/novice.si\\\/page\\\/knjiga-tedna-celjske-mohorjeve-zivijo-adijo-na-lazi-te-vedno-dobijo\\\/\"},\"author\":{\"name\":\"Uredni\u0161tvo Celjana\",\"@id\":\"https:\\\/\\\/novice.si\\\/page\\\/#\\\/schema\\\/person\\\/a9db4b6feec0e2914c4b6bba66880105\"},\"headline\":\"Knjiga tedna Celjske Mohorjeve: \u017dIVIJO, ADIJO, NA LA\u017dI TE VEDNO DOBIJO*\",\"datePublished\":\"2024-05-20T05:34:55+00:00\",\"mainEntityOfPage\":{\"@id\":\"https:\\\/\\\/novice.si\\\/page\\\/knjiga-tedna-celjske-mohorjeve-zivijo-adijo-na-lazi-te-vedno-dobijo\\\/\"},\"wordCount\":155,\"publisher\":{\"@id\":\"https:\\\/\\\/novice.si\\\/page\\\/#organization\"},\"image\":{\"@id\":\"https:\\\/\\\/novice.si\\\/page\\\/knjiga-tedna-celjske-mohorjeve-zivijo-adijo-na-lazi-te-vedno-dobijo\\\/#primaryimage\"},\"thumbnailUrl\":\"https:\\\/\\\/novice.si\\\/page\\\/wp-content\\\/uploads\\\/2024\\\/05\\\/splet-zivijo-adijo.jpg\",\"keywords\":[\"celjska mohorjeva\",\"La\u017e ima kratke noge\",\"Mohorjeva dru\u017eba\",\"slikanica la\u017e\",\"\u017divijo adijo\"],\"articleSection\":[\"Oglasna sporo\u010dila\"],\"inLanguage\":\"sl-SI\"},{\"@type\":\"WebPage\",\"@id\":\"https:\\\/\\\/novice.si\\\/page\\\/knjiga-tedna-celjske-mohorjeve-zivijo-adijo-na-lazi-te-vedno-dobijo\\\/\",\"url\":\"https:\\\/\\\/novice.si\\\/page\\\/knjiga-tedna-celjske-mohorjeve-zivijo-adijo-na-lazi-te-vedno-dobijo\\\/\",\"name\":\"Knjiga tedna Celjske Mohorjeve: \u017dIVIJO, ADIJO, NA LA\u017dI TE VEDNO DOBIJO* - Novice.si\",\"isPartOf\":{\"@id\":\"https:\\\/\\\/novice.si\\\/page\\\/#website\"},\"primaryImageOfPage\":{\"@id\":\"https:\\\/\\\/novice.si\\\/page\\\/knjiga-tedna-celjske-mohorjeve-zivijo-adijo-na-lazi-te-vedno-dobijo\\\/#primaryimage\"},\"image\":{\"@id\":\"https:\\\/\\\/novice.si\\\/page\\\/knjiga-tedna-celjske-mohorjeve-zivijo-adijo-na-lazi-te-vedno-dobijo\\\/#primaryimage\"},\"thumbnailUrl\":\"https:\\\/\\\/novice.si\\\/page\\\/wp-content\\\/uploads\\\/2024\\\/05\\\/splet-zivijo-adijo.jpg\",\"datePublished\":\"2024-05-20T05:34:55+00:00\",\"breadcrumb\":{\"@id\":\"https:\\\/\\\/novice.si\\\/page\\\/knjiga-tedna-celjske-mohorjeve-zivijo-adijo-na-lazi-te-vedno-dobijo\\\/#breadcrumb\"},\"inLanguage\":\"sl-SI\",\"potentialAction\":[{\"@type\":\"ReadAction\",\"target\":[\"https:\\\/\\\/novice.si\\\/page\\\/knjiga-tedna-celjske-mohorjeve-zivijo-adijo-na-lazi-te-vedno-dobijo\\\/\"]}]},{\"@type\":\"ImageObject\",\"inLanguage\":\"sl-SI\",\"@id\":\"https:\\\/\\\/novice.si\\\/page\\\/knjiga-tedna-celjske-mohorjeve-zivijo-adijo-na-lazi-te-vedno-dobijo\\\/#primaryimage\",\"url\":\"https:\\\/\\\/novice.si\\\/page\\\/wp-content\\\/uploads\\\/2024\\\/05\\\/splet-zivijo-adijo.jpg\",\"contentUrl\":\"https:\\\/\\\/novice.si\\\/page\\\/wp-content\\\/uploads\\\/2024\\\/05\\\/splet-zivijo-adijo.jpg\",\"width\":800,\"height\":534},{\"@type\":\"BreadcrumbList\",\"@id\":\"https:\\\/\\\/novice.si\\\/page\\\/knjiga-tedna-celjske-mohorjeve-zivijo-adijo-na-lazi-te-vedno-dobijo\\\/#breadcrumb\",\"itemListElement\":[{\"@type\":\"ListItem\",\"position\":1,\"name\":\"Home\",\"item\":\"https:\\\/\\\/novice.si\\\/page\\\/\"},{\"@type\":\"ListItem\",\"position\":2,\"name\":\"Knjiga tedna Celjske Mohorjeve: \u017dIVIJO, ADIJO, NA LA\u017dI TE VEDNO DOBIJO*\"}]},{\"@type\":\"WebSite\",\"@id\":\"https:\\\/\\\/novice.si\\\/page\\\/#website\",\"url\":\"https:\\\/\\\/novice.si\\\/page\\\/\",\"name\":\"Novice.si\",\"description\":\"\",\"publisher\":{\"@id\":\"https:\\\/\\\/novice.si\\\/page\\\/#organization\"},\"potentialAction\":[{\"@type\":\"SearchAction\",\"target\":{\"@type\":\"EntryPoint\",\"urlTemplate\":\"https:\\\/\\\/novice.si\\\/page\\\/?s={search_term_string}\"},\"query-input\":{\"@type\":\"PropertyValueSpecification\",\"valueRequired\":true,\"valueName\":\"search_term_string\"}}],\"inLanguage\":\"sl-SI\"},{\"@type\":\"Organization\",\"@id\":\"https:\\\/\\\/novice.si\\\/page\\\/#organization\",\"name\":\"Novice.si\",\"url\":\"https:\\\/\\\/novice.si\\\/page\\\/\",\"logo\":{\"@type\":\"ImageObject\",\"inLanguage\":\"sl-SI\",\"@id\":\"https:\\\/\\\/novice.si\\\/page\\\/#\\\/schema\\\/logo\\\/image\\\/\",\"url\":\"https:\\\/\\\/novice.si\\\/page\\\/wp-content\\\/uploads\\\/2023\\\/03\\\/novice_si.png\",\"contentUrl\":\"https:\\\/\\\/novice.si\\\/page\\\/wp-content\\\/uploads\\\/2023\\\/03\\\/novice_si.png\",\"width\":576,\"height\":200,\"caption\":\"Novice.si\"},\"image\":{\"@id\":\"https:\\\/\\\/novice.si\\\/page\\\/#\\\/schema\\\/logo\\\/image\\\/\"}},{\"@type\":\"Person\",\"@id\":\"https:\\\/\\\/novice.si\\\/page\\\/#\\\/schema\\\/person\\\/a9db4b6feec0e2914c4b6bba66880105\",\"name\":\"Uredni\u0161tvo Celjana\",\"image\":{\"@type\":\"ImageObject\",\"inLanguage\":\"sl-SI\",\"@id\":\"https:\\\/\\\/secure.gravatar.com\\\/avatar\\\/81f0c61a80bf0defdd4c23615cef66d8ec18f810ee16ce148367f5a1a180cf17?s=96&d=mm&r=g\",\"url\":\"https:\\\/\\\/secure.gravatar.com\\\/avatar\\\/81f0c61a80bf0defdd4c23615cef66d8ec18f810ee16ce148367f5a1a180cf17?s=96&d=mm&r=g\",\"contentUrl\":\"https:\\\/\\\/secure.gravatar.com\\\/avatar\\\/81f0c61a80bf0defdd4c23615cef66d8ec18f810ee16ce148367f5a1a180cf17?s=96&d=mm&r=g\",\"caption\":\"Uredni\u0161tvo Celjana\"},\"url\":\"https:\\\/\\\/novice.si\\\/page\\\/author\\\/uros\\\/\"}]}<\/script>\n<!-- \/ Yoast SEO plugin. -->","yoast_head_json":{"title":"Knjiga tedna Celjske Mohorjeve: \u017dIVIJO, ADIJO, NA LA\u017dI TE VEDNO DOBIJO* - Novice.si","robots":{"index":"index","follow":"follow","max-snippet":"max-snippet:-1","max-image-preview":"max-image-preview:large","max-video-preview":"max-video-preview:-1"},"canonical":"https:\/\/novice.si\/page\/knjiga-tedna-celjske-mohorjeve-zivijo-adijo-na-lazi-te-vedno-dobijo\/","og_locale":"sl_SI","og_type":"article","og_title":"Knjiga tedna Celjske Mohorjeve: \u017dIVIJO, ADIJO, NA LA\u017dI TE VEDNO DOBIJO* - Novice.si","og_description":"* oglasno sporo\u010dilo La\u017e ima kratke noge Lovro ustvarja izmi\u0161ljije, se izra\u017ea po svoje, napihuje zgodbe, olep\u0161uje resnico. Tako vsaj pravi. Mamica in o\u010dka ga svarita, naj neha lagati. \u010ce bo kar naprej lagal, ga nih\u010de ve\u010d ne bo jemal resno. Slikanice \u017divijo, adijo, na la\u017ei te vedno dobijo, Srame\u017eljivi Sta\u0161 in govorni nastop, Lara [&hellip;]","og_url":"https:\/\/novice.si\/page\/knjiga-tedna-celjske-mohorjeve-zivijo-adijo-na-lazi-te-vedno-dobijo\/","og_site_name":"Novice.si","article_published_time":"2024-05-20T05:34:55+00:00","og_image":[{"width":800,"height":534,"url":"https:\/\/novice.si\/page\/wp-content\/uploads\/2024\/05\/splet-zivijo-adijo.jpg","type":"image\/jpeg"}],"author":"Uredni\u0161tvo Celjana","twitter_card":"summary_large_image","twitter_misc":{"Written by":"Uredni\u0161tvo Celjana","Est. reading time":"2 minuti"},"schema":{"@context":"https:\/\/schema.org","@graph":[{"@type":"Article","@id":"https:\/\/novice.si\/page\/knjiga-tedna-celjske-mohorjeve-zivijo-adijo-na-lazi-te-vedno-dobijo\/#article","isPartOf":{"@id":"https:\/\/novice.si\/page\/knjiga-tedna-celjske-mohorjeve-zivijo-adijo-na-lazi-te-vedno-dobijo\/"},"author":{"name":"Uredni\u0161tvo Celjana","@id":"https:\/\/novice.si\/page\/#\/schema\/person\/a9db4b6feec0e2914c4b6bba66880105"},"headline":"Knjiga tedna Celjske Mohorjeve: \u017dIVIJO, ADIJO, NA LA\u017dI TE VEDNO DOBIJO*","datePublished":"2024-05-20T05:34:55+00:00","mainEntityOfPage":{"@id":"https:\/\/novice.si\/page\/knjiga-tedna-celjske-mohorjeve-zivijo-adijo-na-lazi-te-vedno-dobijo\/"},"wordCount":155,"publisher":{"@id":"https:\/\/novice.si\/page\/#organization"},"image":{"@id":"https:\/\/novice.si\/page\/knjiga-tedna-celjske-mohorjeve-zivijo-adijo-na-lazi-te-vedno-dobijo\/#primaryimage"},"thumbnailUrl":"https:\/\/novice.si\/page\/wp-content\/uploads\/2024\/05\/splet-zivijo-adijo.jpg","keywords":["celjska mohorjeva","La\u017e ima kratke noge","Mohorjeva dru\u017eba","slikanica la\u017e","\u017divijo adijo"],"articleSection":["Oglasna sporo\u010dila"],"inLanguage":"sl-SI"},{"@type":"WebPage","@id":"https:\/\/novice.si\/page\/knjiga-tedna-celjske-mohorjeve-zivijo-adijo-na-lazi-te-vedno-dobijo\/","url":"https:\/\/novice.si\/page\/knjiga-tedna-celjske-mohorjeve-zivijo-adijo-na-lazi-te-vedno-dobijo\/","name":"Knjiga tedna Celjske Mohorjeve: \u017dIVIJO, ADIJO, NA LA\u017dI TE VEDNO DOBIJO* - Novice.si","isPartOf":{"@id":"https:\/\/novice.si\/page\/#website"},"primaryImageOfPage":{"@id":"https:\/\/novice.si\/page\/knjiga-tedna-celjske-mohorjeve-zivijo-adijo-na-lazi-te-vedno-dobijo\/#primaryimage"},"image":{"@id":"https:\/\/novice.si\/page\/knjiga-tedna-celjske-mohorjeve-zivijo-adijo-na-lazi-te-vedno-dobijo\/#primaryimage"},"thumbnailUrl":"https:\/\/novice.si\/page\/wp-content\/uploads\/2024\/05\/splet-zivijo-adijo.jpg","datePublished":"2024-05-20T05:34:55+00:00","breadcrumb":{"@id":"https:\/\/novice.si\/page\/knjiga-tedna-celjske-mohorjeve-zivijo-adijo-na-lazi-te-vedno-dobijo\/#breadcrumb"},"inLanguage":"sl-SI","potentialAction":[{"@type":"ReadAction","target":["https:\/\/novice.si\/page\/knjiga-tedna-celjske-mohorjeve-zivijo-adijo-na-lazi-te-vedno-dobijo\/"]}]},{"@type":"ImageObject","inLanguage":"sl-SI","@id":"https:\/\/novice.si\/page\/knjiga-tedna-celjske-mohorjeve-zivijo-adijo-na-lazi-te-vedno-dobijo\/#primaryimage","url":"https:\/\/novice.si\/page\/wp-content\/uploads\/2024\/05\/splet-zivijo-adijo.jpg","contentUrl":"https:\/\/novice.si\/page\/wp-content\/uploads\/2024\/05\/splet-zivijo-adijo.jpg","width":800,"height":534},{"@type":"BreadcrumbList","@id":"https:\/\/novice.si\/page\/knjiga-tedna-celjske-mohorjeve-zivijo-adijo-na-lazi-te-vedno-dobijo\/#breadcrumb","itemListElement":[{"@type":"ListItem","position":1,"name":"Home","item":"https:\/\/novice.si\/page\/"},{"@type":"ListItem","position":2,"name":"Knjiga tedna Celjske Mohorjeve: \u017dIVIJO, ADIJO, NA LA\u017dI TE VEDNO DOBIJO*"}]},{"@type":"WebSite","@id":"https:\/\/novice.si\/page\/#website","url":"https:\/\/novice.si\/page\/","name":"Novice.si","description":"","publisher":{"@id":"https:\/\/novice.si\/page\/#organization"},"potentialAction":[{"@type":"SearchAction","target":{"@type":"EntryPoint","urlTemplate":"https:\/\/novice.si\/page\/?s={search_term_string}"},"query-input":{"@type":"PropertyValueSpecification","valueRequired":true,"valueName":"search_term_string"}}],"inLanguage":"sl-SI"},{"@type":"Organization","@id":"https:\/\/novice.si\/page\/#organization","name":"Novice.si","url":"https:\/\/novice.si\/page\/","logo":{"@type":"ImageObject","inLanguage":"sl-SI","@id":"https:\/\/novice.si\/page\/#\/schema\/logo\/image\/","url":"https:\/\/novice.si\/page\/wp-content\/uploads\/2023\/03\/novice_si.png","contentUrl":"https:\/\/novice.si\/page\/wp-content\/uploads\/2023\/03\/novice_si.png","width":576,"height":200,"caption":"Novice.si"},"image":{"@id":"https:\/\/novice.si\/page\/#\/schema\/logo\/image\/"}},{"@type":"Person","@id":"https:\/\/novice.si\/page\/#\/schema\/person\/a9db4b6feec0e2914c4b6bba66880105","name":"Uredni\u0161tvo Celjana","image":{"@type":"ImageObject","inLanguage":"sl-SI","@id":"https:\/\/secure.gravatar.com\/avatar\/81f0c61a80bf0defdd4c23615cef66d8ec18f810ee16ce148367f5a1a180cf17?s=96&d=mm&r=g","url":"https:\/\/secure.gravatar.com\/avatar\/81f0c61a80bf0defdd4c23615cef66d8ec18f810ee16ce148367f5a1a180cf17?s=96&d=mm&r=g","contentUrl":"https:\/\/secure.gravatar.com\/avatar\/81f0c61a80bf0defdd4c23615cef66d8ec18f810ee16ce148367f5a1a180cf17?s=96&d=mm&r=g","caption":"Uredni\u0161tvo Celjana"},"url":"https:\/\/novice.si\/page\/author\/uros\/"}]}},"_links":{"self":[{"href":"https:\/\/novice.si\/page\/wp-json\/wp\/v2\/posts\/174929","targetHints":{"allow":["GET"]}}],"collection":[{"href":"https:\/\/novice.si\/page\/wp-json\/wp\/v2\/posts"}],"about":[{"href":"https:\/\/novice.si\/page\/wp-json\/wp\/v2\/types\/post"}],"author":[{"embeddable":true,"href":"https:\/\/novice.si\/page\/wp-json\/wp\/v2\/users\/14"}],"replies":[{"embeddable":true,"href":"https:\/\/novice.si\/page\/wp-json\/wp\/v2\/comments?post=174929"}],"version-history":[{"count":1,"href":"https:\/\/novice.si\/page\/wp-json\/wp\/v2\/posts\/174929\/revisions"}],"predecessor-version":[{"id":174931,"href":"https:\/\/novice.si\/page\/wp-json\/wp\/v2\/posts\/174929\/revisions\/174931"}],"wp:featuredmedia":[{"embeddable":true,"href":"https:\/\/novice.si\/page\/wp-json\/wp\/v2\/media\/174930"}],"wp:attachment":[{"href":"https:\/\/novice.si\/page\/wp-json\/wp\/v2\/media?parent=174929"}],"wp:term":[{"taxonomy":"category","embeddable":true,"href":"https:\/\/novice.si\/page\/wp-json\/wp\/v2\/categories?post=174929"},{"taxonomy":"post_tag","embeddable":true,"href":"https:\/\/novice.si\/page\/wp-json\/wp\/v2\/tags?post=174929"}],"curies":[{"name":"wp","href":"https:\/\/api.w.org\/{rel}","templated":true}]}}