{"id":174822,"date":"2024-05-19T06:00:49","date_gmt":"2024-05-19T04:00:49","guid":{"rendered":"https:\/\/novice.si\/page\/?p=174822"},"modified":"2024-05-16T06:40:56","modified_gmt":"2024-05-16T04:40:56","slug":"podobe-demokracije","status":"publish","type":"post","link":"https:\/\/novice.si\/page\/podobe-demokracije\/","title":{"rendered":"Podobe demokracije"},"content":{"rendered":"<p><img loading=\"lazy\" decoding=\"async\" src=\"https:\/\/novice.si\/page\/wp-content\/uploads\/2024\/05\/uho-podobe-demokracije-1218-foto-infopentlja-1024x682.jpg\" alt=\"\" width=\"396\" height=\"164\" class=\"alignleft size-large wp-image-174813\" \/>V prostoru za\u010dasne rabe na Glavnem trgu 8 so odprli razstavo Podobe demokracije: izbrano gradivo iz arhivov dr\u017eav Evropske unije. Pripravila jo je informacijska to\u010dka Europe Direct Savinjska v sodelovanju z Zgodovinskim arhivom Celje. Zanimiva zbirka odseva podobnosti in hkrati raznolikost evropskih okolij, ki skupaj tvorijo in bogatijo skupni evropski prostor. Zbrane je ob odprtju nagovorila mag. Katja Kolenc, vodja informacijske to\u010dke Europe Direct Savinjska, podrobnosti same razstave pa je predstavil dr. Borut Batagelj, direktor Zgodovinskega arhiva Celje. Foto: FB Infopentlja.<\/p>\n","protected":false},"excerpt":{"rendered":"<p>V prostoru za\u010dasne rabe na Glavnem trgu 8 so odprli razstavo Podobe demokracije: izbrano gradivo iz arhivov dr\u017eav Evropske unije. Pripravila jo je informacijska to\u010dka Europe Direct Savinjska v sodelovanju z Zgodovinskim arhivom Celje. Zanimiva zbirka odseva podobnosti in hkrati raznolikost evropskih okolij, ki skupaj tvorijo in bogatijo skupni evropski prostor. Zbrane je ob odprtju [&hellip;]<\/p>\n","protected":false},"author":10,"featured_media":174813,"comment_status":"closed","ping_status":"closed","sticky":false,"template":"","format":"standard","meta":{"footnotes":""},"categories":[14,142,17,15],"tags":[7158,20541,9277,20540,14768,20539,2747],"class_list":{"0":"post-174822","1":"post","2":"type-post","3":"status-publish","4":"format-standard","5":"has-post-thumbnail","7":"category-aktualno","8":"category-celjan","9":"category-celjsko","10":"category-druzabno","11":"tag-borut-batagelj","12":"tag-dr-borut-batagelj","13":"tag-europe-direct-savinjska","14":"tag-evropska-unija","15":"tag-katja-kolenc","16":"tag-podobe-demokracije","17":"tag-zgodovinski-arhiv-celje"},"yoast_head":"<!-- This site is optimized with the Yoast SEO plugin v27.4 - https:\/\/yoast.com\/product\/yoast-seo-wordpress\/ -->\n<title>Zgodovinski arhiv Celje - Podobe demokracije - Novice.si<\/title>\n<meta name=\"description\" content=\"Zgodovinski arhiv Celje: V prostoru za\u010dasne rabe na Glavnem trgu 8 so odprli razstavo Podobe demokracije: izbrano gradivo iz arhivov ...\" \/>\n<meta name=\"robots\" content=\"index, follow, max-snippet:-1, max-image-preview:large, max-video-preview:-1\" \/>\n<link rel=\"canonical\" href=\"https:\/\/novice.si\/page\/podobe-demokracije\/\" \/>\n<meta property=\"og:locale\" content=\"sl_SI\" \/>\n<meta property=\"og:type\" content=\"article\" \/>\n<meta property=\"og:title\" content=\"Zgodovinski arhiv Celje - Podobe demokracije - Novice.si\" \/>\n<meta property=\"og:description\" content=\"Zgodovinski arhiv Celje: V prostoru za\u010dasne rabe na Glavnem trgu 8 so odprli razstavo Podobe demokracije: izbrano gradivo iz arhivov ...\" \/>\n<meta property=\"og:url\" content=\"https:\/\/novice.si\/page\/podobe-demokracije\/\" \/>\n<meta property=\"og:site_name\" content=\"Novice.si\" \/>\n<meta property=\"article:published_time\" content=\"2024-05-19T04:00:49+00:00\" \/>\n<meta property=\"og:image\" content=\"https:\/\/novice.si\/page\/wp-content\/uploads\/2024\/05\/uho-podobe-demokracije-1218-foto-infopentlja.jpg\" \/>\n\t<meta property=\"og:image:width\" content=\"1999\" \/>\n\t<meta property=\"og:image:height\" content=\"1332\" \/>\n\t<meta property=\"og:image:type\" content=\"image\/jpeg\" \/>\n<meta name=\"author\" content=\"Iztok Krajnc\" \/>\n<meta name=\"twitter:card\" content=\"summary_large_image\" \/>\n<meta name=\"twitter:label1\" content=\"Written by\" \/>\n\t<meta name=\"twitter:data1\" content=\"Iztok Krajnc\" \/>\n\t<meta name=\"twitter:label2\" content=\"Est. reading time\" \/>\n\t<meta name=\"twitter:data2\" content=\"1 minuta\" \/>\n<script type=\"application\/ld+json\" class=\"yoast-schema-graph\">{\"@context\":\"https:\\\/\\\/schema.org\",\"@graph\":[{\"@type\":\"Article\",\"@id\":\"https:\\\/\\\/novice.si\\\/page\\\/podobe-demokracije\\\/#article\",\"isPartOf\":{\"@id\":\"https:\\\/\\\/novice.si\\\/page\\\/podobe-demokracije\\\/\"},\"author\":{\"name\":\"Iztok Krajnc\",\"@id\":\"https:\\\/\\\/novice.si\\\/page\\\/#\\\/schema\\\/person\\\/92fda8564875f655675c886e4df22216\"},\"headline\":\"Podobe demokracije\",\"datePublished\":\"2024-05-19T04:00:49+00:00\",\"mainEntityOfPage\":{\"@id\":\"https:\\\/\\\/novice.si\\\/page\\\/podobe-demokracije\\\/\"},\"wordCount\":86,\"publisher\":{\"@id\":\"https:\\\/\\\/novice.si\\\/page\\\/#organization\"},\"image\":{\"@id\":\"https:\\\/\\\/novice.si\\\/page\\\/podobe-demokracije\\\/#primaryimage\"},\"thumbnailUrl\":\"https:\\\/\\\/novice.si\\\/page\\\/wp-content\\\/uploads\\\/2024\\\/05\\\/uho-podobe-demokracije-1218-foto-infopentlja.jpg\",\"keywords\":[\"Borut Batagelj\",\"dr. borut batagelj\",\"Europe Direct Savinjska\",\"evropska unija\",\"Katja Kolenc\",\"podobe demokracije\",\"zgodovinski arhiv celje\"],\"articleSection\":[\"Aktualno\",\"Celjan\",\"Celjsko\",\"Dru\u017eabno\"],\"inLanguage\":\"sl-SI\"},{\"@type\":\"WebPage\",\"@id\":\"https:\\\/\\\/novice.si\\\/page\\\/podobe-demokracije\\\/\",\"url\":\"https:\\\/\\\/novice.si\\\/page\\\/podobe-demokracije\\\/\",\"name\":\"Zgodovinski arhiv Celje - Podobe demokracije - Novice.si\",\"isPartOf\":{\"@id\":\"https:\\\/\\\/novice.si\\\/page\\\/#website\"},\"primaryImageOfPage\":{\"@id\":\"https:\\\/\\\/novice.si\\\/page\\\/podobe-demokracije\\\/#primaryimage\"},\"image\":{\"@id\":\"https:\\\/\\\/novice.si\\\/page\\\/podobe-demokracije\\\/#primaryimage\"},\"thumbnailUrl\":\"https:\\\/\\\/novice.si\\\/page\\\/wp-content\\\/uploads\\\/2024\\\/05\\\/uho-podobe-demokracije-1218-foto-infopentlja.jpg\",\"datePublished\":\"2024-05-19T04:00:49+00:00\",\"description\":\"Zgodovinski arhiv Celje: V prostoru za\u010dasne rabe na Glavnem trgu 8 so odprli razstavo Podobe demokracije: izbrano gradivo iz arhivov ...\",\"breadcrumb\":{\"@id\":\"https:\\\/\\\/novice.si\\\/page\\\/podobe-demokracije\\\/#breadcrumb\"},\"inLanguage\":\"sl-SI\",\"potentialAction\":[{\"@type\":\"ReadAction\",\"target\":[\"https:\\\/\\\/novice.si\\\/page\\\/podobe-demokracije\\\/\"]}]},{\"@type\":\"ImageObject\",\"inLanguage\":\"sl-SI\",\"@id\":\"https:\\\/\\\/novice.si\\\/page\\\/podobe-demokracije\\\/#primaryimage\",\"url\":\"https:\\\/\\\/novice.si\\\/page\\\/wp-content\\\/uploads\\\/2024\\\/05\\\/uho-podobe-demokracije-1218-foto-infopentlja.jpg\",\"contentUrl\":\"https:\\\/\\\/novice.si\\\/page\\\/wp-content\\\/uploads\\\/2024\\\/05\\\/uho-podobe-demokracije-1218-foto-infopentlja.jpg\",\"width\":1999,\"height\":1332},{\"@type\":\"BreadcrumbList\",\"@id\":\"https:\\\/\\\/novice.si\\\/page\\\/podobe-demokracije\\\/#breadcrumb\",\"itemListElement\":[{\"@type\":\"ListItem\",\"position\":1,\"name\":\"Home\",\"item\":\"https:\\\/\\\/novice.si\\\/page\\\/\"},{\"@type\":\"ListItem\",\"position\":2,\"name\":\"Podobe demokracije\"}]},{\"@type\":\"WebSite\",\"@id\":\"https:\\\/\\\/novice.si\\\/page\\\/#website\",\"url\":\"https:\\\/\\\/novice.si\\\/page\\\/\",\"name\":\"Novice.si\",\"description\":\"\",\"publisher\":{\"@id\":\"https:\\\/\\\/novice.si\\\/page\\\/#organization\"},\"potentialAction\":[{\"@type\":\"SearchAction\",\"target\":{\"@type\":\"EntryPoint\",\"urlTemplate\":\"https:\\\/\\\/novice.si\\\/page\\\/?s={search_term_string}\"},\"query-input\":{\"@type\":\"PropertyValueSpecification\",\"valueRequired\":true,\"valueName\":\"search_term_string\"}}],\"inLanguage\":\"sl-SI\"},{\"@type\":\"Organization\",\"@id\":\"https:\\\/\\\/novice.si\\\/page\\\/#organization\",\"name\":\"Novice.si\",\"url\":\"https:\\\/\\\/novice.si\\\/page\\\/\",\"logo\":{\"@type\":\"ImageObject\",\"inLanguage\":\"sl-SI\",\"@id\":\"https:\\\/\\\/novice.si\\\/page\\\/#\\\/schema\\\/logo\\\/image\\\/\",\"url\":\"https:\\\/\\\/novice.si\\\/page\\\/wp-content\\\/uploads\\\/2023\\\/03\\\/novice_si.png\",\"contentUrl\":\"https:\\\/\\\/novice.si\\\/page\\\/wp-content\\\/uploads\\\/2023\\\/03\\\/novice_si.png\",\"width\":576,\"height\":200,\"caption\":\"Novice.si\"},\"image\":{\"@id\":\"https:\\\/\\\/novice.si\\\/page\\\/#\\\/schema\\\/logo\\\/image\\\/\"}},{\"@type\":\"Person\",\"@id\":\"https:\\\/\\\/novice.si\\\/page\\\/#\\\/schema\\\/person\\\/92fda8564875f655675c886e4df22216\",\"name\":\"Iztok Krajnc\",\"image\":{\"@type\":\"ImageObject\",\"inLanguage\":\"sl-SI\",\"@id\":\"https:\\\/\\\/secure.gravatar.com\\\/avatar\\\/2790ff125f883a5a9cb934a574322d28ea850f8f4494d77b487c1950e0096015?s=96&d=mm&r=g\",\"url\":\"https:\\\/\\\/secure.gravatar.com\\\/avatar\\\/2790ff125f883a5a9cb934a574322d28ea850f8f4494d77b487c1950e0096015?s=96&d=mm&r=g\",\"contentUrl\":\"https:\\\/\\\/secure.gravatar.com\\\/avatar\\\/2790ff125f883a5a9cb934a574322d28ea850f8f4494d77b487c1950e0096015?s=96&d=mm&r=g\",\"caption\":\"Iztok Krajnc\"},\"url\":\"https:\\\/\\\/novice.si\\\/page\\\/author\\\/iztok\\\/\"}]}<\/script>\n<!-- \/ Yoast SEO plugin. -->","yoast_head_json":{"title":"Zgodovinski arhiv Celje - Podobe demokracije - Novice.si","description":"Zgodovinski arhiv Celje: V prostoru za\u010dasne rabe na Glavnem trgu 8 so odprli razstavo Podobe demokracije: izbrano gradivo iz arhivov ...","robots":{"index":"index","follow":"follow","max-snippet":"max-snippet:-1","max-image-preview":"max-image-preview:large","max-video-preview":"max-video-preview:-1"},"canonical":"https:\/\/novice.si\/page\/podobe-demokracije\/","og_locale":"sl_SI","og_type":"article","og_title":"Zgodovinski arhiv Celje - Podobe demokracije - Novice.si","og_description":"Zgodovinski arhiv Celje: V prostoru za\u010dasne rabe na Glavnem trgu 8 so odprli razstavo Podobe demokracije: izbrano gradivo iz arhivov ...","og_url":"https:\/\/novice.si\/page\/podobe-demokracije\/","og_site_name":"Novice.si","article_published_time":"2024-05-19T04:00:49+00:00","og_image":[{"width":1999,"height":1332,"url":"https:\/\/novice.si\/page\/wp-content\/uploads\/2024\/05\/uho-podobe-demokracije-1218-foto-infopentlja.jpg","type":"image\/jpeg"}],"author":"Iztok Krajnc","twitter_card":"summary_large_image","twitter_misc":{"Written by":"Iztok Krajnc","Est. reading time":"1 minuta"},"schema":{"@context":"https:\/\/schema.org","@graph":[{"@type":"Article","@id":"https:\/\/novice.si\/page\/podobe-demokracije\/#article","isPartOf":{"@id":"https:\/\/novice.si\/page\/podobe-demokracije\/"},"author":{"name":"Iztok Krajnc","@id":"https:\/\/novice.si\/page\/#\/schema\/person\/92fda8564875f655675c886e4df22216"},"headline":"Podobe demokracije","datePublished":"2024-05-19T04:00:49+00:00","mainEntityOfPage":{"@id":"https:\/\/novice.si\/page\/podobe-demokracije\/"},"wordCount":86,"publisher":{"@id":"https:\/\/novice.si\/page\/#organization"},"image":{"@id":"https:\/\/novice.si\/page\/podobe-demokracije\/#primaryimage"},"thumbnailUrl":"https:\/\/novice.si\/page\/wp-content\/uploads\/2024\/05\/uho-podobe-demokracije-1218-foto-infopentlja.jpg","keywords":["Borut Batagelj","dr. borut batagelj","Europe Direct Savinjska","evropska unija","Katja Kolenc","podobe demokracije","zgodovinski arhiv celje"],"articleSection":["Aktualno","Celjan","Celjsko","Dru\u017eabno"],"inLanguage":"sl-SI"},{"@type":"WebPage","@id":"https:\/\/novice.si\/page\/podobe-demokracije\/","url":"https:\/\/novice.si\/page\/podobe-demokracije\/","name":"Zgodovinski arhiv Celje - Podobe demokracije - Novice.si","isPartOf":{"@id":"https:\/\/novice.si\/page\/#website"},"primaryImageOfPage":{"@id":"https:\/\/novice.si\/page\/podobe-demokracije\/#primaryimage"},"image":{"@id":"https:\/\/novice.si\/page\/podobe-demokracije\/#primaryimage"},"thumbnailUrl":"https:\/\/novice.si\/page\/wp-content\/uploads\/2024\/05\/uho-podobe-demokracije-1218-foto-infopentlja.jpg","datePublished":"2024-05-19T04:00:49+00:00","description":"Zgodovinski arhiv Celje: V prostoru za\u010dasne rabe na Glavnem trgu 8 so odprli razstavo Podobe demokracije: izbrano gradivo iz arhivov ...","breadcrumb":{"@id":"https:\/\/novice.si\/page\/podobe-demokracije\/#breadcrumb"},"inLanguage":"sl-SI","potentialAction":[{"@type":"ReadAction","target":["https:\/\/novice.si\/page\/podobe-demokracije\/"]}]},{"@type":"ImageObject","inLanguage":"sl-SI","@id":"https:\/\/novice.si\/page\/podobe-demokracije\/#primaryimage","url":"https:\/\/novice.si\/page\/wp-content\/uploads\/2024\/05\/uho-podobe-demokracije-1218-foto-infopentlja.jpg","contentUrl":"https:\/\/novice.si\/page\/wp-content\/uploads\/2024\/05\/uho-podobe-demokracije-1218-foto-infopentlja.jpg","width":1999,"height":1332},{"@type":"BreadcrumbList","@id":"https:\/\/novice.si\/page\/podobe-demokracije\/#breadcrumb","itemListElement":[{"@type":"ListItem","position":1,"name":"Home","item":"https:\/\/novice.si\/page\/"},{"@type":"ListItem","position":2,"name":"Podobe demokracije"}]},{"@type":"WebSite","@id":"https:\/\/novice.si\/page\/#website","url":"https:\/\/novice.si\/page\/","name":"Novice.si","description":"","publisher":{"@id":"https:\/\/novice.si\/page\/#organization"},"potentialAction":[{"@type":"SearchAction","target":{"@type":"EntryPoint","urlTemplate":"https:\/\/novice.si\/page\/?s={search_term_string}"},"query-input":{"@type":"PropertyValueSpecification","valueRequired":true,"valueName":"search_term_string"}}],"inLanguage":"sl-SI"},{"@type":"Organization","@id":"https:\/\/novice.si\/page\/#organization","name":"Novice.si","url":"https:\/\/novice.si\/page\/","logo":{"@type":"ImageObject","inLanguage":"sl-SI","@id":"https:\/\/novice.si\/page\/#\/schema\/logo\/image\/","url":"https:\/\/novice.si\/page\/wp-content\/uploads\/2023\/03\/novice_si.png","contentUrl":"https:\/\/novice.si\/page\/wp-content\/uploads\/2023\/03\/novice_si.png","width":576,"height":200,"caption":"Novice.si"},"image":{"@id":"https:\/\/novice.si\/page\/#\/schema\/logo\/image\/"}},{"@type":"Person","@id":"https:\/\/novice.si\/page\/#\/schema\/person\/92fda8564875f655675c886e4df22216","name":"Iztok Krajnc","image":{"@type":"ImageObject","inLanguage":"sl-SI","@id":"https:\/\/secure.gravatar.com\/avatar\/2790ff125f883a5a9cb934a574322d28ea850f8f4494d77b487c1950e0096015?s=96&d=mm&r=g","url":"https:\/\/secure.gravatar.com\/avatar\/2790ff125f883a5a9cb934a574322d28ea850f8f4494d77b487c1950e0096015?s=96&d=mm&r=g","contentUrl":"https:\/\/secure.gravatar.com\/avatar\/2790ff125f883a5a9cb934a574322d28ea850f8f4494d77b487c1950e0096015?s=96&d=mm&r=g","caption":"Iztok Krajnc"},"url":"https:\/\/novice.si\/page\/author\/iztok\/"}]}},"_links":{"self":[{"href":"https:\/\/novice.si\/page\/wp-json\/wp\/v2\/posts\/174822","targetHints":{"allow":["GET"]}}],"collection":[{"href":"https:\/\/novice.si\/page\/wp-json\/wp\/v2\/posts"}],"about":[{"href":"https:\/\/novice.si\/page\/wp-json\/wp\/v2\/types\/post"}],"author":[{"embeddable":true,"href":"https:\/\/novice.si\/page\/wp-json\/wp\/v2\/users\/10"}],"replies":[{"embeddable":true,"href":"https:\/\/novice.si\/page\/wp-json\/wp\/v2\/comments?post=174822"}],"version-history":[{"count":2,"href":"https:\/\/novice.si\/page\/wp-json\/wp\/v2\/posts\/174822\/revisions"}],"predecessor-version":[{"id":174824,"href":"https:\/\/novice.si\/page\/wp-json\/wp\/v2\/posts\/174822\/revisions\/174824"}],"wp:featuredmedia":[{"embeddable":true,"href":"https:\/\/novice.si\/page\/wp-json\/wp\/v2\/media\/174813"}],"wp:attachment":[{"href":"https:\/\/novice.si\/page\/wp-json\/wp\/v2\/media?parent=174822"}],"wp:term":[{"taxonomy":"category","embeddable":true,"href":"https:\/\/novice.si\/page\/wp-json\/wp\/v2\/categories?post=174822"},{"taxonomy":"post_tag","embeddable":true,"href":"https:\/\/novice.si\/page\/wp-json\/wp\/v2\/tags?post=174822"}],"curies":[{"name":"wp","href":"https:\/\/api.w.org\/{rel}","templated":true}]}}