{"id":174696,"date":"2024-05-09T12:40:08","date_gmt":"2024-05-09T10:40:08","guid":{"rendered":"https:\/\/novice.si\/page\/?p=174696"},"modified":"2024-05-13T08:44:47","modified_gmt":"2024-05-13T06:44:47","slug":"pretep-v-vitanju-varnostna-sluzba-iz-kranja-mora-dopolniti-porocilo","status":"publish","type":"post","link":"https:\/\/novice.si\/page\/pretep-v-vitanju-varnostna-sluzba-iz-kranja-mora-dopolniti-porocilo\/","title":{"rendered":"Pretep v Vitanju: varnostna slu\u017eba iz Kranja mora dopolniti poro\u010dilo"},"content":{"rendered":"<p><img loading=\"lazy\" decoding=\"async\" class=\"alignnone size-medium wp-image-137195\" src=\"https:\/\/novice.si\/page\/wp-content\/uploads\/2021\/03\/policijska-postaja-konjice-300x200.jpg\" alt=\"\" width=\"300\" height=\"200\" srcset=\"https:\/\/novice.si\/page\/wp-content\/uploads\/2021\/03\/policijska-postaja-konjice-300x200.jpg 300w, https:\/\/novice.si\/page\/wp-content\/uploads\/2021\/03\/policijska-postaja-konjice-1024x683.jpg 1024w, https:\/\/novice.si\/page\/wp-content\/uploads\/2021\/03\/policijska-postaja-konjice-768x512.jpg 768w, https:\/\/novice.si\/page\/wp-content\/uploads\/2021\/03\/policijska-postaja-konjice-1536x1024.jpg 1536w, https:\/\/novice.si\/page\/wp-content\/uploads\/2021\/03\/policijska-postaja-konjice-2048x1365.jpg 2048w, https:\/\/novice.si\/page\/wp-content\/uploads\/2021\/03\/policijska-postaja-konjice-696x464.jpg 696w, https:\/\/novice.si\/page\/wp-content\/uploads\/2021\/03\/policijska-postaja-konjice-1068x712.jpg 1068w, https:\/\/novice.si\/page\/wp-content\/uploads\/2021\/03\/policijska-postaja-konjice-630x420.jpg 630w, https:\/\/novice.si\/page\/wp-content\/uploads\/2021\/03\/policijska-postaja-konjice-24x16.jpg 24w, https:\/\/novice.si\/page\/wp-content\/uploads\/2021\/03\/policijska-postaja-konjice-36x24.jpg 36w, https:\/\/novice.si\/page\/wp-content\/uploads\/2021\/03\/policijska-postaja-konjice-48x32.jpg 48w\" sizes=\"auto, (max-width: 300px) 100vw, 300px\" \/><br \/>\nPretep v no\u010di na nedeljo na prireditvi Majsko Vitanje \u0161e ni dobil dokon\u010dnega epiloga. Predvsem ali je bila uporaba sile varnostnikov \u2013 za varnost je skrbela varnostna slu\u017eba UNI7 iz Kranja, upravi\u010dena, \u0161e ni znano. Na\u010delnik Policijske postaje Slovenske Konjice <strong>Robert Vipotnik Sirc<\/strong> je za NOVICE in Radio Rogla povedal, da jim je varnostna slu\u017eba v roku 48 ur, tako kot je zakonsko dolo\u010deno, podala poro\u010dilo o ukrepih varnostnikov. Ker pa to poro\u010dilo ni bilo popolno, so jih policisti pozvali, da ga dopolnijo. \u00bbKo ga bodo dopolnili, bomo ocenili zakonitost uporabe ukrepov varnostnikov,\u00ab je dodal Vipotnik Sirc. Za dopolnitev poro\u010dila ima varnostna slu\u017eba pet dni \u010dasa.<\/p>\n","protected":false},"excerpt":{"rendered":"<p>Pretep v no\u010di na nedeljo na prireditvi Majsko Vitanje \u0161e ni dobil dokon\u010dnega epiloga. Predvsem ali je bila uporaba sile varnostnikov \u2013 za varnost je skrbela varnostna slu\u017eba UNI7 iz Kranja, upravi\u010dena, \u0161e ni znano. Na\u010delnik Policijske postaje Slovenske Konjice Robert Vipotnik Sirc je za NOVICE in Radio Rogla povedal, da jim je varnostna slu\u017eba [&hellip;]<\/p>\n","protected":false},"author":7,"featured_media":137195,"comment_status":"closed","ping_status":"closed","sticky":false,"template":"","format":"standard","meta":{"footnotes":""},"categories":[14,29],"tags":[20489],"class_list":{"0":"post-174696","1":"post","2":"type-post","3":"status-publish","4":"format-standard","5":"has-post-thumbnail","7":"category-aktualno","8":"category-kronika","9":"tag-pretep-vitanje"},"yoast_head":"<!-- This site is optimized with the Yoast SEO plugin v27.4 - https:\/\/yoast.com\/product\/yoast-seo-wordpress\/ -->\n<title>Pretep v Vitanju: varnostna slu\u017eba iz Kranja mora dopolniti poro\u010dilo - Novice.si<\/title>\n<meta name=\"robots\" content=\"index, follow, max-snippet:-1, max-image-preview:large, max-video-preview:-1\" \/>\n<link rel=\"canonical\" href=\"https:\/\/novice.si\/page\/pretep-v-vitanju-varnostna-sluzba-iz-kranja-mora-dopolniti-porocilo\/\" \/>\n<meta property=\"og:locale\" content=\"sl_SI\" \/>\n<meta property=\"og:type\" content=\"article\" \/>\n<meta property=\"og:title\" content=\"Pretep v Vitanju: varnostna slu\u017eba iz Kranja mora dopolniti poro\u010dilo - Novice.si\" \/>\n<meta property=\"og:description\" content=\"Pretep v no\u010di na nedeljo na prireditvi Majsko Vitanje \u0161e ni dobil dokon\u010dnega epiloga. Predvsem ali je bila uporaba sile varnostnikov \u2013 za varnost je skrbela varnostna slu\u017eba UNI7 iz Kranja, upravi\u010dena, \u0161e ni znano. Na\u010delnik Policijske postaje Slovenske Konjice Robert Vipotnik Sirc je za NOVICE in Radio Rogla povedal, da jim je varnostna slu\u017eba [&hellip;]\" \/>\n<meta property=\"og:url\" content=\"https:\/\/novice.si\/page\/pretep-v-vitanju-varnostna-sluzba-iz-kranja-mora-dopolniti-porocilo\/\" \/>\n<meta property=\"og:site_name\" content=\"Novice.si\" \/>\n<meta property=\"article:published_time\" content=\"2024-05-09T10:40:08+00:00\" \/>\n<meta property=\"article:modified_time\" content=\"2024-05-13T06:44:47+00:00\" \/>\n<meta property=\"og:image\" content=\"https:\/\/novice.si\/page\/wp-content\/uploads\/2021\/03\/policijska-postaja-konjice-scaled.jpg\" \/>\n\t<meta property=\"og:image:width\" content=\"2560\" \/>\n\t<meta property=\"og:image:height\" content=\"1707\" \/>\n\t<meta property=\"og:image:type\" content=\"image\/jpeg\" \/>\n<meta name=\"author\" content=\"Uredni\u0161tvo Novic\" \/>\n<meta name=\"twitter:card\" content=\"summary_large_image\" \/>\n<meta name=\"twitter:label1\" content=\"Written by\" \/>\n\t<meta name=\"twitter:data1\" content=\"Uredni\u0161tvo Novic\" \/>\n\t<meta name=\"twitter:label2\" content=\"Est. reading time\" \/>\n\t<meta name=\"twitter:data2\" content=\"1 minuta\" \/>\n<script type=\"application\/ld+json\" class=\"yoast-schema-graph\">{\"@context\":\"https:\\\/\\\/schema.org\",\"@graph\":[{\"@type\":\"Article\",\"@id\":\"https:\\\/\\\/novice.si\\\/page\\\/pretep-v-vitanju-varnostna-sluzba-iz-kranja-mora-dopolniti-porocilo\\\/#article\",\"isPartOf\":{\"@id\":\"https:\\\/\\\/novice.si\\\/page\\\/pretep-v-vitanju-varnostna-sluzba-iz-kranja-mora-dopolniti-porocilo\\\/\"},\"author\":{\"name\":\"Uredni\u0161tvo Novic\",\"@id\":\"https:\\\/\\\/novice.si\\\/page\\\/#\\\/schema\\\/person\\\/a877dbb8680d441357ce27663beb35ca\"},\"headline\":\"Pretep v Vitanju: varnostna slu\u017eba iz Kranja mora dopolniti poro\u010dilo\",\"datePublished\":\"2024-05-09T10:40:08+00:00\",\"dateModified\":\"2024-05-13T06:44:47+00:00\",\"mainEntityOfPage\":{\"@id\":\"https:\\\/\\\/novice.si\\\/page\\\/pretep-v-vitanju-varnostna-sluzba-iz-kranja-mora-dopolniti-porocilo\\\/\"},\"wordCount\":127,\"publisher\":{\"@id\":\"https:\\\/\\\/novice.si\\\/page\\\/#organization\"},\"image\":{\"@id\":\"https:\\\/\\\/novice.si\\\/page\\\/pretep-v-vitanju-varnostna-sluzba-iz-kranja-mora-dopolniti-porocilo\\\/#primaryimage\"},\"thumbnailUrl\":\"https:\\\/\\\/novice.si\\\/page\\\/wp-content\\\/uploads\\\/2021\\\/03\\\/policijska-postaja-konjice-scaled.jpg\",\"keywords\":[\"pretep Vitanje\"],\"articleSection\":[\"Aktualno\",\"Kronika\"],\"inLanguage\":\"sl-SI\"},{\"@type\":\"WebPage\",\"@id\":\"https:\\\/\\\/novice.si\\\/page\\\/pretep-v-vitanju-varnostna-sluzba-iz-kranja-mora-dopolniti-porocilo\\\/\",\"url\":\"https:\\\/\\\/novice.si\\\/page\\\/pretep-v-vitanju-varnostna-sluzba-iz-kranja-mora-dopolniti-porocilo\\\/\",\"name\":\"Pretep v Vitanju: varnostna slu\u017eba iz Kranja mora dopolniti poro\u010dilo - Novice.si\",\"isPartOf\":{\"@id\":\"https:\\\/\\\/novice.si\\\/page\\\/#website\"},\"primaryImageOfPage\":{\"@id\":\"https:\\\/\\\/novice.si\\\/page\\\/pretep-v-vitanju-varnostna-sluzba-iz-kranja-mora-dopolniti-porocilo\\\/#primaryimage\"},\"image\":{\"@id\":\"https:\\\/\\\/novice.si\\\/page\\\/pretep-v-vitanju-varnostna-sluzba-iz-kranja-mora-dopolniti-porocilo\\\/#primaryimage\"},\"thumbnailUrl\":\"https:\\\/\\\/novice.si\\\/page\\\/wp-content\\\/uploads\\\/2021\\\/03\\\/policijska-postaja-konjice-scaled.jpg\",\"datePublished\":\"2024-05-09T10:40:08+00:00\",\"dateModified\":\"2024-05-13T06:44:47+00:00\",\"breadcrumb\":{\"@id\":\"https:\\\/\\\/novice.si\\\/page\\\/pretep-v-vitanju-varnostna-sluzba-iz-kranja-mora-dopolniti-porocilo\\\/#breadcrumb\"},\"inLanguage\":\"sl-SI\",\"potentialAction\":[{\"@type\":\"ReadAction\",\"target\":[\"https:\\\/\\\/novice.si\\\/page\\\/pretep-v-vitanju-varnostna-sluzba-iz-kranja-mora-dopolniti-porocilo\\\/\"]}]},{\"@type\":\"ImageObject\",\"inLanguage\":\"sl-SI\",\"@id\":\"https:\\\/\\\/novice.si\\\/page\\\/pretep-v-vitanju-varnostna-sluzba-iz-kranja-mora-dopolniti-porocilo\\\/#primaryimage\",\"url\":\"https:\\\/\\\/novice.si\\\/page\\\/wp-content\\\/uploads\\\/2021\\\/03\\\/policijska-postaja-konjice-scaled.jpg\",\"contentUrl\":\"https:\\\/\\\/novice.si\\\/page\\\/wp-content\\\/uploads\\\/2021\\\/03\\\/policijska-postaja-konjice-scaled.jpg\",\"width\":2560,\"height\":1707},{\"@type\":\"BreadcrumbList\",\"@id\":\"https:\\\/\\\/novice.si\\\/page\\\/pretep-v-vitanju-varnostna-sluzba-iz-kranja-mora-dopolniti-porocilo\\\/#breadcrumb\",\"itemListElement\":[{\"@type\":\"ListItem\",\"position\":1,\"name\":\"Home\",\"item\":\"https:\\\/\\\/novice.si\\\/page\\\/\"},{\"@type\":\"ListItem\",\"position\":2,\"name\":\"Pretep v Vitanju: varnostna slu\u017eba iz Kranja mora dopolniti poro\u010dilo\"}]},{\"@type\":\"WebSite\",\"@id\":\"https:\\\/\\\/novice.si\\\/page\\\/#website\",\"url\":\"https:\\\/\\\/novice.si\\\/page\\\/\",\"name\":\"Novice.si\",\"description\":\"\",\"publisher\":{\"@id\":\"https:\\\/\\\/novice.si\\\/page\\\/#organization\"},\"potentialAction\":[{\"@type\":\"SearchAction\",\"target\":{\"@type\":\"EntryPoint\",\"urlTemplate\":\"https:\\\/\\\/novice.si\\\/page\\\/?s={search_term_string}\"},\"query-input\":{\"@type\":\"PropertyValueSpecification\",\"valueRequired\":true,\"valueName\":\"search_term_string\"}}],\"inLanguage\":\"sl-SI\"},{\"@type\":\"Organization\",\"@id\":\"https:\\\/\\\/novice.si\\\/page\\\/#organization\",\"name\":\"Novice.si\",\"url\":\"https:\\\/\\\/novice.si\\\/page\\\/\",\"logo\":{\"@type\":\"ImageObject\",\"inLanguage\":\"sl-SI\",\"@id\":\"https:\\\/\\\/novice.si\\\/page\\\/#\\\/schema\\\/logo\\\/image\\\/\",\"url\":\"https:\\\/\\\/novice.si\\\/page\\\/wp-content\\\/uploads\\\/2023\\\/03\\\/novice_si.png\",\"contentUrl\":\"https:\\\/\\\/novice.si\\\/page\\\/wp-content\\\/uploads\\\/2023\\\/03\\\/novice_si.png\",\"width\":576,\"height\":200,\"caption\":\"Novice.si\"},\"image\":{\"@id\":\"https:\\\/\\\/novice.si\\\/page\\\/#\\\/schema\\\/logo\\\/image\\\/\"}},{\"@type\":\"Person\",\"@id\":\"https:\\\/\\\/novice.si\\\/page\\\/#\\\/schema\\\/person\\\/a877dbb8680d441357ce27663beb35ca\",\"name\":\"Uredni\u0161tvo Novic\",\"image\":{\"@type\":\"ImageObject\",\"inLanguage\":\"sl-SI\",\"@id\":\"https:\\\/\\\/secure.gravatar.com\\\/avatar\\\/f19c0ae874706cc9ba19d2f6da5f74a5a5ee7674f283fed29ce0ad16a9f1893e?s=96&d=mm&r=g\",\"url\":\"https:\\\/\\\/secure.gravatar.com\\\/avatar\\\/f19c0ae874706cc9ba19d2f6da5f74a5a5ee7674f283fed29ce0ad16a9f1893e?s=96&d=mm&r=g\",\"contentUrl\":\"https:\\\/\\\/secure.gravatar.com\\\/avatar\\\/f19c0ae874706cc9ba19d2f6da5f74a5a5ee7674f283fed29ce0ad16a9f1893e?s=96&d=mm&r=g\",\"caption\":\"Uredni\u0161tvo Novic\"},\"url\":\"https:\\\/\\\/novice.si\\\/page\\\/author\\\/jure\\\/\"}]}<\/script>\n<!-- \/ Yoast SEO plugin. -->","yoast_head_json":{"title":"Pretep v Vitanju: varnostna slu\u017eba iz Kranja mora dopolniti poro\u010dilo - Novice.si","robots":{"index":"index","follow":"follow","max-snippet":"max-snippet:-1","max-image-preview":"max-image-preview:large","max-video-preview":"max-video-preview:-1"},"canonical":"https:\/\/novice.si\/page\/pretep-v-vitanju-varnostna-sluzba-iz-kranja-mora-dopolniti-porocilo\/","og_locale":"sl_SI","og_type":"article","og_title":"Pretep v Vitanju: varnostna slu\u017eba iz Kranja mora dopolniti poro\u010dilo - Novice.si","og_description":"Pretep v no\u010di na nedeljo na prireditvi Majsko Vitanje \u0161e ni dobil dokon\u010dnega epiloga. Predvsem ali je bila uporaba sile varnostnikov \u2013 za varnost je skrbela varnostna slu\u017eba UNI7 iz Kranja, upravi\u010dena, \u0161e ni znano. Na\u010delnik Policijske postaje Slovenske Konjice Robert Vipotnik Sirc je za NOVICE in Radio Rogla povedal, da jim je varnostna slu\u017eba [&hellip;]","og_url":"https:\/\/novice.si\/page\/pretep-v-vitanju-varnostna-sluzba-iz-kranja-mora-dopolniti-porocilo\/","og_site_name":"Novice.si","article_published_time":"2024-05-09T10:40:08+00:00","article_modified_time":"2024-05-13T06:44:47+00:00","og_image":[{"width":2560,"height":1707,"url":"https:\/\/novice.si\/page\/wp-content\/uploads\/2021\/03\/policijska-postaja-konjice-scaled.jpg","type":"image\/jpeg"}],"author":"Uredni\u0161tvo Novic","twitter_card":"summary_large_image","twitter_misc":{"Written by":"Uredni\u0161tvo Novic","Est. reading time":"1 minuta"},"schema":{"@context":"https:\/\/schema.org","@graph":[{"@type":"Article","@id":"https:\/\/novice.si\/page\/pretep-v-vitanju-varnostna-sluzba-iz-kranja-mora-dopolniti-porocilo\/#article","isPartOf":{"@id":"https:\/\/novice.si\/page\/pretep-v-vitanju-varnostna-sluzba-iz-kranja-mora-dopolniti-porocilo\/"},"author":{"name":"Uredni\u0161tvo Novic","@id":"https:\/\/novice.si\/page\/#\/schema\/person\/a877dbb8680d441357ce27663beb35ca"},"headline":"Pretep v Vitanju: varnostna slu\u017eba iz Kranja mora dopolniti poro\u010dilo","datePublished":"2024-05-09T10:40:08+00:00","dateModified":"2024-05-13T06:44:47+00:00","mainEntityOfPage":{"@id":"https:\/\/novice.si\/page\/pretep-v-vitanju-varnostna-sluzba-iz-kranja-mora-dopolniti-porocilo\/"},"wordCount":127,"publisher":{"@id":"https:\/\/novice.si\/page\/#organization"},"image":{"@id":"https:\/\/novice.si\/page\/pretep-v-vitanju-varnostna-sluzba-iz-kranja-mora-dopolniti-porocilo\/#primaryimage"},"thumbnailUrl":"https:\/\/novice.si\/page\/wp-content\/uploads\/2021\/03\/policijska-postaja-konjice-scaled.jpg","keywords":["pretep Vitanje"],"articleSection":["Aktualno","Kronika"],"inLanguage":"sl-SI"},{"@type":"WebPage","@id":"https:\/\/novice.si\/page\/pretep-v-vitanju-varnostna-sluzba-iz-kranja-mora-dopolniti-porocilo\/","url":"https:\/\/novice.si\/page\/pretep-v-vitanju-varnostna-sluzba-iz-kranja-mora-dopolniti-porocilo\/","name":"Pretep v Vitanju: varnostna slu\u017eba iz Kranja mora dopolniti poro\u010dilo - Novice.si","isPartOf":{"@id":"https:\/\/novice.si\/page\/#website"},"primaryImageOfPage":{"@id":"https:\/\/novice.si\/page\/pretep-v-vitanju-varnostna-sluzba-iz-kranja-mora-dopolniti-porocilo\/#primaryimage"},"image":{"@id":"https:\/\/novice.si\/page\/pretep-v-vitanju-varnostna-sluzba-iz-kranja-mora-dopolniti-porocilo\/#primaryimage"},"thumbnailUrl":"https:\/\/novice.si\/page\/wp-content\/uploads\/2021\/03\/policijska-postaja-konjice-scaled.jpg","datePublished":"2024-05-09T10:40:08+00:00","dateModified":"2024-05-13T06:44:47+00:00","breadcrumb":{"@id":"https:\/\/novice.si\/page\/pretep-v-vitanju-varnostna-sluzba-iz-kranja-mora-dopolniti-porocilo\/#breadcrumb"},"inLanguage":"sl-SI","potentialAction":[{"@type":"ReadAction","target":["https:\/\/novice.si\/page\/pretep-v-vitanju-varnostna-sluzba-iz-kranja-mora-dopolniti-porocilo\/"]}]},{"@type":"ImageObject","inLanguage":"sl-SI","@id":"https:\/\/novice.si\/page\/pretep-v-vitanju-varnostna-sluzba-iz-kranja-mora-dopolniti-porocilo\/#primaryimage","url":"https:\/\/novice.si\/page\/wp-content\/uploads\/2021\/03\/policijska-postaja-konjice-scaled.jpg","contentUrl":"https:\/\/novice.si\/page\/wp-content\/uploads\/2021\/03\/policijska-postaja-konjice-scaled.jpg","width":2560,"height":1707},{"@type":"BreadcrumbList","@id":"https:\/\/novice.si\/page\/pretep-v-vitanju-varnostna-sluzba-iz-kranja-mora-dopolniti-porocilo\/#breadcrumb","itemListElement":[{"@type":"ListItem","position":1,"name":"Home","item":"https:\/\/novice.si\/page\/"},{"@type":"ListItem","position":2,"name":"Pretep v Vitanju: varnostna slu\u017eba iz Kranja mora dopolniti poro\u010dilo"}]},{"@type":"WebSite","@id":"https:\/\/novice.si\/page\/#website","url":"https:\/\/novice.si\/page\/","name":"Novice.si","description":"","publisher":{"@id":"https:\/\/novice.si\/page\/#organization"},"potentialAction":[{"@type":"SearchAction","target":{"@type":"EntryPoint","urlTemplate":"https:\/\/novice.si\/page\/?s={search_term_string}"},"query-input":{"@type":"PropertyValueSpecification","valueRequired":true,"valueName":"search_term_string"}}],"inLanguage":"sl-SI"},{"@type":"Organization","@id":"https:\/\/novice.si\/page\/#organization","name":"Novice.si","url":"https:\/\/novice.si\/page\/","logo":{"@type":"ImageObject","inLanguage":"sl-SI","@id":"https:\/\/novice.si\/page\/#\/schema\/logo\/image\/","url":"https:\/\/novice.si\/page\/wp-content\/uploads\/2023\/03\/novice_si.png","contentUrl":"https:\/\/novice.si\/page\/wp-content\/uploads\/2023\/03\/novice_si.png","width":576,"height":200,"caption":"Novice.si"},"image":{"@id":"https:\/\/novice.si\/page\/#\/schema\/logo\/image\/"}},{"@type":"Person","@id":"https:\/\/novice.si\/page\/#\/schema\/person\/a877dbb8680d441357ce27663beb35ca","name":"Uredni\u0161tvo Novic","image":{"@type":"ImageObject","inLanguage":"sl-SI","@id":"https:\/\/secure.gravatar.com\/avatar\/f19c0ae874706cc9ba19d2f6da5f74a5a5ee7674f283fed29ce0ad16a9f1893e?s=96&d=mm&r=g","url":"https:\/\/secure.gravatar.com\/avatar\/f19c0ae874706cc9ba19d2f6da5f74a5a5ee7674f283fed29ce0ad16a9f1893e?s=96&d=mm&r=g","contentUrl":"https:\/\/secure.gravatar.com\/avatar\/f19c0ae874706cc9ba19d2f6da5f74a5a5ee7674f283fed29ce0ad16a9f1893e?s=96&d=mm&r=g","caption":"Uredni\u0161tvo Novic"},"url":"https:\/\/novice.si\/page\/author\/jure\/"}]}},"_links":{"self":[{"href":"https:\/\/novice.si\/page\/wp-json\/wp\/v2\/posts\/174696","targetHints":{"allow":["GET"]}}],"collection":[{"href":"https:\/\/novice.si\/page\/wp-json\/wp\/v2\/posts"}],"about":[{"href":"https:\/\/novice.si\/page\/wp-json\/wp\/v2\/types\/post"}],"author":[{"embeddable":true,"href":"https:\/\/novice.si\/page\/wp-json\/wp\/v2\/users\/7"}],"replies":[{"embeddable":true,"href":"https:\/\/novice.si\/page\/wp-json\/wp\/v2\/comments?post=174696"}],"version-history":[{"count":1,"href":"https:\/\/novice.si\/page\/wp-json\/wp\/v2\/posts\/174696\/revisions"}],"predecessor-version":[{"id":174697,"href":"https:\/\/novice.si\/page\/wp-json\/wp\/v2\/posts\/174696\/revisions\/174697"}],"wp:featuredmedia":[{"embeddable":true,"href":"https:\/\/novice.si\/page\/wp-json\/wp\/v2\/media\/137195"}],"wp:attachment":[{"href":"https:\/\/novice.si\/page\/wp-json\/wp\/v2\/media?parent=174696"}],"wp:term":[{"taxonomy":"category","embeddable":true,"href":"https:\/\/novice.si\/page\/wp-json\/wp\/v2\/categories?post=174696"},{"taxonomy":"post_tag","embeddable":true,"href":"https:\/\/novice.si\/page\/wp-json\/wp\/v2\/tags?post=174696"}],"curies":[{"name":"wp","href":"https:\/\/api.w.org\/{rel}","templated":true}]}}