{"id":174653,"date":"2024-05-10T16:19:49","date_gmt":"2024-05-10T14:19:49","guid":{"rendered":"https:\/\/novice.si\/page\/?p=174653"},"modified":"2024-05-10T16:19:49","modified_gmt":"2024-05-10T14:19:49","slug":"vojnik-sarlahova-postala-uciteljica-leta","status":"publish","type":"post","link":"https:\/\/novice.si\/page\/vojnik-sarlahova-postala-uciteljica-leta\/","title":{"rendered":"VOJNIK \u0160arlahova postala u\u010diteljica leta"},"content":{"rendered":"<p><strong><img loading=\"lazy\" decoding=\"async\" class=\" wp-image-174654 alignleft\" src=\"https:\/\/novice.si\/page\/wp-content\/uploads\/2024\/05\/simona-sarlah1-543x600.jpg\" alt=\"\" width=\"276\" height=\"305\" srcset=\"https:\/\/novice.si\/page\/wp-content\/uploads\/2024\/05\/simona-sarlah1-543x600.jpg 543w, https:\/\/novice.si\/page\/wp-content\/uploads\/2024\/05\/simona-sarlah1-927x1024.jpg 927w, https:\/\/novice.si\/page\/wp-content\/uploads\/2024\/05\/simona-sarlah1-768x849.jpg 768w, https:\/\/novice.si\/page\/wp-content\/uploads\/2024\/05\/simona-sarlah1-380x420.jpg 380w, https:\/\/novice.si\/page\/wp-content\/uploads\/2024\/05\/simona-sarlah1-696x769.jpg 696w, https:\/\/novice.si\/page\/wp-content\/uploads\/2024\/05\/simona-sarlah1-1068x1180.jpg 1068w, https:\/\/novice.si\/page\/wp-content\/uploads\/2024\/05\/simona-sarlah1-22x24.jpg 22w, https:\/\/novice.si\/page\/wp-content\/uploads\/2024\/05\/simona-sarlah1-33x36.jpg 33w, https:\/\/novice.si\/page\/wp-content\/uploads\/2024\/05\/simona-sarlah1-43x48.jpg 43w, https:\/\/novice.si\/page\/wp-content\/uploads\/2024\/05\/simona-sarlah1.jpg 1200w\" sizes=\"auto, (max-width: 276px) 100vw, 276px\" \/>Simona \u0160arlah<\/strong>, u\u010diteljica na Osnovni \u0161oli Vojnik, je postala u\u010diteljica leta 2024.<\/p>\n<p>Izbor so opravili v okviru iniciative \u00bbU\u010ditelj sem, u\u010diteljica sem!\u00ab, ki jo vodi ameri\u0161ka gospodarska zbornica v Sloveniji.<\/p>\n<p>\u0160arlahova pou\u010duje nem\u0161ki jezik ter dr\u017eavljansko in domovinsko kulturo ter etiko in filozofijo. Pri svojem delu prisega na dobre odnose, motivacijo in vzajemno spo\u0161tovanje.<\/p>\n<p>Na\u0161o dr\u017eavo bo prihodnje leto zastopala na svetovnem izboru u\u010diteljev.<\/p>\n<p>P\u0160<\/p>\n<p>&nbsp;<\/p>\n","protected":false},"excerpt":{"rendered":"<p>Simona \u0160arlah, u\u010diteljica na Osnovni \u0161oli Vojnik, je postala u\u010diteljica leta 2024. Izbor so opravili v okviru iniciative \u00bbU\u010ditelj sem, u\u010diteljica sem!\u00ab, ki jo vodi ameri\u0161ka gospodarska zbornica v Sloveniji. \u0160arlahova pou\u010duje nem\u0161ki jezik ter dr\u017eavljansko in domovinsko kulturo ter etiko in filozofijo. Pri svojem delu prisega na dobre odnose, motivacijo in vzajemno spo\u0161tovanje. Na\u0161o [&hellip;]<\/p>\n","protected":false},"author":33,"featured_media":174654,"comment_status":"closed","ping_status":"closed","sticky":false,"template":"","format":"standard","meta":{"footnotes":""},"categories":[17],"tags":[18107,20485,20484,20486],"class_list":{"0":"post-174653","1":"post","2":"type-post","3":"status-publish","4":"format-standard","5":"has-post-thumbnail","7":"category-celjsko","8":"tag-ameriska-gospodarska-zbornica-slovenije","9":"tag-os-vojni","10":"tag-simona-sarlah","11":"tag-uciteljica-leta"},"yoast_head":"<!-- This site is optimized with the Yoast SEO plugin v27.4 - https:\/\/yoast.com\/product\/yoast-seo-wordpress\/ -->\n<title>VOJNIK \u0160arlahova postala u\u010diteljica leta - Novice.si<\/title>\n<meta name=\"robots\" content=\"index, follow, max-snippet:-1, max-image-preview:large, max-video-preview:-1\" \/>\n<link rel=\"canonical\" href=\"https:\/\/novice.si\/page\/vojnik-sarlahova-postala-uciteljica-leta\/\" \/>\n<meta property=\"og:locale\" content=\"sl_SI\" \/>\n<meta property=\"og:type\" content=\"article\" \/>\n<meta property=\"og:title\" content=\"VOJNIK \u0160arlahova postala u\u010diteljica leta - Novice.si\" \/>\n<meta property=\"og:description\" content=\"Simona \u0160arlah, u\u010diteljica na Osnovni \u0161oli Vojnik, je postala u\u010diteljica leta 2024. Izbor so opravili v okviru iniciative \u00bbU\u010ditelj sem, u\u010diteljica sem!\u00ab, ki jo vodi ameri\u0161ka gospodarska zbornica v Sloveniji. \u0160arlahova pou\u010duje nem\u0161ki jezik ter dr\u017eavljansko in domovinsko kulturo ter etiko in filozofijo. Pri svojem delu prisega na dobre odnose, motivacijo in vzajemno spo\u0161tovanje. Na\u0161o [&hellip;]\" \/>\n<meta property=\"og:url\" content=\"https:\/\/novice.si\/page\/vojnik-sarlahova-postala-uciteljica-leta\/\" \/>\n<meta property=\"og:site_name\" content=\"Novice.si\" \/>\n<meta property=\"article:published_time\" content=\"2024-05-10T14:19:49+00:00\" \/>\n<meta property=\"og:image\" content=\"https:\/\/novice.si\/page\/wp-content\/uploads\/2024\/05\/simona-sarlah1.jpg\" \/>\n\t<meta property=\"og:image:width\" content=\"1200\" \/>\n\t<meta property=\"og:image:height\" content=\"1326\" \/>\n\t<meta property=\"og:image:type\" content=\"image\/jpeg\" \/>\n<meta name=\"author\" content=\"Uredni\u0161tvo Celjana\" \/>\n<meta name=\"twitter:card\" content=\"summary_large_image\" \/>\n<meta name=\"twitter:label1\" content=\"Written by\" \/>\n\t<meta name=\"twitter:data1\" content=\"Uredni\u0161tvo Celjana\" \/>\n\t<meta name=\"twitter:label2\" content=\"Est. reading time\" \/>\n\t<meta name=\"twitter:data2\" content=\"1 minuta\" \/>\n<script type=\"application\/ld+json\" class=\"yoast-schema-graph\">{\"@context\":\"https:\\\/\\\/schema.org\",\"@graph\":[{\"@type\":\"Article\",\"@id\":\"https:\\\/\\\/novice.si\\\/page\\\/vojnik-sarlahova-postala-uciteljica-leta\\\/#article\",\"isPartOf\":{\"@id\":\"https:\\\/\\\/novice.si\\\/page\\\/vojnik-sarlahova-postala-uciteljica-leta\\\/\"},\"author\":{\"name\":\"Uredni\u0161tvo Celjana\",\"@id\":\"https:\\\/\\\/novice.si\\\/page\\\/#\\\/schema\\\/person\\\/57f25c9642a9541c7349c65d32032c3e\"},\"headline\":\"VOJNIK \u0160arlahova postala u\u010diteljica leta\",\"datePublished\":\"2024-05-10T14:19:49+00:00\",\"mainEntityOfPage\":{\"@id\":\"https:\\\/\\\/novice.si\\\/page\\\/vojnik-sarlahova-postala-uciteljica-leta\\\/\"},\"wordCount\":83,\"publisher\":{\"@id\":\"https:\\\/\\\/novice.si\\\/page\\\/#organization\"},\"image\":{\"@id\":\"https:\\\/\\\/novice.si\\\/page\\\/vojnik-sarlahova-postala-uciteljica-leta\\\/#primaryimage\"},\"thumbnailUrl\":\"https:\\\/\\\/novice.si\\\/page\\\/wp-content\\\/uploads\\\/2024\\\/05\\\/simona-sarlah1.jpg\",\"keywords\":[\"ameri\u0161ka gospodarska zbornica slovenije\",\"O\u0160 Vojni\",\"Simona \u0160arlah\",\"u\u010diteljica leta\"],\"articleSection\":[\"Celjsko\"],\"inLanguage\":\"sl-SI\"},{\"@type\":\"WebPage\",\"@id\":\"https:\\\/\\\/novice.si\\\/page\\\/vojnik-sarlahova-postala-uciteljica-leta\\\/\",\"url\":\"https:\\\/\\\/novice.si\\\/page\\\/vojnik-sarlahova-postala-uciteljica-leta\\\/\",\"name\":\"VOJNIK \u0160arlahova postala u\u010diteljica leta - Novice.si\",\"isPartOf\":{\"@id\":\"https:\\\/\\\/novice.si\\\/page\\\/#website\"},\"primaryImageOfPage\":{\"@id\":\"https:\\\/\\\/novice.si\\\/page\\\/vojnik-sarlahova-postala-uciteljica-leta\\\/#primaryimage\"},\"image\":{\"@id\":\"https:\\\/\\\/novice.si\\\/page\\\/vojnik-sarlahova-postala-uciteljica-leta\\\/#primaryimage\"},\"thumbnailUrl\":\"https:\\\/\\\/novice.si\\\/page\\\/wp-content\\\/uploads\\\/2024\\\/05\\\/simona-sarlah1.jpg\",\"datePublished\":\"2024-05-10T14:19:49+00:00\",\"breadcrumb\":{\"@id\":\"https:\\\/\\\/novice.si\\\/page\\\/vojnik-sarlahova-postala-uciteljica-leta\\\/#breadcrumb\"},\"inLanguage\":\"sl-SI\",\"potentialAction\":[{\"@type\":\"ReadAction\",\"target\":[\"https:\\\/\\\/novice.si\\\/page\\\/vojnik-sarlahova-postala-uciteljica-leta\\\/\"]}]},{\"@type\":\"ImageObject\",\"inLanguage\":\"sl-SI\",\"@id\":\"https:\\\/\\\/novice.si\\\/page\\\/vojnik-sarlahova-postala-uciteljica-leta\\\/#primaryimage\",\"url\":\"https:\\\/\\\/novice.si\\\/page\\\/wp-content\\\/uploads\\\/2024\\\/05\\\/simona-sarlah1.jpg\",\"contentUrl\":\"https:\\\/\\\/novice.si\\\/page\\\/wp-content\\\/uploads\\\/2024\\\/05\\\/simona-sarlah1.jpg\",\"width\":1200,\"height\":1326},{\"@type\":\"BreadcrumbList\",\"@id\":\"https:\\\/\\\/novice.si\\\/page\\\/vojnik-sarlahova-postala-uciteljica-leta\\\/#breadcrumb\",\"itemListElement\":[{\"@type\":\"ListItem\",\"position\":1,\"name\":\"Home\",\"item\":\"https:\\\/\\\/novice.si\\\/page\\\/\"},{\"@type\":\"ListItem\",\"position\":2,\"name\":\"VOJNIK \u0160arlahova postala u\u010diteljica leta\"}]},{\"@type\":\"WebSite\",\"@id\":\"https:\\\/\\\/novice.si\\\/page\\\/#website\",\"url\":\"https:\\\/\\\/novice.si\\\/page\\\/\",\"name\":\"Novice.si\",\"description\":\"\",\"publisher\":{\"@id\":\"https:\\\/\\\/novice.si\\\/page\\\/#organization\"},\"potentialAction\":[{\"@type\":\"SearchAction\",\"target\":{\"@type\":\"EntryPoint\",\"urlTemplate\":\"https:\\\/\\\/novice.si\\\/page\\\/?s={search_term_string}\"},\"query-input\":{\"@type\":\"PropertyValueSpecification\",\"valueRequired\":true,\"valueName\":\"search_term_string\"}}],\"inLanguage\":\"sl-SI\"},{\"@type\":\"Organization\",\"@id\":\"https:\\\/\\\/novice.si\\\/page\\\/#organization\",\"name\":\"Novice.si\",\"url\":\"https:\\\/\\\/novice.si\\\/page\\\/\",\"logo\":{\"@type\":\"ImageObject\",\"inLanguage\":\"sl-SI\",\"@id\":\"https:\\\/\\\/novice.si\\\/page\\\/#\\\/schema\\\/logo\\\/image\\\/\",\"url\":\"https:\\\/\\\/novice.si\\\/page\\\/wp-content\\\/uploads\\\/2023\\\/03\\\/novice_si.png\",\"contentUrl\":\"https:\\\/\\\/novice.si\\\/page\\\/wp-content\\\/uploads\\\/2023\\\/03\\\/novice_si.png\",\"width\":576,\"height\":200,\"caption\":\"Novice.si\"},\"image\":{\"@id\":\"https:\\\/\\\/novice.si\\\/page\\\/#\\\/schema\\\/logo\\\/image\\\/\"}},{\"@type\":\"Person\",\"@id\":\"https:\\\/\\\/novice.si\\\/page\\\/#\\\/schema\\\/person\\\/57f25c9642a9541c7349c65d32032c3e\",\"name\":\"Uredni\u0161tvo Celjana\",\"image\":{\"@type\":\"ImageObject\",\"inLanguage\":\"sl-SI\",\"@id\":\"https:\\\/\\\/secure.gravatar.com\\\/avatar\\\/78e52bc4279b65f6df6345e0ef0f7b792d361361f230cf4ffecfe0afe6d5629c?s=96&d=mm&r=g\",\"url\":\"https:\\\/\\\/secure.gravatar.com\\\/avatar\\\/78e52bc4279b65f6df6345e0ef0f7b792d361361f230cf4ffecfe0afe6d5629c?s=96&d=mm&r=g\",\"contentUrl\":\"https:\\\/\\\/secure.gravatar.com\\\/avatar\\\/78e52bc4279b65f6df6345e0ef0f7b792d361361f230cf4ffecfe0afe6d5629c?s=96&d=mm&r=g\",\"caption\":\"Uredni\u0161tvo Celjana\"},\"url\":\"https:\\\/\\\/novice.si\\\/page\\\/author\\\/primoz\\\/\"}]}<\/script>\n<!-- \/ Yoast SEO plugin. -->","yoast_head_json":{"title":"VOJNIK \u0160arlahova postala u\u010diteljica leta - Novice.si","robots":{"index":"index","follow":"follow","max-snippet":"max-snippet:-1","max-image-preview":"max-image-preview:large","max-video-preview":"max-video-preview:-1"},"canonical":"https:\/\/novice.si\/page\/vojnik-sarlahova-postala-uciteljica-leta\/","og_locale":"sl_SI","og_type":"article","og_title":"VOJNIK \u0160arlahova postala u\u010diteljica leta - Novice.si","og_description":"Simona \u0160arlah, u\u010diteljica na Osnovni \u0161oli Vojnik, je postala u\u010diteljica leta 2024. Izbor so opravili v okviru iniciative \u00bbU\u010ditelj sem, u\u010diteljica sem!\u00ab, ki jo vodi ameri\u0161ka gospodarska zbornica v Sloveniji. \u0160arlahova pou\u010duje nem\u0161ki jezik ter dr\u017eavljansko in domovinsko kulturo ter etiko in filozofijo. Pri svojem delu prisega na dobre odnose, motivacijo in vzajemno spo\u0161tovanje. Na\u0161o [&hellip;]","og_url":"https:\/\/novice.si\/page\/vojnik-sarlahova-postala-uciteljica-leta\/","og_site_name":"Novice.si","article_published_time":"2024-05-10T14:19:49+00:00","og_image":[{"width":1200,"height":1326,"url":"https:\/\/novice.si\/page\/wp-content\/uploads\/2024\/05\/simona-sarlah1.jpg","type":"image\/jpeg"}],"author":"Uredni\u0161tvo Celjana","twitter_card":"summary_large_image","twitter_misc":{"Written by":"Uredni\u0161tvo Celjana","Est. reading time":"1 minuta"},"schema":{"@context":"https:\/\/schema.org","@graph":[{"@type":"Article","@id":"https:\/\/novice.si\/page\/vojnik-sarlahova-postala-uciteljica-leta\/#article","isPartOf":{"@id":"https:\/\/novice.si\/page\/vojnik-sarlahova-postala-uciteljica-leta\/"},"author":{"name":"Uredni\u0161tvo Celjana","@id":"https:\/\/novice.si\/page\/#\/schema\/person\/57f25c9642a9541c7349c65d32032c3e"},"headline":"VOJNIK \u0160arlahova postala u\u010diteljica leta","datePublished":"2024-05-10T14:19:49+00:00","mainEntityOfPage":{"@id":"https:\/\/novice.si\/page\/vojnik-sarlahova-postala-uciteljica-leta\/"},"wordCount":83,"publisher":{"@id":"https:\/\/novice.si\/page\/#organization"},"image":{"@id":"https:\/\/novice.si\/page\/vojnik-sarlahova-postala-uciteljica-leta\/#primaryimage"},"thumbnailUrl":"https:\/\/novice.si\/page\/wp-content\/uploads\/2024\/05\/simona-sarlah1.jpg","keywords":["ameri\u0161ka gospodarska zbornica slovenije","O\u0160 Vojni","Simona \u0160arlah","u\u010diteljica leta"],"articleSection":["Celjsko"],"inLanguage":"sl-SI"},{"@type":"WebPage","@id":"https:\/\/novice.si\/page\/vojnik-sarlahova-postala-uciteljica-leta\/","url":"https:\/\/novice.si\/page\/vojnik-sarlahova-postala-uciteljica-leta\/","name":"VOJNIK \u0160arlahova postala u\u010diteljica leta - Novice.si","isPartOf":{"@id":"https:\/\/novice.si\/page\/#website"},"primaryImageOfPage":{"@id":"https:\/\/novice.si\/page\/vojnik-sarlahova-postala-uciteljica-leta\/#primaryimage"},"image":{"@id":"https:\/\/novice.si\/page\/vojnik-sarlahova-postala-uciteljica-leta\/#primaryimage"},"thumbnailUrl":"https:\/\/novice.si\/page\/wp-content\/uploads\/2024\/05\/simona-sarlah1.jpg","datePublished":"2024-05-10T14:19:49+00:00","breadcrumb":{"@id":"https:\/\/novice.si\/page\/vojnik-sarlahova-postala-uciteljica-leta\/#breadcrumb"},"inLanguage":"sl-SI","potentialAction":[{"@type":"ReadAction","target":["https:\/\/novice.si\/page\/vojnik-sarlahova-postala-uciteljica-leta\/"]}]},{"@type":"ImageObject","inLanguage":"sl-SI","@id":"https:\/\/novice.si\/page\/vojnik-sarlahova-postala-uciteljica-leta\/#primaryimage","url":"https:\/\/novice.si\/page\/wp-content\/uploads\/2024\/05\/simona-sarlah1.jpg","contentUrl":"https:\/\/novice.si\/page\/wp-content\/uploads\/2024\/05\/simona-sarlah1.jpg","width":1200,"height":1326},{"@type":"BreadcrumbList","@id":"https:\/\/novice.si\/page\/vojnik-sarlahova-postala-uciteljica-leta\/#breadcrumb","itemListElement":[{"@type":"ListItem","position":1,"name":"Home","item":"https:\/\/novice.si\/page\/"},{"@type":"ListItem","position":2,"name":"VOJNIK \u0160arlahova postala u\u010diteljica leta"}]},{"@type":"WebSite","@id":"https:\/\/novice.si\/page\/#website","url":"https:\/\/novice.si\/page\/","name":"Novice.si","description":"","publisher":{"@id":"https:\/\/novice.si\/page\/#organization"},"potentialAction":[{"@type":"SearchAction","target":{"@type":"EntryPoint","urlTemplate":"https:\/\/novice.si\/page\/?s={search_term_string}"},"query-input":{"@type":"PropertyValueSpecification","valueRequired":true,"valueName":"search_term_string"}}],"inLanguage":"sl-SI"},{"@type":"Organization","@id":"https:\/\/novice.si\/page\/#organization","name":"Novice.si","url":"https:\/\/novice.si\/page\/","logo":{"@type":"ImageObject","inLanguage":"sl-SI","@id":"https:\/\/novice.si\/page\/#\/schema\/logo\/image\/","url":"https:\/\/novice.si\/page\/wp-content\/uploads\/2023\/03\/novice_si.png","contentUrl":"https:\/\/novice.si\/page\/wp-content\/uploads\/2023\/03\/novice_si.png","width":576,"height":200,"caption":"Novice.si"},"image":{"@id":"https:\/\/novice.si\/page\/#\/schema\/logo\/image\/"}},{"@type":"Person","@id":"https:\/\/novice.si\/page\/#\/schema\/person\/57f25c9642a9541c7349c65d32032c3e","name":"Uredni\u0161tvo Celjana","image":{"@type":"ImageObject","inLanguage":"sl-SI","@id":"https:\/\/secure.gravatar.com\/avatar\/78e52bc4279b65f6df6345e0ef0f7b792d361361f230cf4ffecfe0afe6d5629c?s=96&d=mm&r=g","url":"https:\/\/secure.gravatar.com\/avatar\/78e52bc4279b65f6df6345e0ef0f7b792d361361f230cf4ffecfe0afe6d5629c?s=96&d=mm&r=g","contentUrl":"https:\/\/secure.gravatar.com\/avatar\/78e52bc4279b65f6df6345e0ef0f7b792d361361f230cf4ffecfe0afe6d5629c?s=96&d=mm&r=g","caption":"Uredni\u0161tvo Celjana"},"url":"https:\/\/novice.si\/page\/author\/primoz\/"}]}},"_links":{"self":[{"href":"https:\/\/novice.si\/page\/wp-json\/wp\/v2\/posts\/174653","targetHints":{"allow":["GET"]}}],"collection":[{"href":"https:\/\/novice.si\/page\/wp-json\/wp\/v2\/posts"}],"about":[{"href":"https:\/\/novice.si\/page\/wp-json\/wp\/v2\/types\/post"}],"author":[{"embeddable":true,"href":"https:\/\/novice.si\/page\/wp-json\/wp\/v2\/users\/33"}],"replies":[{"embeddable":true,"href":"https:\/\/novice.si\/page\/wp-json\/wp\/v2\/comments?post=174653"}],"version-history":[{"count":1,"href":"https:\/\/novice.si\/page\/wp-json\/wp\/v2\/posts\/174653\/revisions"}],"predecessor-version":[{"id":174655,"href":"https:\/\/novice.si\/page\/wp-json\/wp\/v2\/posts\/174653\/revisions\/174655"}],"wp:featuredmedia":[{"embeddable":true,"href":"https:\/\/novice.si\/page\/wp-json\/wp\/v2\/media\/174654"}],"wp:attachment":[{"href":"https:\/\/novice.si\/page\/wp-json\/wp\/v2\/media?parent=174653"}],"wp:term":[{"taxonomy":"category","embeddable":true,"href":"https:\/\/novice.si\/page\/wp-json\/wp\/v2\/categories?post=174653"},{"taxonomy":"post_tag","embeddable":true,"href":"https:\/\/novice.si\/page\/wp-json\/wp\/v2\/tags?post=174653"}],"curies":[{"name":"wp","href":"https:\/\/api.w.org\/{rel}","templated":true}]}}