{"id":174605,"date":"2024-05-08T19:50:35","date_gmt":"2024-05-08T17:50:35","guid":{"rendered":"https:\/\/novice.si\/page\/?p=174605"},"modified":"2024-05-08T19:50:35","modified_gmt":"2024-05-08T17:50:35","slug":"glovo-odhaja-iz-celja-in-slovenije","status":"publish","type":"post","link":"https:\/\/novice.si\/page\/glovo-odhaja-iz-celja-in-slovenije\/","title":{"rendered":"Glovo odhaja iz Celja in Slovenije"},"content":{"rendered":"<p><em><strong><img loading=\"lazy\" decoding=\"async\" class=\" wp-image-174606 alignright\" src=\"https:\/\/novice.si\/page\/wp-content\/uploads\/2024\/05\/Posel-glovo-odhaja-iz-Celja-1a-600x454.webp\" alt=\"\" width=\"488\" height=\"369\" srcset=\"https:\/\/novice.si\/page\/wp-content\/uploads\/2024\/05\/Posel-glovo-odhaja-iz-Celja-1a-600x454.webp 600w, https:\/\/novice.si\/page\/wp-content\/uploads\/2024\/05\/Posel-glovo-odhaja-iz-Celja-1a-555x420.webp 555w, https:\/\/novice.si\/page\/wp-content\/uploads\/2024\/05\/Posel-glovo-odhaja-iz-Celja-1a-80x60.webp 80w, https:\/\/novice.si\/page\/wp-content\/uploads\/2024\/05\/Posel-glovo-odhaja-iz-Celja-1a-24x18.webp 24w, https:\/\/novice.si\/page\/wp-content\/uploads\/2024\/05\/Posel-glovo-odhaja-iz-Celja-1a-36x27.webp 36w, https:\/\/novice.si\/page\/wp-content\/uploads\/2024\/05\/Posel-glovo-odhaja-iz-Celja-1a-48x36.webp 48w, https:\/\/novice.si\/page\/wp-content\/uploads\/2024\/05\/Posel-glovo-odhaja-iz-Celja-1a.webp 612w\" sizes=\"auto, (max-width: 488px) 100vw, 488px\" \/>Dostava hrane.<\/strong> V Celju in drugod po dr\u017eavi bo Glovo dostavljal le \u0161e do 10. maja.<\/em><\/p>\n<p><em><strong>Odpravnine. <\/strong>V Glovu Slovenija je zaposlenih 19 oseb, za vse bodo zagotovili odpravnine nad zakonsko predpisanim minimumom.<\/em><\/p>\n<p>Glovo, eden izmed vodilnih ponudnikov dostave hrane in drugih izdelkov na dom, bo svoje storitve v Celju in Sloveniji prenehal nuditi 10. maja ob 22. uri zve\u010der. \u0160panski dostavljalec tako po slabih treh letih zapu\u0161\u010da slovenski trg. V kne\u017ejem mestu bo za dostavo hrane in drugih izdelkov ostalo le \u0161e konkuren\u010dno podjetje Wolt.<\/p>\n<p><strong>Odlo\u010ditev za slovo<\/strong><\/p>\n<p>Na Glovu so ob odlo\u010ditvi za zaprtje na slovenskem trgu zapisali: \u00bbPo temeljitem premisleku smo sprejeli odlo\u010ditev, da zaklju\u010dimo z delovanjem v Sloveniji. V prihodnje bo podjetje Glovo svoje nalo\u017ebe usmerilo v krepitev svojega polo\u017eaja v 23 dr\u017eavah, v katerih deluje, kar nam bo omogo\u010dilo bolj\u0161e storitve za milijone strank, ki dnevno uporabljajo aplikacijo Glovo,\u00ab so zapisali v sporo\u010dilu za javnost. <strong>Ana Fraile<\/strong>, generalna direktorica dru\u017ebe Glovo Slovenija, se je ob tem zahvalila vsem strankam, partnerjem in dostavljavcem. Vsi so bili o njihovi odlo\u010ditvi o zaprtju ustrezno obve\u0161\u010deni, za vse dele\u017enike pa bodo v naslednjih dneh zagotovili \u010dim bolj gladek postopek prenehanja, do konca meseca bo na voljo \u0161e slu\u017eba za pomo\u010d kupcem.<\/p>\n<p><strong>Zgodba Glova v Sloveniji<\/strong><\/p>\n<p>Spomnimo, \u0161pansko podjetje Glovo je leta 2021 v Sloveniji kupilo enega najve\u010djih ponudnikov dostave hrane na dom pri nas, Ehrano. Glovo deluje v Evropi in Afriki. Podjetje je znano predvsem po tem, da ne dostavlja samo hrane, ampak tudi ostale izdelke. Aplikacija povezuje uporabnike z restavracijami, trgovskimi verigami, lekarnami in maloprodajnimi trgovinami, vklju\u010duje pa tudi kategorijo razno, ki uporabnikom omogo\u010da, da naro\u010dijo, kar \u017eelijo.<\/p>\n<p>Po podatkih iz Ajpesa je podjetje Glovoapp SI v prvem letu po prihodu v Slovenijo imelo 3,8 milijona evrov prihodkov in 2,4 milijona evrov izgube. V letu 2022 podatki Ajpesa ka\u017eejo, da so se tako prihodki kot tudi izguba podjetja \u0161e pove\u010dali: prihodki so narasli na 4,3 milijona evrov, medtem ko se je izguba povzpela na 3,2 milijona evrov. Lani je Glovo v Sloveniji zaklju\u010dil s 3,7 milijona evrov prihodkov in 2,2 milijona evrov izgube. Ve\u010d o tem pa v aktualni \u0161tevilki \u010dasopisa Celjan.<\/p>\n","protected":false},"excerpt":{"rendered":"<p>Dostava hrane. V Celju in drugod po dr\u017eavi bo Glovo dostavljal le \u0161e do 10. maja. Odpravnine. V Glovu Slovenija je zaposlenih 19 oseb, za vse bodo zagotovili odpravnine nad zakonsko predpisanim minimumom. Glovo, eden izmed vodilnih ponudnikov dostave hrane in drugih izdelkov na dom, bo svoje storitve v Celju in Sloveniji prenehal nuditi 10. [&hellip;]<\/p>\n","protected":false},"author":55,"featured_media":174606,"comment_status":"closed","ping_status":"closed","sticky":false,"template":"","format":"standard","meta":{"footnotes":""},"categories":[14,142,17],"tags":[],"class_list":{"0":"post-174605","1":"post","2":"type-post","3":"status-publish","4":"format-standard","5":"has-post-thumbnail","7":"category-aktualno","8":"category-celjan","9":"category-celjsko"},"yoast_head":"<!-- This site is optimized with the Yoast SEO plugin v27.4 - https:\/\/yoast.com\/product\/yoast-seo-wordpress\/ -->\n<title>Glovo odhaja iz Celja in Slovenije - Novice.si<\/title>\n<meta name=\"robots\" content=\"index, follow, max-snippet:-1, max-image-preview:large, max-video-preview:-1\" \/>\n<link rel=\"canonical\" href=\"https:\/\/novice.si\/page\/glovo-odhaja-iz-celja-in-slovenije\/\" \/>\n<meta property=\"og:locale\" content=\"sl_SI\" \/>\n<meta property=\"og:type\" content=\"article\" \/>\n<meta property=\"og:title\" content=\"Glovo odhaja iz Celja in Slovenije - Novice.si\" \/>\n<meta property=\"og:description\" content=\"Dostava hrane. V Celju in drugod po dr\u017eavi bo Glovo dostavljal le \u0161e do 10. maja. Odpravnine. V Glovu Slovenija je zaposlenih 19 oseb, za vse bodo zagotovili odpravnine nad zakonsko predpisanim minimumom. Glovo, eden izmed vodilnih ponudnikov dostave hrane in drugih izdelkov na dom, bo svoje storitve v Celju in Sloveniji prenehal nuditi 10. [&hellip;]\" \/>\n<meta property=\"og:url\" content=\"https:\/\/novice.si\/page\/glovo-odhaja-iz-celja-in-slovenije\/\" \/>\n<meta property=\"og:site_name\" content=\"Novice.si\" \/>\n<meta property=\"article:published_time\" content=\"2024-05-08T17:50:35+00:00\" \/>\n<meta property=\"og:image\" content=\"https:\/\/novice.si\/page\/wp-content\/uploads\/2024\/05\/Posel-glovo-odhaja-iz-Celja-1a.webp\" \/>\n\t<meta property=\"og:image:width\" content=\"612\" \/>\n\t<meta property=\"og:image:height\" content=\"463\" \/>\n\t<meta property=\"og:image:type\" content=\"image\/webp\" \/>\n<meta name=\"author\" content=\"Uredni\u0161tvo Celjana\" \/>\n<meta name=\"twitter:card\" content=\"summary_large_image\" \/>\n<meta name=\"twitter:label1\" content=\"Written by\" \/>\n\t<meta name=\"twitter:data1\" content=\"Uredni\u0161tvo Celjana\" \/>\n\t<meta name=\"twitter:label2\" content=\"Est. reading time\" \/>\n\t<meta name=\"twitter:data2\" content=\"3 minute\" \/>\n<script type=\"application\/ld+json\" class=\"yoast-schema-graph\">{\"@context\":\"https:\\\/\\\/schema.org\",\"@graph\":[{\"@type\":\"Article\",\"@id\":\"https:\\\/\\\/novice.si\\\/page\\\/glovo-odhaja-iz-celja-in-slovenije\\\/#article\",\"isPartOf\":{\"@id\":\"https:\\\/\\\/novice.si\\\/page\\\/glovo-odhaja-iz-celja-in-slovenije\\\/\"},\"author\":{\"name\":\"Uredni\u0161tvo Celjana\",\"@id\":\"https:\\\/\\\/novice.si\\\/page\\\/#\\\/schema\\\/person\\\/a49f233ef2777ec7b2e8d0662325bb48\"},\"headline\":\"Glovo odhaja iz Celja in Slovenije\",\"datePublished\":\"2024-05-08T17:50:35+00:00\",\"mainEntityOfPage\":{\"@id\":\"https:\\\/\\\/novice.si\\\/page\\\/glovo-odhaja-iz-celja-in-slovenije\\\/\"},\"wordCount\":374,\"publisher\":{\"@id\":\"https:\\\/\\\/novice.si\\\/page\\\/#organization\"},\"image\":{\"@id\":\"https:\\\/\\\/novice.si\\\/page\\\/glovo-odhaja-iz-celja-in-slovenije\\\/#primaryimage\"},\"thumbnailUrl\":\"https:\\\/\\\/novice.si\\\/page\\\/wp-content\\\/uploads\\\/2024\\\/05\\\/Posel-glovo-odhaja-iz-Celja-1a.webp\",\"articleSection\":[\"Aktualno\",\"Celjan\",\"Celjsko\"],\"inLanguage\":\"sl-SI\"},{\"@type\":\"WebPage\",\"@id\":\"https:\\\/\\\/novice.si\\\/page\\\/glovo-odhaja-iz-celja-in-slovenije\\\/\",\"url\":\"https:\\\/\\\/novice.si\\\/page\\\/glovo-odhaja-iz-celja-in-slovenije\\\/\",\"name\":\"Glovo odhaja iz Celja in Slovenije - Novice.si\",\"isPartOf\":{\"@id\":\"https:\\\/\\\/novice.si\\\/page\\\/#website\"},\"primaryImageOfPage\":{\"@id\":\"https:\\\/\\\/novice.si\\\/page\\\/glovo-odhaja-iz-celja-in-slovenije\\\/#primaryimage\"},\"image\":{\"@id\":\"https:\\\/\\\/novice.si\\\/page\\\/glovo-odhaja-iz-celja-in-slovenije\\\/#primaryimage\"},\"thumbnailUrl\":\"https:\\\/\\\/novice.si\\\/page\\\/wp-content\\\/uploads\\\/2024\\\/05\\\/Posel-glovo-odhaja-iz-Celja-1a.webp\",\"datePublished\":\"2024-05-08T17:50:35+00:00\",\"breadcrumb\":{\"@id\":\"https:\\\/\\\/novice.si\\\/page\\\/glovo-odhaja-iz-celja-in-slovenije\\\/#breadcrumb\"},\"inLanguage\":\"sl-SI\",\"potentialAction\":[{\"@type\":\"ReadAction\",\"target\":[\"https:\\\/\\\/novice.si\\\/page\\\/glovo-odhaja-iz-celja-in-slovenije\\\/\"]}]},{\"@type\":\"ImageObject\",\"inLanguage\":\"sl-SI\",\"@id\":\"https:\\\/\\\/novice.si\\\/page\\\/glovo-odhaja-iz-celja-in-slovenije\\\/#primaryimage\",\"url\":\"https:\\\/\\\/novice.si\\\/page\\\/wp-content\\\/uploads\\\/2024\\\/05\\\/Posel-glovo-odhaja-iz-Celja-1a.webp\",\"contentUrl\":\"https:\\\/\\\/novice.si\\\/page\\\/wp-content\\\/uploads\\\/2024\\\/05\\\/Posel-glovo-odhaja-iz-Celja-1a.webp\",\"width\":612,\"height\":463},{\"@type\":\"BreadcrumbList\",\"@id\":\"https:\\\/\\\/novice.si\\\/page\\\/glovo-odhaja-iz-celja-in-slovenije\\\/#breadcrumb\",\"itemListElement\":[{\"@type\":\"ListItem\",\"position\":1,\"name\":\"Home\",\"item\":\"https:\\\/\\\/novice.si\\\/page\\\/\"},{\"@type\":\"ListItem\",\"position\":2,\"name\":\"Glovo odhaja iz Celja in Slovenije\"}]},{\"@type\":\"WebSite\",\"@id\":\"https:\\\/\\\/novice.si\\\/page\\\/#website\",\"url\":\"https:\\\/\\\/novice.si\\\/page\\\/\",\"name\":\"Novice.si\",\"description\":\"\",\"publisher\":{\"@id\":\"https:\\\/\\\/novice.si\\\/page\\\/#organization\"},\"potentialAction\":[{\"@type\":\"SearchAction\",\"target\":{\"@type\":\"EntryPoint\",\"urlTemplate\":\"https:\\\/\\\/novice.si\\\/page\\\/?s={search_term_string}\"},\"query-input\":{\"@type\":\"PropertyValueSpecification\",\"valueRequired\":true,\"valueName\":\"search_term_string\"}}],\"inLanguage\":\"sl-SI\"},{\"@type\":\"Organization\",\"@id\":\"https:\\\/\\\/novice.si\\\/page\\\/#organization\",\"name\":\"Novice.si\",\"url\":\"https:\\\/\\\/novice.si\\\/page\\\/\",\"logo\":{\"@type\":\"ImageObject\",\"inLanguage\":\"sl-SI\",\"@id\":\"https:\\\/\\\/novice.si\\\/page\\\/#\\\/schema\\\/logo\\\/image\\\/\",\"url\":\"https:\\\/\\\/novice.si\\\/page\\\/wp-content\\\/uploads\\\/2023\\\/03\\\/novice_si.png\",\"contentUrl\":\"https:\\\/\\\/novice.si\\\/page\\\/wp-content\\\/uploads\\\/2023\\\/03\\\/novice_si.png\",\"width\":576,\"height\":200,\"caption\":\"Novice.si\"},\"image\":{\"@id\":\"https:\\\/\\\/novice.si\\\/page\\\/#\\\/schema\\\/logo\\\/image\\\/\"}},{\"@type\":\"Person\",\"@id\":\"https:\\\/\\\/novice.si\\\/page\\\/#\\\/schema\\\/person\\\/a49f233ef2777ec7b2e8d0662325bb48\",\"name\":\"Uredni\u0161tvo Celjana\",\"image\":{\"@type\":\"ImageObject\",\"inLanguage\":\"sl-SI\",\"@id\":\"https:\\\/\\\/secure.gravatar.com\\\/avatar\\\/7f7863e616af8f92806c638dd1db3f1a238d83d1cc2ec3100afc06fbb7eb303f?s=96&d=mm&r=g\",\"url\":\"https:\\\/\\\/secure.gravatar.com\\\/avatar\\\/7f7863e616af8f92806c638dd1db3f1a238d83d1cc2ec3100afc06fbb7eb303f?s=96&d=mm&r=g\",\"contentUrl\":\"https:\\\/\\\/secure.gravatar.com\\\/avatar\\\/7f7863e616af8f92806c638dd1db3f1a238d83d1cc2ec3100afc06fbb7eb303f?s=96&d=mm&r=g\",\"caption\":\"Uredni\u0161tvo Celjana\"},\"url\":\"https:\\\/\\\/novice.si\\\/page\\\/author\\\/maja\\\/\"}]}<\/script>\n<!-- \/ Yoast SEO plugin. -->","yoast_head_json":{"title":"Glovo odhaja iz Celja in Slovenije - Novice.si","robots":{"index":"index","follow":"follow","max-snippet":"max-snippet:-1","max-image-preview":"max-image-preview:large","max-video-preview":"max-video-preview:-1"},"canonical":"https:\/\/novice.si\/page\/glovo-odhaja-iz-celja-in-slovenije\/","og_locale":"sl_SI","og_type":"article","og_title":"Glovo odhaja iz Celja in Slovenije - Novice.si","og_description":"Dostava hrane. V Celju in drugod po dr\u017eavi bo Glovo dostavljal le \u0161e do 10. maja. Odpravnine. V Glovu Slovenija je zaposlenih 19 oseb, za vse bodo zagotovili odpravnine nad zakonsko predpisanim minimumom. Glovo, eden izmed vodilnih ponudnikov dostave hrane in drugih izdelkov na dom, bo svoje storitve v Celju in Sloveniji prenehal nuditi 10. [&hellip;]","og_url":"https:\/\/novice.si\/page\/glovo-odhaja-iz-celja-in-slovenije\/","og_site_name":"Novice.si","article_published_time":"2024-05-08T17:50:35+00:00","og_image":[{"width":612,"height":463,"url":"https:\/\/novice.si\/page\/wp-content\/uploads\/2024\/05\/Posel-glovo-odhaja-iz-Celja-1a.webp","type":"image\/webp"}],"author":"Uredni\u0161tvo Celjana","twitter_card":"summary_large_image","twitter_misc":{"Written by":"Uredni\u0161tvo Celjana","Est. reading time":"3 minute"},"schema":{"@context":"https:\/\/schema.org","@graph":[{"@type":"Article","@id":"https:\/\/novice.si\/page\/glovo-odhaja-iz-celja-in-slovenije\/#article","isPartOf":{"@id":"https:\/\/novice.si\/page\/glovo-odhaja-iz-celja-in-slovenije\/"},"author":{"name":"Uredni\u0161tvo Celjana","@id":"https:\/\/novice.si\/page\/#\/schema\/person\/a49f233ef2777ec7b2e8d0662325bb48"},"headline":"Glovo odhaja iz Celja in Slovenije","datePublished":"2024-05-08T17:50:35+00:00","mainEntityOfPage":{"@id":"https:\/\/novice.si\/page\/glovo-odhaja-iz-celja-in-slovenije\/"},"wordCount":374,"publisher":{"@id":"https:\/\/novice.si\/page\/#organization"},"image":{"@id":"https:\/\/novice.si\/page\/glovo-odhaja-iz-celja-in-slovenije\/#primaryimage"},"thumbnailUrl":"https:\/\/novice.si\/page\/wp-content\/uploads\/2024\/05\/Posel-glovo-odhaja-iz-Celja-1a.webp","articleSection":["Aktualno","Celjan","Celjsko"],"inLanguage":"sl-SI"},{"@type":"WebPage","@id":"https:\/\/novice.si\/page\/glovo-odhaja-iz-celja-in-slovenije\/","url":"https:\/\/novice.si\/page\/glovo-odhaja-iz-celja-in-slovenije\/","name":"Glovo odhaja iz Celja in Slovenije - Novice.si","isPartOf":{"@id":"https:\/\/novice.si\/page\/#website"},"primaryImageOfPage":{"@id":"https:\/\/novice.si\/page\/glovo-odhaja-iz-celja-in-slovenije\/#primaryimage"},"image":{"@id":"https:\/\/novice.si\/page\/glovo-odhaja-iz-celja-in-slovenije\/#primaryimage"},"thumbnailUrl":"https:\/\/novice.si\/page\/wp-content\/uploads\/2024\/05\/Posel-glovo-odhaja-iz-Celja-1a.webp","datePublished":"2024-05-08T17:50:35+00:00","breadcrumb":{"@id":"https:\/\/novice.si\/page\/glovo-odhaja-iz-celja-in-slovenije\/#breadcrumb"},"inLanguage":"sl-SI","potentialAction":[{"@type":"ReadAction","target":["https:\/\/novice.si\/page\/glovo-odhaja-iz-celja-in-slovenije\/"]}]},{"@type":"ImageObject","inLanguage":"sl-SI","@id":"https:\/\/novice.si\/page\/glovo-odhaja-iz-celja-in-slovenije\/#primaryimage","url":"https:\/\/novice.si\/page\/wp-content\/uploads\/2024\/05\/Posel-glovo-odhaja-iz-Celja-1a.webp","contentUrl":"https:\/\/novice.si\/page\/wp-content\/uploads\/2024\/05\/Posel-glovo-odhaja-iz-Celja-1a.webp","width":612,"height":463},{"@type":"BreadcrumbList","@id":"https:\/\/novice.si\/page\/glovo-odhaja-iz-celja-in-slovenije\/#breadcrumb","itemListElement":[{"@type":"ListItem","position":1,"name":"Home","item":"https:\/\/novice.si\/page\/"},{"@type":"ListItem","position":2,"name":"Glovo odhaja iz Celja in Slovenije"}]},{"@type":"WebSite","@id":"https:\/\/novice.si\/page\/#website","url":"https:\/\/novice.si\/page\/","name":"Novice.si","description":"","publisher":{"@id":"https:\/\/novice.si\/page\/#organization"},"potentialAction":[{"@type":"SearchAction","target":{"@type":"EntryPoint","urlTemplate":"https:\/\/novice.si\/page\/?s={search_term_string}"},"query-input":{"@type":"PropertyValueSpecification","valueRequired":true,"valueName":"search_term_string"}}],"inLanguage":"sl-SI"},{"@type":"Organization","@id":"https:\/\/novice.si\/page\/#organization","name":"Novice.si","url":"https:\/\/novice.si\/page\/","logo":{"@type":"ImageObject","inLanguage":"sl-SI","@id":"https:\/\/novice.si\/page\/#\/schema\/logo\/image\/","url":"https:\/\/novice.si\/page\/wp-content\/uploads\/2023\/03\/novice_si.png","contentUrl":"https:\/\/novice.si\/page\/wp-content\/uploads\/2023\/03\/novice_si.png","width":576,"height":200,"caption":"Novice.si"},"image":{"@id":"https:\/\/novice.si\/page\/#\/schema\/logo\/image\/"}},{"@type":"Person","@id":"https:\/\/novice.si\/page\/#\/schema\/person\/a49f233ef2777ec7b2e8d0662325bb48","name":"Uredni\u0161tvo Celjana","image":{"@type":"ImageObject","inLanguage":"sl-SI","@id":"https:\/\/secure.gravatar.com\/avatar\/7f7863e616af8f92806c638dd1db3f1a238d83d1cc2ec3100afc06fbb7eb303f?s=96&d=mm&r=g","url":"https:\/\/secure.gravatar.com\/avatar\/7f7863e616af8f92806c638dd1db3f1a238d83d1cc2ec3100afc06fbb7eb303f?s=96&d=mm&r=g","contentUrl":"https:\/\/secure.gravatar.com\/avatar\/7f7863e616af8f92806c638dd1db3f1a238d83d1cc2ec3100afc06fbb7eb303f?s=96&d=mm&r=g","caption":"Uredni\u0161tvo Celjana"},"url":"https:\/\/novice.si\/page\/author\/maja\/"}]}},"_links":{"self":[{"href":"https:\/\/novice.si\/page\/wp-json\/wp\/v2\/posts\/174605","targetHints":{"allow":["GET"]}}],"collection":[{"href":"https:\/\/novice.si\/page\/wp-json\/wp\/v2\/posts"}],"about":[{"href":"https:\/\/novice.si\/page\/wp-json\/wp\/v2\/types\/post"}],"author":[{"embeddable":true,"href":"https:\/\/novice.si\/page\/wp-json\/wp\/v2\/users\/55"}],"replies":[{"embeddable":true,"href":"https:\/\/novice.si\/page\/wp-json\/wp\/v2\/comments?post=174605"}],"version-history":[{"count":2,"href":"https:\/\/novice.si\/page\/wp-json\/wp\/v2\/posts\/174605\/revisions"}],"predecessor-version":[{"id":174608,"href":"https:\/\/novice.si\/page\/wp-json\/wp\/v2\/posts\/174605\/revisions\/174608"}],"wp:featuredmedia":[{"embeddable":true,"href":"https:\/\/novice.si\/page\/wp-json\/wp\/v2\/media\/174606"}],"wp:attachment":[{"href":"https:\/\/novice.si\/page\/wp-json\/wp\/v2\/media?parent=174605"}],"wp:term":[{"taxonomy":"category","embeddable":true,"href":"https:\/\/novice.si\/page\/wp-json\/wp\/v2\/categories?post=174605"},{"taxonomy":"post_tag","embeddable":true,"href":"https:\/\/novice.si\/page\/wp-json\/wp\/v2\/tags?post=174605"}],"curies":[{"name":"wp","href":"https:\/\/api.w.org\/{rel}","templated":true}]}}