{"id":174581,"date":"2024-05-07T18:06:45","date_gmt":"2024-05-07T16:06:45","guid":{"rendered":"https:\/\/novice.si\/page\/?p=174581"},"modified":"2024-05-07T20:20:08","modified_gmt":"2024-05-07T18:20:08","slug":"sentjur-zelezniska-postaja-uradno-odprta","status":"publish","type":"post","link":"https:\/\/novice.si\/page\/sentjur-zelezniska-postaja-uradno-odprta\/","title":{"rendered":"\u0160ENTJUR \u017delezni\u0161ka postaja uradno odprta"},"content":{"rendered":"<p>Za Grobelnim in Dolgo goro so dopoldne slovesno predali namenu tudi obnovljeno \u017eelezni\u0161ko postajo v \u0160entjurju.<\/p>\n<p><img loading=\"lazy\" decoding=\"async\" class=\"wp-image-174582 alignleft\" src=\"https:\/\/novice.si\/page\/wp-content\/uploads\/2024\/05\/ZP-Sentjur-nova-2-600x450.jpg\" alt=\"\" width=\"255\" height=\"191\" srcset=\"https:\/\/novice.si\/page\/wp-content\/uploads\/2024\/05\/ZP-Sentjur-nova-2-600x450.jpg 600w, https:\/\/novice.si\/page\/wp-content\/uploads\/2024\/05\/ZP-Sentjur-nova-2-1024x768.jpg 1024w, https:\/\/novice.si\/page\/wp-content\/uploads\/2024\/05\/ZP-Sentjur-nova-2-768x576.jpg 768w, https:\/\/novice.si\/page\/wp-content\/uploads\/2024\/05\/ZP-Sentjur-nova-2-1536x1152.jpg 1536w, https:\/\/novice.si\/page\/wp-content\/uploads\/2024\/05\/ZP-Sentjur-nova-2-2048x1536.jpg 2048w, https:\/\/novice.si\/page\/wp-content\/uploads\/2024\/05\/ZP-Sentjur-nova-2-560x420.jpg 560w, https:\/\/novice.si\/page\/wp-content\/uploads\/2024\/05\/ZP-Sentjur-nova-2-80x60.jpg 80w, https:\/\/novice.si\/page\/wp-content\/uploads\/2024\/05\/ZP-Sentjur-nova-2-696x522.jpg 696w, https:\/\/novice.si\/page\/wp-content\/uploads\/2024\/05\/ZP-Sentjur-nova-2-1068x801.jpg 1068w, https:\/\/novice.si\/page\/wp-content\/uploads\/2024\/05\/ZP-Sentjur-nova-2-1920x1440.jpg 1920w, https:\/\/novice.si\/page\/wp-content\/uploads\/2024\/05\/ZP-Sentjur-nova-2-265x198.jpg 265w, https:\/\/novice.si\/page\/wp-content\/uploads\/2024\/05\/ZP-Sentjur-nova-2-24x18.jpg 24w, https:\/\/novice.si\/page\/wp-content\/uploads\/2024\/05\/ZP-Sentjur-nova-2-36x27.jpg 36w, https:\/\/novice.si\/page\/wp-content\/uploads\/2024\/05\/ZP-Sentjur-nova-2-48x36.jpg 48w\" sizes=\"auto, (max-width: 255px) 100vw, 255px\" \/>Nalo\u017eba je stala nekaj nad osem in pol milijonov evrov, \u0161entjurska postaja pa je predvsem pridobila na funkcionalnosti in preto\u010dnosti.<\/p>\n<p>\u0160entjurski \u017eupan <strong>Marko Diaci<\/strong> je ob tem spomnil, da so se za\u010dela \u017ee dela za obnovo \u017eelezni\u0161ke postaje na Ponikvi, ki je \u010detrta v ob\u010dini, medtem ko je infrastrukturna ministrica<img loading=\"lazy\" decoding=\"async\" class=\" wp-image-174588 alignright\" src=\"https:\/\/novice.si\/page\/wp-content\/uploads\/2024\/05\/otvoritev-ZP-600x450.jpg\" alt=\"\" width=\"248\" height=\"186\" srcset=\"https:\/\/novice.si\/page\/wp-content\/uploads\/2024\/05\/otvoritev-ZP-600x450.jpg 600w, https:\/\/novice.si\/page\/wp-content\/uploads\/2024\/05\/otvoritev-ZP-1024x768.jpg 1024w, https:\/\/novice.si\/page\/wp-content\/uploads\/2024\/05\/otvoritev-ZP-768x576.jpg 768w, https:\/\/novice.si\/page\/wp-content\/uploads\/2024\/05\/otvoritev-ZP-1536x1152.jpg 1536w, https:\/\/novice.si\/page\/wp-content\/uploads\/2024\/05\/otvoritev-ZP-2048x1536.jpg 2048w, https:\/\/novice.si\/page\/wp-content\/uploads\/2024\/05\/otvoritev-ZP-560x420.jpg 560w, https:\/\/novice.si\/page\/wp-content\/uploads\/2024\/05\/otvoritev-ZP-80x60.jpg 80w, https:\/\/novice.si\/page\/wp-content\/uploads\/2024\/05\/otvoritev-ZP-696x522.jpg 696w, https:\/\/novice.si\/page\/wp-content\/uploads\/2024\/05\/otvoritev-ZP-1068x801.jpg 1068w, https:\/\/novice.si\/page\/wp-content\/uploads\/2024\/05\/otvoritev-ZP-1920x1440.jpg 1920w, https:\/\/novice.si\/page\/wp-content\/uploads\/2024\/05\/otvoritev-ZP-265x198.jpg 265w, https:\/\/novice.si\/page\/wp-content\/uploads\/2024\/05\/otvoritev-ZP-24x18.jpg 24w, https:\/\/novice.si\/page\/wp-content\/uploads\/2024\/05\/otvoritev-ZP-36x27.jpg 36w, https:\/\/novice.si\/page\/wp-content\/uploads\/2024\/05\/otvoritev-ZP-48x36.jpg 48w\" sizes=\"auto, (max-width: 248px) 100vw, 248px\" \/> <strong>Alenka Bratu\u0161ek<\/strong> napovedala nadaljevanje vlaganj v \u017eelezni\u0161ko infrastrukturo, saj da je potrebno \u010dim ve\u010d tovora prepeljati po tirih. Z izgradnjo drugega tira bi se kapacitete podvojile.<\/p>\n<p><em>Ve\u010d preberite v Celjanu.<\/em><\/p>\n<p>P\u0160<\/p>\n<p>&nbsp;<\/p>\n","protected":false},"excerpt":{"rendered":"<p>Za Grobelnim in Dolgo goro so dopoldne slovesno predali namenu tudi obnovljeno \u017eelezni\u0161ko postajo v \u0160entjurju. Nalo\u017eba je stala nekaj nad osem in pol milijonov evrov, \u0161entjurska postaja pa je predvsem pridobila na funkcionalnosti in preto\u010dnosti. \u0160entjurski \u017eupan Marko Diaci je ob tem spomnil, da so se za\u010dela \u017ee dela za obnovo \u017eelezni\u0161ke postaje na [&hellip;]<\/p>\n","protected":false},"author":33,"featured_media":174584,"comment_status":"closed","ping_status":"closed","sticky":false,"template":"","format":"standard","meta":{"footnotes":""},"categories":[57],"tags":[6504,4240,9237,4320,14130],"class_list":{"0":"post-174581","1":"post","2":"type-post","3":"status-publish","4":"format-standard","5":"has-post-thumbnail","7":"category-sentjursko","8":"tag-alenka-bratusek","9":"tag-marko-diaci","10":"tag-ministrstvo-za-infrastrukturo","11":"tag-otvoritev","12":"tag-zelezniska-postaja-sentjur"},"yoast_head":"<!-- This site is optimized with the Yoast SEO plugin v27.4 - https:\/\/yoast.com\/product\/yoast-seo-wordpress\/ -->\n<title>\u0160ENTJUR \u017delezni\u0161ka postaja uradno odprta - Novice.si<\/title>\n<meta name=\"robots\" content=\"index, follow, max-snippet:-1, max-image-preview:large, max-video-preview:-1\" \/>\n<link rel=\"canonical\" href=\"https:\/\/novice.si\/page\/sentjur-zelezniska-postaja-uradno-odprta\/\" \/>\n<meta property=\"og:locale\" content=\"sl_SI\" \/>\n<meta property=\"og:type\" content=\"article\" \/>\n<meta property=\"og:title\" content=\"\u0160ENTJUR \u017delezni\u0161ka postaja uradno odprta - Novice.si\" \/>\n<meta property=\"og:description\" content=\"Za Grobelnim in Dolgo goro so dopoldne slovesno predali namenu tudi obnovljeno \u017eelezni\u0161ko postajo v \u0160entjurju. Nalo\u017eba je stala nekaj nad osem in pol milijonov evrov, \u0161entjurska postaja pa je predvsem pridobila na funkcionalnosti in preto\u010dnosti. \u0160entjurski \u017eupan Marko Diaci je ob tem spomnil, da so se za\u010dela \u017ee dela za obnovo \u017eelezni\u0161ke postaje na [&hellip;]\" \/>\n<meta property=\"og:url\" content=\"https:\/\/novice.si\/page\/sentjur-zelezniska-postaja-uradno-odprta\/\" \/>\n<meta property=\"og:site_name\" content=\"Novice.si\" \/>\n<meta property=\"article:published_time\" content=\"2024-05-07T16:06:45+00:00\" \/>\n<meta property=\"article:modified_time\" content=\"2024-05-07T18:20:08+00:00\" \/>\n<meta property=\"og:image\" content=\"https:\/\/novice.si\/page\/wp-content\/uploads\/2024\/05\/ZP-Sentjur-nova-5-scaled.jpg\" \/>\n\t<meta property=\"og:image:width\" content=\"2560\" \/>\n\t<meta property=\"og:image:height\" content=\"1853\" \/>\n\t<meta property=\"og:image:type\" content=\"image\/jpeg\" \/>\n<meta name=\"author\" content=\"Uredni\u0161tvo Celjana\" \/>\n<meta name=\"twitter:card\" content=\"summary_large_image\" \/>\n<meta name=\"twitter:label1\" content=\"Written by\" \/>\n\t<meta name=\"twitter:data1\" content=\"Uredni\u0161tvo Celjana\" \/>\n\t<meta name=\"twitter:label2\" content=\"Est. reading time\" \/>\n\t<meta name=\"twitter:data2\" content=\"2 minuti\" \/>\n<script type=\"application\/ld+json\" class=\"yoast-schema-graph\">{\"@context\":\"https:\\\/\\\/schema.org\",\"@graph\":[{\"@type\":\"Article\",\"@id\":\"https:\\\/\\\/novice.si\\\/page\\\/sentjur-zelezniska-postaja-uradno-odprta\\\/#article\",\"isPartOf\":{\"@id\":\"https:\\\/\\\/novice.si\\\/page\\\/sentjur-zelezniska-postaja-uradno-odprta\\\/\"},\"author\":{\"name\":\"Uredni\u0161tvo Celjana\",\"@id\":\"https:\\\/\\\/novice.si\\\/page\\\/#\\\/schema\\\/person\\\/57f25c9642a9541c7349c65d32032c3e\"},\"headline\":\"\u0160ENTJUR \u017delezni\u0161ka postaja uradno odprta\",\"datePublished\":\"2024-05-07T16:06:45+00:00\",\"dateModified\":\"2024-05-07T18:20:08+00:00\",\"mainEntityOfPage\":{\"@id\":\"https:\\\/\\\/novice.si\\\/page\\\/sentjur-zelezniska-postaja-uradno-odprta\\\/\"},\"wordCount\":112,\"publisher\":{\"@id\":\"https:\\\/\\\/novice.si\\\/page\\\/#organization\"},\"image\":{\"@id\":\"https:\\\/\\\/novice.si\\\/page\\\/sentjur-zelezniska-postaja-uradno-odprta\\\/#primaryimage\"},\"thumbnailUrl\":\"https:\\\/\\\/novice.si\\\/page\\\/wp-content\\\/uploads\\\/2024\\\/05\\\/ZP-Sentjur-nova-5-scaled.jpg\",\"keywords\":[\"Alenka Bratu\u0161ek\",\"marko diaci\",\"Ministrstvo za infrastrukturo\",\"otvoritev\",\"\u017eelezni\u0161ka postaja \u0161entjur\"],\"articleSection\":[\"\u0160entjursko\"],\"inLanguage\":\"sl-SI\"},{\"@type\":\"WebPage\",\"@id\":\"https:\\\/\\\/novice.si\\\/page\\\/sentjur-zelezniska-postaja-uradno-odprta\\\/\",\"url\":\"https:\\\/\\\/novice.si\\\/page\\\/sentjur-zelezniska-postaja-uradno-odprta\\\/\",\"name\":\"\u0160ENTJUR \u017delezni\u0161ka postaja uradno odprta - Novice.si\",\"isPartOf\":{\"@id\":\"https:\\\/\\\/novice.si\\\/page\\\/#website\"},\"primaryImageOfPage\":{\"@id\":\"https:\\\/\\\/novice.si\\\/page\\\/sentjur-zelezniska-postaja-uradno-odprta\\\/#primaryimage\"},\"image\":{\"@id\":\"https:\\\/\\\/novice.si\\\/page\\\/sentjur-zelezniska-postaja-uradno-odprta\\\/#primaryimage\"},\"thumbnailUrl\":\"https:\\\/\\\/novice.si\\\/page\\\/wp-content\\\/uploads\\\/2024\\\/05\\\/ZP-Sentjur-nova-5-scaled.jpg\",\"datePublished\":\"2024-05-07T16:06:45+00:00\",\"dateModified\":\"2024-05-07T18:20:08+00:00\",\"breadcrumb\":{\"@id\":\"https:\\\/\\\/novice.si\\\/page\\\/sentjur-zelezniska-postaja-uradno-odprta\\\/#breadcrumb\"},\"inLanguage\":\"sl-SI\",\"potentialAction\":[{\"@type\":\"ReadAction\",\"target\":[\"https:\\\/\\\/novice.si\\\/page\\\/sentjur-zelezniska-postaja-uradno-odprta\\\/\"]}]},{\"@type\":\"ImageObject\",\"inLanguage\":\"sl-SI\",\"@id\":\"https:\\\/\\\/novice.si\\\/page\\\/sentjur-zelezniska-postaja-uradno-odprta\\\/#primaryimage\",\"url\":\"https:\\\/\\\/novice.si\\\/page\\\/wp-content\\\/uploads\\\/2024\\\/05\\\/ZP-Sentjur-nova-5-scaled.jpg\",\"contentUrl\":\"https:\\\/\\\/novice.si\\\/page\\\/wp-content\\\/uploads\\\/2024\\\/05\\\/ZP-Sentjur-nova-5-scaled.jpg\",\"width\":2560,\"height\":1853},{\"@type\":\"BreadcrumbList\",\"@id\":\"https:\\\/\\\/novice.si\\\/page\\\/sentjur-zelezniska-postaja-uradno-odprta\\\/#breadcrumb\",\"itemListElement\":[{\"@type\":\"ListItem\",\"position\":1,\"name\":\"Home\",\"item\":\"https:\\\/\\\/novice.si\\\/page\\\/\"},{\"@type\":\"ListItem\",\"position\":2,\"name\":\"\u0160ENTJUR \u017delezni\u0161ka postaja uradno odprta\"}]},{\"@type\":\"WebSite\",\"@id\":\"https:\\\/\\\/novice.si\\\/page\\\/#website\",\"url\":\"https:\\\/\\\/novice.si\\\/page\\\/\",\"name\":\"Novice.si\",\"description\":\"\",\"publisher\":{\"@id\":\"https:\\\/\\\/novice.si\\\/page\\\/#organization\"},\"potentialAction\":[{\"@type\":\"SearchAction\",\"target\":{\"@type\":\"EntryPoint\",\"urlTemplate\":\"https:\\\/\\\/novice.si\\\/page\\\/?s={search_term_string}\"},\"query-input\":{\"@type\":\"PropertyValueSpecification\",\"valueRequired\":true,\"valueName\":\"search_term_string\"}}],\"inLanguage\":\"sl-SI\"},{\"@type\":\"Organization\",\"@id\":\"https:\\\/\\\/novice.si\\\/page\\\/#organization\",\"name\":\"Novice.si\",\"url\":\"https:\\\/\\\/novice.si\\\/page\\\/\",\"logo\":{\"@type\":\"ImageObject\",\"inLanguage\":\"sl-SI\",\"@id\":\"https:\\\/\\\/novice.si\\\/page\\\/#\\\/schema\\\/logo\\\/image\\\/\",\"url\":\"https:\\\/\\\/novice.si\\\/page\\\/wp-content\\\/uploads\\\/2023\\\/03\\\/novice_si.png\",\"contentUrl\":\"https:\\\/\\\/novice.si\\\/page\\\/wp-content\\\/uploads\\\/2023\\\/03\\\/novice_si.png\",\"width\":576,\"height\":200,\"caption\":\"Novice.si\"},\"image\":{\"@id\":\"https:\\\/\\\/novice.si\\\/page\\\/#\\\/schema\\\/logo\\\/image\\\/\"}},{\"@type\":\"Person\",\"@id\":\"https:\\\/\\\/novice.si\\\/page\\\/#\\\/schema\\\/person\\\/57f25c9642a9541c7349c65d32032c3e\",\"name\":\"Uredni\u0161tvo Celjana\",\"image\":{\"@type\":\"ImageObject\",\"inLanguage\":\"sl-SI\",\"@id\":\"https:\\\/\\\/secure.gravatar.com\\\/avatar\\\/78e52bc4279b65f6df6345e0ef0f7b792d361361f230cf4ffecfe0afe6d5629c?s=96&d=mm&r=g\",\"url\":\"https:\\\/\\\/secure.gravatar.com\\\/avatar\\\/78e52bc4279b65f6df6345e0ef0f7b792d361361f230cf4ffecfe0afe6d5629c?s=96&d=mm&r=g\",\"contentUrl\":\"https:\\\/\\\/secure.gravatar.com\\\/avatar\\\/78e52bc4279b65f6df6345e0ef0f7b792d361361f230cf4ffecfe0afe6d5629c?s=96&d=mm&r=g\",\"caption\":\"Uredni\u0161tvo Celjana\"},\"url\":\"https:\\\/\\\/novice.si\\\/page\\\/author\\\/primoz\\\/\"}]}<\/script>\n<!-- \/ Yoast SEO plugin. -->","yoast_head_json":{"title":"\u0160ENTJUR \u017delezni\u0161ka postaja uradno odprta - Novice.si","robots":{"index":"index","follow":"follow","max-snippet":"max-snippet:-1","max-image-preview":"max-image-preview:large","max-video-preview":"max-video-preview:-1"},"canonical":"https:\/\/novice.si\/page\/sentjur-zelezniska-postaja-uradno-odprta\/","og_locale":"sl_SI","og_type":"article","og_title":"\u0160ENTJUR \u017delezni\u0161ka postaja uradno odprta - Novice.si","og_description":"Za Grobelnim in Dolgo goro so dopoldne slovesno predali namenu tudi obnovljeno \u017eelezni\u0161ko postajo v \u0160entjurju. Nalo\u017eba je stala nekaj nad osem in pol milijonov evrov, \u0161entjurska postaja pa je predvsem pridobila na funkcionalnosti in preto\u010dnosti. \u0160entjurski \u017eupan Marko Diaci je ob tem spomnil, da so se za\u010dela \u017ee dela za obnovo \u017eelezni\u0161ke postaje na [&hellip;]","og_url":"https:\/\/novice.si\/page\/sentjur-zelezniska-postaja-uradno-odprta\/","og_site_name":"Novice.si","article_published_time":"2024-05-07T16:06:45+00:00","article_modified_time":"2024-05-07T18:20:08+00:00","og_image":[{"width":2560,"height":1853,"url":"https:\/\/novice.si\/page\/wp-content\/uploads\/2024\/05\/ZP-Sentjur-nova-5-scaled.jpg","type":"image\/jpeg"}],"author":"Uredni\u0161tvo Celjana","twitter_card":"summary_large_image","twitter_misc":{"Written by":"Uredni\u0161tvo Celjana","Est. reading time":"2 minuti"},"schema":{"@context":"https:\/\/schema.org","@graph":[{"@type":"Article","@id":"https:\/\/novice.si\/page\/sentjur-zelezniska-postaja-uradno-odprta\/#article","isPartOf":{"@id":"https:\/\/novice.si\/page\/sentjur-zelezniska-postaja-uradno-odprta\/"},"author":{"name":"Uredni\u0161tvo Celjana","@id":"https:\/\/novice.si\/page\/#\/schema\/person\/57f25c9642a9541c7349c65d32032c3e"},"headline":"\u0160ENTJUR \u017delezni\u0161ka postaja uradno odprta","datePublished":"2024-05-07T16:06:45+00:00","dateModified":"2024-05-07T18:20:08+00:00","mainEntityOfPage":{"@id":"https:\/\/novice.si\/page\/sentjur-zelezniska-postaja-uradno-odprta\/"},"wordCount":112,"publisher":{"@id":"https:\/\/novice.si\/page\/#organization"},"image":{"@id":"https:\/\/novice.si\/page\/sentjur-zelezniska-postaja-uradno-odprta\/#primaryimage"},"thumbnailUrl":"https:\/\/novice.si\/page\/wp-content\/uploads\/2024\/05\/ZP-Sentjur-nova-5-scaled.jpg","keywords":["Alenka Bratu\u0161ek","marko diaci","Ministrstvo za infrastrukturo","otvoritev","\u017eelezni\u0161ka postaja \u0161entjur"],"articleSection":["\u0160entjursko"],"inLanguage":"sl-SI"},{"@type":"WebPage","@id":"https:\/\/novice.si\/page\/sentjur-zelezniska-postaja-uradno-odprta\/","url":"https:\/\/novice.si\/page\/sentjur-zelezniska-postaja-uradno-odprta\/","name":"\u0160ENTJUR \u017delezni\u0161ka postaja uradno odprta - Novice.si","isPartOf":{"@id":"https:\/\/novice.si\/page\/#website"},"primaryImageOfPage":{"@id":"https:\/\/novice.si\/page\/sentjur-zelezniska-postaja-uradno-odprta\/#primaryimage"},"image":{"@id":"https:\/\/novice.si\/page\/sentjur-zelezniska-postaja-uradno-odprta\/#primaryimage"},"thumbnailUrl":"https:\/\/novice.si\/page\/wp-content\/uploads\/2024\/05\/ZP-Sentjur-nova-5-scaled.jpg","datePublished":"2024-05-07T16:06:45+00:00","dateModified":"2024-05-07T18:20:08+00:00","breadcrumb":{"@id":"https:\/\/novice.si\/page\/sentjur-zelezniska-postaja-uradno-odprta\/#breadcrumb"},"inLanguage":"sl-SI","potentialAction":[{"@type":"ReadAction","target":["https:\/\/novice.si\/page\/sentjur-zelezniska-postaja-uradno-odprta\/"]}]},{"@type":"ImageObject","inLanguage":"sl-SI","@id":"https:\/\/novice.si\/page\/sentjur-zelezniska-postaja-uradno-odprta\/#primaryimage","url":"https:\/\/novice.si\/page\/wp-content\/uploads\/2024\/05\/ZP-Sentjur-nova-5-scaled.jpg","contentUrl":"https:\/\/novice.si\/page\/wp-content\/uploads\/2024\/05\/ZP-Sentjur-nova-5-scaled.jpg","width":2560,"height":1853},{"@type":"BreadcrumbList","@id":"https:\/\/novice.si\/page\/sentjur-zelezniska-postaja-uradno-odprta\/#breadcrumb","itemListElement":[{"@type":"ListItem","position":1,"name":"Home","item":"https:\/\/novice.si\/page\/"},{"@type":"ListItem","position":2,"name":"\u0160ENTJUR \u017delezni\u0161ka postaja uradno odprta"}]},{"@type":"WebSite","@id":"https:\/\/novice.si\/page\/#website","url":"https:\/\/novice.si\/page\/","name":"Novice.si","description":"","publisher":{"@id":"https:\/\/novice.si\/page\/#organization"},"potentialAction":[{"@type":"SearchAction","target":{"@type":"EntryPoint","urlTemplate":"https:\/\/novice.si\/page\/?s={search_term_string}"},"query-input":{"@type":"PropertyValueSpecification","valueRequired":true,"valueName":"search_term_string"}}],"inLanguage":"sl-SI"},{"@type":"Organization","@id":"https:\/\/novice.si\/page\/#organization","name":"Novice.si","url":"https:\/\/novice.si\/page\/","logo":{"@type":"ImageObject","inLanguage":"sl-SI","@id":"https:\/\/novice.si\/page\/#\/schema\/logo\/image\/","url":"https:\/\/novice.si\/page\/wp-content\/uploads\/2023\/03\/novice_si.png","contentUrl":"https:\/\/novice.si\/page\/wp-content\/uploads\/2023\/03\/novice_si.png","width":576,"height":200,"caption":"Novice.si"},"image":{"@id":"https:\/\/novice.si\/page\/#\/schema\/logo\/image\/"}},{"@type":"Person","@id":"https:\/\/novice.si\/page\/#\/schema\/person\/57f25c9642a9541c7349c65d32032c3e","name":"Uredni\u0161tvo Celjana","image":{"@type":"ImageObject","inLanguage":"sl-SI","@id":"https:\/\/secure.gravatar.com\/avatar\/78e52bc4279b65f6df6345e0ef0f7b792d361361f230cf4ffecfe0afe6d5629c?s=96&d=mm&r=g","url":"https:\/\/secure.gravatar.com\/avatar\/78e52bc4279b65f6df6345e0ef0f7b792d361361f230cf4ffecfe0afe6d5629c?s=96&d=mm&r=g","contentUrl":"https:\/\/secure.gravatar.com\/avatar\/78e52bc4279b65f6df6345e0ef0f7b792d361361f230cf4ffecfe0afe6d5629c?s=96&d=mm&r=g","caption":"Uredni\u0161tvo Celjana"},"url":"https:\/\/novice.si\/page\/author\/primoz\/"}]}},"_links":{"self":[{"href":"https:\/\/novice.si\/page\/wp-json\/wp\/v2\/posts\/174581","targetHints":{"allow":["GET"]}}],"collection":[{"href":"https:\/\/novice.si\/page\/wp-json\/wp\/v2\/posts"}],"about":[{"href":"https:\/\/novice.si\/page\/wp-json\/wp\/v2\/types\/post"}],"author":[{"embeddable":true,"href":"https:\/\/novice.si\/page\/wp-json\/wp\/v2\/users\/33"}],"replies":[{"embeddable":true,"href":"https:\/\/novice.si\/page\/wp-json\/wp\/v2\/comments?post=174581"}],"version-history":[{"count":3,"href":"https:\/\/novice.si\/page\/wp-json\/wp\/v2\/posts\/174581\/revisions"}],"predecessor-version":[{"id":174589,"href":"https:\/\/novice.si\/page\/wp-json\/wp\/v2\/posts\/174581\/revisions\/174589"}],"wp:featuredmedia":[{"embeddable":true,"href":"https:\/\/novice.si\/page\/wp-json\/wp\/v2\/media\/174584"}],"wp:attachment":[{"href":"https:\/\/novice.si\/page\/wp-json\/wp\/v2\/media?parent=174581"}],"wp:term":[{"taxonomy":"category","embeddable":true,"href":"https:\/\/novice.si\/page\/wp-json\/wp\/v2\/categories?post=174581"},{"taxonomy":"post_tag","embeddable":true,"href":"https:\/\/novice.si\/page\/wp-json\/wp\/v2\/tags?post=174581"}],"curies":[{"name":"wp","href":"https:\/\/api.w.org\/{rel}","templated":true}]}}