{"id":174570,"date":"2024-05-07T13:04:12","date_gmt":"2024-05-07T11:04:12","guid":{"rendered":"https:\/\/novice.si\/page\/?p=174570"},"modified":"2024-05-07T13:05:25","modified_gmt":"2024-05-07T11:05:25","slug":"vitanje-kdo-je-odgovoren-za-mnozicen-pretep","status":"publish","type":"post","link":"https:\/\/novice.si\/page\/vitanje-kdo-je-odgovoren-za-mnozicen-pretep\/","title":{"rendered":"VITANJE: Kdo je odgovoren za mno\u017ei\u010den pretep?"},"content":{"rendered":"<p>V javnosti \u0161e vedno precej odmeva sobotni pretep na prireditvi Majsko Vitanje, v Vitanju. Prireditev se je kon\u010dala z ve\u010d po\u0161kodovanimi, med njimi ena oseba tudi huje. Vse glasnej\u0161i so o\u010ditki, da je varnostna slu\u017eba z uporabo solzivca in prisilnih sredstev na dogodku presegla svoja pooblastila, poleg tega pa razburja tudi to, da naj bi na posnetkih fizi\u010dno silo poleg varnostnikov uporabljali tudi reditelji, ki pooblastil za posredovanje v tovrstnih primerih sploh nimajo. <strong>Robert Vipotnik Sirc<\/strong>, na\u010delnik policijske postaje Slovenske Konjice, je za oddajo 24ur potrdil, da je bila uporaba fizi\u010dne sile prekora\u010dena. Policija sicer \u010daka poro\u010dilo varnostne slu\u017ebe.<\/p>\n<div class=\"youtube-embed\" data-video_id=\"-GJINm_uQhQ\"><iframe loading=\"lazy\" title=\"Pretep Vitanje\" width=\"696\" height=\"392\" src=\"https:\/\/www.youtube.com\/embed\/-GJINm_uQhQ?feature=oembed&#038;enablejsapi=1\" frameborder=\"0\" allow=\"accelerometer; autoplay; clipboard-write; encrypted-media; gyroscope; picture-in-picture; web-share\" referrerpolicy=\"strict-origin-when-cross-origin\" allowfullscreen><\/iframe><\/div>\n<p><strong>Spomnimo &#8230;<\/strong><\/p>\n<p>V Turisti\u010dnem dru\u0161tvu Vitanje so sicer za 24ur.com pojasnili, da so dvodnevni dogodek organizirali v sodelovanju s Hit Events, s katerim so sklenili pogodbo. Pridobili so vsa ustrezna dovoljenja za izvedbo dogodka. Kot pravijo, so prvi dogodek organizirali sami, drugi dogodek, kjer se je zgodil incident, pa podjetje Hit Events. Povedali so tudi, da so za varovanje najeli varnostno slu\u017ebo UNI7 iz Kranja.<br \/>\nZ ob\u010dine Vitanje so sporo\u010dili, da niso bili organizatorji dogodka in da so izdali le soglasje za uporabo prostora, da pa je organizator po njihovem vedenju uredil vso potrebno dokumentacijo na upravni enoti in Policijski postaji Slovenske Konjice.<\/p>\n","protected":false},"excerpt":{"rendered":"<p>V javnosti \u0161e vedno precej odmeva sobotni pretep na prireditvi Majsko Vitanje, v Vitanju. Prireditev se je kon\u010dala z ve\u010d po\u0161kodovanimi, med njimi ena oseba tudi huje. Vse glasnej\u0161i so o\u010ditki, da je varnostna slu\u017eba z uporabo solzivca in prisilnih sredstev na dogodku presegla svoja pooblastila, poleg tega pa razburja tudi to, da naj bi [&hellip;]<\/p>\n","protected":false},"author":12,"featured_media":174522,"comment_status":"closed","ping_status":"closed","sticky":false,"template":"","format":"standard","meta":{"footnotes":""},"categories":[14,16,29],"tags":[20466,715,20465,205],"class_list":{"0":"post-174570","1":"post","2":"type-post","3":"status-publish","4":"format-standard","5":"has-post-thumbnail","7":"category-aktualno","8":"category-konjisko","9":"category-kronika","10":"tag-mnozicen-pretep","11":"tag-pretep","12":"tag-veselica","13":"tag-vitanje"},"yoast_head":"<!-- This site is optimized with the Yoast SEO plugin v27.4 - https:\/\/yoast.com\/product\/yoast-seo-wordpress\/ -->\n<title>VITANJE: Kdo je odgovoren za mno\u017ei\u010den pretep? - Novice.si<\/title>\n<meta name=\"robots\" content=\"index, follow, max-snippet:-1, max-image-preview:large, max-video-preview:-1\" \/>\n<link rel=\"canonical\" href=\"https:\/\/novice.si\/page\/vitanje-kdo-je-odgovoren-za-mnozicen-pretep\/\" \/>\n<meta property=\"og:locale\" content=\"sl_SI\" \/>\n<meta property=\"og:type\" content=\"article\" \/>\n<meta property=\"og:title\" content=\"VITANJE: Kdo je odgovoren za mno\u017ei\u010den pretep? - Novice.si\" \/>\n<meta property=\"og:description\" content=\"V javnosti \u0161e vedno precej odmeva sobotni pretep na prireditvi Majsko Vitanje, v Vitanju. Prireditev se je kon\u010dala z ve\u010d po\u0161kodovanimi, med njimi ena oseba tudi huje. Vse glasnej\u0161i so o\u010ditki, da je varnostna slu\u017eba z uporabo solzivca in prisilnih sredstev na dogodku presegla svoja pooblastila, poleg tega pa razburja tudi to, da naj bi [&hellip;]\" \/>\n<meta property=\"og:url\" content=\"https:\/\/novice.si\/page\/vitanje-kdo-je-odgovoren-za-mnozicen-pretep\/\" \/>\n<meta property=\"og:site_name\" content=\"Novice.si\" \/>\n<meta property=\"article:published_time\" content=\"2024-05-07T11:04:12+00:00\" \/>\n<meta property=\"article:modified_time\" content=\"2024-05-07T11:05:25+00:00\" \/>\n<meta property=\"og:image\" content=\"https:\/\/novice.si\/page\/wp-content\/uploads\/2024\/05\/2.jpg\" \/>\n\t<meta property=\"og:image:width\" content=\"1251\" \/>\n\t<meta property=\"og:image:height\" content=\"834\" \/>\n\t<meta property=\"og:image:type\" content=\"image\/jpeg\" \/>\n<meta name=\"author\" content=\"Uredni\u0161tvo Celjana\" \/>\n<meta name=\"twitter:card\" content=\"summary_large_image\" \/>\n<meta name=\"twitter:label1\" content=\"Written by\" \/>\n\t<meta name=\"twitter:data1\" content=\"Uredni\u0161tvo Celjana\" \/>\n\t<meta name=\"twitter:label2\" content=\"Est. reading time\" \/>\n\t<meta name=\"twitter:data2\" content=\"2 minuti\" \/>\n<script type=\"application\/ld+json\" class=\"yoast-schema-graph\">{\"@context\":\"https:\\\/\\\/schema.org\",\"@graph\":[{\"@type\":\"Article\",\"@id\":\"https:\\\/\\\/novice.si\\\/page\\\/vitanje-kdo-je-odgovoren-za-mnozicen-pretep\\\/#article\",\"isPartOf\":{\"@id\":\"https:\\\/\\\/novice.si\\\/page\\\/vitanje-kdo-je-odgovoren-za-mnozicen-pretep\\\/\"},\"author\":{\"name\":\"Uredni\u0161tvo Celjana\",\"@id\":\"https:\\\/\\\/novice.si\\\/page\\\/#\\\/schema\\\/person\\\/51903923b50fefb075bc1cd24fe4d065\"},\"headline\":\"VITANJE: Kdo je odgovoren za mno\u017ei\u010den pretep?\",\"datePublished\":\"2024-05-07T11:04:12+00:00\",\"dateModified\":\"2024-05-07T11:05:25+00:00\",\"mainEntityOfPage\":{\"@id\":\"https:\\\/\\\/novice.si\\\/page\\\/vitanje-kdo-je-odgovoren-za-mnozicen-pretep\\\/\"},\"wordCount\":235,\"publisher\":{\"@id\":\"https:\\\/\\\/novice.si\\\/page\\\/#organization\"},\"image\":{\"@id\":\"https:\\\/\\\/novice.si\\\/page\\\/vitanje-kdo-je-odgovoren-za-mnozicen-pretep\\\/#primaryimage\"},\"thumbnailUrl\":\"https:\\\/\\\/novice.si\\\/page\\\/wp-content\\\/uploads\\\/2024\\\/05\\\/2.jpg\",\"keywords\":[\"mno\u017ei\u010den pretep\",\"pretep\",\"veselica\",\"Vitanje\"],\"articleSection\":[\"Aktualno\",\"Konji\u0161ko\",\"Kronika\"],\"inLanguage\":\"sl-SI\"},{\"@type\":\"WebPage\",\"@id\":\"https:\\\/\\\/novice.si\\\/page\\\/vitanje-kdo-je-odgovoren-za-mnozicen-pretep\\\/\",\"url\":\"https:\\\/\\\/novice.si\\\/page\\\/vitanje-kdo-je-odgovoren-za-mnozicen-pretep\\\/\",\"name\":\"VITANJE: Kdo je odgovoren za mno\u017ei\u010den pretep? - Novice.si\",\"isPartOf\":{\"@id\":\"https:\\\/\\\/novice.si\\\/page\\\/#website\"},\"primaryImageOfPage\":{\"@id\":\"https:\\\/\\\/novice.si\\\/page\\\/vitanje-kdo-je-odgovoren-za-mnozicen-pretep\\\/#primaryimage\"},\"image\":{\"@id\":\"https:\\\/\\\/novice.si\\\/page\\\/vitanje-kdo-je-odgovoren-za-mnozicen-pretep\\\/#primaryimage\"},\"thumbnailUrl\":\"https:\\\/\\\/novice.si\\\/page\\\/wp-content\\\/uploads\\\/2024\\\/05\\\/2.jpg\",\"datePublished\":\"2024-05-07T11:04:12+00:00\",\"dateModified\":\"2024-05-07T11:05:25+00:00\",\"breadcrumb\":{\"@id\":\"https:\\\/\\\/novice.si\\\/page\\\/vitanje-kdo-je-odgovoren-za-mnozicen-pretep\\\/#breadcrumb\"},\"inLanguage\":\"sl-SI\",\"potentialAction\":[{\"@type\":\"ReadAction\",\"target\":[\"https:\\\/\\\/novice.si\\\/page\\\/vitanje-kdo-je-odgovoren-za-mnozicen-pretep\\\/\"]}]},{\"@type\":\"ImageObject\",\"inLanguage\":\"sl-SI\",\"@id\":\"https:\\\/\\\/novice.si\\\/page\\\/vitanje-kdo-je-odgovoren-za-mnozicen-pretep\\\/#primaryimage\",\"url\":\"https:\\\/\\\/novice.si\\\/page\\\/wp-content\\\/uploads\\\/2024\\\/05\\\/2.jpg\",\"contentUrl\":\"https:\\\/\\\/novice.si\\\/page\\\/wp-content\\\/uploads\\\/2024\\\/05\\\/2.jpg\",\"width\":1251,\"height\":834},{\"@type\":\"BreadcrumbList\",\"@id\":\"https:\\\/\\\/novice.si\\\/page\\\/vitanje-kdo-je-odgovoren-za-mnozicen-pretep\\\/#breadcrumb\",\"itemListElement\":[{\"@type\":\"ListItem\",\"position\":1,\"name\":\"Home\",\"item\":\"https:\\\/\\\/novice.si\\\/page\\\/\"},{\"@type\":\"ListItem\",\"position\":2,\"name\":\"VITANJE: Kdo je odgovoren za mno\u017ei\u010den pretep?\"}]},{\"@type\":\"WebSite\",\"@id\":\"https:\\\/\\\/novice.si\\\/page\\\/#website\",\"url\":\"https:\\\/\\\/novice.si\\\/page\\\/\",\"name\":\"Novice.si\",\"description\":\"\",\"publisher\":{\"@id\":\"https:\\\/\\\/novice.si\\\/page\\\/#organization\"},\"potentialAction\":[{\"@type\":\"SearchAction\",\"target\":{\"@type\":\"EntryPoint\",\"urlTemplate\":\"https:\\\/\\\/novice.si\\\/page\\\/?s={search_term_string}\"},\"query-input\":{\"@type\":\"PropertyValueSpecification\",\"valueRequired\":true,\"valueName\":\"search_term_string\"}}],\"inLanguage\":\"sl-SI\"},{\"@type\":\"Organization\",\"@id\":\"https:\\\/\\\/novice.si\\\/page\\\/#organization\",\"name\":\"Novice.si\",\"url\":\"https:\\\/\\\/novice.si\\\/page\\\/\",\"logo\":{\"@type\":\"ImageObject\",\"inLanguage\":\"sl-SI\",\"@id\":\"https:\\\/\\\/novice.si\\\/page\\\/#\\\/schema\\\/logo\\\/image\\\/\",\"url\":\"https:\\\/\\\/novice.si\\\/page\\\/wp-content\\\/uploads\\\/2023\\\/03\\\/novice_si.png\",\"contentUrl\":\"https:\\\/\\\/novice.si\\\/page\\\/wp-content\\\/uploads\\\/2023\\\/03\\\/novice_si.png\",\"width\":576,\"height\":200,\"caption\":\"Novice.si\"},\"image\":{\"@id\":\"https:\\\/\\\/novice.si\\\/page\\\/#\\\/schema\\\/logo\\\/image\\\/\"}},{\"@type\":\"Person\",\"@id\":\"https:\\\/\\\/novice.si\\\/page\\\/#\\\/schema\\\/person\\\/51903923b50fefb075bc1cd24fe4d065\",\"name\":\"Uredni\u0161tvo Celjana\",\"image\":{\"@type\":\"ImageObject\",\"inLanguage\":\"sl-SI\",\"@id\":\"https:\\\/\\\/secure.gravatar.com\\\/avatar\\\/b516f102aa90b53619e09722b8ea56721c99bfcb4f1035f9b333d99f52330226?s=96&d=mm&r=g\",\"url\":\"https:\\\/\\\/secure.gravatar.com\\\/avatar\\\/b516f102aa90b53619e09722b8ea56721c99bfcb4f1035f9b333d99f52330226?s=96&d=mm&r=g\",\"contentUrl\":\"https:\\\/\\\/secure.gravatar.com\\\/avatar\\\/b516f102aa90b53619e09722b8ea56721c99bfcb4f1035f9b333d99f52330226?s=96&d=mm&r=g\",\"caption\":\"Uredni\u0161tvo Celjana\"},\"url\":\"https:\\\/\\\/novice.si\\\/page\\\/author\\\/nejc\\\/\"}]}<\/script>\n<!-- \/ Yoast SEO plugin. -->","yoast_head_json":{"title":"VITANJE: Kdo je odgovoren za mno\u017ei\u010den pretep? - Novice.si","robots":{"index":"index","follow":"follow","max-snippet":"max-snippet:-1","max-image-preview":"max-image-preview:large","max-video-preview":"max-video-preview:-1"},"canonical":"https:\/\/novice.si\/page\/vitanje-kdo-je-odgovoren-za-mnozicen-pretep\/","og_locale":"sl_SI","og_type":"article","og_title":"VITANJE: Kdo je odgovoren za mno\u017ei\u010den pretep? - Novice.si","og_description":"V javnosti \u0161e vedno precej odmeva sobotni pretep na prireditvi Majsko Vitanje, v Vitanju. Prireditev se je kon\u010dala z ve\u010d po\u0161kodovanimi, med njimi ena oseba tudi huje. Vse glasnej\u0161i so o\u010ditki, da je varnostna slu\u017eba z uporabo solzivca in prisilnih sredstev na dogodku presegla svoja pooblastila, poleg tega pa razburja tudi to, da naj bi [&hellip;]","og_url":"https:\/\/novice.si\/page\/vitanje-kdo-je-odgovoren-za-mnozicen-pretep\/","og_site_name":"Novice.si","article_published_time":"2024-05-07T11:04:12+00:00","article_modified_time":"2024-05-07T11:05:25+00:00","og_image":[{"width":1251,"height":834,"url":"https:\/\/novice.si\/page\/wp-content\/uploads\/2024\/05\/2.jpg","type":"image\/jpeg"}],"author":"Uredni\u0161tvo Celjana","twitter_card":"summary_large_image","twitter_misc":{"Written by":"Uredni\u0161tvo Celjana","Est. reading time":"2 minuti"},"schema":{"@context":"https:\/\/schema.org","@graph":[{"@type":"Article","@id":"https:\/\/novice.si\/page\/vitanje-kdo-je-odgovoren-za-mnozicen-pretep\/#article","isPartOf":{"@id":"https:\/\/novice.si\/page\/vitanje-kdo-je-odgovoren-za-mnozicen-pretep\/"},"author":{"name":"Uredni\u0161tvo Celjana","@id":"https:\/\/novice.si\/page\/#\/schema\/person\/51903923b50fefb075bc1cd24fe4d065"},"headline":"VITANJE: Kdo je odgovoren za mno\u017ei\u010den pretep?","datePublished":"2024-05-07T11:04:12+00:00","dateModified":"2024-05-07T11:05:25+00:00","mainEntityOfPage":{"@id":"https:\/\/novice.si\/page\/vitanje-kdo-je-odgovoren-za-mnozicen-pretep\/"},"wordCount":235,"publisher":{"@id":"https:\/\/novice.si\/page\/#organization"},"image":{"@id":"https:\/\/novice.si\/page\/vitanje-kdo-je-odgovoren-za-mnozicen-pretep\/#primaryimage"},"thumbnailUrl":"https:\/\/novice.si\/page\/wp-content\/uploads\/2024\/05\/2.jpg","keywords":["mno\u017ei\u010den pretep","pretep","veselica","Vitanje"],"articleSection":["Aktualno","Konji\u0161ko","Kronika"],"inLanguage":"sl-SI"},{"@type":"WebPage","@id":"https:\/\/novice.si\/page\/vitanje-kdo-je-odgovoren-za-mnozicen-pretep\/","url":"https:\/\/novice.si\/page\/vitanje-kdo-je-odgovoren-za-mnozicen-pretep\/","name":"VITANJE: Kdo je odgovoren za mno\u017ei\u010den pretep? - Novice.si","isPartOf":{"@id":"https:\/\/novice.si\/page\/#website"},"primaryImageOfPage":{"@id":"https:\/\/novice.si\/page\/vitanje-kdo-je-odgovoren-za-mnozicen-pretep\/#primaryimage"},"image":{"@id":"https:\/\/novice.si\/page\/vitanje-kdo-je-odgovoren-za-mnozicen-pretep\/#primaryimage"},"thumbnailUrl":"https:\/\/novice.si\/page\/wp-content\/uploads\/2024\/05\/2.jpg","datePublished":"2024-05-07T11:04:12+00:00","dateModified":"2024-05-07T11:05:25+00:00","breadcrumb":{"@id":"https:\/\/novice.si\/page\/vitanje-kdo-je-odgovoren-za-mnozicen-pretep\/#breadcrumb"},"inLanguage":"sl-SI","potentialAction":[{"@type":"ReadAction","target":["https:\/\/novice.si\/page\/vitanje-kdo-je-odgovoren-za-mnozicen-pretep\/"]}]},{"@type":"ImageObject","inLanguage":"sl-SI","@id":"https:\/\/novice.si\/page\/vitanje-kdo-je-odgovoren-za-mnozicen-pretep\/#primaryimage","url":"https:\/\/novice.si\/page\/wp-content\/uploads\/2024\/05\/2.jpg","contentUrl":"https:\/\/novice.si\/page\/wp-content\/uploads\/2024\/05\/2.jpg","width":1251,"height":834},{"@type":"BreadcrumbList","@id":"https:\/\/novice.si\/page\/vitanje-kdo-je-odgovoren-za-mnozicen-pretep\/#breadcrumb","itemListElement":[{"@type":"ListItem","position":1,"name":"Home","item":"https:\/\/novice.si\/page\/"},{"@type":"ListItem","position":2,"name":"VITANJE: Kdo je odgovoren za mno\u017ei\u010den pretep?"}]},{"@type":"WebSite","@id":"https:\/\/novice.si\/page\/#website","url":"https:\/\/novice.si\/page\/","name":"Novice.si","description":"","publisher":{"@id":"https:\/\/novice.si\/page\/#organization"},"potentialAction":[{"@type":"SearchAction","target":{"@type":"EntryPoint","urlTemplate":"https:\/\/novice.si\/page\/?s={search_term_string}"},"query-input":{"@type":"PropertyValueSpecification","valueRequired":true,"valueName":"search_term_string"}}],"inLanguage":"sl-SI"},{"@type":"Organization","@id":"https:\/\/novice.si\/page\/#organization","name":"Novice.si","url":"https:\/\/novice.si\/page\/","logo":{"@type":"ImageObject","inLanguage":"sl-SI","@id":"https:\/\/novice.si\/page\/#\/schema\/logo\/image\/","url":"https:\/\/novice.si\/page\/wp-content\/uploads\/2023\/03\/novice_si.png","contentUrl":"https:\/\/novice.si\/page\/wp-content\/uploads\/2023\/03\/novice_si.png","width":576,"height":200,"caption":"Novice.si"},"image":{"@id":"https:\/\/novice.si\/page\/#\/schema\/logo\/image\/"}},{"@type":"Person","@id":"https:\/\/novice.si\/page\/#\/schema\/person\/51903923b50fefb075bc1cd24fe4d065","name":"Uredni\u0161tvo Celjana","image":{"@type":"ImageObject","inLanguage":"sl-SI","@id":"https:\/\/secure.gravatar.com\/avatar\/b516f102aa90b53619e09722b8ea56721c99bfcb4f1035f9b333d99f52330226?s=96&d=mm&r=g","url":"https:\/\/secure.gravatar.com\/avatar\/b516f102aa90b53619e09722b8ea56721c99bfcb4f1035f9b333d99f52330226?s=96&d=mm&r=g","contentUrl":"https:\/\/secure.gravatar.com\/avatar\/b516f102aa90b53619e09722b8ea56721c99bfcb4f1035f9b333d99f52330226?s=96&d=mm&r=g","caption":"Uredni\u0161tvo Celjana"},"url":"https:\/\/novice.si\/page\/author\/nejc\/"}]}},"_links":{"self":[{"href":"https:\/\/novice.si\/page\/wp-json\/wp\/v2\/posts\/174570","targetHints":{"allow":["GET"]}}],"collection":[{"href":"https:\/\/novice.si\/page\/wp-json\/wp\/v2\/posts"}],"about":[{"href":"https:\/\/novice.si\/page\/wp-json\/wp\/v2\/types\/post"}],"author":[{"embeddable":true,"href":"https:\/\/novice.si\/page\/wp-json\/wp\/v2\/users\/12"}],"replies":[{"embeddable":true,"href":"https:\/\/novice.si\/page\/wp-json\/wp\/v2\/comments?post=174570"}],"version-history":[{"count":2,"href":"https:\/\/novice.si\/page\/wp-json\/wp\/v2\/posts\/174570\/revisions"}],"predecessor-version":[{"id":174573,"href":"https:\/\/novice.si\/page\/wp-json\/wp\/v2\/posts\/174570\/revisions\/174573"}],"wp:featuredmedia":[{"embeddable":true,"href":"https:\/\/novice.si\/page\/wp-json\/wp\/v2\/media\/174522"}],"wp:attachment":[{"href":"https:\/\/novice.si\/page\/wp-json\/wp\/v2\/media?parent=174570"}],"wp:term":[{"taxonomy":"category","embeddable":true,"href":"https:\/\/novice.si\/page\/wp-json\/wp\/v2\/categories?post=174570"},{"taxonomy":"post_tag","embeddable":true,"href":"https:\/\/novice.si\/page\/wp-json\/wp\/v2\/tags?post=174570"}],"curies":[{"name":"wp","href":"https:\/\/api.w.org\/{rel}","templated":true}]}}