{"id":174565,"date":"2024-05-06T23:49:00","date_gmt":"2024-05-06T21:49:00","guid":{"rendered":"https:\/\/novice.si\/page\/?p=174565"},"modified":"2024-05-07T12:52:34","modified_gmt":"2024-05-07T10:52:34","slug":"kdo-bo-novi-ravnatelj-os-zrece","status":"publish","type":"post","link":"https:\/\/novice.si\/page\/kdo-bo-novi-ravnatelj-os-zrece\/","title":{"rendered":"Kdo bo novi ravnatelj O\u0160 Zre\u010de?"},"content":{"rendered":"<p><img loading=\"lazy\" decoding=\"async\" class=\"alignnone size-medium wp-image-174566\" src=\"https:\/\/novice.si\/page\/wp-content\/uploads\/2024\/05\/sola-zrece-1-2024_resize-600x450.jpg\" alt=\"\" width=\"600\" height=\"450\" srcset=\"https:\/\/novice.si\/page\/wp-content\/uploads\/2024\/05\/sola-zrece-1-2024_resize-600x450.jpg 600w, https:\/\/novice.si\/page\/wp-content\/uploads\/2024\/05\/sola-zrece-1-2024_resize-768x576.jpg 768w, https:\/\/novice.si\/page\/wp-content\/uploads\/2024\/05\/sola-zrece-1-2024_resize-560x420.jpg 560w, https:\/\/novice.si\/page\/wp-content\/uploads\/2024\/05\/sola-zrece-1-2024_resize-80x60.jpg 80w, https:\/\/novice.si\/page\/wp-content\/uploads\/2024\/05\/sola-zrece-1-2024_resize-696x522.jpg 696w, https:\/\/novice.si\/page\/wp-content\/uploads\/2024\/05\/sola-zrece-1-2024_resize-265x198.jpg 265w, https:\/\/novice.si\/page\/wp-content\/uploads\/2024\/05\/sola-zrece-1-2024_resize-24x18.jpg 24w, https:\/\/novice.si\/page\/wp-content\/uploads\/2024\/05\/sola-zrece-1-2024_resize-36x27.jpg 36w, https:\/\/novice.si\/page\/wp-content\/uploads\/2024\/05\/sola-zrece-1-2024_resize-48x36.jpg 48w, https:\/\/novice.si\/page\/wp-content\/uploads\/2024\/05\/sola-zrece-1-2024_resize.jpg 800w\" sizes=\"auto, (max-width: 600px) 100vw, 600px\" \/><br \/>\nRazpis za novega ravnatelja Osnovne \u0161ole Zre\u010de so objavili kmalu po tem, ko je aktualni ravnatelj <strong>Peter Kos<\/strong> napovedal, da se bo od funkcije pred\u010dasno poslovil in se vrnil v razred. Od naslednjega \u0161olskega leta bo znova pou\u010deval angle\u0161ki jezik. Predsednik Sveta zavoda O\u0160 Zre\u010de <strong>Mitja Krajnc<\/strong> je povedal, da so do izteka roka prejeli le eno vlogo. Ker postopek \u0161e te\u010de, o imenu kandidata oz. kandidatke ni \u017eelel govoriti, po na\u0161ih neuradnih informacijah pa naj bi vlogo oddala <strong>Mateja Pu\u010dnik<\/strong>, ki je \u017ee zdaj zaposlena na \u0161oli. <em>\u00bbPrispelo vlogo smo na seji Sveta zavoda odprli in je bila popolna. Tudi predstavitev za u\u010ditelje je \u017ee bila, za Svet zavoda, svet star\u0161ev in Ob\u010dino pa bo v tednu po prvomajskih po\u010ditnicah,\u00ab<\/em> je dodal Krajnc, ki pravi, da so u\u010ditelje, svet star\u0161ev in Ob\u010dino \u017ee pozvali, da podajo svoje mnenje. Na podlagi teh mnenj naj bi potem Svet zavoda kandidaturo potrdil in predlog posredoval \u0161e na pristojno ministrstvo. Novi ravnatelj oz., kot ka\u017ee, ravnateljica bo z ravnateljevanjem za\u010dela s 1. septembrom. (Jure Mernik)<\/p>\n","protected":false},"excerpt":{"rendered":"<p>Razpis za novega ravnatelja Osnovne \u0161ole Zre\u010de so objavili kmalu po tem, ko je aktualni ravnatelj Peter Kos napovedal, da se bo od funkcije pred\u010dasno poslovil in se vrnil v razred. Od naslednjega \u0161olskega leta bo znova pou\u010deval angle\u0161ki jezik. Predsednik Sveta zavoda O\u0160 Zre\u010de Mitja Krajnc je povedal, da so do izteka roka prejeli [&hellip;]<\/p>\n","protected":false},"author":7,"featured_media":174566,"comment_status":"closed","ping_status":"closed","sticky":false,"template":"","format":"standard","meta":{"footnotes":""},"categories":[14,16],"tags":[221,1558,3095],"class_list":{"0":"post-174565","1":"post","2":"type-post","3":"status-publish","4":"format-standard","5":"has-post-thumbnail","7":"category-aktualno","8":"category-konjisko","9":"tag-mateja-pucnik","10":"tag-os-zrece","11":"tag-peter-kos"},"yoast_head":"<!-- This site is optimized with the Yoast SEO plugin v27.4 - https:\/\/yoast.com\/product\/yoast-seo-wordpress\/ -->\n<title>Kdo bo novi ravnatelj O\u0160 Zre\u010de? - Novice.si<\/title>\n<meta name=\"robots\" content=\"index, follow, max-snippet:-1, max-image-preview:large, max-video-preview:-1\" \/>\n<link rel=\"canonical\" href=\"https:\/\/novice.si\/page\/kdo-bo-novi-ravnatelj-os-zrece\/\" \/>\n<meta property=\"og:locale\" content=\"sl_SI\" \/>\n<meta property=\"og:type\" content=\"article\" \/>\n<meta property=\"og:title\" content=\"Kdo bo novi ravnatelj O\u0160 Zre\u010de? - Novice.si\" \/>\n<meta property=\"og:description\" content=\"Razpis za novega ravnatelja Osnovne \u0161ole Zre\u010de so objavili kmalu po tem, ko je aktualni ravnatelj Peter Kos napovedal, da se bo od funkcije pred\u010dasno poslovil in se vrnil v razred. Od naslednjega \u0161olskega leta bo znova pou\u010deval angle\u0161ki jezik. Predsednik Sveta zavoda O\u0160 Zre\u010de Mitja Krajnc je povedal, da so do izteka roka prejeli [&hellip;]\" \/>\n<meta property=\"og:url\" content=\"https:\/\/novice.si\/page\/kdo-bo-novi-ravnatelj-os-zrece\/\" \/>\n<meta property=\"og:site_name\" content=\"Novice.si\" \/>\n<meta property=\"article:published_time\" content=\"2024-05-06T21:49:00+00:00\" \/>\n<meta property=\"article:modified_time\" content=\"2024-05-07T10:52:34+00:00\" \/>\n<meta property=\"og:image\" content=\"https:\/\/novice.si\/page\/wp-content\/uploads\/2024\/05\/sola-zrece-1-2024_resize.jpg\" \/>\n\t<meta property=\"og:image:width\" content=\"800\" \/>\n\t<meta property=\"og:image:height\" content=\"600\" \/>\n\t<meta property=\"og:image:type\" content=\"image\/jpeg\" \/>\n<meta name=\"author\" content=\"Uredni\u0161tvo Novic\" \/>\n<meta name=\"twitter:card\" content=\"summary_large_image\" \/>\n<meta name=\"twitter:label1\" content=\"Written by\" \/>\n\t<meta name=\"twitter:data1\" content=\"Uredni\u0161tvo Novic\" \/>\n\t<meta name=\"twitter:label2\" content=\"Est. reading time\" \/>\n\t<meta name=\"twitter:data2\" content=\"2 minuti\" \/>\n<script type=\"application\/ld+json\" class=\"yoast-schema-graph\">{\"@context\":\"https:\\\/\\\/schema.org\",\"@graph\":[{\"@type\":\"Article\",\"@id\":\"https:\\\/\\\/novice.si\\\/page\\\/kdo-bo-novi-ravnatelj-os-zrece\\\/#article\",\"isPartOf\":{\"@id\":\"https:\\\/\\\/novice.si\\\/page\\\/kdo-bo-novi-ravnatelj-os-zrece\\\/\"},\"author\":{\"name\":\"Uredni\u0161tvo Novic\",\"@id\":\"https:\\\/\\\/novice.si\\\/page\\\/#\\\/schema\\\/person\\\/a877dbb8680d441357ce27663beb35ca\"},\"headline\":\"Kdo bo novi ravnatelj O\u0160 Zre\u010de?\",\"datePublished\":\"2024-05-06T21:49:00+00:00\",\"dateModified\":\"2024-05-07T10:52:34+00:00\",\"mainEntityOfPage\":{\"@id\":\"https:\\\/\\\/novice.si\\\/page\\\/kdo-bo-novi-ravnatelj-os-zrece\\\/\"},\"wordCount\":195,\"publisher\":{\"@id\":\"https:\\\/\\\/novice.si\\\/page\\\/#organization\"},\"image\":{\"@id\":\"https:\\\/\\\/novice.si\\\/page\\\/kdo-bo-novi-ravnatelj-os-zrece\\\/#primaryimage\"},\"thumbnailUrl\":\"https:\\\/\\\/novice.si\\\/page\\\/wp-content\\\/uploads\\\/2024\\\/05\\\/sola-zrece-1-2024_resize.jpg\",\"keywords\":[\"Mateja Pu\u010dnik\",\"O\u0160 Zre\u010de\",\"Peter Kos\"],\"articleSection\":[\"Aktualno\",\"Konji\u0161ko\"],\"inLanguage\":\"sl-SI\"},{\"@type\":\"WebPage\",\"@id\":\"https:\\\/\\\/novice.si\\\/page\\\/kdo-bo-novi-ravnatelj-os-zrece\\\/\",\"url\":\"https:\\\/\\\/novice.si\\\/page\\\/kdo-bo-novi-ravnatelj-os-zrece\\\/\",\"name\":\"Kdo bo novi ravnatelj O\u0160 Zre\u010de? - Novice.si\",\"isPartOf\":{\"@id\":\"https:\\\/\\\/novice.si\\\/page\\\/#website\"},\"primaryImageOfPage\":{\"@id\":\"https:\\\/\\\/novice.si\\\/page\\\/kdo-bo-novi-ravnatelj-os-zrece\\\/#primaryimage\"},\"image\":{\"@id\":\"https:\\\/\\\/novice.si\\\/page\\\/kdo-bo-novi-ravnatelj-os-zrece\\\/#primaryimage\"},\"thumbnailUrl\":\"https:\\\/\\\/novice.si\\\/page\\\/wp-content\\\/uploads\\\/2024\\\/05\\\/sola-zrece-1-2024_resize.jpg\",\"datePublished\":\"2024-05-06T21:49:00+00:00\",\"dateModified\":\"2024-05-07T10:52:34+00:00\",\"breadcrumb\":{\"@id\":\"https:\\\/\\\/novice.si\\\/page\\\/kdo-bo-novi-ravnatelj-os-zrece\\\/#breadcrumb\"},\"inLanguage\":\"sl-SI\",\"potentialAction\":[{\"@type\":\"ReadAction\",\"target\":[\"https:\\\/\\\/novice.si\\\/page\\\/kdo-bo-novi-ravnatelj-os-zrece\\\/\"]}]},{\"@type\":\"ImageObject\",\"inLanguage\":\"sl-SI\",\"@id\":\"https:\\\/\\\/novice.si\\\/page\\\/kdo-bo-novi-ravnatelj-os-zrece\\\/#primaryimage\",\"url\":\"https:\\\/\\\/novice.si\\\/page\\\/wp-content\\\/uploads\\\/2024\\\/05\\\/sola-zrece-1-2024_resize.jpg\",\"contentUrl\":\"https:\\\/\\\/novice.si\\\/page\\\/wp-content\\\/uploads\\\/2024\\\/05\\\/sola-zrece-1-2024_resize.jpg\",\"width\":800,\"height\":600},{\"@type\":\"BreadcrumbList\",\"@id\":\"https:\\\/\\\/novice.si\\\/page\\\/kdo-bo-novi-ravnatelj-os-zrece\\\/#breadcrumb\",\"itemListElement\":[{\"@type\":\"ListItem\",\"position\":1,\"name\":\"Home\",\"item\":\"https:\\\/\\\/novice.si\\\/page\\\/\"},{\"@type\":\"ListItem\",\"position\":2,\"name\":\"Kdo bo novi ravnatelj O\u0160 Zre\u010de?\"}]},{\"@type\":\"WebSite\",\"@id\":\"https:\\\/\\\/novice.si\\\/page\\\/#website\",\"url\":\"https:\\\/\\\/novice.si\\\/page\\\/\",\"name\":\"Novice.si\",\"description\":\"\",\"publisher\":{\"@id\":\"https:\\\/\\\/novice.si\\\/page\\\/#organization\"},\"potentialAction\":[{\"@type\":\"SearchAction\",\"target\":{\"@type\":\"EntryPoint\",\"urlTemplate\":\"https:\\\/\\\/novice.si\\\/page\\\/?s={search_term_string}\"},\"query-input\":{\"@type\":\"PropertyValueSpecification\",\"valueRequired\":true,\"valueName\":\"search_term_string\"}}],\"inLanguage\":\"sl-SI\"},{\"@type\":\"Organization\",\"@id\":\"https:\\\/\\\/novice.si\\\/page\\\/#organization\",\"name\":\"Novice.si\",\"url\":\"https:\\\/\\\/novice.si\\\/page\\\/\",\"logo\":{\"@type\":\"ImageObject\",\"inLanguage\":\"sl-SI\",\"@id\":\"https:\\\/\\\/novice.si\\\/page\\\/#\\\/schema\\\/logo\\\/image\\\/\",\"url\":\"https:\\\/\\\/novice.si\\\/page\\\/wp-content\\\/uploads\\\/2023\\\/03\\\/novice_si.png\",\"contentUrl\":\"https:\\\/\\\/novice.si\\\/page\\\/wp-content\\\/uploads\\\/2023\\\/03\\\/novice_si.png\",\"width\":576,\"height\":200,\"caption\":\"Novice.si\"},\"image\":{\"@id\":\"https:\\\/\\\/novice.si\\\/page\\\/#\\\/schema\\\/logo\\\/image\\\/\"}},{\"@type\":\"Person\",\"@id\":\"https:\\\/\\\/novice.si\\\/page\\\/#\\\/schema\\\/person\\\/a877dbb8680d441357ce27663beb35ca\",\"name\":\"Uredni\u0161tvo Novic\",\"image\":{\"@type\":\"ImageObject\",\"inLanguage\":\"sl-SI\",\"@id\":\"https:\\\/\\\/secure.gravatar.com\\\/avatar\\\/f19c0ae874706cc9ba19d2f6da5f74a5a5ee7674f283fed29ce0ad16a9f1893e?s=96&d=mm&r=g\",\"url\":\"https:\\\/\\\/secure.gravatar.com\\\/avatar\\\/f19c0ae874706cc9ba19d2f6da5f74a5a5ee7674f283fed29ce0ad16a9f1893e?s=96&d=mm&r=g\",\"contentUrl\":\"https:\\\/\\\/secure.gravatar.com\\\/avatar\\\/f19c0ae874706cc9ba19d2f6da5f74a5a5ee7674f283fed29ce0ad16a9f1893e?s=96&d=mm&r=g\",\"caption\":\"Uredni\u0161tvo Novic\"},\"url\":\"https:\\\/\\\/novice.si\\\/page\\\/author\\\/jure\\\/\"}]}<\/script>\n<!-- \/ Yoast SEO plugin. -->","yoast_head_json":{"title":"Kdo bo novi ravnatelj O\u0160 Zre\u010de? - Novice.si","robots":{"index":"index","follow":"follow","max-snippet":"max-snippet:-1","max-image-preview":"max-image-preview:large","max-video-preview":"max-video-preview:-1"},"canonical":"https:\/\/novice.si\/page\/kdo-bo-novi-ravnatelj-os-zrece\/","og_locale":"sl_SI","og_type":"article","og_title":"Kdo bo novi ravnatelj O\u0160 Zre\u010de? - Novice.si","og_description":"Razpis za novega ravnatelja Osnovne \u0161ole Zre\u010de so objavili kmalu po tem, ko je aktualni ravnatelj Peter Kos napovedal, da se bo od funkcije pred\u010dasno poslovil in se vrnil v razred. Od naslednjega \u0161olskega leta bo znova pou\u010deval angle\u0161ki jezik. Predsednik Sveta zavoda O\u0160 Zre\u010de Mitja Krajnc je povedal, da so do izteka roka prejeli [&hellip;]","og_url":"https:\/\/novice.si\/page\/kdo-bo-novi-ravnatelj-os-zrece\/","og_site_name":"Novice.si","article_published_time":"2024-05-06T21:49:00+00:00","article_modified_time":"2024-05-07T10:52:34+00:00","og_image":[{"width":800,"height":600,"url":"https:\/\/novice.si\/page\/wp-content\/uploads\/2024\/05\/sola-zrece-1-2024_resize.jpg","type":"image\/jpeg"}],"author":"Uredni\u0161tvo Novic","twitter_card":"summary_large_image","twitter_misc":{"Written by":"Uredni\u0161tvo Novic","Est. reading time":"2 minuti"},"schema":{"@context":"https:\/\/schema.org","@graph":[{"@type":"Article","@id":"https:\/\/novice.si\/page\/kdo-bo-novi-ravnatelj-os-zrece\/#article","isPartOf":{"@id":"https:\/\/novice.si\/page\/kdo-bo-novi-ravnatelj-os-zrece\/"},"author":{"name":"Uredni\u0161tvo Novic","@id":"https:\/\/novice.si\/page\/#\/schema\/person\/a877dbb8680d441357ce27663beb35ca"},"headline":"Kdo bo novi ravnatelj O\u0160 Zre\u010de?","datePublished":"2024-05-06T21:49:00+00:00","dateModified":"2024-05-07T10:52:34+00:00","mainEntityOfPage":{"@id":"https:\/\/novice.si\/page\/kdo-bo-novi-ravnatelj-os-zrece\/"},"wordCount":195,"publisher":{"@id":"https:\/\/novice.si\/page\/#organization"},"image":{"@id":"https:\/\/novice.si\/page\/kdo-bo-novi-ravnatelj-os-zrece\/#primaryimage"},"thumbnailUrl":"https:\/\/novice.si\/page\/wp-content\/uploads\/2024\/05\/sola-zrece-1-2024_resize.jpg","keywords":["Mateja Pu\u010dnik","O\u0160 Zre\u010de","Peter Kos"],"articleSection":["Aktualno","Konji\u0161ko"],"inLanguage":"sl-SI"},{"@type":"WebPage","@id":"https:\/\/novice.si\/page\/kdo-bo-novi-ravnatelj-os-zrece\/","url":"https:\/\/novice.si\/page\/kdo-bo-novi-ravnatelj-os-zrece\/","name":"Kdo bo novi ravnatelj O\u0160 Zre\u010de? - Novice.si","isPartOf":{"@id":"https:\/\/novice.si\/page\/#website"},"primaryImageOfPage":{"@id":"https:\/\/novice.si\/page\/kdo-bo-novi-ravnatelj-os-zrece\/#primaryimage"},"image":{"@id":"https:\/\/novice.si\/page\/kdo-bo-novi-ravnatelj-os-zrece\/#primaryimage"},"thumbnailUrl":"https:\/\/novice.si\/page\/wp-content\/uploads\/2024\/05\/sola-zrece-1-2024_resize.jpg","datePublished":"2024-05-06T21:49:00+00:00","dateModified":"2024-05-07T10:52:34+00:00","breadcrumb":{"@id":"https:\/\/novice.si\/page\/kdo-bo-novi-ravnatelj-os-zrece\/#breadcrumb"},"inLanguage":"sl-SI","potentialAction":[{"@type":"ReadAction","target":["https:\/\/novice.si\/page\/kdo-bo-novi-ravnatelj-os-zrece\/"]}]},{"@type":"ImageObject","inLanguage":"sl-SI","@id":"https:\/\/novice.si\/page\/kdo-bo-novi-ravnatelj-os-zrece\/#primaryimage","url":"https:\/\/novice.si\/page\/wp-content\/uploads\/2024\/05\/sola-zrece-1-2024_resize.jpg","contentUrl":"https:\/\/novice.si\/page\/wp-content\/uploads\/2024\/05\/sola-zrece-1-2024_resize.jpg","width":800,"height":600},{"@type":"BreadcrumbList","@id":"https:\/\/novice.si\/page\/kdo-bo-novi-ravnatelj-os-zrece\/#breadcrumb","itemListElement":[{"@type":"ListItem","position":1,"name":"Home","item":"https:\/\/novice.si\/page\/"},{"@type":"ListItem","position":2,"name":"Kdo bo novi ravnatelj O\u0160 Zre\u010de?"}]},{"@type":"WebSite","@id":"https:\/\/novice.si\/page\/#website","url":"https:\/\/novice.si\/page\/","name":"Novice.si","description":"","publisher":{"@id":"https:\/\/novice.si\/page\/#organization"},"potentialAction":[{"@type":"SearchAction","target":{"@type":"EntryPoint","urlTemplate":"https:\/\/novice.si\/page\/?s={search_term_string}"},"query-input":{"@type":"PropertyValueSpecification","valueRequired":true,"valueName":"search_term_string"}}],"inLanguage":"sl-SI"},{"@type":"Organization","@id":"https:\/\/novice.si\/page\/#organization","name":"Novice.si","url":"https:\/\/novice.si\/page\/","logo":{"@type":"ImageObject","inLanguage":"sl-SI","@id":"https:\/\/novice.si\/page\/#\/schema\/logo\/image\/","url":"https:\/\/novice.si\/page\/wp-content\/uploads\/2023\/03\/novice_si.png","contentUrl":"https:\/\/novice.si\/page\/wp-content\/uploads\/2023\/03\/novice_si.png","width":576,"height":200,"caption":"Novice.si"},"image":{"@id":"https:\/\/novice.si\/page\/#\/schema\/logo\/image\/"}},{"@type":"Person","@id":"https:\/\/novice.si\/page\/#\/schema\/person\/a877dbb8680d441357ce27663beb35ca","name":"Uredni\u0161tvo Novic","image":{"@type":"ImageObject","inLanguage":"sl-SI","@id":"https:\/\/secure.gravatar.com\/avatar\/f19c0ae874706cc9ba19d2f6da5f74a5a5ee7674f283fed29ce0ad16a9f1893e?s=96&d=mm&r=g","url":"https:\/\/secure.gravatar.com\/avatar\/f19c0ae874706cc9ba19d2f6da5f74a5a5ee7674f283fed29ce0ad16a9f1893e?s=96&d=mm&r=g","contentUrl":"https:\/\/secure.gravatar.com\/avatar\/f19c0ae874706cc9ba19d2f6da5f74a5a5ee7674f283fed29ce0ad16a9f1893e?s=96&d=mm&r=g","caption":"Uredni\u0161tvo Novic"},"url":"https:\/\/novice.si\/page\/author\/jure\/"}]}},"_links":{"self":[{"href":"https:\/\/novice.si\/page\/wp-json\/wp\/v2\/posts\/174565","targetHints":{"allow":["GET"]}}],"collection":[{"href":"https:\/\/novice.si\/page\/wp-json\/wp\/v2\/posts"}],"about":[{"href":"https:\/\/novice.si\/page\/wp-json\/wp\/v2\/types\/post"}],"author":[{"embeddable":true,"href":"https:\/\/novice.si\/page\/wp-json\/wp\/v2\/users\/7"}],"replies":[{"embeddable":true,"href":"https:\/\/novice.si\/page\/wp-json\/wp\/v2\/comments?post=174565"}],"version-history":[{"count":1,"href":"https:\/\/novice.si\/page\/wp-json\/wp\/v2\/posts\/174565\/revisions"}],"predecessor-version":[{"id":174567,"href":"https:\/\/novice.si\/page\/wp-json\/wp\/v2\/posts\/174565\/revisions\/174567"}],"wp:featuredmedia":[{"embeddable":true,"href":"https:\/\/novice.si\/page\/wp-json\/wp\/v2\/media\/174566"}],"wp:attachment":[{"href":"https:\/\/novice.si\/page\/wp-json\/wp\/v2\/media?parent=174565"}],"wp:term":[{"taxonomy":"category","embeddable":true,"href":"https:\/\/novice.si\/page\/wp-json\/wp\/v2\/categories?post=174565"},{"taxonomy":"post_tag","embeddable":true,"href":"https:\/\/novice.si\/page\/wp-json\/wp\/v2\/tags?post=174565"}],"curies":[{"name":"wp","href":"https:\/\/api.w.org\/{rel}","templated":true}]}}