{"id":174438,"date":"2024-05-05T15:12:05","date_gmt":"2024-05-05T13:12:05","guid":{"rendered":"https:\/\/novice.si\/page\/?p=174438"},"modified":"2024-05-05T15:13:23","modified_gmt":"2024-05-05T13:13:23","slug":"na-skrita-mesta-v-cudezni-svet-kar-v-zrecah","status":"publish","type":"post","link":"https:\/\/novice.si\/page\/na-skrita-mesta-v-cudezni-svet-kar-v-zrecah\/","title":{"rendered":"Na skrita mesta v \u010dude\u017eni svet &#8211; kar v Zre\u010dah"},"content":{"rendered":"<p>V Zre\u010dah v Atelje MS je \u017ee na ogled, ta \u010detrtek pa bo \u0161e uradno odprtje, razstava \u010carobni svet, diplomirane slikarke <strong>Nine Zuljan.<\/strong><\/p>\n<p>Slikarka iz \u0160empetra pri Gorici nas s svojimi slikami popelje na cveto\u010de planjave, v rajske vrtove, kjer bivajo \u010dude\u017ene ptice. &#8216;Njena dela, ki prekipevajo od iskrenosti in sr\u010dnosti, ki so pre\u017eeta s son\u010dnostjo, notranjo svetlobo in pozitivno energijo, se nas dotaknejo, nas dvignejo, nas popeljejo v izjemno in intenzivno do\u017eivetje, nas odmaknejo stran od ponorelega sveta,&#8217; je zapisala likovna kriti\u010darka Anamarija Stibilj \u0160ajn.<\/p>\n<figure id=\"attachment_174439\" aria-describedby=\"caption-attachment-174439\" style=\"width: 150px\" class=\"wp-caption alignleft\"><img loading=\"lazy\" decoding=\"async\" class=\"wp-image-174439 size-thumbnail\" src=\"https:\/\/novice.si\/page\/wp-content\/uploads\/2024\/05\/janez-ivacic-2-150x150.png\" alt=\"\" width=\"150\" height=\"150\" srcset=\"https:\/\/novice.si\/page\/wp-content\/uploads\/2024\/05\/janez-ivacic-2-150x150.png 150w, https:\/\/novice.si\/page\/wp-content\/uploads\/2024\/05\/janez-ivacic-2-486x486.png 486w, https:\/\/novice.si\/page\/wp-content\/uploads\/2024\/05\/janez-ivacic-2-24x24.png 24w\" sizes=\"auto, (max-width: 150px) 100vw, 150px\" \/><figcaption id=\"caption-attachment-174439\" class=\"wp-caption-text\">Janez Iva\u010di\u010d<\/figcaption><\/figure>\n<p>Na odprtju pa se bo z avtorsko glasbo predstavil tudi mladi umetnik zre\u0161kih korenin; je namre\u010d prapravnuk Vladka Mohori\u010da, po katerem se imenuje zre\u0161ki KUD; <strong>Janez Iva\u010di\u010d<\/strong>. Mladi glasbenik se izra\u017ea v \u017eanru melodi\u010dnega popa z vplivi jazza. Nedavno je iz\u0161el njegov debitantski album z naslovom Secret Place.<\/p>\n<p>&nbsp;<\/p>\n<figure id=\"attachment_174440\" aria-describedby=\"caption-attachment-174440\" style=\"width: 600px\" class=\"wp-caption alignnone\"><img loading=\"lazy\" decoding=\"async\" class=\"wp-image-174440 size-medium\" src=\"https:\/\/novice.si\/page\/wp-content\/uploads\/2024\/05\/razstava-1-600x367.jpg\" alt=\"\" width=\"600\" height=\"367\" srcset=\"https:\/\/novice.si\/page\/wp-content\/uploads\/2024\/05\/razstava-1-600x367.jpg 600w, https:\/\/novice.si\/page\/wp-content\/uploads\/2024\/05\/razstava-1-1024x626.jpg 1024w, https:\/\/novice.si\/page\/wp-content\/uploads\/2024\/05\/razstava-1-768x469.jpg 768w, https:\/\/novice.si\/page\/wp-content\/uploads\/2024\/05\/razstava-1-1536x938.jpg 1536w, https:\/\/novice.si\/page\/wp-content\/uploads\/2024\/05\/razstava-1-2048x1251.jpg 2048w, https:\/\/novice.si\/page\/wp-content\/uploads\/2024\/05\/razstava-1-688x420.jpg 688w, https:\/\/novice.si\/page\/wp-content\/uploads\/2024\/05\/razstava-1-696x425.jpg 696w, https:\/\/novice.si\/page\/wp-content\/uploads\/2024\/05\/razstava-1-1068x652.jpg 1068w, https:\/\/novice.si\/page\/wp-content\/uploads\/2024\/05\/razstava-1-1920x1173.jpg 1920w, https:\/\/novice.si\/page\/wp-content\/uploads\/2024\/05\/razstava-1-24x15.jpg 24w, https:\/\/novice.si\/page\/wp-content\/uploads\/2024\/05\/razstava-1-36x22.jpg 36w, https:\/\/novice.si\/page\/wp-content\/uploads\/2024\/05\/razstava-1-48x29.jpg 48w\" sizes=\"auto, (max-width: 600px) 100vw, 600px\" \/><figcaption id=\"caption-attachment-174440\" class=\"wp-caption-text\">Razstava \u010carobni svet v Atelje MS.<\/figcaption><\/figure>\n","protected":false},"excerpt":{"rendered":"<p>V Zre\u010dah v Atelje MS je \u017ee na ogled, ta \u010detrtek pa bo \u0161e uradno odprtje, razstava \u010carobni svet, diplomirane slikarke Nine Zuljan. Slikarka iz \u0160empetra pri Gorici nas s svojimi slikami popelje na cveto\u010de planjave, v rajske vrtove, kjer bivajo \u010dude\u017ene ptice. &#8216;Njena dela, ki prekipevajo od iskrenosti in sr\u010dnosti, ki so pre\u017eeta s [&hellip;]<\/p>\n","protected":false},"author":5,"featured_media":174440,"comment_status":"closed","ping_status":"closed","sticky":false,"template":"","format":"standard","meta":{"footnotes":""},"categories":[14,15,16],"tags":[12049,20426],"class_list":{"0":"post-174438","1":"post","2":"type-post","3":"status-publish","4":"format-standard","5":"has-post-thumbnail","7":"category-aktualno","8":"category-druzabno","9":"category-konjisko","10":"tag-atelje-ms","11":"tag-nina-zuljan"},"yoast_head":"<!-- This site is optimized with the Yoast SEO plugin v27.4 - https:\/\/yoast.com\/product\/yoast-seo-wordpress\/ -->\n<title>Na skrita mesta v \u010dude\u017eni svet - kar v Zre\u010dah - Novice.si<\/title>\n<meta name=\"robots\" content=\"index, follow, max-snippet:-1, max-image-preview:large, max-video-preview:-1\" \/>\n<link rel=\"canonical\" href=\"https:\/\/novice.si\/page\/na-skrita-mesta-v-cudezni-svet-kar-v-zrecah\/\" \/>\n<meta property=\"og:locale\" content=\"sl_SI\" \/>\n<meta property=\"og:type\" content=\"article\" \/>\n<meta property=\"og:title\" content=\"Na skrita mesta v \u010dude\u017eni svet - kar v Zre\u010dah - Novice.si\" \/>\n<meta property=\"og:description\" content=\"V Zre\u010dah v Atelje MS je \u017ee na ogled, ta \u010detrtek pa bo \u0161e uradno odprtje, razstava \u010carobni svet, diplomirane slikarke Nine Zuljan. Slikarka iz \u0160empetra pri Gorici nas s svojimi slikami popelje na cveto\u010de planjave, v rajske vrtove, kjer bivajo \u010dude\u017ene ptice. &#8216;Njena dela, ki prekipevajo od iskrenosti in sr\u010dnosti, ki so pre\u017eeta s [&hellip;]\" \/>\n<meta property=\"og:url\" content=\"https:\/\/novice.si\/page\/na-skrita-mesta-v-cudezni-svet-kar-v-zrecah\/\" \/>\n<meta property=\"og:site_name\" content=\"Novice.si\" \/>\n<meta property=\"article:published_time\" content=\"2024-05-05T13:12:05+00:00\" \/>\n<meta property=\"article:modified_time\" content=\"2024-05-05T13:13:23+00:00\" \/>\n<meta property=\"og:image\" content=\"https:\/\/novice.si\/page\/wp-content\/uploads\/2024\/05\/razstava-1-scaled.jpg\" \/>\n\t<meta property=\"og:image:width\" content=\"2560\" \/>\n\t<meta property=\"og:image:height\" content=\"1564\" \/>\n\t<meta property=\"og:image:type\" content=\"image\/jpeg\" \/>\n<meta name=\"author\" content=\"Uredni\u0161tvo Radia Rogla\" \/>\n<meta name=\"twitter:card\" content=\"summary_large_image\" \/>\n<meta name=\"twitter:label1\" content=\"Written by\" \/>\n\t<meta name=\"twitter:data1\" content=\"Uredni\u0161tvo Radia Rogla\" \/>\n\t<meta name=\"twitter:label2\" content=\"Est. reading time\" \/>\n\t<meta name=\"twitter:data2\" content=\"2 minuti\" \/>\n<script type=\"application\/ld+json\" class=\"yoast-schema-graph\">{\"@context\":\"https:\\\/\\\/schema.org\",\"@graph\":[{\"@type\":\"Article\",\"@id\":\"https:\\\/\\\/novice.si\\\/page\\\/na-skrita-mesta-v-cudezni-svet-kar-v-zrecah\\\/#article\",\"isPartOf\":{\"@id\":\"https:\\\/\\\/novice.si\\\/page\\\/na-skrita-mesta-v-cudezni-svet-kar-v-zrecah\\\/\"},\"author\":{\"name\":\"Uredni\u0161tvo Radia Rogla\",\"@id\":\"https:\\\/\\\/novice.si\\\/page\\\/#\\\/schema\\\/person\\\/25f5278da029e7b6f1e1c5653d7152a6\"},\"headline\":\"Na skrita mesta v \u010dude\u017eni svet &#8211; kar v Zre\u010dah\",\"datePublished\":\"2024-05-05T13:12:05+00:00\",\"dateModified\":\"2024-05-05T13:13:23+00:00\",\"mainEntityOfPage\":{\"@id\":\"https:\\\/\\\/novice.si\\\/page\\\/na-skrita-mesta-v-cudezni-svet-kar-v-zrecah\\\/\"},\"wordCount\":186,\"publisher\":{\"@id\":\"https:\\\/\\\/novice.si\\\/page\\\/#organization\"},\"image\":{\"@id\":\"https:\\\/\\\/novice.si\\\/page\\\/na-skrita-mesta-v-cudezni-svet-kar-v-zrecah\\\/#primaryimage\"},\"thumbnailUrl\":\"https:\\\/\\\/novice.si\\\/page\\\/wp-content\\\/uploads\\\/2024\\\/05\\\/razstava-1-scaled.jpg\",\"keywords\":[\"atelje ms\",\"Nina Zuljan\"],\"articleSection\":[\"Aktualno\",\"Dru\u017eabno\",\"Konji\u0161ko\"],\"inLanguage\":\"sl-SI\"},{\"@type\":\"WebPage\",\"@id\":\"https:\\\/\\\/novice.si\\\/page\\\/na-skrita-mesta-v-cudezni-svet-kar-v-zrecah\\\/\",\"url\":\"https:\\\/\\\/novice.si\\\/page\\\/na-skrita-mesta-v-cudezni-svet-kar-v-zrecah\\\/\",\"name\":\"Na skrita mesta v \u010dude\u017eni svet - kar v Zre\u010dah - Novice.si\",\"isPartOf\":{\"@id\":\"https:\\\/\\\/novice.si\\\/page\\\/#website\"},\"primaryImageOfPage\":{\"@id\":\"https:\\\/\\\/novice.si\\\/page\\\/na-skrita-mesta-v-cudezni-svet-kar-v-zrecah\\\/#primaryimage\"},\"image\":{\"@id\":\"https:\\\/\\\/novice.si\\\/page\\\/na-skrita-mesta-v-cudezni-svet-kar-v-zrecah\\\/#primaryimage\"},\"thumbnailUrl\":\"https:\\\/\\\/novice.si\\\/page\\\/wp-content\\\/uploads\\\/2024\\\/05\\\/razstava-1-scaled.jpg\",\"datePublished\":\"2024-05-05T13:12:05+00:00\",\"dateModified\":\"2024-05-05T13:13:23+00:00\",\"breadcrumb\":{\"@id\":\"https:\\\/\\\/novice.si\\\/page\\\/na-skrita-mesta-v-cudezni-svet-kar-v-zrecah\\\/#breadcrumb\"},\"inLanguage\":\"sl-SI\",\"potentialAction\":[{\"@type\":\"ReadAction\",\"target\":[\"https:\\\/\\\/novice.si\\\/page\\\/na-skrita-mesta-v-cudezni-svet-kar-v-zrecah\\\/\"]}]},{\"@type\":\"ImageObject\",\"inLanguage\":\"sl-SI\",\"@id\":\"https:\\\/\\\/novice.si\\\/page\\\/na-skrita-mesta-v-cudezni-svet-kar-v-zrecah\\\/#primaryimage\",\"url\":\"https:\\\/\\\/novice.si\\\/page\\\/wp-content\\\/uploads\\\/2024\\\/05\\\/razstava-1-scaled.jpg\",\"contentUrl\":\"https:\\\/\\\/novice.si\\\/page\\\/wp-content\\\/uploads\\\/2024\\\/05\\\/razstava-1-scaled.jpg\",\"width\":2560,\"height\":1564},{\"@type\":\"BreadcrumbList\",\"@id\":\"https:\\\/\\\/novice.si\\\/page\\\/na-skrita-mesta-v-cudezni-svet-kar-v-zrecah\\\/#breadcrumb\",\"itemListElement\":[{\"@type\":\"ListItem\",\"position\":1,\"name\":\"Home\",\"item\":\"https:\\\/\\\/novice.si\\\/page\\\/\"},{\"@type\":\"ListItem\",\"position\":2,\"name\":\"Na skrita mesta v \u010dude\u017eni svet &#8211; kar v Zre\u010dah\"}]},{\"@type\":\"WebSite\",\"@id\":\"https:\\\/\\\/novice.si\\\/page\\\/#website\",\"url\":\"https:\\\/\\\/novice.si\\\/page\\\/\",\"name\":\"Novice.si\",\"description\":\"\",\"publisher\":{\"@id\":\"https:\\\/\\\/novice.si\\\/page\\\/#organization\"},\"potentialAction\":[{\"@type\":\"SearchAction\",\"target\":{\"@type\":\"EntryPoint\",\"urlTemplate\":\"https:\\\/\\\/novice.si\\\/page\\\/?s={search_term_string}\"},\"query-input\":{\"@type\":\"PropertyValueSpecification\",\"valueRequired\":true,\"valueName\":\"search_term_string\"}}],\"inLanguage\":\"sl-SI\"},{\"@type\":\"Organization\",\"@id\":\"https:\\\/\\\/novice.si\\\/page\\\/#organization\",\"name\":\"Novice.si\",\"url\":\"https:\\\/\\\/novice.si\\\/page\\\/\",\"logo\":{\"@type\":\"ImageObject\",\"inLanguage\":\"sl-SI\",\"@id\":\"https:\\\/\\\/novice.si\\\/page\\\/#\\\/schema\\\/logo\\\/image\\\/\",\"url\":\"https:\\\/\\\/novice.si\\\/page\\\/wp-content\\\/uploads\\\/2023\\\/03\\\/novice_si.png\",\"contentUrl\":\"https:\\\/\\\/novice.si\\\/page\\\/wp-content\\\/uploads\\\/2023\\\/03\\\/novice_si.png\",\"width\":576,\"height\":200,\"caption\":\"Novice.si\"},\"image\":{\"@id\":\"https:\\\/\\\/novice.si\\\/page\\\/#\\\/schema\\\/logo\\\/image\\\/\"}},{\"@type\":\"Person\",\"@id\":\"https:\\\/\\\/novice.si\\\/page\\\/#\\\/schema\\\/person\\\/25f5278da029e7b6f1e1c5653d7152a6\",\"name\":\"Uredni\u0161tvo Radia Rogla\",\"image\":{\"@type\":\"ImageObject\",\"inLanguage\":\"sl-SI\",\"@id\":\"https:\\\/\\\/secure.gravatar.com\\\/avatar\\\/eade8259eacc27e89cb0948c57c4cbe46b0f16ea634156f167415ac94c5b03e3?s=96&d=mm&r=g\",\"url\":\"https:\\\/\\\/secure.gravatar.com\\\/avatar\\\/eade8259eacc27e89cb0948c57c4cbe46b0f16ea634156f167415ac94c5b03e3?s=96&d=mm&r=g\",\"contentUrl\":\"https:\\\/\\\/secure.gravatar.com\\\/avatar\\\/eade8259eacc27e89cb0948c57c4cbe46b0f16ea634156f167415ac94c5b03e3?s=96&d=mm&r=g\",\"caption\":\"Uredni\u0161tvo Radia Rogla\"},\"url\":\"https:\\\/\\\/novice.si\\\/page\\\/author\\\/valerija\\\/\"}]}<\/script>\n<!-- \/ Yoast SEO plugin. -->","yoast_head_json":{"title":"Na skrita mesta v \u010dude\u017eni svet - kar v Zre\u010dah - Novice.si","robots":{"index":"index","follow":"follow","max-snippet":"max-snippet:-1","max-image-preview":"max-image-preview:large","max-video-preview":"max-video-preview:-1"},"canonical":"https:\/\/novice.si\/page\/na-skrita-mesta-v-cudezni-svet-kar-v-zrecah\/","og_locale":"sl_SI","og_type":"article","og_title":"Na skrita mesta v \u010dude\u017eni svet - kar v Zre\u010dah - Novice.si","og_description":"V Zre\u010dah v Atelje MS je \u017ee na ogled, ta \u010detrtek pa bo \u0161e uradno odprtje, razstava \u010carobni svet, diplomirane slikarke Nine Zuljan. Slikarka iz \u0160empetra pri Gorici nas s svojimi slikami popelje na cveto\u010de planjave, v rajske vrtove, kjer bivajo \u010dude\u017ene ptice. &#8216;Njena dela, ki prekipevajo od iskrenosti in sr\u010dnosti, ki so pre\u017eeta s [&hellip;]","og_url":"https:\/\/novice.si\/page\/na-skrita-mesta-v-cudezni-svet-kar-v-zrecah\/","og_site_name":"Novice.si","article_published_time":"2024-05-05T13:12:05+00:00","article_modified_time":"2024-05-05T13:13:23+00:00","og_image":[{"width":2560,"height":1564,"url":"https:\/\/novice.si\/page\/wp-content\/uploads\/2024\/05\/razstava-1-scaled.jpg","type":"image\/jpeg"}],"author":"Uredni\u0161tvo Radia Rogla","twitter_card":"summary_large_image","twitter_misc":{"Written by":"Uredni\u0161tvo Radia Rogla","Est. reading time":"2 minuti"},"schema":{"@context":"https:\/\/schema.org","@graph":[{"@type":"Article","@id":"https:\/\/novice.si\/page\/na-skrita-mesta-v-cudezni-svet-kar-v-zrecah\/#article","isPartOf":{"@id":"https:\/\/novice.si\/page\/na-skrita-mesta-v-cudezni-svet-kar-v-zrecah\/"},"author":{"name":"Uredni\u0161tvo Radia Rogla","@id":"https:\/\/novice.si\/page\/#\/schema\/person\/25f5278da029e7b6f1e1c5653d7152a6"},"headline":"Na skrita mesta v \u010dude\u017eni svet &#8211; kar v Zre\u010dah","datePublished":"2024-05-05T13:12:05+00:00","dateModified":"2024-05-05T13:13:23+00:00","mainEntityOfPage":{"@id":"https:\/\/novice.si\/page\/na-skrita-mesta-v-cudezni-svet-kar-v-zrecah\/"},"wordCount":186,"publisher":{"@id":"https:\/\/novice.si\/page\/#organization"},"image":{"@id":"https:\/\/novice.si\/page\/na-skrita-mesta-v-cudezni-svet-kar-v-zrecah\/#primaryimage"},"thumbnailUrl":"https:\/\/novice.si\/page\/wp-content\/uploads\/2024\/05\/razstava-1-scaled.jpg","keywords":["atelje ms","Nina Zuljan"],"articleSection":["Aktualno","Dru\u017eabno","Konji\u0161ko"],"inLanguage":"sl-SI"},{"@type":"WebPage","@id":"https:\/\/novice.si\/page\/na-skrita-mesta-v-cudezni-svet-kar-v-zrecah\/","url":"https:\/\/novice.si\/page\/na-skrita-mesta-v-cudezni-svet-kar-v-zrecah\/","name":"Na skrita mesta v \u010dude\u017eni svet - kar v Zre\u010dah - Novice.si","isPartOf":{"@id":"https:\/\/novice.si\/page\/#website"},"primaryImageOfPage":{"@id":"https:\/\/novice.si\/page\/na-skrita-mesta-v-cudezni-svet-kar-v-zrecah\/#primaryimage"},"image":{"@id":"https:\/\/novice.si\/page\/na-skrita-mesta-v-cudezni-svet-kar-v-zrecah\/#primaryimage"},"thumbnailUrl":"https:\/\/novice.si\/page\/wp-content\/uploads\/2024\/05\/razstava-1-scaled.jpg","datePublished":"2024-05-05T13:12:05+00:00","dateModified":"2024-05-05T13:13:23+00:00","breadcrumb":{"@id":"https:\/\/novice.si\/page\/na-skrita-mesta-v-cudezni-svet-kar-v-zrecah\/#breadcrumb"},"inLanguage":"sl-SI","potentialAction":[{"@type":"ReadAction","target":["https:\/\/novice.si\/page\/na-skrita-mesta-v-cudezni-svet-kar-v-zrecah\/"]}]},{"@type":"ImageObject","inLanguage":"sl-SI","@id":"https:\/\/novice.si\/page\/na-skrita-mesta-v-cudezni-svet-kar-v-zrecah\/#primaryimage","url":"https:\/\/novice.si\/page\/wp-content\/uploads\/2024\/05\/razstava-1-scaled.jpg","contentUrl":"https:\/\/novice.si\/page\/wp-content\/uploads\/2024\/05\/razstava-1-scaled.jpg","width":2560,"height":1564},{"@type":"BreadcrumbList","@id":"https:\/\/novice.si\/page\/na-skrita-mesta-v-cudezni-svet-kar-v-zrecah\/#breadcrumb","itemListElement":[{"@type":"ListItem","position":1,"name":"Home","item":"https:\/\/novice.si\/page\/"},{"@type":"ListItem","position":2,"name":"Na skrita mesta v \u010dude\u017eni svet &#8211; kar v Zre\u010dah"}]},{"@type":"WebSite","@id":"https:\/\/novice.si\/page\/#website","url":"https:\/\/novice.si\/page\/","name":"Novice.si","description":"","publisher":{"@id":"https:\/\/novice.si\/page\/#organization"},"potentialAction":[{"@type":"SearchAction","target":{"@type":"EntryPoint","urlTemplate":"https:\/\/novice.si\/page\/?s={search_term_string}"},"query-input":{"@type":"PropertyValueSpecification","valueRequired":true,"valueName":"search_term_string"}}],"inLanguage":"sl-SI"},{"@type":"Organization","@id":"https:\/\/novice.si\/page\/#organization","name":"Novice.si","url":"https:\/\/novice.si\/page\/","logo":{"@type":"ImageObject","inLanguage":"sl-SI","@id":"https:\/\/novice.si\/page\/#\/schema\/logo\/image\/","url":"https:\/\/novice.si\/page\/wp-content\/uploads\/2023\/03\/novice_si.png","contentUrl":"https:\/\/novice.si\/page\/wp-content\/uploads\/2023\/03\/novice_si.png","width":576,"height":200,"caption":"Novice.si"},"image":{"@id":"https:\/\/novice.si\/page\/#\/schema\/logo\/image\/"}},{"@type":"Person","@id":"https:\/\/novice.si\/page\/#\/schema\/person\/25f5278da029e7b6f1e1c5653d7152a6","name":"Uredni\u0161tvo Radia Rogla","image":{"@type":"ImageObject","inLanguage":"sl-SI","@id":"https:\/\/secure.gravatar.com\/avatar\/eade8259eacc27e89cb0948c57c4cbe46b0f16ea634156f167415ac94c5b03e3?s=96&d=mm&r=g","url":"https:\/\/secure.gravatar.com\/avatar\/eade8259eacc27e89cb0948c57c4cbe46b0f16ea634156f167415ac94c5b03e3?s=96&d=mm&r=g","contentUrl":"https:\/\/secure.gravatar.com\/avatar\/eade8259eacc27e89cb0948c57c4cbe46b0f16ea634156f167415ac94c5b03e3?s=96&d=mm&r=g","caption":"Uredni\u0161tvo Radia Rogla"},"url":"https:\/\/novice.si\/page\/author\/valerija\/"}]}},"_links":{"self":[{"href":"https:\/\/novice.si\/page\/wp-json\/wp\/v2\/posts\/174438","targetHints":{"allow":["GET"]}}],"collection":[{"href":"https:\/\/novice.si\/page\/wp-json\/wp\/v2\/posts"}],"about":[{"href":"https:\/\/novice.si\/page\/wp-json\/wp\/v2\/types\/post"}],"author":[{"embeddable":true,"href":"https:\/\/novice.si\/page\/wp-json\/wp\/v2\/users\/5"}],"replies":[{"embeddable":true,"href":"https:\/\/novice.si\/page\/wp-json\/wp\/v2\/comments?post=174438"}],"version-history":[{"count":3,"href":"https:\/\/novice.si\/page\/wp-json\/wp\/v2\/posts\/174438\/revisions"}],"predecessor-version":[{"id":174442,"href":"https:\/\/novice.si\/page\/wp-json\/wp\/v2\/posts\/174438\/revisions\/174442"}],"wp:featuredmedia":[{"embeddable":true,"href":"https:\/\/novice.si\/page\/wp-json\/wp\/v2\/media\/174440"}],"wp:attachment":[{"href":"https:\/\/novice.si\/page\/wp-json\/wp\/v2\/media?parent=174438"}],"wp:term":[{"taxonomy":"category","embeddable":true,"href":"https:\/\/novice.si\/page\/wp-json\/wp\/v2\/categories?post=174438"},{"taxonomy":"post_tag","embeddable":true,"href":"https:\/\/novice.si\/page\/wp-json\/wp\/v2\/tags?post=174438"}],"curies":[{"name":"wp","href":"https:\/\/api.w.org\/{rel}","templated":true}]}}