{"id":174434,"date":"2024-05-04T08:53:10","date_gmt":"2024-05-04T06:53:10","guid":{"rendered":"https:\/\/novice.si\/page\/?p=174434"},"modified":"2024-05-03T12:58:06","modified_gmt":"2024-05-03T10:58:06","slug":"namesto-svec-ziv-spomin-na-pokojne","status":"publish","type":"post","link":"https:\/\/novice.si\/page\/namesto-svec-ziv-spomin-na-pokojne\/","title":{"rendered":"Namesto sve\u010d, \u017eiv spomin na pokojne"},"content":{"rendered":"<figure id=\"attachment_174435\" aria-describedby=\"caption-attachment-174435\" style=\"width: 600px\" class=\"wp-caption alignleft\"><img loading=\"lazy\" decoding=\"async\" class=\"size-medium wp-image-174435\" src=\"https:\/\/novice.si\/page\/wp-content\/uploads\/2024\/05\/Drevo-za-zivljenje-park-mozirje-1-600x400.jpg\" alt=\"\" width=\"600\" height=\"400\" srcset=\"https:\/\/novice.si\/page\/wp-content\/uploads\/2024\/05\/Drevo-za-zivljenje-park-mozirje-1-600x400.jpg 600w, https:\/\/novice.si\/page\/wp-content\/uploads\/2024\/05\/Drevo-za-zivljenje-park-mozirje-1-1024x683.jpg 1024w, https:\/\/novice.si\/page\/wp-content\/uploads\/2024\/05\/Drevo-za-zivljenje-park-mozirje-1-768x512.jpg 768w, https:\/\/novice.si\/page\/wp-content\/uploads\/2024\/05\/Drevo-za-zivljenje-park-mozirje-1-1536x1024.jpg 1536w, https:\/\/novice.si\/page\/wp-content\/uploads\/2024\/05\/Drevo-za-zivljenje-park-mozirje-1-2048x1365.jpg 2048w, https:\/\/novice.si\/page\/wp-content\/uploads\/2024\/05\/Drevo-za-zivljenje-park-mozirje-1-630x420.jpg 630w, https:\/\/novice.si\/page\/wp-content\/uploads\/2024\/05\/Drevo-za-zivljenje-park-mozirje-1-696x464.jpg 696w, https:\/\/novice.si\/page\/wp-content\/uploads\/2024\/05\/Drevo-za-zivljenje-park-mozirje-1-1068x712.jpg 1068w, https:\/\/novice.si\/page\/wp-content\/uploads\/2024\/05\/Drevo-za-zivljenje-park-mozirje-1-1920x1280.jpg 1920w, https:\/\/novice.si\/page\/wp-content\/uploads\/2024\/05\/Drevo-za-zivljenje-park-mozirje-1-24x16.jpg 24w, https:\/\/novice.si\/page\/wp-content\/uploads\/2024\/05\/Drevo-za-zivljenje-park-mozirje-1-36x24.jpg 36w, https:\/\/novice.si\/page\/wp-content\/uploads\/2024\/05\/Drevo-za-zivljenje-park-mozirje-1-48x32.jpg 48w\" sizes=\"auto, (max-width: 600px) 100vw, 600px\" \/><figcaption id=\"caption-attachment-174435\" class=\"wp-caption-text\">Jon Kanjir<\/figcaption><\/figure>\n<p><strong>Drevo za \u017eivljenje.<\/strong> To je projekt Slovenskega dru\u0161tva Hospic, ki namesto sve\u010d in ostalih spominov na rajne, zasadijo drevo v enem izmed Parkov \u017eivljenja, ki nastajajo po Sloveniji.<\/p>\n<p>Navada je, da v spomin pokojnim osebam pri\u017egemo sve\u010dko ali polo\u017eimo \u0161opek cveto\u010dih ro\u017e. Lepo in simboli\u010dno, a plamen hitro dogori, ro\u017ee ovenijo. Od spomina ostane le plasti\u010dna embala\u017ea, ki obremeni okolje. Slovensko dru\u0161tvo Hospic zato s projektom Drevo za \u017eivljenje v spomin na\u00a0 drago osebo poseje drevo v enem izmed Parkov \u017eivljenja, ki nastajajo po Sloveniji. V zameno sprejmejo donacijo, ki pokrije stro\u0161ke zasaditve drevesa.<\/p>\n<p>Ob drevesih bodo postavili plakat, na katerem bodo zapisana imena vseh oseb, ki so jim ta drevesa posve\u010dena. Del donacije bodo namenili otrokom, ki so se soo\u010dili s te\u017eko izgubo bli\u017enjega in je ne zmorejo predelati sami. Slovensko dru\u0161tvo Hospic tem otrokom brezpla\u010dno omogo\u010di udele\u017ebo na Taboru \u017ealujo\u010dih otrok Levjesr\u010dni, kjer so prisotni strokovni delavci in usposobljeni prostovoljci za soo\u010danje s \u010dustvi ob izgubi.<\/p>\n<p><strong>Prvi Park \u017eivljenja<\/strong><\/p>\n<p>Prvi Park \u017eivljenja nastaja v Mozirskem gaju, ki je bil mo\u010dno po\u0161kodovan v poplavah avgusta lani. \u00bb<em>Zasaditev drevesa predstavlja \u017eiv spomin. Spomin, ki bo rastel, se razvijal, \u017eivel v simbiozi z ostalimi in soustvarjal naravo. Namesto, da sve\u010dka ugasne, drevo raste. Drevo, ki je posve\u010deno dolo\u010deni osebi, lahko ve\u010dkrat obi\u0161\u010demo in tudi na tak\u0161en na\u010din ohranjamo lep spomin na to osebo in jo simboli\u010dno obiskujemo<\/em>,\u00ab pravi <strong>Jon Kanjir<\/strong>, vodja projekta Drevo za \u017eivljenje in dodaja: \u00bb<em>Ljudje so na\u0161o idejo lepo sprejeli in kar nekaj dreves je \u017ee dobilo svoje mesto, kar bo pripomoglo tudi k hitrej\u0161i obnovi Mozirskega gaja<\/em>.\u00ab Cilj projekta je, da bi Parki \u017eivljenja za\u017eiveli povsod po Sloveniji.<\/p>\n<p>Nekaj na novo posajenih spominskih dreves si v parku \u017ee lahko ogledate ter hkrati u\u017eivate v zaklju\u010dku vi\u0161ka pomladne razstave v Mozirskem gaju z dodatnimi aktivnostmi.<\/p>\n","protected":false},"excerpt":{"rendered":"<p>Drevo za \u017eivljenje. To je projekt Slovenskega dru\u0161tva Hospic, ki namesto sve\u010d in ostalih spominov na rajne, zasadijo drevo v enem izmed Parkov \u017eivljenja, ki nastajajo po Sloveniji. Navada je, da v spomin pokojnim osebam pri\u017egemo sve\u010dko ali polo\u017eimo \u0161opek cveto\u010dih ro\u017e. Lepo in simboli\u010dno, a plamen hitro dogori, ro\u017ee ovenijo. Od spomina ostane le [&hellip;]<\/p>\n","protected":false},"author":55,"featured_media":174435,"comment_status":"closed","ping_status":"closed","sticky":false,"template":"","format":"standard","meta":{"footnotes":""},"categories":[14],"tags":[],"class_list":{"0":"post-174434","1":"post","2":"type-post","3":"status-publish","4":"format-standard","5":"has-post-thumbnail","7":"category-aktualno"},"yoast_head":"<!-- This site is optimized with the Yoast SEO plugin v27.4 - https:\/\/yoast.com\/product\/yoast-seo-wordpress\/ -->\n<title>Namesto sve\u010d, \u017eiv spomin na pokojne - Novice.si<\/title>\n<meta name=\"robots\" content=\"index, follow, max-snippet:-1, max-image-preview:large, max-video-preview:-1\" \/>\n<link rel=\"canonical\" href=\"https:\/\/novice.si\/page\/namesto-svec-ziv-spomin-na-pokojne\/\" \/>\n<meta property=\"og:locale\" content=\"sl_SI\" \/>\n<meta property=\"og:type\" content=\"article\" \/>\n<meta property=\"og:title\" content=\"Namesto sve\u010d, \u017eiv spomin na pokojne - Novice.si\" \/>\n<meta property=\"og:description\" content=\"Drevo za \u017eivljenje. To je projekt Slovenskega dru\u0161tva Hospic, ki namesto sve\u010d in ostalih spominov na rajne, zasadijo drevo v enem izmed Parkov \u017eivljenja, ki nastajajo po Sloveniji. Navada je, da v spomin pokojnim osebam pri\u017egemo sve\u010dko ali polo\u017eimo \u0161opek cveto\u010dih ro\u017e. Lepo in simboli\u010dno, a plamen hitro dogori, ro\u017ee ovenijo. Od spomina ostane le [&hellip;]\" \/>\n<meta property=\"og:url\" content=\"https:\/\/novice.si\/page\/namesto-svec-ziv-spomin-na-pokojne\/\" \/>\n<meta property=\"og:site_name\" content=\"Novice.si\" \/>\n<meta property=\"article:published_time\" content=\"2024-05-04T06:53:10+00:00\" \/>\n<meta property=\"og:image\" content=\"https:\/\/novice.si\/page\/wp-content\/uploads\/2024\/05\/Drevo-za-zivljenje-park-mozirje-1.jpg\" \/>\n\t<meta property=\"og:image:width\" content=\"2400\" \/>\n\t<meta property=\"og:image:height\" content=\"1600\" \/>\n\t<meta property=\"og:image:type\" content=\"image\/jpeg\" \/>\n<meta name=\"author\" content=\"Uredni\u0161tvo Celjana\" \/>\n<meta name=\"twitter:card\" content=\"summary_large_image\" \/>\n<meta name=\"twitter:label1\" content=\"Written by\" \/>\n\t<meta name=\"twitter:data1\" content=\"Uredni\u0161tvo Celjana\" \/>\n\t<meta name=\"twitter:label2\" content=\"Est. reading time\" \/>\n\t<meta name=\"twitter:data2\" content=\"3 minute\" \/>\n<script type=\"application\/ld+json\" class=\"yoast-schema-graph\">{\"@context\":\"https:\\\/\\\/schema.org\",\"@graph\":[{\"@type\":\"Article\",\"@id\":\"https:\\\/\\\/novice.si\\\/page\\\/namesto-svec-ziv-spomin-na-pokojne\\\/#article\",\"isPartOf\":{\"@id\":\"https:\\\/\\\/novice.si\\\/page\\\/namesto-svec-ziv-spomin-na-pokojne\\\/\"},\"author\":{\"name\":\"Uredni\u0161tvo Celjana\",\"@id\":\"https:\\\/\\\/novice.si\\\/page\\\/#\\\/schema\\\/person\\\/a49f233ef2777ec7b2e8d0662325bb48\"},\"headline\":\"Namesto sve\u010d, \u017eiv spomin na pokojne\",\"datePublished\":\"2024-05-04T06:53:10+00:00\",\"mainEntityOfPage\":{\"@id\":\"https:\\\/\\\/novice.si\\\/page\\\/namesto-svec-ziv-spomin-na-pokojne\\\/\"},\"wordCount\":350,\"publisher\":{\"@id\":\"https:\\\/\\\/novice.si\\\/page\\\/#organization\"},\"image\":{\"@id\":\"https:\\\/\\\/novice.si\\\/page\\\/namesto-svec-ziv-spomin-na-pokojne\\\/#primaryimage\"},\"thumbnailUrl\":\"https:\\\/\\\/novice.si\\\/page\\\/wp-content\\\/uploads\\\/2024\\\/05\\\/Drevo-za-zivljenje-park-mozirje-1.jpg\",\"articleSection\":[\"Aktualno\"],\"inLanguage\":\"sl-SI\"},{\"@type\":\"WebPage\",\"@id\":\"https:\\\/\\\/novice.si\\\/page\\\/namesto-svec-ziv-spomin-na-pokojne\\\/\",\"url\":\"https:\\\/\\\/novice.si\\\/page\\\/namesto-svec-ziv-spomin-na-pokojne\\\/\",\"name\":\"Namesto sve\u010d, \u017eiv spomin na pokojne - Novice.si\",\"isPartOf\":{\"@id\":\"https:\\\/\\\/novice.si\\\/page\\\/#website\"},\"primaryImageOfPage\":{\"@id\":\"https:\\\/\\\/novice.si\\\/page\\\/namesto-svec-ziv-spomin-na-pokojne\\\/#primaryimage\"},\"image\":{\"@id\":\"https:\\\/\\\/novice.si\\\/page\\\/namesto-svec-ziv-spomin-na-pokojne\\\/#primaryimage\"},\"thumbnailUrl\":\"https:\\\/\\\/novice.si\\\/page\\\/wp-content\\\/uploads\\\/2024\\\/05\\\/Drevo-za-zivljenje-park-mozirje-1.jpg\",\"datePublished\":\"2024-05-04T06:53:10+00:00\",\"breadcrumb\":{\"@id\":\"https:\\\/\\\/novice.si\\\/page\\\/namesto-svec-ziv-spomin-na-pokojne\\\/#breadcrumb\"},\"inLanguage\":\"sl-SI\",\"potentialAction\":[{\"@type\":\"ReadAction\",\"target\":[\"https:\\\/\\\/novice.si\\\/page\\\/namesto-svec-ziv-spomin-na-pokojne\\\/\"]}]},{\"@type\":\"ImageObject\",\"inLanguage\":\"sl-SI\",\"@id\":\"https:\\\/\\\/novice.si\\\/page\\\/namesto-svec-ziv-spomin-na-pokojne\\\/#primaryimage\",\"url\":\"https:\\\/\\\/novice.si\\\/page\\\/wp-content\\\/uploads\\\/2024\\\/05\\\/Drevo-za-zivljenje-park-mozirje-1.jpg\",\"contentUrl\":\"https:\\\/\\\/novice.si\\\/page\\\/wp-content\\\/uploads\\\/2024\\\/05\\\/Drevo-za-zivljenje-park-mozirje-1.jpg\",\"width\":2400,\"height\":1600,\"caption\":\"Jon Kanjir\"},{\"@type\":\"BreadcrumbList\",\"@id\":\"https:\\\/\\\/novice.si\\\/page\\\/namesto-svec-ziv-spomin-na-pokojne\\\/#breadcrumb\",\"itemListElement\":[{\"@type\":\"ListItem\",\"position\":1,\"name\":\"Home\",\"item\":\"https:\\\/\\\/novice.si\\\/page\\\/\"},{\"@type\":\"ListItem\",\"position\":2,\"name\":\"Namesto sve\u010d, \u017eiv spomin na pokojne\"}]},{\"@type\":\"WebSite\",\"@id\":\"https:\\\/\\\/novice.si\\\/page\\\/#website\",\"url\":\"https:\\\/\\\/novice.si\\\/page\\\/\",\"name\":\"Novice.si\",\"description\":\"\",\"publisher\":{\"@id\":\"https:\\\/\\\/novice.si\\\/page\\\/#organization\"},\"potentialAction\":[{\"@type\":\"SearchAction\",\"target\":{\"@type\":\"EntryPoint\",\"urlTemplate\":\"https:\\\/\\\/novice.si\\\/page\\\/?s={search_term_string}\"},\"query-input\":{\"@type\":\"PropertyValueSpecification\",\"valueRequired\":true,\"valueName\":\"search_term_string\"}}],\"inLanguage\":\"sl-SI\"},{\"@type\":\"Organization\",\"@id\":\"https:\\\/\\\/novice.si\\\/page\\\/#organization\",\"name\":\"Novice.si\",\"url\":\"https:\\\/\\\/novice.si\\\/page\\\/\",\"logo\":{\"@type\":\"ImageObject\",\"inLanguage\":\"sl-SI\",\"@id\":\"https:\\\/\\\/novice.si\\\/page\\\/#\\\/schema\\\/logo\\\/image\\\/\",\"url\":\"https:\\\/\\\/novice.si\\\/page\\\/wp-content\\\/uploads\\\/2023\\\/03\\\/novice_si.png\",\"contentUrl\":\"https:\\\/\\\/novice.si\\\/page\\\/wp-content\\\/uploads\\\/2023\\\/03\\\/novice_si.png\",\"width\":576,\"height\":200,\"caption\":\"Novice.si\"},\"image\":{\"@id\":\"https:\\\/\\\/novice.si\\\/page\\\/#\\\/schema\\\/logo\\\/image\\\/\"}},{\"@type\":\"Person\",\"@id\":\"https:\\\/\\\/novice.si\\\/page\\\/#\\\/schema\\\/person\\\/a49f233ef2777ec7b2e8d0662325bb48\",\"name\":\"Uredni\u0161tvo Celjana\",\"image\":{\"@type\":\"ImageObject\",\"inLanguage\":\"sl-SI\",\"@id\":\"https:\\\/\\\/secure.gravatar.com\\\/avatar\\\/7f7863e616af8f92806c638dd1db3f1a238d83d1cc2ec3100afc06fbb7eb303f?s=96&d=mm&r=g\",\"url\":\"https:\\\/\\\/secure.gravatar.com\\\/avatar\\\/7f7863e616af8f92806c638dd1db3f1a238d83d1cc2ec3100afc06fbb7eb303f?s=96&d=mm&r=g\",\"contentUrl\":\"https:\\\/\\\/secure.gravatar.com\\\/avatar\\\/7f7863e616af8f92806c638dd1db3f1a238d83d1cc2ec3100afc06fbb7eb303f?s=96&d=mm&r=g\",\"caption\":\"Uredni\u0161tvo Celjana\"},\"url\":\"https:\\\/\\\/novice.si\\\/page\\\/author\\\/maja\\\/\"}]}<\/script>\n<!-- \/ Yoast SEO plugin. -->","yoast_head_json":{"title":"Namesto sve\u010d, \u017eiv spomin na pokojne - Novice.si","robots":{"index":"index","follow":"follow","max-snippet":"max-snippet:-1","max-image-preview":"max-image-preview:large","max-video-preview":"max-video-preview:-1"},"canonical":"https:\/\/novice.si\/page\/namesto-svec-ziv-spomin-na-pokojne\/","og_locale":"sl_SI","og_type":"article","og_title":"Namesto sve\u010d, \u017eiv spomin na pokojne - Novice.si","og_description":"Drevo za \u017eivljenje. To je projekt Slovenskega dru\u0161tva Hospic, ki namesto sve\u010d in ostalih spominov na rajne, zasadijo drevo v enem izmed Parkov \u017eivljenja, ki nastajajo po Sloveniji. Navada je, da v spomin pokojnim osebam pri\u017egemo sve\u010dko ali polo\u017eimo \u0161opek cveto\u010dih ro\u017e. Lepo in simboli\u010dno, a plamen hitro dogori, ro\u017ee ovenijo. Od spomina ostane le [&hellip;]","og_url":"https:\/\/novice.si\/page\/namesto-svec-ziv-spomin-na-pokojne\/","og_site_name":"Novice.si","article_published_time":"2024-05-04T06:53:10+00:00","og_image":[{"width":2400,"height":1600,"url":"https:\/\/novice.si\/page\/wp-content\/uploads\/2024\/05\/Drevo-za-zivljenje-park-mozirje-1.jpg","type":"image\/jpeg"}],"author":"Uredni\u0161tvo Celjana","twitter_card":"summary_large_image","twitter_misc":{"Written by":"Uredni\u0161tvo Celjana","Est. reading time":"3 minute"},"schema":{"@context":"https:\/\/schema.org","@graph":[{"@type":"Article","@id":"https:\/\/novice.si\/page\/namesto-svec-ziv-spomin-na-pokojne\/#article","isPartOf":{"@id":"https:\/\/novice.si\/page\/namesto-svec-ziv-spomin-na-pokojne\/"},"author":{"name":"Uredni\u0161tvo Celjana","@id":"https:\/\/novice.si\/page\/#\/schema\/person\/a49f233ef2777ec7b2e8d0662325bb48"},"headline":"Namesto sve\u010d, \u017eiv spomin na pokojne","datePublished":"2024-05-04T06:53:10+00:00","mainEntityOfPage":{"@id":"https:\/\/novice.si\/page\/namesto-svec-ziv-spomin-na-pokojne\/"},"wordCount":350,"publisher":{"@id":"https:\/\/novice.si\/page\/#organization"},"image":{"@id":"https:\/\/novice.si\/page\/namesto-svec-ziv-spomin-na-pokojne\/#primaryimage"},"thumbnailUrl":"https:\/\/novice.si\/page\/wp-content\/uploads\/2024\/05\/Drevo-za-zivljenje-park-mozirje-1.jpg","articleSection":["Aktualno"],"inLanguage":"sl-SI"},{"@type":"WebPage","@id":"https:\/\/novice.si\/page\/namesto-svec-ziv-spomin-na-pokojne\/","url":"https:\/\/novice.si\/page\/namesto-svec-ziv-spomin-na-pokojne\/","name":"Namesto sve\u010d, \u017eiv spomin na pokojne - Novice.si","isPartOf":{"@id":"https:\/\/novice.si\/page\/#website"},"primaryImageOfPage":{"@id":"https:\/\/novice.si\/page\/namesto-svec-ziv-spomin-na-pokojne\/#primaryimage"},"image":{"@id":"https:\/\/novice.si\/page\/namesto-svec-ziv-spomin-na-pokojne\/#primaryimage"},"thumbnailUrl":"https:\/\/novice.si\/page\/wp-content\/uploads\/2024\/05\/Drevo-za-zivljenje-park-mozirje-1.jpg","datePublished":"2024-05-04T06:53:10+00:00","breadcrumb":{"@id":"https:\/\/novice.si\/page\/namesto-svec-ziv-spomin-na-pokojne\/#breadcrumb"},"inLanguage":"sl-SI","potentialAction":[{"@type":"ReadAction","target":["https:\/\/novice.si\/page\/namesto-svec-ziv-spomin-na-pokojne\/"]}]},{"@type":"ImageObject","inLanguage":"sl-SI","@id":"https:\/\/novice.si\/page\/namesto-svec-ziv-spomin-na-pokojne\/#primaryimage","url":"https:\/\/novice.si\/page\/wp-content\/uploads\/2024\/05\/Drevo-za-zivljenje-park-mozirje-1.jpg","contentUrl":"https:\/\/novice.si\/page\/wp-content\/uploads\/2024\/05\/Drevo-za-zivljenje-park-mozirje-1.jpg","width":2400,"height":1600,"caption":"Jon Kanjir"},{"@type":"BreadcrumbList","@id":"https:\/\/novice.si\/page\/namesto-svec-ziv-spomin-na-pokojne\/#breadcrumb","itemListElement":[{"@type":"ListItem","position":1,"name":"Home","item":"https:\/\/novice.si\/page\/"},{"@type":"ListItem","position":2,"name":"Namesto sve\u010d, \u017eiv spomin na pokojne"}]},{"@type":"WebSite","@id":"https:\/\/novice.si\/page\/#website","url":"https:\/\/novice.si\/page\/","name":"Novice.si","description":"","publisher":{"@id":"https:\/\/novice.si\/page\/#organization"},"potentialAction":[{"@type":"SearchAction","target":{"@type":"EntryPoint","urlTemplate":"https:\/\/novice.si\/page\/?s={search_term_string}"},"query-input":{"@type":"PropertyValueSpecification","valueRequired":true,"valueName":"search_term_string"}}],"inLanguage":"sl-SI"},{"@type":"Organization","@id":"https:\/\/novice.si\/page\/#organization","name":"Novice.si","url":"https:\/\/novice.si\/page\/","logo":{"@type":"ImageObject","inLanguage":"sl-SI","@id":"https:\/\/novice.si\/page\/#\/schema\/logo\/image\/","url":"https:\/\/novice.si\/page\/wp-content\/uploads\/2023\/03\/novice_si.png","contentUrl":"https:\/\/novice.si\/page\/wp-content\/uploads\/2023\/03\/novice_si.png","width":576,"height":200,"caption":"Novice.si"},"image":{"@id":"https:\/\/novice.si\/page\/#\/schema\/logo\/image\/"}},{"@type":"Person","@id":"https:\/\/novice.si\/page\/#\/schema\/person\/a49f233ef2777ec7b2e8d0662325bb48","name":"Uredni\u0161tvo Celjana","image":{"@type":"ImageObject","inLanguage":"sl-SI","@id":"https:\/\/secure.gravatar.com\/avatar\/7f7863e616af8f92806c638dd1db3f1a238d83d1cc2ec3100afc06fbb7eb303f?s=96&d=mm&r=g","url":"https:\/\/secure.gravatar.com\/avatar\/7f7863e616af8f92806c638dd1db3f1a238d83d1cc2ec3100afc06fbb7eb303f?s=96&d=mm&r=g","contentUrl":"https:\/\/secure.gravatar.com\/avatar\/7f7863e616af8f92806c638dd1db3f1a238d83d1cc2ec3100afc06fbb7eb303f?s=96&d=mm&r=g","caption":"Uredni\u0161tvo Celjana"},"url":"https:\/\/novice.si\/page\/author\/maja\/"}]}},"_links":{"self":[{"href":"https:\/\/novice.si\/page\/wp-json\/wp\/v2\/posts\/174434","targetHints":{"allow":["GET"]}}],"collection":[{"href":"https:\/\/novice.si\/page\/wp-json\/wp\/v2\/posts"}],"about":[{"href":"https:\/\/novice.si\/page\/wp-json\/wp\/v2\/types\/post"}],"author":[{"embeddable":true,"href":"https:\/\/novice.si\/page\/wp-json\/wp\/v2\/users\/55"}],"replies":[{"embeddable":true,"href":"https:\/\/novice.si\/page\/wp-json\/wp\/v2\/comments?post=174434"}],"version-history":[{"count":1,"href":"https:\/\/novice.si\/page\/wp-json\/wp\/v2\/posts\/174434\/revisions"}],"predecessor-version":[{"id":174436,"href":"https:\/\/novice.si\/page\/wp-json\/wp\/v2\/posts\/174434\/revisions\/174436"}],"wp:featuredmedia":[{"embeddable":true,"href":"https:\/\/novice.si\/page\/wp-json\/wp\/v2\/media\/174435"}],"wp:attachment":[{"href":"https:\/\/novice.si\/page\/wp-json\/wp\/v2\/media?parent=174434"}],"wp:term":[{"taxonomy":"category","embeddable":true,"href":"https:\/\/novice.si\/page\/wp-json\/wp\/v2\/categories?post=174434"},{"taxonomy":"post_tag","embeddable":true,"href":"https:\/\/novice.si\/page\/wp-json\/wp\/v2\/tags?post=174434"}],"curies":[{"name":"wp","href":"https:\/\/api.w.org\/{rel}","templated":true}]}}