{"id":174431,"date":"2024-05-03T17:51:30","date_gmt":"2024-05-03T15:51:30","guid":{"rendered":"https:\/\/novice.si\/page\/?p=174431"},"modified":"2024-05-03T12:53:03","modified_gmt":"2024-05-03T10:53:03","slug":"bo-beli-vol-kmalu-odprt","status":"publish","type":"post","link":"https:\/\/novice.si\/page\/bo-beli-vol-kmalu-odprt\/","title":{"rendered":"Bo Beli vol kmalu odprt?"},"content":{"rendered":"<p>&nbsp;<\/p>\n<p><em>Zaprtje kav<img loading=\"lazy\" decoding=\"async\" class=\"size-full wp-image-174432 alignright\" src=\"https:\/\/novice.si\/page\/wp-content\/uploads\/2024\/05\/FB-beli-vol.png\" alt=\"\" width=\"239\" height=\"430\" srcset=\"https:\/\/novice.si\/page\/wp-content\/uploads\/2024\/05\/FB-beli-vol.png 239w, https:\/\/novice.si\/page\/wp-content\/uploads\/2024\/05\/FB-beli-vol-233x420.png 233w, https:\/\/novice.si\/page\/wp-content\/uploads\/2024\/05\/FB-beli-vol-13x24.png 13w, https:\/\/novice.si\/page\/wp-content\/uploads\/2024\/05\/FB-beli-vol-20x36.png 20w, https:\/\/novice.si\/page\/wp-content\/uploads\/2024\/05\/FB-beli-vol-27x48.png 27w\" sizes=\"auto, (max-width: 239px) 100vw, 239px\" \/>arne. Sredi\u0161\u010de mesta je v za\u010detku leta izgubilo \u0161e eno priljubljeno kavarno, ki pa bi lahko \u017ee kmalu znova za\u017eivela.<\/em><\/p>\n<p>\u00bbCenjene goste obve\u0161\u010damo, da je kavarna Beli vol od 11. 2. 2024 do nadaljnjega zaprta zaradi prenove,\u00ab pi\u0161e na vratih te neko\u010d priljubljene kavarne v sredi\u0161\u010du starega mestnega jedra. \u00bbNabralo se je ve\u010d objektivnih razlogov, zato smo se odlo\u010dili za prenehanje poslovanja,\u00ab nam je povedal <strong>Dejan Lov\u0161in<\/strong>. Sam se je odlo\u010dil za drugo dejavnost, gostinstvu pa je potrebno biti stoodstotno posve\u010den za uspe\u0161no poslovanje, dodaja.<\/p>\n<p><strong>Kavarna \u010daka na prevzem<\/strong><\/p>\n<p>\u017de ves \u010das potekajo intenzivni dogovori z drugimi gostinci, ki bi kavarno znova odprli: \u00bbA pred podpisom pogodbe ne morem govoriti o podrobnostih. Ka\u017ee pa, da bi se kavarna lahko \u017ee kmalu znova odprla,\u00ab napoveduje Lov\u0161in. V tej isti stavbi je bila gostilna s tem imenom \u017ee v 18. stoletju in Celjani so lokacijo \u017ee zdavnaj vzeli za svojo, zato bodo gotovo veseli nove prilo\u017enosti za posedanje ob kavici. Ve\u010d o tem pa v aktualnem Celjanu.<\/p>\n","protected":false},"excerpt":{"rendered":"<p>&nbsp; Zaprtje kavarne. Sredi\u0161\u010de mesta je v za\u010detku leta izgubilo \u0161e eno priljubljeno kavarno, ki pa bi lahko \u017ee kmalu znova za\u017eivela. \u00bbCenjene goste obve\u0161\u010damo, da je kavarna Beli vol od 11. 2. 2024 do nadaljnjega zaprta zaradi prenove,\u00ab pi\u0161e na vratih te neko\u010d priljubljene kavarne v sredi\u0161\u010du starega mestnega jedra. \u00bbNabralo se je ve\u010d [&hellip;]<\/p>\n","protected":false},"author":55,"featured_media":174432,"comment_status":"closed","ping_status":"closed","sticky":false,"template":"","format":"standard","meta":{"footnotes":""},"categories":[14,142,17],"tags":[],"class_list":{"0":"post-174431","1":"post","2":"type-post","3":"status-publish","4":"format-standard","5":"has-post-thumbnail","7":"category-aktualno","8":"category-celjan","9":"category-celjsko"},"yoast_head":"<!-- This site is optimized with the Yoast SEO plugin v27.4 - https:\/\/yoast.com\/product\/yoast-seo-wordpress\/ -->\n<title>Bo Beli vol kmalu odprt? - Novice.si<\/title>\n<meta name=\"robots\" content=\"index, follow, max-snippet:-1, max-image-preview:large, max-video-preview:-1\" \/>\n<link rel=\"canonical\" href=\"https:\/\/novice.si\/page\/bo-beli-vol-kmalu-odprt\/\" \/>\n<meta property=\"og:locale\" content=\"sl_SI\" \/>\n<meta property=\"og:type\" content=\"article\" \/>\n<meta property=\"og:title\" content=\"Bo Beli vol kmalu odprt? - Novice.si\" \/>\n<meta property=\"og:description\" content=\"&nbsp; Zaprtje kavarne. Sredi\u0161\u010de mesta je v za\u010detku leta izgubilo \u0161e eno priljubljeno kavarno, ki pa bi lahko \u017ee kmalu znova za\u017eivela. \u00bbCenjene goste obve\u0161\u010damo, da je kavarna Beli vol od 11. 2. 2024 do nadaljnjega zaprta zaradi prenove,\u00ab pi\u0161e na vratih te neko\u010d priljubljene kavarne v sredi\u0161\u010du starega mestnega jedra. \u00bbNabralo se je ve\u010d [&hellip;]\" \/>\n<meta property=\"og:url\" content=\"https:\/\/novice.si\/page\/bo-beli-vol-kmalu-odprt\/\" \/>\n<meta property=\"og:site_name\" content=\"Novice.si\" \/>\n<meta property=\"article:published_time\" content=\"2024-05-03T15:51:30+00:00\" \/>\n<meta property=\"og:image\" content=\"https:\/\/novice.si\/page\/wp-content\/uploads\/2024\/05\/FB-beli-vol.png\" \/>\n\t<meta property=\"og:image:width\" content=\"239\" \/>\n\t<meta property=\"og:image:height\" content=\"430\" \/>\n\t<meta property=\"og:image:type\" content=\"image\/png\" \/>\n<meta name=\"author\" content=\"Uredni\u0161tvo Celjana\" \/>\n<meta name=\"twitter:card\" content=\"summary_large_image\" \/>\n<meta name=\"twitter:label1\" content=\"Written by\" \/>\n\t<meta name=\"twitter:data1\" content=\"Uredni\u0161tvo Celjana\" \/>\n\t<meta name=\"twitter:label2\" content=\"Est. reading time\" \/>\n\t<meta name=\"twitter:data2\" content=\"2 minuti\" \/>\n<script type=\"application\/ld+json\" class=\"yoast-schema-graph\">{\"@context\":\"https:\\\/\\\/schema.org\",\"@graph\":[{\"@type\":\"Article\",\"@id\":\"https:\\\/\\\/novice.si\\\/page\\\/bo-beli-vol-kmalu-odprt\\\/#article\",\"isPartOf\":{\"@id\":\"https:\\\/\\\/novice.si\\\/page\\\/bo-beli-vol-kmalu-odprt\\\/\"},\"author\":{\"name\":\"Uredni\u0161tvo Celjana\",\"@id\":\"https:\\\/\\\/novice.si\\\/page\\\/#\\\/schema\\\/person\\\/a49f233ef2777ec7b2e8d0662325bb48\"},\"headline\":\"Bo Beli vol kmalu odprt?\",\"datePublished\":\"2024-05-03T15:51:30+00:00\",\"mainEntityOfPage\":{\"@id\":\"https:\\\/\\\/novice.si\\\/page\\\/bo-beli-vol-kmalu-odprt\\\/\"},\"wordCount\":182,\"publisher\":{\"@id\":\"https:\\\/\\\/novice.si\\\/page\\\/#organization\"},\"image\":{\"@id\":\"https:\\\/\\\/novice.si\\\/page\\\/bo-beli-vol-kmalu-odprt\\\/#primaryimage\"},\"thumbnailUrl\":\"https:\\\/\\\/novice.si\\\/page\\\/wp-content\\\/uploads\\\/2024\\\/05\\\/FB-beli-vol.png\",\"articleSection\":[\"Aktualno\",\"Celjan\",\"Celjsko\"],\"inLanguage\":\"sl-SI\"},{\"@type\":\"WebPage\",\"@id\":\"https:\\\/\\\/novice.si\\\/page\\\/bo-beli-vol-kmalu-odprt\\\/\",\"url\":\"https:\\\/\\\/novice.si\\\/page\\\/bo-beli-vol-kmalu-odprt\\\/\",\"name\":\"Bo Beli vol kmalu odprt? - Novice.si\",\"isPartOf\":{\"@id\":\"https:\\\/\\\/novice.si\\\/page\\\/#website\"},\"primaryImageOfPage\":{\"@id\":\"https:\\\/\\\/novice.si\\\/page\\\/bo-beli-vol-kmalu-odprt\\\/#primaryimage\"},\"image\":{\"@id\":\"https:\\\/\\\/novice.si\\\/page\\\/bo-beli-vol-kmalu-odprt\\\/#primaryimage\"},\"thumbnailUrl\":\"https:\\\/\\\/novice.si\\\/page\\\/wp-content\\\/uploads\\\/2024\\\/05\\\/FB-beli-vol.png\",\"datePublished\":\"2024-05-03T15:51:30+00:00\",\"breadcrumb\":{\"@id\":\"https:\\\/\\\/novice.si\\\/page\\\/bo-beli-vol-kmalu-odprt\\\/#breadcrumb\"},\"inLanguage\":\"sl-SI\",\"potentialAction\":[{\"@type\":\"ReadAction\",\"target\":[\"https:\\\/\\\/novice.si\\\/page\\\/bo-beli-vol-kmalu-odprt\\\/\"]}]},{\"@type\":\"ImageObject\",\"inLanguage\":\"sl-SI\",\"@id\":\"https:\\\/\\\/novice.si\\\/page\\\/bo-beli-vol-kmalu-odprt\\\/#primaryimage\",\"url\":\"https:\\\/\\\/novice.si\\\/page\\\/wp-content\\\/uploads\\\/2024\\\/05\\\/FB-beli-vol.png\",\"contentUrl\":\"https:\\\/\\\/novice.si\\\/page\\\/wp-content\\\/uploads\\\/2024\\\/05\\\/FB-beli-vol.png\",\"width\":239,\"height\":430},{\"@type\":\"BreadcrumbList\",\"@id\":\"https:\\\/\\\/novice.si\\\/page\\\/bo-beli-vol-kmalu-odprt\\\/#breadcrumb\",\"itemListElement\":[{\"@type\":\"ListItem\",\"position\":1,\"name\":\"Home\",\"item\":\"https:\\\/\\\/novice.si\\\/page\\\/\"},{\"@type\":\"ListItem\",\"position\":2,\"name\":\"Bo Beli vol kmalu odprt?\"}]},{\"@type\":\"WebSite\",\"@id\":\"https:\\\/\\\/novice.si\\\/page\\\/#website\",\"url\":\"https:\\\/\\\/novice.si\\\/page\\\/\",\"name\":\"Novice.si\",\"description\":\"\",\"publisher\":{\"@id\":\"https:\\\/\\\/novice.si\\\/page\\\/#organization\"},\"potentialAction\":[{\"@type\":\"SearchAction\",\"target\":{\"@type\":\"EntryPoint\",\"urlTemplate\":\"https:\\\/\\\/novice.si\\\/page\\\/?s={search_term_string}\"},\"query-input\":{\"@type\":\"PropertyValueSpecification\",\"valueRequired\":true,\"valueName\":\"search_term_string\"}}],\"inLanguage\":\"sl-SI\"},{\"@type\":\"Organization\",\"@id\":\"https:\\\/\\\/novice.si\\\/page\\\/#organization\",\"name\":\"Novice.si\",\"url\":\"https:\\\/\\\/novice.si\\\/page\\\/\",\"logo\":{\"@type\":\"ImageObject\",\"inLanguage\":\"sl-SI\",\"@id\":\"https:\\\/\\\/novice.si\\\/page\\\/#\\\/schema\\\/logo\\\/image\\\/\",\"url\":\"https:\\\/\\\/novice.si\\\/page\\\/wp-content\\\/uploads\\\/2023\\\/03\\\/novice_si.png\",\"contentUrl\":\"https:\\\/\\\/novice.si\\\/page\\\/wp-content\\\/uploads\\\/2023\\\/03\\\/novice_si.png\",\"width\":576,\"height\":200,\"caption\":\"Novice.si\"},\"image\":{\"@id\":\"https:\\\/\\\/novice.si\\\/page\\\/#\\\/schema\\\/logo\\\/image\\\/\"}},{\"@type\":\"Person\",\"@id\":\"https:\\\/\\\/novice.si\\\/page\\\/#\\\/schema\\\/person\\\/a49f233ef2777ec7b2e8d0662325bb48\",\"name\":\"Uredni\u0161tvo Celjana\",\"image\":{\"@type\":\"ImageObject\",\"inLanguage\":\"sl-SI\",\"@id\":\"https:\\\/\\\/secure.gravatar.com\\\/avatar\\\/7f7863e616af8f92806c638dd1db3f1a238d83d1cc2ec3100afc06fbb7eb303f?s=96&d=mm&r=g\",\"url\":\"https:\\\/\\\/secure.gravatar.com\\\/avatar\\\/7f7863e616af8f92806c638dd1db3f1a238d83d1cc2ec3100afc06fbb7eb303f?s=96&d=mm&r=g\",\"contentUrl\":\"https:\\\/\\\/secure.gravatar.com\\\/avatar\\\/7f7863e616af8f92806c638dd1db3f1a238d83d1cc2ec3100afc06fbb7eb303f?s=96&d=mm&r=g\",\"caption\":\"Uredni\u0161tvo Celjana\"},\"url\":\"https:\\\/\\\/novice.si\\\/page\\\/author\\\/maja\\\/\"}]}<\/script>\n<!-- \/ Yoast SEO plugin. -->","yoast_head_json":{"title":"Bo Beli vol kmalu odprt? - Novice.si","robots":{"index":"index","follow":"follow","max-snippet":"max-snippet:-1","max-image-preview":"max-image-preview:large","max-video-preview":"max-video-preview:-1"},"canonical":"https:\/\/novice.si\/page\/bo-beli-vol-kmalu-odprt\/","og_locale":"sl_SI","og_type":"article","og_title":"Bo Beli vol kmalu odprt? - Novice.si","og_description":"&nbsp; Zaprtje kavarne. Sredi\u0161\u010de mesta je v za\u010detku leta izgubilo \u0161e eno priljubljeno kavarno, ki pa bi lahko \u017ee kmalu znova za\u017eivela. \u00bbCenjene goste obve\u0161\u010damo, da je kavarna Beli vol od 11. 2. 2024 do nadaljnjega zaprta zaradi prenove,\u00ab pi\u0161e na vratih te neko\u010d priljubljene kavarne v sredi\u0161\u010du starega mestnega jedra. \u00bbNabralo se je ve\u010d [&hellip;]","og_url":"https:\/\/novice.si\/page\/bo-beli-vol-kmalu-odprt\/","og_site_name":"Novice.si","article_published_time":"2024-05-03T15:51:30+00:00","og_image":[{"width":239,"height":430,"url":"https:\/\/novice.si\/page\/wp-content\/uploads\/2024\/05\/FB-beli-vol.png","type":"image\/png"}],"author":"Uredni\u0161tvo Celjana","twitter_card":"summary_large_image","twitter_misc":{"Written by":"Uredni\u0161tvo Celjana","Est. reading time":"2 minuti"},"schema":{"@context":"https:\/\/schema.org","@graph":[{"@type":"Article","@id":"https:\/\/novice.si\/page\/bo-beli-vol-kmalu-odprt\/#article","isPartOf":{"@id":"https:\/\/novice.si\/page\/bo-beli-vol-kmalu-odprt\/"},"author":{"name":"Uredni\u0161tvo Celjana","@id":"https:\/\/novice.si\/page\/#\/schema\/person\/a49f233ef2777ec7b2e8d0662325bb48"},"headline":"Bo Beli vol kmalu odprt?","datePublished":"2024-05-03T15:51:30+00:00","mainEntityOfPage":{"@id":"https:\/\/novice.si\/page\/bo-beli-vol-kmalu-odprt\/"},"wordCount":182,"publisher":{"@id":"https:\/\/novice.si\/page\/#organization"},"image":{"@id":"https:\/\/novice.si\/page\/bo-beli-vol-kmalu-odprt\/#primaryimage"},"thumbnailUrl":"https:\/\/novice.si\/page\/wp-content\/uploads\/2024\/05\/FB-beli-vol.png","articleSection":["Aktualno","Celjan","Celjsko"],"inLanguage":"sl-SI"},{"@type":"WebPage","@id":"https:\/\/novice.si\/page\/bo-beli-vol-kmalu-odprt\/","url":"https:\/\/novice.si\/page\/bo-beli-vol-kmalu-odprt\/","name":"Bo Beli vol kmalu odprt? - Novice.si","isPartOf":{"@id":"https:\/\/novice.si\/page\/#website"},"primaryImageOfPage":{"@id":"https:\/\/novice.si\/page\/bo-beli-vol-kmalu-odprt\/#primaryimage"},"image":{"@id":"https:\/\/novice.si\/page\/bo-beli-vol-kmalu-odprt\/#primaryimage"},"thumbnailUrl":"https:\/\/novice.si\/page\/wp-content\/uploads\/2024\/05\/FB-beli-vol.png","datePublished":"2024-05-03T15:51:30+00:00","breadcrumb":{"@id":"https:\/\/novice.si\/page\/bo-beli-vol-kmalu-odprt\/#breadcrumb"},"inLanguage":"sl-SI","potentialAction":[{"@type":"ReadAction","target":["https:\/\/novice.si\/page\/bo-beli-vol-kmalu-odprt\/"]}]},{"@type":"ImageObject","inLanguage":"sl-SI","@id":"https:\/\/novice.si\/page\/bo-beli-vol-kmalu-odprt\/#primaryimage","url":"https:\/\/novice.si\/page\/wp-content\/uploads\/2024\/05\/FB-beli-vol.png","contentUrl":"https:\/\/novice.si\/page\/wp-content\/uploads\/2024\/05\/FB-beli-vol.png","width":239,"height":430},{"@type":"BreadcrumbList","@id":"https:\/\/novice.si\/page\/bo-beli-vol-kmalu-odprt\/#breadcrumb","itemListElement":[{"@type":"ListItem","position":1,"name":"Home","item":"https:\/\/novice.si\/page\/"},{"@type":"ListItem","position":2,"name":"Bo Beli vol kmalu odprt?"}]},{"@type":"WebSite","@id":"https:\/\/novice.si\/page\/#website","url":"https:\/\/novice.si\/page\/","name":"Novice.si","description":"","publisher":{"@id":"https:\/\/novice.si\/page\/#organization"},"potentialAction":[{"@type":"SearchAction","target":{"@type":"EntryPoint","urlTemplate":"https:\/\/novice.si\/page\/?s={search_term_string}"},"query-input":{"@type":"PropertyValueSpecification","valueRequired":true,"valueName":"search_term_string"}}],"inLanguage":"sl-SI"},{"@type":"Organization","@id":"https:\/\/novice.si\/page\/#organization","name":"Novice.si","url":"https:\/\/novice.si\/page\/","logo":{"@type":"ImageObject","inLanguage":"sl-SI","@id":"https:\/\/novice.si\/page\/#\/schema\/logo\/image\/","url":"https:\/\/novice.si\/page\/wp-content\/uploads\/2023\/03\/novice_si.png","contentUrl":"https:\/\/novice.si\/page\/wp-content\/uploads\/2023\/03\/novice_si.png","width":576,"height":200,"caption":"Novice.si"},"image":{"@id":"https:\/\/novice.si\/page\/#\/schema\/logo\/image\/"}},{"@type":"Person","@id":"https:\/\/novice.si\/page\/#\/schema\/person\/a49f233ef2777ec7b2e8d0662325bb48","name":"Uredni\u0161tvo Celjana","image":{"@type":"ImageObject","inLanguage":"sl-SI","@id":"https:\/\/secure.gravatar.com\/avatar\/7f7863e616af8f92806c638dd1db3f1a238d83d1cc2ec3100afc06fbb7eb303f?s=96&d=mm&r=g","url":"https:\/\/secure.gravatar.com\/avatar\/7f7863e616af8f92806c638dd1db3f1a238d83d1cc2ec3100afc06fbb7eb303f?s=96&d=mm&r=g","contentUrl":"https:\/\/secure.gravatar.com\/avatar\/7f7863e616af8f92806c638dd1db3f1a238d83d1cc2ec3100afc06fbb7eb303f?s=96&d=mm&r=g","caption":"Uredni\u0161tvo Celjana"},"url":"https:\/\/novice.si\/page\/author\/maja\/"}]}},"_links":{"self":[{"href":"https:\/\/novice.si\/page\/wp-json\/wp\/v2\/posts\/174431","targetHints":{"allow":["GET"]}}],"collection":[{"href":"https:\/\/novice.si\/page\/wp-json\/wp\/v2\/posts"}],"about":[{"href":"https:\/\/novice.si\/page\/wp-json\/wp\/v2\/types\/post"}],"author":[{"embeddable":true,"href":"https:\/\/novice.si\/page\/wp-json\/wp\/v2\/users\/55"}],"replies":[{"embeddable":true,"href":"https:\/\/novice.si\/page\/wp-json\/wp\/v2\/comments?post=174431"}],"version-history":[{"count":1,"href":"https:\/\/novice.si\/page\/wp-json\/wp\/v2\/posts\/174431\/revisions"}],"predecessor-version":[{"id":174433,"href":"https:\/\/novice.si\/page\/wp-json\/wp\/v2\/posts\/174431\/revisions\/174433"}],"wp:featuredmedia":[{"embeddable":true,"href":"https:\/\/novice.si\/page\/wp-json\/wp\/v2\/media\/174432"}],"wp:attachment":[{"href":"https:\/\/novice.si\/page\/wp-json\/wp\/v2\/media?parent=174431"}],"wp:term":[{"taxonomy":"category","embeddable":true,"href":"https:\/\/novice.si\/page\/wp-json\/wp\/v2\/categories?post=174431"},{"taxonomy":"post_tag","embeddable":true,"href":"https:\/\/novice.si\/page\/wp-json\/wp\/v2\/tags?post=174431"}],"curies":[{"name":"wp","href":"https:\/\/api.w.org\/{rel}","templated":true}]}}