{"id":174421,"date":"2024-05-03T12:49:51","date_gmt":"2024-05-03T10:49:51","guid":{"rendered":"https:\/\/novice.si\/page\/?p=174421"},"modified":"2024-05-03T12:49:51","modified_gmt":"2024-05-03T10:49:51","slug":"fotohisa-pelikan-postala-nov-muzejski-kompleks","status":"publish","type":"post","link":"https:\/\/novice.si\/page\/fotohisa-pelikan-postala-nov-muzejski-kompleks\/","title":{"rendered":"Fotohi\u0161a Pelikan postala nov muzejski kompleks"},"content":{"rendered":"\r\n                <style type=\"text\/css\">\r\n                    \r\n                    #tdi_1  .td-doubleSlider-2 .td-item1 {\r\n                        background: url(https:\/\/novice.si\/page\/wp-content\/uploads\/2024\/05\/Fotohisa-pelikan-rihter-in-kregar-1216-foto-fas-80x60.jpg) 0 0 no-repeat;\r\n                    }\r\n                    #tdi_1  .td-doubleSlider-2 .td-item2 {\r\n                        background: url(https:\/\/novice.si\/page\/wp-content\/uploads\/2024\/05\/Fotohisa-pelikan-obiskovalci-1216-foto-fas-80x60.jpg) 0 0 no-repeat;\r\n                    }\r\n                    #tdi_1  .td-doubleSlider-2 .td-item3 {\r\n                        background: url(https:\/\/novice.si\/page\/wp-content\/uploads\/2024\/05\/Fotohisa-pelikan-gajsek-1216-foto-fas-80x60.jpg) 0 0 no-repeat;\r\n                    }\r\n                    #tdi_1  .td-doubleSlider-2 .td-item4 {\r\n                        background: url(https:\/\/novice.si\/page\/wp-content\/uploads\/2024\/05\/Fotohisa-pelikan-brisnik-in-kos-zidar-1216-foto-fas-80x60.jpg) 0 0 no-repeat;\r\n                    }\r\n                    #tdi_1  .td-doubleSlider-2 .td-item5 {\r\n                        background: url(https:\/\/novice.si\/page\/wp-content\/uploads\/2024\/05\/Fotohisa-pelikan-antoncic-in-vrecko-1216-foto-fas-80x60.jpg) 0 0 no-repeat;\r\n                    }\r\n                <\/style>\r\n\r\n                <div id=\"tdi_1\" class=\"td-gallery td-slide-on-2-columns\">\r\n                    <div class=\"post_td_gallery\">\r\n                        <div class=\"td-gallery-slide-top\">\r\n                           <div class=\"td-gallery-title\">Odprtje Pelikanove hi\u0161e<\/div>\r\n\r\n                            <div class=\"td-gallery-controls-wrapper\">\r\n                                <div class=\"td-gallery-slide-count\"><span class=\"td-gallery-slide-item-focus\">1<\/span> od 5<\/div>\r\n                                <div class=\"td-gallery-slide-prev-next-but\">\r\n                                    <i class = \"td-icon-left doubleSliderPrevButton\"><\/i>\r\n                                    <i class = \"td-icon-right doubleSliderNextButton\"><\/i>\r\n                                <\/div>\r\n                            <\/div>\r\n                        <\/div>\r\n\r\n                        <div class = \"td-doubleSlider-1 \">\r\n                            <div class = \"td-slider\">\r\n                                \r\n                    <div class = \"td-slide-item td-item1\">\r\n                        <figure class=\"td-slide-galery-figure td-slide-popup-gallery\">\r\n                            <a class=\"slide-gallery-image-link\" href=\"https:\/\/novice.si\/page\/wp-content\/uploads\/2024\/05\/Fotohisa-pelikan-rihter-in-kregar-1216-foto-fas.jpg\" title=\"Otvoritev Pelikanove hi\u0161e\"  data-caption=\"Dr. Andreja Rihter, direktorica Foruma slovanskih kultur, in dr. Ton\u010dek Kregar, direktor Muzeja novej\u0161e zgodovine Celje. Foto Edo Einspieler\"  data-description=\"\" data-gallery>\r\n                                <img decoding=\"async\" src=\"https:\/\/novice.si\/page\/wp-content\/uploads\/2024\/05\/Fotohisa-pelikan-rihter-in-kregar-1216-foto-fas-630x420.jpg\" srcset=\"https:\/\/novice.si\/page\/wp-content\/uploads\/2024\/05\/Fotohisa-pelikan-rihter-in-kregar-1216-foto-fas-630x420.jpg 630w, https:\/\/novice.si\/page\/wp-content\/uploads\/2024\/05\/Fotohisa-pelikan-rihter-in-kregar-1216-foto-fas-600x400.jpg 600w, https:\/\/novice.si\/page\/wp-content\/uploads\/2024\/05\/Fotohisa-pelikan-rihter-in-kregar-1216-foto-fas-1024x683.jpg 1024w, https:\/\/novice.si\/page\/wp-content\/uploads\/2024\/05\/Fotohisa-pelikan-rihter-in-kregar-1216-foto-fas-768x512.jpg 768w, https:\/\/novice.si\/page\/wp-content\/uploads\/2024\/05\/Fotohisa-pelikan-rihter-in-kregar-1216-foto-fas-1536x1024.jpg 1536w, https:\/\/novice.si\/page\/wp-content\/uploads\/2024\/05\/Fotohisa-pelikan-rihter-in-kregar-1216-foto-fas-2048x1365.jpg 2048w, https:\/\/novice.si\/page\/wp-content\/uploads\/2024\/05\/Fotohisa-pelikan-rihter-in-kregar-1216-foto-fas-696x464.jpg 696w, https:\/\/novice.si\/page\/wp-content\/uploads\/2024\/05\/Fotohisa-pelikan-rihter-in-kregar-1216-foto-fas-1068x712.jpg 1068w, https:\/\/novice.si\/page\/wp-content\/uploads\/2024\/05\/Fotohisa-pelikan-rihter-in-kregar-1216-foto-fas-1920x1280.jpg 1920w, https:\/\/novice.si\/page\/wp-content\/uploads\/2024\/05\/Fotohisa-pelikan-rihter-in-kregar-1216-foto-fas-24x16.jpg 24w, https:\/\/novice.si\/page\/wp-content\/uploads\/2024\/05\/Fotohisa-pelikan-rihter-in-kregar-1216-foto-fas-36x24.jpg 36w, https:\/\/novice.si\/page\/wp-content\/uploads\/2024\/05\/Fotohisa-pelikan-rihter-in-kregar-1216-foto-fas-48x32.jpg 48w\" sizes=\"(max-width: 630px) 100vw, 630px\" alt=\"\">\r\n                            <\/a>\r\n                            <figcaption class = \"td-slide-caption td-gallery-slide-content\"><div class = \"td-gallery-slide-copywrite\">Dr. Andreja Rihter, direktorica Foruma slovanskih kultur, in dr. Ton\u010dek Kregar, direktor Muzeja novej\u0161e zgodovine Celje. Foto Edo Einspieler<\/div><\/figcaption>\r\n                        <\/figure>\r\n                    <\/div>\r\n                    <div class = \"td-slide-item td-item2\">\r\n                        <figure class=\"td-slide-galery-figure td-slide-popup-gallery\">\r\n                            <a class=\"slide-gallery-image-link\" href=\"https:\/\/novice.si\/page\/wp-content\/uploads\/2024\/05\/Fotohisa-pelikan-obiskovalci-1216-foto-fas.jpg\" title=\"Pelikanova hi\u0161a\"  data-caption=\"Otvoritveni program se je zaradi slab\u0161e vremenske napovedi za\u010del v mali dvorani Celjskega doma. Foto Edo Einspieler \"  data-description=\"\" data-gallery>\r\n                                <img decoding=\"async\" src=\"https:\/\/novice.si\/page\/wp-content\/uploads\/2024\/05\/Fotohisa-pelikan-obiskovalci-1216-foto-fas-630x420.jpg\" srcset=\"https:\/\/novice.si\/page\/wp-content\/uploads\/2024\/05\/Fotohisa-pelikan-obiskovalci-1216-foto-fas-630x420.jpg 630w, https:\/\/novice.si\/page\/wp-content\/uploads\/2024\/05\/Fotohisa-pelikan-obiskovalci-1216-foto-fas-600x400.jpg 600w, https:\/\/novice.si\/page\/wp-content\/uploads\/2024\/05\/Fotohisa-pelikan-obiskovalci-1216-foto-fas-1024x683.jpg 1024w, https:\/\/novice.si\/page\/wp-content\/uploads\/2024\/05\/Fotohisa-pelikan-obiskovalci-1216-foto-fas-768x512.jpg 768w, https:\/\/novice.si\/page\/wp-content\/uploads\/2024\/05\/Fotohisa-pelikan-obiskovalci-1216-foto-fas-1536x1024.jpg 1536w, https:\/\/novice.si\/page\/wp-content\/uploads\/2024\/05\/Fotohisa-pelikan-obiskovalci-1216-foto-fas-2048x1366.jpg 2048w, https:\/\/novice.si\/page\/wp-content\/uploads\/2024\/05\/Fotohisa-pelikan-obiskovalci-1216-foto-fas-696x464.jpg 696w, https:\/\/novice.si\/page\/wp-content\/uploads\/2024\/05\/Fotohisa-pelikan-obiskovalci-1216-foto-fas-1068x712.jpg 1068w, https:\/\/novice.si\/page\/wp-content\/uploads\/2024\/05\/Fotohisa-pelikan-obiskovalci-1216-foto-fas-1920x1280.jpg 1920w, https:\/\/novice.si\/page\/wp-content\/uploads\/2024\/05\/Fotohisa-pelikan-obiskovalci-1216-foto-fas-24x16.jpg 24w, https:\/\/novice.si\/page\/wp-content\/uploads\/2024\/05\/Fotohisa-pelikan-obiskovalci-1216-foto-fas-36x24.jpg 36w, https:\/\/novice.si\/page\/wp-content\/uploads\/2024\/05\/Fotohisa-pelikan-obiskovalci-1216-foto-fas-48x32.jpg 48w\" sizes=\"(max-width: 630px) 100vw, 630px\" alt=\"\">\r\n                            <\/a>\r\n                            <figcaption class = \"td-slide-caption td-gallery-slide-content\"><div class = \"td-gallery-slide-copywrite\">Otvoritveni program se je zaradi slab\u0161e vremenske napovedi za\u010del v mali dvorani Celjskega doma. Foto Edo Einspieler <\/div><\/figcaption>\r\n                        <\/figure>\r\n                    <\/div>\r\n                    <div class = \"td-slide-item td-item3\">\r\n                        <figure class=\"td-slide-galery-figure td-slide-popup-gallery\">\r\n                            <a class=\"slide-gallery-image-link\" href=\"https:\/\/novice.si\/page\/wp-content\/uploads\/2024\/05\/Fotohisa-pelikan-gajsek-1216-foto-fas.jpg\" title=\"Otvoritev Pelikanove hi\u0161e\"  data-caption=\"Dr\u017eavni sekretar, mag. Miran Gaj\u0161ek.  Foto Edo Einspieler\"  data-description=\"\" data-gallery>\r\n                                <img decoding=\"async\" src=\"https:\/\/novice.si\/page\/wp-content\/uploads\/2024\/05\/Fotohisa-pelikan-gajsek-1216-foto-fas-630x420.jpg\" srcset=\"https:\/\/novice.si\/page\/wp-content\/uploads\/2024\/05\/Fotohisa-pelikan-gajsek-1216-foto-fas-630x420.jpg 630w, https:\/\/novice.si\/page\/wp-content\/uploads\/2024\/05\/Fotohisa-pelikan-gajsek-1216-foto-fas-600x400.jpg 600w, https:\/\/novice.si\/page\/wp-content\/uploads\/2024\/05\/Fotohisa-pelikan-gajsek-1216-foto-fas-1024x683.jpg 1024w, https:\/\/novice.si\/page\/wp-content\/uploads\/2024\/05\/Fotohisa-pelikan-gajsek-1216-foto-fas-768x512.jpg 768w, https:\/\/novice.si\/page\/wp-content\/uploads\/2024\/05\/Fotohisa-pelikan-gajsek-1216-foto-fas-696x464.jpg 696w, https:\/\/novice.si\/page\/wp-content\/uploads\/2024\/05\/Fotohisa-pelikan-gajsek-1216-foto-fas-1068x713.jpg 1068w, https:\/\/novice.si\/page\/wp-content\/uploads\/2024\/05\/Fotohisa-pelikan-gajsek-1216-foto-fas-24x16.jpg 24w, https:\/\/novice.si\/page\/wp-content\/uploads\/2024\/05\/Fotohisa-pelikan-gajsek-1216-foto-fas-36x24.jpg 36w, https:\/\/novice.si\/page\/wp-content\/uploads\/2024\/05\/Fotohisa-pelikan-gajsek-1216-foto-fas-48x32.jpg 48w, https:\/\/novice.si\/page\/wp-content\/uploads\/2024\/05\/Fotohisa-pelikan-gajsek-1216-foto-fas.jpg 1418w\" sizes=\"(max-width: 630px) 100vw, 630px\" alt=\"\">\r\n                            <\/a>\r\n                            <figcaption class = \"td-slide-caption td-gallery-slide-content\"><div class = \"td-gallery-slide-copywrite\">Dr\u017eavni sekretar, mag. Miran Gaj\u0161ek.  Foto Edo Einspieler<\/div><\/figcaption>\r\n                        <\/figure>\r\n                    <\/div>\r\n                    <div class = \"td-slide-item td-item4\">\r\n                        <figure class=\"td-slide-galery-figure td-slide-popup-gallery\">\r\n                            <a class=\"slide-gallery-image-link\" href=\"https:\/\/novice.si\/page\/wp-content\/uploads\/2024\/05\/Fotohisa-pelikan-brisnik-in-kos-zidar-1216-foto-fas.jpg\" title=\"Otvoritev Pelikanove hi\u0161e\"  data-caption=\"Otvoritev Pelikanove hi\u0161e, vodja celjske enote Zavoda za varstvo kulturne dedi\u0161\u010dine Slovenije Danijela Bri\u0161nik in \u0160tefanija Kos Zidar, ravnateljica \u0160ole za hortikulturo in vizualne umetnosti Celje.  Foto Edo Einspieler\"  data-description=\"\" data-gallery>\r\n                                <img decoding=\"async\" src=\"https:\/\/novice.si\/page\/wp-content\/uploads\/2024\/05\/Fotohisa-pelikan-brisnik-in-kos-zidar-1216-foto-fas-630x420.jpg\" srcset=\"https:\/\/novice.si\/page\/wp-content\/uploads\/2024\/05\/Fotohisa-pelikan-brisnik-in-kos-zidar-1216-foto-fas-630x420.jpg 630w, https:\/\/novice.si\/page\/wp-content\/uploads\/2024\/05\/Fotohisa-pelikan-brisnik-in-kos-zidar-1216-foto-fas-600x400.jpg 600w, https:\/\/novice.si\/page\/wp-content\/uploads\/2024\/05\/Fotohisa-pelikan-brisnik-in-kos-zidar-1216-foto-fas-1024x683.jpg 1024w, https:\/\/novice.si\/page\/wp-content\/uploads\/2024\/05\/Fotohisa-pelikan-brisnik-in-kos-zidar-1216-foto-fas-768x512.jpg 768w, https:\/\/novice.si\/page\/wp-content\/uploads\/2024\/05\/Fotohisa-pelikan-brisnik-in-kos-zidar-1216-foto-fas-1536x1024.jpg 1536w, https:\/\/novice.si\/page\/wp-content\/uploads\/2024\/05\/Fotohisa-pelikan-brisnik-in-kos-zidar-1216-foto-fas-2048x1365.jpg 2048w, https:\/\/novice.si\/page\/wp-content\/uploads\/2024\/05\/Fotohisa-pelikan-brisnik-in-kos-zidar-1216-foto-fas-696x464.jpg 696w, https:\/\/novice.si\/page\/wp-content\/uploads\/2024\/05\/Fotohisa-pelikan-brisnik-in-kos-zidar-1216-foto-fas-1068x712.jpg 1068w, https:\/\/novice.si\/page\/wp-content\/uploads\/2024\/05\/Fotohisa-pelikan-brisnik-in-kos-zidar-1216-foto-fas-1920x1280.jpg 1920w, https:\/\/novice.si\/page\/wp-content\/uploads\/2024\/05\/Fotohisa-pelikan-brisnik-in-kos-zidar-1216-foto-fas-24x16.jpg 24w, https:\/\/novice.si\/page\/wp-content\/uploads\/2024\/05\/Fotohisa-pelikan-brisnik-in-kos-zidar-1216-foto-fas-36x24.jpg 36w, https:\/\/novice.si\/page\/wp-content\/uploads\/2024\/05\/Fotohisa-pelikan-brisnik-in-kos-zidar-1216-foto-fas-48x32.jpg 48w\" sizes=\"(max-width: 630px) 100vw, 630px\" alt=\"\">\r\n                            <\/a>\r\n                            <figcaption class = \"td-slide-caption td-gallery-slide-content\"><div class = \"td-gallery-slide-copywrite\">Otvoritev Pelikanove hi\u0161e, vodja celjske enote Zavoda za varstvo kulturne dedi\u0161\u010dine Slovenije Danijela Bri\u0161nik in \u0160tefanija Kos Zidar, ravnateljica \u0160ole za hortikulturo in vizualne umetnosti Celje.  Foto Edo Einspieler<\/div><\/figcaption>\r\n                        <\/figure>\r\n                    <\/div>\r\n                    <div class = \"td-slide-item td-item5\">\r\n                        <figure class=\"td-slide-galery-figure td-slide-popup-gallery\">\r\n                            <a class=\"slide-gallery-image-link\" href=\"https:\/\/novice.si\/page\/wp-content\/uploads\/2024\/05\/Fotohisa-pelikan-antoncic-in-vrecko-1216-foto-fas.jpg\" title=\"Otvoritev Pelikanove hi\u0161e\"  data-caption=\"Kustosinja Maja Anton\u010di\u010d in ministrica dr. Asta Vre\u010dko.  Foto Edo Einspieler\"  data-description=\"\" data-gallery>\r\n                                <img decoding=\"async\" src=\"https:\/\/novice.si\/page\/wp-content\/uploads\/2024\/05\/Fotohisa-pelikan-antoncic-in-vrecko-1216-foto-fas-630x420.jpg\" srcset=\"https:\/\/novice.si\/page\/wp-content\/uploads\/2024\/05\/Fotohisa-pelikan-antoncic-in-vrecko-1216-foto-fas-630x420.jpg 630w, https:\/\/novice.si\/page\/wp-content\/uploads\/2024\/05\/Fotohisa-pelikan-antoncic-in-vrecko-1216-foto-fas-600x400.jpg 600w, https:\/\/novice.si\/page\/wp-content\/uploads\/2024\/05\/Fotohisa-pelikan-antoncic-in-vrecko-1216-foto-fas-1024x683.jpg 1024w, https:\/\/novice.si\/page\/wp-content\/uploads\/2024\/05\/Fotohisa-pelikan-antoncic-in-vrecko-1216-foto-fas-768x512.jpg 768w, https:\/\/novice.si\/page\/wp-content\/uploads\/2024\/05\/Fotohisa-pelikan-antoncic-in-vrecko-1216-foto-fas-1536x1024.jpg 1536w, https:\/\/novice.si\/page\/wp-content\/uploads\/2024\/05\/Fotohisa-pelikan-antoncic-in-vrecko-1216-foto-fas-2048x1365.jpg 2048w, https:\/\/novice.si\/page\/wp-content\/uploads\/2024\/05\/Fotohisa-pelikan-antoncic-in-vrecko-1216-foto-fas-696x464.jpg 696w, https:\/\/novice.si\/page\/wp-content\/uploads\/2024\/05\/Fotohisa-pelikan-antoncic-in-vrecko-1216-foto-fas-1068x712.jpg 1068w, https:\/\/novice.si\/page\/wp-content\/uploads\/2024\/05\/Fotohisa-pelikan-antoncic-in-vrecko-1216-foto-fas-1920x1280.jpg 1920w, https:\/\/novice.si\/page\/wp-content\/uploads\/2024\/05\/Fotohisa-pelikan-antoncic-in-vrecko-1216-foto-fas-24x16.jpg 24w, https:\/\/novice.si\/page\/wp-content\/uploads\/2024\/05\/Fotohisa-pelikan-antoncic-in-vrecko-1216-foto-fas-36x24.jpg 36w, https:\/\/novice.si\/page\/wp-content\/uploads\/2024\/05\/Fotohisa-pelikan-antoncic-in-vrecko-1216-foto-fas-48x32.jpg 48w\" sizes=\"(max-width: 630px) 100vw, 630px\" alt=\"\">\r\n                            <\/a>\r\n                            <figcaption class = \"td-slide-caption td-gallery-slide-content\"><div class = \"td-gallery-slide-copywrite\">Kustosinja Maja Anton\u010di\u010d in ministrica dr. Asta Vre\u010dko.  Foto Edo Einspieler<\/div><\/figcaption>\r\n                        <\/figure>\r\n                    <\/div>\r\n                            <\/div>\r\n                        <\/div>\r\n\r\n                        <div class = \"td-doubleSlider-2\">\r\n                            <div class = \"td-slider\">\r\n                                \r\n                    <div class = \"td-button td-item1\">\r\n                        <div class = \"td-border\"><\/div>\r\n                    <\/div>\r\n                    <div class = \"td-button td-item2\">\r\n                        <div class = \"td-border\"><\/div>\r\n                    <\/div>\r\n                    <div class = \"td-button td-item3\">\r\n                        <div class = \"td-border\"><\/div>\r\n                    <\/div>\r\n                    <div class = \"td-button td-item4\">\r\n                        <div class = \"td-border\"><\/div>\r\n                    <\/div>\r\n                    <div class = \"td-button td-item5\">\r\n                        <div class = \"td-border\"><\/div>\r\n                    <\/div>\r\n                            <\/div>\r\n                        <\/div>\r\n\r\n                    <\/div>\r\n\r\n                <\/div>\r\n                \n<p><em>\u017dupan Mestne ob\u010dine Celje Matija Kova\u010d, ministrica za kulturo dr. Asta Vre\u010dko in direktor Muzeja novej\u0161e zgodovine Celje dr. Ton\u010dek Kregar so slovesno odprli nov muzejski in kulturni kompleks Fotohi\u0161a Pelikan v Razlagovi ulici 5.<\/em><\/p>\n<p>Gre za izjemno pomembno kulturno in turisti\u010dno pridobitev za Celje, ki sta ga s skupnim projektom uresni\u010dila Mestna ob\u010dina Celje in Muzej novej\u0161e zgodovine Celje, obnovo pa je finan\u010dno podprlo tudi Ministrstvo za kulturo.<\/p>\n","protected":false},"excerpt":{"rendered":"<p>\u017dupan Mestne ob\u010dine Celje Matija Kova\u010d, ministrica za kulturo dr. Asta Vre\u010dko in direktor Muzeja novej\u0161e zgodovine Celje dr. Ton\u010dek Kregar so slovesno odprli nov muzejski in kulturni kompleks Fotohi\u0161a Pelikan v Razlagovi ulici 5. Gre za izjemno pomembno kulturno in turisti\u010dno pridobitev za Celje, ki sta ga s skupnim projektom uresni\u010dila Mestna ob\u010dina Celje [&hellip;]<\/p>\n","protected":false},"author":55,"featured_media":174422,"comment_status":"closed","ping_status":"closed","sticky":false,"template":"","format":"standard","meta":{"footnotes":""},"categories":[14,142,17,15],"tags":[],"class_list":{"0":"post-174421","1":"post","2":"type-post","3":"status-publish","4":"format-standard","5":"has-post-thumbnail","7":"category-aktualno","8":"category-celjan","9":"category-celjsko","10":"category-druzabno"},"yoast_head":"<!-- This site is optimized with the Yoast SEO plugin v27.4 - https:\/\/yoast.com\/product\/yoast-seo-wordpress\/ -->\n<title>Fotohi\u0161a Pelikan postala nov muzejski kompleks - Novice.si<\/title>\n<meta name=\"robots\" content=\"index, follow, max-snippet:-1, max-image-preview:large, max-video-preview:-1\" \/>\n<link rel=\"canonical\" href=\"https:\/\/novice.si\/page\/fotohisa-pelikan-postala-nov-muzejski-kompleks\/\" \/>\n<meta property=\"og:locale\" content=\"sl_SI\" \/>\n<meta property=\"og:type\" content=\"article\" \/>\n<meta property=\"og:title\" content=\"Fotohi\u0161a Pelikan postala nov muzejski kompleks - Novice.si\" \/>\n<meta property=\"og:description\" content=\"\u017dupan Mestne ob\u010dine Celje Matija Kova\u010d, ministrica za kulturo dr. Asta Vre\u010dko in direktor Muzeja novej\u0161e zgodovine Celje dr. Ton\u010dek Kregar so slovesno odprli nov muzejski in kulturni kompleks Fotohi\u0161a Pelikan v Razlagovi ulici 5. Gre za izjemno pomembno kulturno in turisti\u010dno pridobitev za Celje, ki sta ga s skupnim projektom uresni\u010dila Mestna ob\u010dina Celje [&hellip;]\" \/>\n<meta property=\"og:url\" content=\"https:\/\/novice.si\/page\/fotohisa-pelikan-postala-nov-muzejski-kompleks\/\" \/>\n<meta property=\"og:site_name\" content=\"Novice.si\" \/>\n<meta property=\"article:published_time\" content=\"2024-05-03T10:49:51+00:00\" \/>\n<meta property=\"og:image\" content=\"https:\/\/novice.si\/page\/wp-content\/uploads\/2024\/05\/Fotohisa-pelikan-rihter-in-kregar-1216-foto-fas.jpg\" \/>\n\t<meta property=\"og:image:width\" content=\"2340\" \/>\n\t<meta property=\"og:image:height\" content=\"1560\" \/>\n\t<meta property=\"og:image:type\" content=\"image\/jpeg\" \/>\n<meta name=\"author\" content=\"Uredni\u0161tvo Celjana\" \/>\n<meta name=\"twitter:card\" content=\"summary_large_image\" \/>\n<meta name=\"twitter:label1\" content=\"Written by\" \/>\n\t<meta name=\"twitter:data1\" content=\"Uredni\u0161tvo Celjana\" \/>\n\t<meta name=\"twitter:label2\" content=\"Est. reading time\" \/>\n\t<meta name=\"twitter:data2\" content=\"1 minuta\" \/>\n<script type=\"application\/ld+json\" class=\"yoast-schema-graph\">{\"@context\":\"https:\\\/\\\/schema.org\",\"@graph\":[{\"@type\":\"Article\",\"@id\":\"https:\\\/\\\/novice.si\\\/page\\\/fotohisa-pelikan-postala-nov-muzejski-kompleks\\\/#article\",\"isPartOf\":{\"@id\":\"https:\\\/\\\/novice.si\\\/page\\\/fotohisa-pelikan-postala-nov-muzejski-kompleks\\\/\"},\"author\":{\"name\":\"Uredni\u0161tvo Celjana\",\"@id\":\"https:\\\/\\\/novice.si\\\/page\\\/#\\\/schema\\\/person\\\/a49f233ef2777ec7b2e8d0662325bb48\"},\"headline\":\"Fotohi\u0161a Pelikan postala nov muzejski kompleks\",\"datePublished\":\"2024-05-03T10:49:51+00:00\",\"mainEntityOfPage\":{\"@id\":\"https:\\\/\\\/novice.si\\\/page\\\/fotohisa-pelikan-postala-nov-muzejski-kompleks\\\/\"},\"wordCount\":100,\"publisher\":{\"@id\":\"https:\\\/\\\/novice.si\\\/page\\\/#organization\"},\"image\":{\"@id\":\"https:\\\/\\\/novice.si\\\/page\\\/fotohisa-pelikan-postala-nov-muzejski-kompleks\\\/#primaryimage\"},\"thumbnailUrl\":\"https:\\\/\\\/novice.si\\\/page\\\/wp-content\\\/uploads\\\/2024\\\/05\\\/Fotohisa-pelikan-rihter-in-kregar-1216-foto-fas.jpg\",\"articleSection\":[\"Aktualno\",\"Celjan\",\"Celjsko\",\"Dru\u017eabno\"],\"inLanguage\":\"sl-SI\"},{\"@type\":\"WebPage\",\"@id\":\"https:\\\/\\\/novice.si\\\/page\\\/fotohisa-pelikan-postala-nov-muzejski-kompleks\\\/\",\"url\":\"https:\\\/\\\/novice.si\\\/page\\\/fotohisa-pelikan-postala-nov-muzejski-kompleks\\\/\",\"name\":\"Fotohi\u0161a Pelikan postala nov muzejski kompleks - Novice.si\",\"isPartOf\":{\"@id\":\"https:\\\/\\\/novice.si\\\/page\\\/#website\"},\"primaryImageOfPage\":{\"@id\":\"https:\\\/\\\/novice.si\\\/page\\\/fotohisa-pelikan-postala-nov-muzejski-kompleks\\\/#primaryimage\"},\"image\":{\"@id\":\"https:\\\/\\\/novice.si\\\/page\\\/fotohisa-pelikan-postala-nov-muzejski-kompleks\\\/#primaryimage\"},\"thumbnailUrl\":\"https:\\\/\\\/novice.si\\\/page\\\/wp-content\\\/uploads\\\/2024\\\/05\\\/Fotohisa-pelikan-rihter-in-kregar-1216-foto-fas.jpg\",\"datePublished\":\"2024-05-03T10:49:51+00:00\",\"breadcrumb\":{\"@id\":\"https:\\\/\\\/novice.si\\\/page\\\/fotohisa-pelikan-postala-nov-muzejski-kompleks\\\/#breadcrumb\"},\"inLanguage\":\"sl-SI\",\"potentialAction\":[{\"@type\":\"ReadAction\",\"target\":[\"https:\\\/\\\/novice.si\\\/page\\\/fotohisa-pelikan-postala-nov-muzejski-kompleks\\\/\"]}]},{\"@type\":\"ImageObject\",\"inLanguage\":\"sl-SI\",\"@id\":\"https:\\\/\\\/novice.si\\\/page\\\/fotohisa-pelikan-postala-nov-muzejski-kompleks\\\/#primaryimage\",\"url\":\"https:\\\/\\\/novice.si\\\/page\\\/wp-content\\\/uploads\\\/2024\\\/05\\\/Fotohisa-pelikan-rihter-in-kregar-1216-foto-fas.jpg\",\"contentUrl\":\"https:\\\/\\\/novice.si\\\/page\\\/wp-content\\\/uploads\\\/2024\\\/05\\\/Fotohisa-pelikan-rihter-in-kregar-1216-foto-fas.jpg\",\"width\":2340,\"height\":1560,\"caption\":\"Dr. Andreja Rihter, direktorica Foruma slovanskih kultur, in dr. Ton\u010dek Kregar, direktor Muzeja novej\u0161e zgodovine Celje. Foto Edo Einspieler\"},{\"@type\":\"BreadcrumbList\",\"@id\":\"https:\\\/\\\/novice.si\\\/page\\\/fotohisa-pelikan-postala-nov-muzejski-kompleks\\\/#breadcrumb\",\"itemListElement\":[{\"@type\":\"ListItem\",\"position\":1,\"name\":\"Home\",\"item\":\"https:\\\/\\\/novice.si\\\/page\\\/\"},{\"@type\":\"ListItem\",\"position\":2,\"name\":\"Fotohi\u0161a Pelikan postala nov muzejski kompleks\"}]},{\"@type\":\"WebSite\",\"@id\":\"https:\\\/\\\/novice.si\\\/page\\\/#website\",\"url\":\"https:\\\/\\\/novice.si\\\/page\\\/\",\"name\":\"Novice.si\",\"description\":\"\",\"publisher\":{\"@id\":\"https:\\\/\\\/novice.si\\\/page\\\/#organization\"},\"potentialAction\":[{\"@type\":\"SearchAction\",\"target\":{\"@type\":\"EntryPoint\",\"urlTemplate\":\"https:\\\/\\\/novice.si\\\/page\\\/?s={search_term_string}\"},\"query-input\":{\"@type\":\"PropertyValueSpecification\",\"valueRequired\":true,\"valueName\":\"search_term_string\"}}],\"inLanguage\":\"sl-SI\"},{\"@type\":\"Organization\",\"@id\":\"https:\\\/\\\/novice.si\\\/page\\\/#organization\",\"name\":\"Novice.si\",\"url\":\"https:\\\/\\\/novice.si\\\/page\\\/\",\"logo\":{\"@type\":\"ImageObject\",\"inLanguage\":\"sl-SI\",\"@id\":\"https:\\\/\\\/novice.si\\\/page\\\/#\\\/schema\\\/logo\\\/image\\\/\",\"url\":\"https:\\\/\\\/novice.si\\\/page\\\/wp-content\\\/uploads\\\/2023\\\/03\\\/novice_si.png\",\"contentUrl\":\"https:\\\/\\\/novice.si\\\/page\\\/wp-content\\\/uploads\\\/2023\\\/03\\\/novice_si.png\",\"width\":576,\"height\":200,\"caption\":\"Novice.si\"},\"image\":{\"@id\":\"https:\\\/\\\/novice.si\\\/page\\\/#\\\/schema\\\/logo\\\/image\\\/\"}},{\"@type\":\"Person\",\"@id\":\"https:\\\/\\\/novice.si\\\/page\\\/#\\\/schema\\\/person\\\/a49f233ef2777ec7b2e8d0662325bb48\",\"name\":\"Uredni\u0161tvo Celjana\",\"image\":{\"@type\":\"ImageObject\",\"inLanguage\":\"sl-SI\",\"@id\":\"https:\\\/\\\/secure.gravatar.com\\\/avatar\\\/7f7863e616af8f92806c638dd1db3f1a238d83d1cc2ec3100afc06fbb7eb303f?s=96&d=mm&r=g\",\"url\":\"https:\\\/\\\/secure.gravatar.com\\\/avatar\\\/7f7863e616af8f92806c638dd1db3f1a238d83d1cc2ec3100afc06fbb7eb303f?s=96&d=mm&r=g\",\"contentUrl\":\"https:\\\/\\\/secure.gravatar.com\\\/avatar\\\/7f7863e616af8f92806c638dd1db3f1a238d83d1cc2ec3100afc06fbb7eb303f?s=96&d=mm&r=g\",\"caption\":\"Uredni\u0161tvo Celjana\"},\"url\":\"https:\\\/\\\/novice.si\\\/page\\\/author\\\/maja\\\/\"}]}<\/script>\n<!-- \/ Yoast SEO plugin. -->","yoast_head_json":{"title":"Fotohi\u0161a Pelikan postala nov muzejski kompleks - Novice.si","robots":{"index":"index","follow":"follow","max-snippet":"max-snippet:-1","max-image-preview":"max-image-preview:large","max-video-preview":"max-video-preview:-1"},"canonical":"https:\/\/novice.si\/page\/fotohisa-pelikan-postala-nov-muzejski-kompleks\/","og_locale":"sl_SI","og_type":"article","og_title":"Fotohi\u0161a Pelikan postala nov muzejski kompleks - Novice.si","og_description":"\u017dupan Mestne ob\u010dine Celje Matija Kova\u010d, ministrica za kulturo dr. Asta Vre\u010dko in direktor Muzeja novej\u0161e zgodovine Celje dr. Ton\u010dek Kregar so slovesno odprli nov muzejski in kulturni kompleks Fotohi\u0161a Pelikan v Razlagovi ulici 5. Gre za izjemno pomembno kulturno in turisti\u010dno pridobitev za Celje, ki sta ga s skupnim projektom uresni\u010dila Mestna ob\u010dina Celje [&hellip;]","og_url":"https:\/\/novice.si\/page\/fotohisa-pelikan-postala-nov-muzejski-kompleks\/","og_site_name":"Novice.si","article_published_time":"2024-05-03T10:49:51+00:00","og_image":[{"width":2340,"height":1560,"url":"https:\/\/novice.si\/page\/wp-content\/uploads\/2024\/05\/Fotohisa-pelikan-rihter-in-kregar-1216-foto-fas.jpg","type":"image\/jpeg"}],"author":"Uredni\u0161tvo Celjana","twitter_card":"summary_large_image","twitter_misc":{"Written by":"Uredni\u0161tvo Celjana","Est. reading time":"1 minuta"},"schema":{"@context":"https:\/\/schema.org","@graph":[{"@type":"Article","@id":"https:\/\/novice.si\/page\/fotohisa-pelikan-postala-nov-muzejski-kompleks\/#article","isPartOf":{"@id":"https:\/\/novice.si\/page\/fotohisa-pelikan-postala-nov-muzejski-kompleks\/"},"author":{"name":"Uredni\u0161tvo Celjana","@id":"https:\/\/novice.si\/page\/#\/schema\/person\/a49f233ef2777ec7b2e8d0662325bb48"},"headline":"Fotohi\u0161a Pelikan postala nov muzejski kompleks","datePublished":"2024-05-03T10:49:51+00:00","mainEntityOfPage":{"@id":"https:\/\/novice.si\/page\/fotohisa-pelikan-postala-nov-muzejski-kompleks\/"},"wordCount":100,"publisher":{"@id":"https:\/\/novice.si\/page\/#organization"},"image":{"@id":"https:\/\/novice.si\/page\/fotohisa-pelikan-postala-nov-muzejski-kompleks\/#primaryimage"},"thumbnailUrl":"https:\/\/novice.si\/page\/wp-content\/uploads\/2024\/05\/Fotohisa-pelikan-rihter-in-kregar-1216-foto-fas.jpg","articleSection":["Aktualno","Celjan","Celjsko","Dru\u017eabno"],"inLanguage":"sl-SI"},{"@type":"WebPage","@id":"https:\/\/novice.si\/page\/fotohisa-pelikan-postala-nov-muzejski-kompleks\/","url":"https:\/\/novice.si\/page\/fotohisa-pelikan-postala-nov-muzejski-kompleks\/","name":"Fotohi\u0161a Pelikan postala nov muzejski kompleks - Novice.si","isPartOf":{"@id":"https:\/\/novice.si\/page\/#website"},"primaryImageOfPage":{"@id":"https:\/\/novice.si\/page\/fotohisa-pelikan-postala-nov-muzejski-kompleks\/#primaryimage"},"image":{"@id":"https:\/\/novice.si\/page\/fotohisa-pelikan-postala-nov-muzejski-kompleks\/#primaryimage"},"thumbnailUrl":"https:\/\/novice.si\/page\/wp-content\/uploads\/2024\/05\/Fotohisa-pelikan-rihter-in-kregar-1216-foto-fas.jpg","datePublished":"2024-05-03T10:49:51+00:00","breadcrumb":{"@id":"https:\/\/novice.si\/page\/fotohisa-pelikan-postala-nov-muzejski-kompleks\/#breadcrumb"},"inLanguage":"sl-SI","potentialAction":[{"@type":"ReadAction","target":["https:\/\/novice.si\/page\/fotohisa-pelikan-postala-nov-muzejski-kompleks\/"]}]},{"@type":"ImageObject","inLanguage":"sl-SI","@id":"https:\/\/novice.si\/page\/fotohisa-pelikan-postala-nov-muzejski-kompleks\/#primaryimage","url":"https:\/\/novice.si\/page\/wp-content\/uploads\/2024\/05\/Fotohisa-pelikan-rihter-in-kregar-1216-foto-fas.jpg","contentUrl":"https:\/\/novice.si\/page\/wp-content\/uploads\/2024\/05\/Fotohisa-pelikan-rihter-in-kregar-1216-foto-fas.jpg","width":2340,"height":1560,"caption":"Dr. Andreja Rihter, direktorica Foruma slovanskih kultur, in dr. Ton\u010dek Kregar, direktor Muzeja novej\u0161e zgodovine Celje. Foto Edo Einspieler"},{"@type":"BreadcrumbList","@id":"https:\/\/novice.si\/page\/fotohisa-pelikan-postala-nov-muzejski-kompleks\/#breadcrumb","itemListElement":[{"@type":"ListItem","position":1,"name":"Home","item":"https:\/\/novice.si\/page\/"},{"@type":"ListItem","position":2,"name":"Fotohi\u0161a Pelikan postala nov muzejski kompleks"}]},{"@type":"WebSite","@id":"https:\/\/novice.si\/page\/#website","url":"https:\/\/novice.si\/page\/","name":"Novice.si","description":"","publisher":{"@id":"https:\/\/novice.si\/page\/#organization"},"potentialAction":[{"@type":"SearchAction","target":{"@type":"EntryPoint","urlTemplate":"https:\/\/novice.si\/page\/?s={search_term_string}"},"query-input":{"@type":"PropertyValueSpecification","valueRequired":true,"valueName":"search_term_string"}}],"inLanguage":"sl-SI"},{"@type":"Organization","@id":"https:\/\/novice.si\/page\/#organization","name":"Novice.si","url":"https:\/\/novice.si\/page\/","logo":{"@type":"ImageObject","inLanguage":"sl-SI","@id":"https:\/\/novice.si\/page\/#\/schema\/logo\/image\/","url":"https:\/\/novice.si\/page\/wp-content\/uploads\/2023\/03\/novice_si.png","contentUrl":"https:\/\/novice.si\/page\/wp-content\/uploads\/2023\/03\/novice_si.png","width":576,"height":200,"caption":"Novice.si"},"image":{"@id":"https:\/\/novice.si\/page\/#\/schema\/logo\/image\/"}},{"@type":"Person","@id":"https:\/\/novice.si\/page\/#\/schema\/person\/a49f233ef2777ec7b2e8d0662325bb48","name":"Uredni\u0161tvo Celjana","image":{"@type":"ImageObject","inLanguage":"sl-SI","@id":"https:\/\/secure.gravatar.com\/avatar\/7f7863e616af8f92806c638dd1db3f1a238d83d1cc2ec3100afc06fbb7eb303f?s=96&d=mm&r=g","url":"https:\/\/secure.gravatar.com\/avatar\/7f7863e616af8f92806c638dd1db3f1a238d83d1cc2ec3100afc06fbb7eb303f?s=96&d=mm&r=g","contentUrl":"https:\/\/secure.gravatar.com\/avatar\/7f7863e616af8f92806c638dd1db3f1a238d83d1cc2ec3100afc06fbb7eb303f?s=96&d=mm&r=g","caption":"Uredni\u0161tvo Celjana"},"url":"https:\/\/novice.si\/page\/author\/maja\/"}]}},"_links":{"self":[{"href":"https:\/\/novice.si\/page\/wp-json\/wp\/v2\/posts\/174421","targetHints":{"allow":["GET"]}}],"collection":[{"href":"https:\/\/novice.si\/page\/wp-json\/wp\/v2\/posts"}],"about":[{"href":"https:\/\/novice.si\/page\/wp-json\/wp\/v2\/types\/post"}],"author":[{"embeddable":true,"href":"https:\/\/novice.si\/page\/wp-json\/wp\/v2\/users\/55"}],"replies":[{"embeddable":true,"href":"https:\/\/novice.si\/page\/wp-json\/wp\/v2\/comments?post=174421"}],"version-history":[{"count":1,"href":"https:\/\/novice.si\/page\/wp-json\/wp\/v2\/posts\/174421\/revisions"}],"predecessor-version":[{"id":174427,"href":"https:\/\/novice.si\/page\/wp-json\/wp\/v2\/posts\/174421\/revisions\/174427"}],"wp:featuredmedia":[{"embeddable":true,"href":"https:\/\/novice.si\/page\/wp-json\/wp\/v2\/media\/174422"}],"wp:attachment":[{"href":"https:\/\/novice.si\/page\/wp-json\/wp\/v2\/media?parent=174421"}],"wp:term":[{"taxonomy":"category","embeddable":true,"href":"https:\/\/novice.si\/page\/wp-json\/wp\/v2\/categories?post=174421"},{"taxonomy":"post_tag","embeddable":true,"href":"https:\/\/novice.si\/page\/wp-json\/wp\/v2\/tags?post=174421"}],"curies":[{"name":"wp","href":"https:\/\/api.w.org\/{rel}","templated":true}]}}