{"id":174409,"date":"2024-05-03T08:25:41","date_gmt":"2024-05-03T06:25:41","guid":{"rendered":"https:\/\/novice.si\/page\/?p=174409"},"modified":"2024-05-03T11:57:39","modified_gmt":"2024-05-03T09:57:39","slug":"celje-ponovno-ogenj-na-mercatorjevi-strehi","status":"publish","type":"post","link":"https:\/\/novice.si\/page\/celje-ponovno-ogenj-na-mercatorjevi-strehi\/","title":{"rendered":"CELJE Ponovno ogenj na Mercatorjevi strehi (DOPOLNJENO)"},"content":{"rendered":"<p><img loading=\"lazy\" decoding=\"async\" class=\"wp-image-174410 alignleft\" src=\"https:\/\/novice.si\/page\/wp-content\/uploads\/2024\/05\/Pozar-Mercator-Hudinja-1-387x600.png\" alt=\"\" width=\"226\" height=\"350\" srcset=\"https:\/\/novice.si\/page\/wp-content\/uploads\/2024\/05\/Pozar-Mercator-Hudinja-1-387x600.png 387w, https:\/\/novice.si\/page\/wp-content\/uploads\/2024\/05\/Pozar-Mercator-Hudinja-1-271x420.png 271w, https:\/\/novice.si\/page\/wp-content\/uploads\/2024\/05\/Pozar-Mercator-Hudinja-1-15x24.png 15w, https:\/\/novice.si\/page\/wp-content\/uploads\/2024\/05\/Pozar-Mercator-Hudinja-1-23x36.png 23w, https:\/\/novice.si\/page\/wp-content\/uploads\/2024\/05\/Pozar-Mercator-Hudinja-1-31x48.png 31w, https:\/\/novice.si\/page\/wp-content\/uploads\/2024\/05\/Pozar-Mercator-Hudinja-1.png 576w\" sizes=\"auto, (max-width: 226px) 100vw, 226px\" \/>Prvega maja je znova zagorelo ostre\u0161je Mercatorjevega nakupovalnega sredi\u0161\u010da na Hudinji v Celju.<\/p>\n<p>Ogenj je zajel tamkaj\u0161njo son\u010dno elektrarno, ki je gorela \u017ee lanskega septembra, pogasili pa so ga pripadniki celjske poklicne gasilske enote ob pomo\u010di prostovoljnih gasilcev.<\/p>\n<p>S policijske uprave Celje so dopoldne sporo\u010dili vzrok po\u017eara, ki mu je botroval kratek stik na eni od son\u010dnih celic, ki so name\u0161\u010dene na objektu. Uni\u010denih je preko 50 kolektorjev, zaradi ga\u0161enja pa je nastala tudi ve\u010dja gmotna \u0161koda v trgovskih prostorih.<\/p>\n<p>P\u0160<\/p>\n","protected":false},"excerpt":{"rendered":"<p>Prvega maja je znova zagorelo ostre\u0161je Mercatorjevega nakupovalnega sredi\u0161\u010da na Hudinji v Celju. Ogenj je zajel tamkaj\u0161njo son\u010dno elektrarno, ki je gorela \u017ee lanskega septembra, pogasili pa so ga pripadniki celjske poklicne gasilske enote ob pomo\u010di prostovoljnih gasilcev. S policijske uprave Celje so dopoldne sporo\u010dili vzrok po\u017eara, ki mu je botroval kratek stik na eni [&hellip;]<\/p>\n","protected":false},"author":33,"featured_media":174411,"comment_status":"closed","ping_status":"closed","sticky":false,"template":"","format":"standard","meta":{"footnotes":""},"categories":[14,17,29],"tags":[20423,20422,4101,16059],"class_list":{"0":"post-174409","1":"post","2":"type-post","3":"status-publish","4":"format-standard","5":"has-post-thumbnail","7":"category-aktualno","8":"category-celjsko","9":"category-kronika","10":"tag-gorela-streha","11":"tag-mercator-pozar","12":"tag-pgec","13":"tag-soncna-elektrarna"},"yoast_head":"<!-- This site is optimized with the Yoast SEO plugin v27.4 - https:\/\/yoast.com\/product\/yoast-seo-wordpress\/ -->\n<title>CELJE Ponovno ogenj na Mercatorjevi strehi (DOPOLNJENO) - Novice.si<\/title>\n<meta name=\"robots\" content=\"index, follow, max-snippet:-1, max-image-preview:large, max-video-preview:-1\" \/>\n<link rel=\"canonical\" href=\"https:\/\/novice.si\/page\/celje-ponovno-ogenj-na-mercatorjevi-strehi\/\" \/>\n<meta property=\"og:locale\" content=\"sl_SI\" \/>\n<meta property=\"og:type\" content=\"article\" \/>\n<meta property=\"og:title\" content=\"CELJE Ponovno ogenj na Mercatorjevi strehi (DOPOLNJENO) - Novice.si\" \/>\n<meta property=\"og:description\" content=\"Prvega maja je znova zagorelo ostre\u0161je Mercatorjevega nakupovalnega sredi\u0161\u010da na Hudinji v Celju. Ogenj je zajel tamkaj\u0161njo son\u010dno elektrarno, ki je gorela \u017ee lanskega septembra, pogasili pa so ga pripadniki celjske poklicne gasilske enote ob pomo\u010di prostovoljnih gasilcev. S policijske uprave Celje so dopoldne sporo\u010dili vzrok po\u017eara, ki mu je botroval kratek stik na eni [&hellip;]\" \/>\n<meta property=\"og:url\" content=\"https:\/\/novice.si\/page\/celje-ponovno-ogenj-na-mercatorjevi-strehi\/\" \/>\n<meta property=\"og:site_name\" content=\"Novice.si\" \/>\n<meta property=\"article:published_time\" content=\"2024-05-03T06:25:41+00:00\" \/>\n<meta property=\"article:modified_time\" content=\"2024-05-03T09:57:39+00:00\" \/>\n<meta property=\"og:image\" content=\"https:\/\/novice.si\/page\/wp-content\/uploads\/2024\/05\/Pozar-Mercator-Hudinja-2.png\" \/>\n\t<meta property=\"og:image:width\" content=\"576\" \/>\n\t<meta property=\"og:image:height\" content=\"805\" \/>\n\t<meta property=\"og:image:type\" content=\"image\/png\" \/>\n<meta name=\"author\" content=\"Uredni\u0161tvo Celjana\" \/>\n<meta name=\"twitter:card\" content=\"summary_large_image\" \/>\n<meta name=\"twitter:label1\" content=\"Written by\" \/>\n\t<meta name=\"twitter:data1\" content=\"Uredni\u0161tvo Celjana\" \/>\n\t<meta name=\"twitter:label2\" content=\"Est. reading time\" \/>\n\t<meta name=\"twitter:data2\" content=\"1 minuta\" \/>\n<script type=\"application\/ld+json\" class=\"yoast-schema-graph\">{\"@context\":\"https:\\\/\\\/schema.org\",\"@graph\":[{\"@type\":\"Article\",\"@id\":\"https:\\\/\\\/novice.si\\\/page\\\/celje-ponovno-ogenj-na-mercatorjevi-strehi\\\/#article\",\"isPartOf\":{\"@id\":\"https:\\\/\\\/novice.si\\\/page\\\/celje-ponovno-ogenj-na-mercatorjevi-strehi\\\/\"},\"author\":{\"name\":\"Uredni\u0161tvo Celjana\",\"@id\":\"https:\\\/\\\/novice.si\\\/page\\\/#\\\/schema\\\/person\\\/57f25c9642a9541c7349c65d32032c3e\"},\"headline\":\"CELJE Ponovno ogenj na Mercatorjevi strehi (DOPOLNJENO)\",\"datePublished\":\"2024-05-03T06:25:41+00:00\",\"dateModified\":\"2024-05-03T09:57:39+00:00\",\"mainEntityOfPage\":{\"@id\":\"https:\\\/\\\/novice.si\\\/page\\\/celje-ponovno-ogenj-na-mercatorjevi-strehi\\\/\"},\"wordCount\":99,\"publisher\":{\"@id\":\"https:\\\/\\\/novice.si\\\/page\\\/#organization\"},\"image\":{\"@id\":\"https:\\\/\\\/novice.si\\\/page\\\/celje-ponovno-ogenj-na-mercatorjevi-strehi\\\/#primaryimage\"},\"thumbnailUrl\":\"https:\\\/\\\/novice.si\\\/page\\\/wp-content\\\/uploads\\\/2024\\\/05\\\/Pozar-Mercator-Hudinja-2.png\",\"keywords\":[\"gorela streha\",\"Mercator po\u017ear\",\"PGEC\",\"son\u010dna elektrarna\"],\"articleSection\":[\"Aktualno\",\"Celjsko\",\"Kronika\"],\"inLanguage\":\"sl-SI\"},{\"@type\":\"WebPage\",\"@id\":\"https:\\\/\\\/novice.si\\\/page\\\/celje-ponovno-ogenj-na-mercatorjevi-strehi\\\/\",\"url\":\"https:\\\/\\\/novice.si\\\/page\\\/celje-ponovno-ogenj-na-mercatorjevi-strehi\\\/\",\"name\":\"CELJE Ponovno ogenj na Mercatorjevi strehi (DOPOLNJENO) - Novice.si\",\"isPartOf\":{\"@id\":\"https:\\\/\\\/novice.si\\\/page\\\/#website\"},\"primaryImageOfPage\":{\"@id\":\"https:\\\/\\\/novice.si\\\/page\\\/celje-ponovno-ogenj-na-mercatorjevi-strehi\\\/#primaryimage\"},\"image\":{\"@id\":\"https:\\\/\\\/novice.si\\\/page\\\/celje-ponovno-ogenj-na-mercatorjevi-strehi\\\/#primaryimage\"},\"thumbnailUrl\":\"https:\\\/\\\/novice.si\\\/page\\\/wp-content\\\/uploads\\\/2024\\\/05\\\/Pozar-Mercator-Hudinja-2.png\",\"datePublished\":\"2024-05-03T06:25:41+00:00\",\"dateModified\":\"2024-05-03T09:57:39+00:00\",\"breadcrumb\":{\"@id\":\"https:\\\/\\\/novice.si\\\/page\\\/celje-ponovno-ogenj-na-mercatorjevi-strehi\\\/#breadcrumb\"},\"inLanguage\":\"sl-SI\",\"potentialAction\":[{\"@type\":\"ReadAction\",\"target\":[\"https:\\\/\\\/novice.si\\\/page\\\/celje-ponovno-ogenj-na-mercatorjevi-strehi\\\/\"]}]},{\"@type\":\"ImageObject\",\"inLanguage\":\"sl-SI\",\"@id\":\"https:\\\/\\\/novice.si\\\/page\\\/celje-ponovno-ogenj-na-mercatorjevi-strehi\\\/#primaryimage\",\"url\":\"https:\\\/\\\/novice.si\\\/page\\\/wp-content\\\/uploads\\\/2024\\\/05\\\/Pozar-Mercator-Hudinja-2.png\",\"contentUrl\":\"https:\\\/\\\/novice.si\\\/page\\\/wp-content\\\/uploads\\\/2024\\\/05\\\/Pozar-Mercator-Hudinja-2.png\",\"width\":576,\"height\":805},{\"@type\":\"BreadcrumbList\",\"@id\":\"https:\\\/\\\/novice.si\\\/page\\\/celje-ponovno-ogenj-na-mercatorjevi-strehi\\\/#breadcrumb\",\"itemListElement\":[{\"@type\":\"ListItem\",\"position\":1,\"name\":\"Home\",\"item\":\"https:\\\/\\\/novice.si\\\/page\\\/\"},{\"@type\":\"ListItem\",\"position\":2,\"name\":\"CELJE Ponovno ogenj na Mercatorjevi strehi (DOPOLNJENO)\"}]},{\"@type\":\"WebSite\",\"@id\":\"https:\\\/\\\/novice.si\\\/page\\\/#website\",\"url\":\"https:\\\/\\\/novice.si\\\/page\\\/\",\"name\":\"Novice.si\",\"description\":\"\",\"publisher\":{\"@id\":\"https:\\\/\\\/novice.si\\\/page\\\/#organization\"},\"potentialAction\":[{\"@type\":\"SearchAction\",\"target\":{\"@type\":\"EntryPoint\",\"urlTemplate\":\"https:\\\/\\\/novice.si\\\/page\\\/?s={search_term_string}\"},\"query-input\":{\"@type\":\"PropertyValueSpecification\",\"valueRequired\":true,\"valueName\":\"search_term_string\"}}],\"inLanguage\":\"sl-SI\"},{\"@type\":\"Organization\",\"@id\":\"https:\\\/\\\/novice.si\\\/page\\\/#organization\",\"name\":\"Novice.si\",\"url\":\"https:\\\/\\\/novice.si\\\/page\\\/\",\"logo\":{\"@type\":\"ImageObject\",\"inLanguage\":\"sl-SI\",\"@id\":\"https:\\\/\\\/novice.si\\\/page\\\/#\\\/schema\\\/logo\\\/image\\\/\",\"url\":\"https:\\\/\\\/novice.si\\\/page\\\/wp-content\\\/uploads\\\/2023\\\/03\\\/novice_si.png\",\"contentUrl\":\"https:\\\/\\\/novice.si\\\/page\\\/wp-content\\\/uploads\\\/2023\\\/03\\\/novice_si.png\",\"width\":576,\"height\":200,\"caption\":\"Novice.si\"},\"image\":{\"@id\":\"https:\\\/\\\/novice.si\\\/page\\\/#\\\/schema\\\/logo\\\/image\\\/\"}},{\"@type\":\"Person\",\"@id\":\"https:\\\/\\\/novice.si\\\/page\\\/#\\\/schema\\\/person\\\/57f25c9642a9541c7349c65d32032c3e\",\"name\":\"Uredni\u0161tvo Celjana\",\"image\":{\"@type\":\"ImageObject\",\"inLanguage\":\"sl-SI\",\"@id\":\"https:\\\/\\\/secure.gravatar.com\\\/avatar\\\/78e52bc4279b65f6df6345e0ef0f7b792d361361f230cf4ffecfe0afe6d5629c?s=96&d=mm&r=g\",\"url\":\"https:\\\/\\\/secure.gravatar.com\\\/avatar\\\/78e52bc4279b65f6df6345e0ef0f7b792d361361f230cf4ffecfe0afe6d5629c?s=96&d=mm&r=g\",\"contentUrl\":\"https:\\\/\\\/secure.gravatar.com\\\/avatar\\\/78e52bc4279b65f6df6345e0ef0f7b792d361361f230cf4ffecfe0afe6d5629c?s=96&d=mm&r=g\",\"caption\":\"Uredni\u0161tvo Celjana\"},\"url\":\"https:\\\/\\\/novice.si\\\/page\\\/author\\\/primoz\\\/\"}]}<\/script>\n<!-- \/ Yoast SEO plugin. -->","yoast_head_json":{"title":"CELJE Ponovno ogenj na Mercatorjevi strehi (DOPOLNJENO) - Novice.si","robots":{"index":"index","follow":"follow","max-snippet":"max-snippet:-1","max-image-preview":"max-image-preview:large","max-video-preview":"max-video-preview:-1"},"canonical":"https:\/\/novice.si\/page\/celje-ponovno-ogenj-na-mercatorjevi-strehi\/","og_locale":"sl_SI","og_type":"article","og_title":"CELJE Ponovno ogenj na Mercatorjevi strehi (DOPOLNJENO) - Novice.si","og_description":"Prvega maja je znova zagorelo ostre\u0161je Mercatorjevega nakupovalnega sredi\u0161\u010da na Hudinji v Celju. Ogenj je zajel tamkaj\u0161njo son\u010dno elektrarno, ki je gorela \u017ee lanskega septembra, pogasili pa so ga pripadniki celjske poklicne gasilske enote ob pomo\u010di prostovoljnih gasilcev. S policijske uprave Celje so dopoldne sporo\u010dili vzrok po\u017eara, ki mu je botroval kratek stik na eni [&hellip;]","og_url":"https:\/\/novice.si\/page\/celje-ponovno-ogenj-na-mercatorjevi-strehi\/","og_site_name":"Novice.si","article_published_time":"2024-05-03T06:25:41+00:00","article_modified_time":"2024-05-03T09:57:39+00:00","og_image":[{"width":576,"height":805,"url":"https:\/\/novice.si\/page\/wp-content\/uploads\/2024\/05\/Pozar-Mercator-Hudinja-2.png","type":"image\/png"}],"author":"Uredni\u0161tvo Celjana","twitter_card":"summary_large_image","twitter_misc":{"Written by":"Uredni\u0161tvo Celjana","Est. reading time":"1 minuta"},"schema":{"@context":"https:\/\/schema.org","@graph":[{"@type":"Article","@id":"https:\/\/novice.si\/page\/celje-ponovno-ogenj-na-mercatorjevi-strehi\/#article","isPartOf":{"@id":"https:\/\/novice.si\/page\/celje-ponovno-ogenj-na-mercatorjevi-strehi\/"},"author":{"name":"Uredni\u0161tvo Celjana","@id":"https:\/\/novice.si\/page\/#\/schema\/person\/57f25c9642a9541c7349c65d32032c3e"},"headline":"CELJE Ponovno ogenj na Mercatorjevi strehi (DOPOLNJENO)","datePublished":"2024-05-03T06:25:41+00:00","dateModified":"2024-05-03T09:57:39+00:00","mainEntityOfPage":{"@id":"https:\/\/novice.si\/page\/celje-ponovno-ogenj-na-mercatorjevi-strehi\/"},"wordCount":99,"publisher":{"@id":"https:\/\/novice.si\/page\/#organization"},"image":{"@id":"https:\/\/novice.si\/page\/celje-ponovno-ogenj-na-mercatorjevi-strehi\/#primaryimage"},"thumbnailUrl":"https:\/\/novice.si\/page\/wp-content\/uploads\/2024\/05\/Pozar-Mercator-Hudinja-2.png","keywords":["gorela streha","Mercator po\u017ear","PGEC","son\u010dna elektrarna"],"articleSection":["Aktualno","Celjsko","Kronika"],"inLanguage":"sl-SI"},{"@type":"WebPage","@id":"https:\/\/novice.si\/page\/celje-ponovno-ogenj-na-mercatorjevi-strehi\/","url":"https:\/\/novice.si\/page\/celje-ponovno-ogenj-na-mercatorjevi-strehi\/","name":"CELJE Ponovno ogenj na Mercatorjevi strehi (DOPOLNJENO) - Novice.si","isPartOf":{"@id":"https:\/\/novice.si\/page\/#website"},"primaryImageOfPage":{"@id":"https:\/\/novice.si\/page\/celje-ponovno-ogenj-na-mercatorjevi-strehi\/#primaryimage"},"image":{"@id":"https:\/\/novice.si\/page\/celje-ponovno-ogenj-na-mercatorjevi-strehi\/#primaryimage"},"thumbnailUrl":"https:\/\/novice.si\/page\/wp-content\/uploads\/2024\/05\/Pozar-Mercator-Hudinja-2.png","datePublished":"2024-05-03T06:25:41+00:00","dateModified":"2024-05-03T09:57:39+00:00","breadcrumb":{"@id":"https:\/\/novice.si\/page\/celje-ponovno-ogenj-na-mercatorjevi-strehi\/#breadcrumb"},"inLanguage":"sl-SI","potentialAction":[{"@type":"ReadAction","target":["https:\/\/novice.si\/page\/celje-ponovno-ogenj-na-mercatorjevi-strehi\/"]}]},{"@type":"ImageObject","inLanguage":"sl-SI","@id":"https:\/\/novice.si\/page\/celje-ponovno-ogenj-na-mercatorjevi-strehi\/#primaryimage","url":"https:\/\/novice.si\/page\/wp-content\/uploads\/2024\/05\/Pozar-Mercator-Hudinja-2.png","contentUrl":"https:\/\/novice.si\/page\/wp-content\/uploads\/2024\/05\/Pozar-Mercator-Hudinja-2.png","width":576,"height":805},{"@type":"BreadcrumbList","@id":"https:\/\/novice.si\/page\/celje-ponovno-ogenj-na-mercatorjevi-strehi\/#breadcrumb","itemListElement":[{"@type":"ListItem","position":1,"name":"Home","item":"https:\/\/novice.si\/page\/"},{"@type":"ListItem","position":2,"name":"CELJE Ponovno ogenj na Mercatorjevi strehi (DOPOLNJENO)"}]},{"@type":"WebSite","@id":"https:\/\/novice.si\/page\/#website","url":"https:\/\/novice.si\/page\/","name":"Novice.si","description":"","publisher":{"@id":"https:\/\/novice.si\/page\/#organization"},"potentialAction":[{"@type":"SearchAction","target":{"@type":"EntryPoint","urlTemplate":"https:\/\/novice.si\/page\/?s={search_term_string}"},"query-input":{"@type":"PropertyValueSpecification","valueRequired":true,"valueName":"search_term_string"}}],"inLanguage":"sl-SI"},{"@type":"Organization","@id":"https:\/\/novice.si\/page\/#organization","name":"Novice.si","url":"https:\/\/novice.si\/page\/","logo":{"@type":"ImageObject","inLanguage":"sl-SI","@id":"https:\/\/novice.si\/page\/#\/schema\/logo\/image\/","url":"https:\/\/novice.si\/page\/wp-content\/uploads\/2023\/03\/novice_si.png","contentUrl":"https:\/\/novice.si\/page\/wp-content\/uploads\/2023\/03\/novice_si.png","width":576,"height":200,"caption":"Novice.si"},"image":{"@id":"https:\/\/novice.si\/page\/#\/schema\/logo\/image\/"}},{"@type":"Person","@id":"https:\/\/novice.si\/page\/#\/schema\/person\/57f25c9642a9541c7349c65d32032c3e","name":"Uredni\u0161tvo Celjana","image":{"@type":"ImageObject","inLanguage":"sl-SI","@id":"https:\/\/secure.gravatar.com\/avatar\/78e52bc4279b65f6df6345e0ef0f7b792d361361f230cf4ffecfe0afe6d5629c?s=96&d=mm&r=g","url":"https:\/\/secure.gravatar.com\/avatar\/78e52bc4279b65f6df6345e0ef0f7b792d361361f230cf4ffecfe0afe6d5629c?s=96&d=mm&r=g","contentUrl":"https:\/\/secure.gravatar.com\/avatar\/78e52bc4279b65f6df6345e0ef0f7b792d361361f230cf4ffecfe0afe6d5629c?s=96&d=mm&r=g","caption":"Uredni\u0161tvo Celjana"},"url":"https:\/\/novice.si\/page\/author\/primoz\/"}]}},"_links":{"self":[{"href":"https:\/\/novice.si\/page\/wp-json\/wp\/v2\/posts\/174409","targetHints":{"allow":["GET"]}}],"collection":[{"href":"https:\/\/novice.si\/page\/wp-json\/wp\/v2\/posts"}],"about":[{"href":"https:\/\/novice.si\/page\/wp-json\/wp\/v2\/types\/post"}],"author":[{"embeddable":true,"href":"https:\/\/novice.si\/page\/wp-json\/wp\/v2\/users\/33"}],"replies":[{"embeddable":true,"href":"https:\/\/novice.si\/page\/wp-json\/wp\/v2\/comments?post=174409"}],"version-history":[{"count":3,"href":"https:\/\/novice.si\/page\/wp-json\/wp\/v2\/posts\/174409\/revisions"}],"predecessor-version":[{"id":174420,"href":"https:\/\/novice.si\/page\/wp-json\/wp\/v2\/posts\/174409\/revisions\/174420"}],"wp:featuredmedia":[{"embeddable":true,"href":"https:\/\/novice.si\/page\/wp-json\/wp\/v2\/media\/174411"}],"wp:attachment":[{"href":"https:\/\/novice.si\/page\/wp-json\/wp\/v2\/media?parent=174409"}],"wp:term":[{"taxonomy":"category","embeddable":true,"href":"https:\/\/novice.si\/page\/wp-json\/wp\/v2\/categories?post=174409"},{"taxonomy":"post_tag","embeddable":true,"href":"https:\/\/novice.si\/page\/wp-json\/wp\/v2\/tags?post=174409"}],"curies":[{"name":"wp","href":"https:\/\/api.w.org\/{rel}","templated":true}]}}